{"id":34396,"date":"2023-11-25T07:00:00","date_gmt":"2023-11-25T06:00:00","guid":{"rendered":"https:\/\/www.newsendip.com\/?p=34396"},"modified":"2024-07-18T16:22:30","modified_gmt":"2024-07-18T14:22:30","slug":"la-norvege-considere-de-suspendre-les-adoptions-denfants-etrangers","status":"publish","type":"post","link":"https:\/\/www.newsendip.com\/fr\/la-norvege-considere-de-suspendre-les-adoptions-denfants-etrangers\/","title":{"rendered":"La Norv\u00e8ge envisage de suspendre les adoptions d\u2019enfants \u00e9trangers"},"content":{"rendered":"<p><strong>Suite \u00e0 plusieurs scandales d\u2019adoptions ill\u00e9gales, le Minist\u00e8re norv\u00e9gien de l\u2019Enfance et de la Famille pourrait annoncer la suspension du syst\u00e8me d\u2019adoption d\u2019enfants \u00e9trangers en vue d\u2019une enqu\u00eate approfondie.<\/strong><\/p>\n<figure id=\"attachment_34385\" aria-describedby=\"caption-attachment-34385\" style=\"width: 1024px\" class=\"wp-caption aligncenter\"><img decoding=\"async\" class=\"wp-image-34385 size-large\" src=\"https:\/\/www.newsendip.com\/wp-content\/uploads\/2023\/11\/Image-Oslo-webp-1024x587.webp\" alt=\"Oslo, capitale de la Norv\u00e8ge, o\u00f9 le minist\u00e8re de l'Enfance et de la Famille envisage de suspendre temporairement les adoptions d'enfants \u00e9trangers\" width=\"1024\" height=\"587\" srcset=\"https:\/\/www.newsendip.com\/wp-content\/uploads\/2023\/11\/Image-Oslo-webp-1024x587.webp 1024w, https:\/\/www.newsendip.com\/wp-content\/uploads\/2023\/11\/Image-Oslo-webp-60x34.webp 60w, https:\/\/www.newsendip.com\/wp-content\/uploads\/2023\/11\/Image-Oslo-webp-300x172.webp 300w, https:\/\/www.newsendip.com\/wp-content\/uploads\/2023\/11\/Image-Oslo-webp-768x440.webp 768w, https:\/\/www.newsendip.com\/wp-content\/uploads\/2023\/11\/Image-Oslo-webp.webp 1280w\" sizes=\"(max-width: 1024px) 100vw, 1024px\"><figcaption id=\"caption-attachment-34385\" class=\"wp-caption-text\">Oslo, capitale de la Norv\u00e8ge, o\u00f9 le minist\u00e8re de l\u2019Enfance et de la Famille envisage de suspendre temporairement les adoptions d\u2019enfants \u00e9trangers | Illustration \u00a9 Holger Uwe Schmitt<\/figcaption><\/figure>\n<p>Bufdir, l\u2019agence publique charg\u00e9e des adoptions en <a href=\"https:\/\/www.newsendip.com\/fr\/etiquette\/norvege\/\">Norv\u00e8ge<\/a>, envisage de suspendre temporairement toutes les <a href=\"https:\/\/www.newsendip.com\/fr\/la-suede-ouvre-un-enquete-sur-les-activites-adoption-a-letranger\/\">adoptions d\u2019enfants \u00e9trangers<\/a> en raison de plusieurs scandales r\u00e9v\u00e9l\u00e9s dans la presse.<\/p>\n<p>La d\u00e9cision de Bufdir sera ensuite transmise, avant No\u00ebl, au Minist\u00e8re de la Famille et de l\u2019Enfance o\u00f9 la Ministre, Kjersti Toppe, prendra la d\u00e9cision finale. En cas d\u2019approbation, les adoptions d\u2019enfants de pays ext\u00e9rieurs \u00e0 la Norv\u00e8ge seront suspendus au moins jusqu\u2019en 2025.<\/p>\n<p>Durant ce laps de temps, un comit\u00e9, form\u00e9 par la Ministre de l\u2019Enfance, Kjersti Toppe, examinera la l\u00e9galit\u00e9 du syst\u00e8me d\u2019adoption norv\u00e9gien d\u2019enfants \u00e9trangers.<\/p>\n<p>Cette d\u00e9cision fait suite \u00e0 plusieurs r\u00e9v\u00e9lations ces derniers mois dans la presse norv\u00e9gienne. Le quotidien Verdens Gang (VG) a r\u00e9v\u00e9l\u00e9 au grand public de nombreux cas d\u2019adoptions ill\u00e9gales ou de non-respect des proc\u00e9dures.<\/p>\n<h2>Des enfants arrach\u00e9s de leur&nbsp;foyer<\/h2>\n<p>Dans une <a href=\"https:\/\/www.vg.no\/spesial\/2023\/adopsjon\/barna-de-aldri-fikk\/\">enqu\u00eate publi\u00e9e en janvier<\/a>, VG a r\u00e9v\u00e9l\u00e9 que les autorit\u00e9s norv\u00e9giennes \u00e9taient au courant d\u2019adoptions ill\u00e9gales d\u2019enfants venant de l\u2019\u00c9quateur. A la fin des ann\u00e9es 1980, 13 enfants \u00e9quatoriens ont \u00e9t\u00e9 enlev\u00e9s et arrach\u00e9s de leur famille par l\u2019avocat Roberto Moncayo. Ces enfants avaient ensuite \u00e9t\u00e9 transport\u00e9s en Norv\u00e8ge pour \u00eatre adopt\u00e9s par d\u2019autres familles. Le gouvernement norv\u00e9gien avait m\u00eame vers\u00e9 d\u2019importantes sommes d\u2019argent au gouvernement \u00e9quatorien pour \u00e9touffer l\u2019affaire.<\/p>\n<p>D\u2019autres affaires de kidnapping ou de faux contrats d\u2019adoption ont \u00e9t\u00e9 r\u00e9v\u00e9l\u00e9s par VG impliquant la Cor\u00e9e du Sud, la Colombie, les Philippines, Ta\u00efwan et d\u2019autres pays. Dans la majorit\u00e9 de ces cas, le gouvernement \u00e9tait au courant de l\u2019ill\u00e9galit\u00e9 des proc\u00e9dures, mais n\u2019a pas pris de mesures pour y rem\u00e9dier.<\/p>\n<p>La m\u00e9diatisation de ces affaires a encourag\u00e9 de nombreux enfants adopt\u00e9s \u00e0 s\u2019exprimer, suspectant d\u2019avoir \u00e9t\u00e9 adopt\u00e9s ill\u00e9galement. En 2022, sept d\u2019entre eux avaient des suspicions, mais aujourd\u2019hui, selon Bufdir, ils sont plus de&nbsp;74.<\/p>\n<p>Beaucoup d\u2019entre eux ont commenc\u00e9 \u00e0 t\u00e9moigner et \u00e0 chercher leurs parents biologiques pr\u00e8s de 30 ans&nbsp;apr\u00e8s.<\/p>\n<p>Luis Mikal Br\u00e5tveit, l\u2019un des 13 enfants kidnapp\u00e9s, a <a href=\"https:\/\/www.vg.no\/spesial\/2023\/adopsjon\/ecuador-barna\/\">partag\u00e9 son histoire \u00e0 VG<\/a>. \u00c0 son arriv\u00e9e en Norv\u00e8ge il se souvenait tr\u00e8s bien de sa famille biologique, il t\u00e9moigne qu\u2019il ne s\u2019est jamais senti chez lui en Norv\u00e8ge et demandait tr\u00e8s souvent o\u00f9 \u00e9taient ses parents.<\/p>\n<p>Maintenant adulte, il a pu retrouver sa famille mais \u00ab\u202f<em>le lien avec [sa] famille biologique est compl\u00e8tement rompu. Oui, je peux apprendre \u00e0 les conna\u00eetre mais ce sentiment de s\u00e9curit\u00e9 avec ma m\u00e8re, \u00e7a ils me l\u2019ont pris pour toujours<\/em>\u202f\u00bb.<\/p>\n<p>Dans le m\u00eame temps, Ea Kristine et Snorre Bakken, un couple norv\u00e9gien <a href=\"https:\/\/www.nrk.no\/vestfoldogtelemark\/vurderer-full-stans-i-alle-adopsjoner-til-norge-1.16639584\">interview\u00e9 par NRK<\/a>, s\u2019inqui\u00e8tent face aux nouveaux reports des proc\u00e9dures d\u2019adoption. Ayant d\u00e9j\u00e0 pr\u00e9par\u00e9 la chambre pour leur futur enfant, les retards, initialement dus \u00e0 la pand\u00e9mie de Covid-19, persistent en raison de l\u2019enqu\u00eate \u00e0 venir. Bien que le couple reconnaisse l\u2019importance de proc\u00e9dures rigoureuses, ils remettent en question l\u2019arr\u00eat complet des d\u00e9marches d\u2019adoption.<\/p>\n","protected":false},"excerpt":{"rendered":"<p>Suite \u00e0 plusieurs scandales d\u2019adoptions ill\u00e9gales, le Minist\u00e8re norv\u00e9gien de l\u2019Enfance et de la Famille annonce la suspension du syst\u00e8me d\u2019adoption d\u2019enfants \u00e9trangers en vue d\u2019une enqu\u00eate approfondie.<\/p>\n","protected":false},"author":225,"featured_media":34385,"comment_status":"closed","ping_status":"open","sticky":false,"template":"","format":"standard","meta":{"wp_typography_post_enhancements_disabled":false,"footnotes":""},"categories":[409],"tags":[427,421],"class_list":["post-34396","post","type-post","status-publish","format-standard","has-post-thumbnail","hentry","category-societe","tag-norvege","tag-vieux"],"yoast_head":"<!-- This site is optimized with the Yoast SEO Premium plugin v27.4 (Yoast SEO v27.4) - https:\/\/yoast.com\/product\/yoast-seo-premium-wordpress\/ -->\n<title>La Norv\u00e8ge envisage de suspendre les adoptions d\u2019enfants \u00e9trangers<\/title>\n<meta name=\"description\" content=\"Suite \u00e0 plusieurs scandales d\u2019adoptions ill\u00e9gales, le Minist\u00e8re norv\u00e9gien de l\u2019Enfance et de la Famille annonce la suspension du syst\u00e8me d\u2019adoption d\u2019enfants \u00e9trangers en vue d\u2019une enqu\u00eate approfondie.\" \/>\n<meta name=\"robots\" content=\"index, follow, max-snippet:-1, max-image-preview:large, max-video-preview:-1\" \/>\n<link rel=\"canonical\" href=\"https:\/\/www.newsendip.com\/fr\/la-norvege-considere-de-suspendre-les-adoptions-denfants-etrangers\/\" \/>\n<meta property=\"og:locale\" content=\"fr_FR\" \/>\n<meta property=\"og:type\" content=\"article\" \/>\n<meta property=\"og:title\" content=\"La Norv\u00e8ge envisage de suspendre les adoptions d\u2019enfants \u00e9trangers\" \/>\n<meta property=\"og:description\" content=\"Suite \u00e0 plusieurs scandales d\u2019adoptions ill\u00e9gales, le Minist\u00e8re norv\u00e9gien de l\u2019Enfance et de la Famille annonce la suspension du syst\u00e8me d\u2019adoption d\u2019enfants \u00e9trangers en vue d\u2019une enqu\u00eate approfondie.\" \/>\n<meta property=\"og:url\" content=\"https:\/\/www.newsendip.com\/fr\/la-norvege-considere-de-suspendre-les-adoptions-denfants-etrangers\/\" \/>\n<meta property=\"og:site_name\" content=\"Newsendip\" \/>\n<meta property=\"article:publisher\" content=\"https:\/\/www.facebook.com\/newsendip\" \/>\n<meta property=\"article:published_time\" content=\"2023-11-25T06:00:00+00:00\" \/>\n<meta property=\"article:modified_time\" content=\"2024-07-18T14:22:30+00:00\" \/>\n<meta property=\"og:image\" content=\"https:\/\/www.newsendip.com\/wp-content\/uploads\/2023\/11\/Image-Oslo-jpg-min.jpg\" \/>\n\t<meta property=\"og:image:width\" content=\"1280\" \/>\n\t<meta property=\"og:image:height\" content=\"734\" \/>\n\t<meta property=\"og:image:type\" content=\"image\/jpeg\" \/>\n<meta name=\"author\" content=\"Paul Raymond\" \/>\n<meta name=\"twitter:card\" content=\"summary_large_image\" \/>\n<meta name=\"twitter:image\" content=\"https:\/\/www.newsendip.com\/wp-content\/uploads\/2023\/11\/Image-Oslo-jpg-min.jpg\" \/>\n<meta name=\"twitter:creator\" content=\"@https:\/\/x.com\/p_phasino\" \/>\n<meta name=\"twitter:site\" content=\"@newsendip\" \/>\n<meta name=\"twitter:label1\" content=\"\u00c9crit par\" \/>\n\t<meta name=\"twitter:data1\" content=\"Paul Raymond\" \/>\n\t<meta name=\"twitter:label2\" content=\"Dur\u00e9e de lecture estim\u00e9e\" \/>\n\t<meta name=\"twitter:data2\" content=\"3 minutes\" \/>\n<!-- \/ Yoast SEO Premium plugin. -->","yoast_head_json":{"title":"La Norv\u00e8ge envisage de suspendre les adoptions d\u2019enfants \u00e9trangers","description":"Suite \u00e0 plusieurs scandales d\u2019adoptions ill\u00e9gales, le Minist\u00e8re norv\u00e9gien de l\u2019Enfance et de la Famille annonce la suspension du syst\u00e8me d\u2019adoption d\u2019enfants \u00e9trangers en vue d\u2019une enqu\u00eate approfondie.","robots":{"index":"index","follow":"follow","max-snippet":"max-snippet:-1","max-image-preview":"max-image-preview:large","max-video-preview":"max-video-preview:-1"},"canonical":"https:\/\/www.newsendip.com\/fr\/la-norvege-considere-de-suspendre-les-adoptions-denfants-etrangers\/","og_locale":"fr_FR","og_type":"article","og_title":"La Norv\u00e8ge envisage de suspendre les adoptions d\u2019enfants \u00e9trangers","og_description":"Suite \u00e0 plusieurs scandales d\u2019adoptions ill\u00e9gales, le Minist\u00e8re norv\u00e9gien de l\u2019Enfance et de la Famille annonce la suspension du syst\u00e8me d\u2019adoption d\u2019enfants \u00e9trangers en vue d\u2019une enqu\u00eate approfondie.","og_url":"https:\/\/www.newsendip.com\/fr\/la-norvege-considere-de-suspendre-les-adoptions-denfants-etrangers\/","og_site_name":"Newsendip","article_publisher":"https:\/\/www.facebook.com\/newsendip","article_published_time":"2023-11-25T06:00:00+00:00","article_modified_time":"2024-07-18T14:22:30+00:00","og_image":[{"width":1280,"height":734,"url":"https:\/\/www.newsendip.com\/wp-content\/uploads\/2023\/11\/Image-Oslo-jpg-min.jpg","type":"image\/jpeg"}],"author":"Paul Raymond","twitter_card":"summary_large_image","twitter_image":"https:\/\/www.newsendip.com\/wp-content\/uploads\/2023\/11\/Image-Oslo-jpg-min.jpg","twitter_creator":"@https:\/\/x.com\/p_phasino","twitter_site":"@newsendip","twitter_misc":{"\u00c9crit par":"Paul Raymond","Dur\u00e9e de lecture estim\u00e9e":"3 minutes"},"schema":{"@context":"https:\/\/schema.org","@graph":[{"@type":"NewsArticle","@id":"https:\/\/www.newsendip.com\/fr\/la-norvege-considere-de-suspendre-les-adoptions-denfants-etrangers\/#article","isPartOf":{"@id":"https:\/\/www.newsendip.com\/fr\/la-norvege-considere-de-suspendre-les-adoptions-denfants-etrangers\/"},"author":{"name":"Paul Raymond","@id":"https:\/\/www.newsendip.com\/fr\/#\/schema\/person\/a27d453e1ade16f6bb1e2a51cb961f82"},"headline":"La Norv\u00e8ge envisage de suspendre les adoptions d\u2019enfants \u00e9trangers","datePublished":"2023-11-25T06:00:00+00:00","dateModified":"2024-07-18T14:22:30+00:00","mainEntityOfPage":{"@id":"https:\/\/www.newsendip.com\/fr\/la-norvege-considere-de-suspendre-les-adoptions-denfants-etrangers\/"},"wordCount":646,"publisher":{"@id":"https:\/\/www.newsendip.com\/fr\/#organization"},"image":{"@id":"https:\/\/www.newsendip.com\/fr\/la-norvege-considere-de-suspendre-les-adoptions-denfants-etrangers\/#primaryimage"},"thumbnailUrl":"https:\/\/www.newsendip.com\/wp-content\/uploads\/2023\/11\/Image-Oslo-webp.webp","keywords":["Norv\u00e8ge","Vieux"],"articleSection":["Soci\u00e9t\u00e9"],"inLanguage":"fr-FR","copyrightYear":"2023","copyrightHolder":{"@id":"https:\/\/www.newsendip.com\/#organization"}},{"@type":"WebPage","@id":"https:\/\/www.newsendip.com\/fr\/la-norvege-considere-de-suspendre-les-adoptions-denfants-etrangers\/","url":"https:\/\/www.newsendip.com\/fr\/la-norvege-considere-de-suspendre-les-adoptions-denfants-etrangers\/","name":"La Norv\u00e8ge envisage de suspendre les adoptions d\u2019enfants \u00e9trangers","isPartOf":{"@id":"https:\/\/www.newsendip.com\/fr\/#website"},"primaryImageOfPage":{"@id":"https:\/\/www.newsendip.com\/fr\/la-norvege-considere-de-suspendre-les-adoptions-denfants-etrangers\/#primaryimage"},"image":{"@id":"https:\/\/www.newsendip.com\/fr\/la-norvege-considere-de-suspendre-les-adoptions-denfants-etrangers\/#primaryimage"},"thumbnailUrl":"https:\/\/www.newsendip.com\/wp-content\/uploads\/2023\/11\/Image-Oslo-webp.webp","datePublished":"2023-11-25T06:00:00+00:00","dateModified":"2024-07-18T14:22:30+00:00","description":"Suite \u00e0 plusieurs scandales d\u2019adoptions ill\u00e9gales, le Minist\u00e8re norv\u00e9gien de l\u2019Enfance et de la Famille annonce la suspension du syst\u00e8me d\u2019adoption d\u2019enfants \u00e9trangers en vue d\u2019une enqu\u00eate approfondie.","breadcrumb":{"@id":"https:\/\/www.newsendip.com\/fr\/la-norvege-considere-de-suspendre-les-adoptions-denfants-etrangers\/#breadcrumb"},"inLanguage":"fr-FR","potentialAction":[{"@type":"ReadAction","target":["https:\/\/www.newsendip.com\/fr\/la-norvege-considere-de-suspendre-les-adoptions-denfants-etrangers\/"]}]},{"@type":"ImageObject","inLanguage":"fr-FR","@id":"https:\/\/www.newsendip.com\/fr\/la-norvege-considere-de-suspendre-les-adoptions-denfants-etrangers\/#primaryimage","url":"https:\/\/www.newsendip.com\/wp-content\/uploads\/2023\/11\/Image-Oslo-webp.webp","contentUrl":"https:\/\/www.newsendip.com\/wp-content\/uploads\/2023\/11\/Image-Oslo-webp.webp","width":1280,"height":734,"caption":"Oslo, capitale de la Norv\u00e8ge, o\u00f9 le minist\u00e8re de l'Enfance et de la Famille envisage de suspendre temporairement les adoptions d'enfants \u00e9trangers | Illustration \u00a9 Holger Uwe Schmitt"},{"@type":"BreadcrumbList","@id":"https:\/\/www.newsendip.com\/fr\/la-norvege-considere-de-suspendre-les-adoptions-denfants-etrangers\/#breadcrumb","itemListElement":[{"@type":"ListItem","position":1,"name":"Accueil","item":"https:\/\/www.newsendip.com\/fr\/"},{"@type":"ListItem","position":2,"name":"La Norv\u00e8ge envisage de suspendre les adoptions d\u2019enfants \u00e9trangers"}]},{"@type":"WebSite","@id":"https:\/\/www.newsendip.com\/fr\/#website","url":"https:\/\/www.newsendip.com\/fr\/","name":"Newsendip","description":"Red\u00e9couvrez l&#039;actualit\u00e9 internationale","publisher":{"@id":"https:\/\/www.newsendip.com\/fr\/#organization"},"potentialAction":[{"@type":"SearchAction","target":{"@type":"EntryPoint","urlTemplate":"https:\/\/www.newsendip.com\/fr\/?s={search_term_string}"},"query-input":{"@type":"PropertyValueSpecification","valueRequired":true,"valueName":"search_term_string"}}],"inLanguage":"fr-FR"},{"@type":"Organization","@id":"https:\/\/www.newsendip.com\/fr\/#organization","name":"Newsendip","url":"https:\/\/www.newsendip.com\/fr\/","logo":{"@type":"ImageObject","inLanguage":"fr-FR","@id":"https:\/\/www.newsendip.com\/fr\/#\/schema\/logo\/image\/","url":"https:\/\/www.newsendip.com\/wp-content\/uploads\/2023\/12\/512x512.svg","contentUrl":"https:\/\/www.newsendip.com\/wp-content\/uploads\/2023\/12\/512x512.svg","width":1,"height":1,"caption":"Newsendip"},"image":{"@id":"https:\/\/www.newsendip.com\/fr\/#\/schema\/logo\/image\/"},"sameAs":["https:\/\/www.facebook.com\/newsendip","https:\/\/x.com\/newsendip","https:\/\/mastodon.social\/@newsendip","https:\/\/www.linkedin.com\/company\/newsendip"],"description":"Newsendip est un site qui a pour mission de rendre l'actualit\u00e9 internationale accessible et diversifi\u00e9e","email":"contact@newsendip.com","legalName":"Newsendip SAS","foundingDate":"2022-11-04","vatID":"FR60921124723","numberOfEmployees":{"@type":"QuantitativeValue","minValue":"1","maxValue":"10"},"publishingPrinciples":"https:\/\/www.newsendip.com\/about-us\/","ownershipFundingInfo":"https:\/\/www.newsendip.com\/legal-notice\/","actionableFeedbackPolicy":"https:\/\/www.newsendip.com\/about-us\/","correctionsPolicy":"https:\/\/www.newsendip.com\/about-us\/","ethicsPolicy":"https:\/\/www.newsendip.com\/about-us\/","diversityPolicy":"https:\/\/www.newsendip.com\/about-us\/"},{"@type":"Person","@id":"https:\/\/www.newsendip.com\/fr\/#\/schema\/person\/a27d453e1ade16f6bb1e2a51cb961f82","name":"Paul Raymond","description":"Paul is a writer for Newsendip. He studied political science and international relations at the European School of Politics and loves Japanese culture.","sameAs":["https:\/\/www.linkedin.com\/in\/paul-raymond-66573325a\/","https:\/\/x.com\/https:\/\/x.com\/p_phasino"],"knowsAbout":["News"],"knowsLanguage":["English","French","Japanese"],"url":"https:\/\/www.newsendip.com\/fr\/author\/paul-raymond\/"}]}},"_links":{"self":[{"href":"https:\/\/www.newsendip.com\/fr\/wp-json\/wp\/v2\/posts\/34396","targetHints":{"allow":["GET"]}}],"collection":[{"href":"https:\/\/www.newsendip.com\/fr\/wp-json\/wp\/v2\/posts"}],"about":[{"href":"https:\/\/www.newsendip.com\/fr\/wp-json\/wp\/v2\/types\/post"}],"author":[{"embeddable":true,"href":"https:\/\/www.newsendip.com\/fr\/wp-json\/wp\/v2\/users\/225"}],"replies":[{"embeddable":true,"href":"https:\/\/www.newsendip.com\/fr\/wp-json\/wp\/v2\/comments?post=34396"}],"version-history":[{"count":0,"href":"https:\/\/www.newsendip.com\/fr\/wp-json\/wp\/v2\/posts\/34396\/revisions"}],"wp:featuredmedia":[{"embeddable":true,"href":"https:\/\/www.newsendip.com\/fr\/wp-json\/wp\/v2\/media\/34385"}],"wp:attachment":[{"href":"https:\/\/www.newsendip.com\/fr\/wp-json\/wp\/v2\/media?parent=34396"}],"wp:term":[{"taxonomy":"category","embeddable":true,"href":"https:\/\/www.newsendip.com\/fr\/wp-json\/wp\/v2\/categories?post=34396"},{"taxonomy":"post_tag","embeddable":true,"href":"https:\/\/www.newsendip.com\/fr\/wp-json\/wp\/v2\/tags?post=34396"}],"curies":[{"name":"wp","href":"https:\/\/api.w.org\/{rel}","templated":true}]}}