{"id":34604,"date":"2023-11-28T17:15:56","date_gmt":"2023-11-28T16:15:56","guid":{"rendered":"https:\/\/www.newsendip.com\/?p=34604"},"modified":"2023-11-28T17:07:27","modified_gmt":"2023-11-28T16:07:27","slug":"un-greve-des-fonctionnaires-annoncee-en-argentine-contre-les-larges-suppressions-de-postes-prevues-par-le-president-elu-javier-milei","status":"publish","type":"post","link":"https:\/\/www.newsendip.com\/fr\/un-greve-des-fonctionnaires-annoncee-en-argentine-contre-les-larges-suppressions-de-postes-prevues-par-le-president-elu-javier-milei\/","title":{"rendered":"Un gr\u00e8ve des fonctionnaires annonc\u00e9e en Argentine contre les larges suppressions de postes pr\u00e9vues par le pr\u00e9sident \u00e9lu Javier Milei"},"content":{"rendered":"<p><strong>Le syndicat des travailleurs de l\u2019\u00c9tat en Argentine a d\u00e9clar\u00e9 qu\u2019elle prendrait des \u00ab\u202f<em>mesures pr\u00e9ventives<\/em>\u202f\u00bb contre un licenciement massif des fonctionnaires qui se profile. Une gr\u00e8ve de trois jours sera organis\u00e9e pour tous les travailleurs du secteur de la s\u00e9curit\u00e9 alimentaire en Argentine.<\/strong><\/p>\n<figure id=\"attachment_34587\" aria-describedby=\"caption-attachment-34587\" style=\"width: 1024px\" class=\"wp-caption aligncenter\"><img decoding=\"async\" class=\"wp-image-34587 size-large\" src=\"https:\/\/www.newsendip.com\/wp-content\/uploads\/2023\/11\/layoffs-argentina-1024x683.webp\" alt=\"Des documents de licenciement sont remis par le patron \u00e0 l'employ\u00e9\" width=\"1024\" height=\"683\" srcset=\"https:\/\/www.newsendip.com\/wp-content\/uploads\/2023\/11\/layoffs-argentina-1024x683.webp 1024w, https:\/\/www.newsendip.com\/wp-content\/uploads\/2023\/11\/layoffs-argentina-60x40.webp 60w, https:\/\/www.newsendip.com\/wp-content\/uploads\/2023\/11\/layoffs-argentina-720x480.webp 720w, https:\/\/www.newsendip.com\/wp-content\/uploads\/2023\/11\/layoffs-argentina-300x200.webp 300w, https:\/\/www.newsendip.com\/wp-content\/uploads\/2023\/11\/layoffs-argentina-768x512.webp 768w, https:\/\/www.newsendip.com\/wp-content\/uploads\/2023\/11\/layoffs-argentina-1536x1024.webp 1536w, https:\/\/www.newsendip.com\/wp-content\/uploads\/2023\/11\/layoffs-argentina.webp 1920w\" sizes=\"(max-width: 1024px) 100vw, 1024px\"><figcaption id=\"caption-attachment-34587\" class=\"wp-caption-text\">Le mandat de M. Milei risque de faire perdre leurs emplois \u00e0 des milliers de fonctionnaires | \u00a9 Andrea Piacquadio<\/figcaption><\/figure>\n<p>L\u2019Association des travailleurs de l\u2019\u00c9tat argentin (ATE) a annonc\u00e9 une gr\u00e8ve \u00e0 venir pour protester contre les licenciements \u00e0 venir dans l\u2019administration publique, dans un <a href=\"https:\/\/ate.org.ar\/trabajo-ate-confirmo-que-habra-despidos-y-define-huelgas-sectoriales\/\">communiqu\u00e9 de presse publi\u00e9 lundi<\/a>. L\u2019ATE a d\u00e9clar\u00e9 que des sources issues des \u00ab\u202f<em>r\u00e9unions de transition<\/em>\u202f\u00bb actuel au sein du gouvernement l\u2019avaient inform\u00e9e qu\u2019une base de donn\u00e9es de plus de 60 000 fonctionnaires \u00e9tait en train d\u2019\u00eatre constitu\u00e9e pour faciliter les licenciements massifs.<\/p>\n<p>Le gouvernement <a href=\"https:\/\/www.newsendip.com\/fr\/etiquette\/argentine\/\">argentin<\/a> est en p\u00e9riode de transition puisque le pr\u00e9sident \u00e9lu, <a href=\"https:\/\/www.newsendip.com\/fr\/newsletter-dactualites-internationales-10-octobre-2023\/\">Javier Milei<\/a>, prendra ses fonctions le 10 d\u00e9cembre. Le parti de M. Milei, La Libertad Avanza (LLA), a l\u2019intention de r\u00e9duire consid\u00e9rablement la taille de l\u2019administration argentine lorsqu\u2019il sera au pouvoir. Il s\u2019agira notamment de r\u00e9duire le nombre de minist\u00e8res de dix-huit \u00e0 huit, ce qui laissera les fonctionnaires de ces minist\u00e8res sans emploi.<\/p>\n<p>L\u2019ATE a annonc\u00e9 une gr\u00e8ve de trois jours, qui inclura les travailleurs du Service national de s\u00e9curit\u00e9 et de qualit\u00e9 des aliments (SENASA), interrompant les activit\u00e9s d\u2019exportation et d\u2019importation puisque les contr\u00f4les de s\u00e9curit\u00e9 ne seront pas disponibles dans les ports et les a\u00e9roports. La gr\u00e8ve entra\u00eenera \u00e9galement la lev\u00e9e temporaire de la barri\u00e8re de s\u00e9curit\u00e9 sanitaire en Patagonie, qui prot\u00e8ge la production agricole de la r\u00e9gion contre les maladies.<\/p>\n<h2>Des r\u00e9ductions d\u2019emploi par milliers<\/h2>\n<p>Le plan de Milei consiste, <a href=\"https:\/\/drive.google.com\/file\/d\/1YO_i9rF-l6THc1Sl8JguF0wxLddNE_83\/view\">de mani\u00e8re tr\u00e8s explicite<\/a>, \u00e0 licencier toutes les personnes occupant des fonctions politiques qui ont \u00e9t\u00e9 engag\u00e9es en&nbsp;2023.<\/p>\n<p>De plus, les chefs de cabinet de tous les minist\u00e8res doivent \u00eatre d\u00e9mis de leurs fonctions, ainsi que leurs services tels que la s\u00e9curit\u00e9 et les chauffeurs, \u00e0 moins qu\u2019ils ne soient \u00ab\u202f<em>n\u00e9cessaires<\/em>\u202f\u00bb. Selon l\u2019ATE, le gouvernement de transition est en train de constituer une base de donn\u00e9es comprenant les fonctionnaires embauch\u00e9s cette ann\u00e9e ainsi que ceux dont les contrats ne sont pas stables, afin de les licencier. Selon l\u2019ATE, 64 000 fonctionnaires risquent ainsi d\u2019\u00eatre remerci\u00e9s, sur les 350 000 fonctionnaires actuellement sous contrat.<\/p>\n<p>\u00ab\u202f<em>Il est clair que la variable d\u2019ajustement [de la transition] sera nous, les travailleurs<\/em>\u202f\u00bb, a d\u00e9clar\u00e9 le secr\u00e9taire g\u00e9n\u00e9ral de l\u2019ATE, Rodolfo Aguiar. <em>Nous devons nous pr\u00e9parer \u00e0 affronter une p\u00e9riode au cours de laquelle ils (le gouvernement) essaieront de nous priver de tous nos droits.\u202f\u00bb<\/em><\/p>\n<p>L\u2019ATE s\u2019est r\u00e9unie avec la F\u00e9d\u00e9ration judiciaire argentine pour \u00ab\u202f<em>analyser la situation de r\u00e9duction d\u2019emplois<\/em>\u202f\u00bb. Ils ont conclu qu\u2019il fallait organiser des r\u00e9unions entre les diff\u00e9rents d\u00e9partements de l\u2019\u00c9tat. L\u2019ATE a encourag\u00e9 les organismes publics \u00e0 se rencontrer pour organiser des actions collectives.<\/p>\n<h2>La position anti-administration de&nbsp;Milei<\/h2>\n<p>La campagne de M. Milei a critiqu\u00e9 la structure du gouvernement argentin, en particulier sa taille et la complexit\u00e9 de ses r\u00e9glementations. Dans le plan d\u2019\u00c9tat de son parti, il affirme que le gouvernement \u00ab\u202f<em>est la cause de l\u2019appauvrissement des Argentins<\/em>\u202f\u00bb en raison de ses r\u00e9glementations.<\/p>\n<p>\u00ab\u202f<em>La fonction de l\u2019\u00c9tat n\u2019est pas de s\u2019immiscer dans chaque aspect de la vie des individus (ni en bien ni en mal)<\/em>\u202f\u00bb, indique le plan d\u2019action de la LLA. <em>La fonction de l\u2019\u00c9tat est de prot\u00e9ger les droits fondamentaux \u00e0 la vie, \u00e0 la libert\u00e9 et \u00e0 la propri\u00e9t\u00e9 des individus.\u202f\u00bb<\/em><\/p>\n<p>M. Milei a \u00e9galement critiqu\u00e9 la corruption au sein du gouvernement, affirmant que le mod\u00e8le \u00e9conomique actuel place la plupart des d\u00e9cisions \u00e9conomiques entre les mains de bureaucrates, \u00ab\u202f<em>qui, par co\u00efncidence, finissent millionnaires<\/em>\u202f\u00bb. Le plan d\u2019\u00c9tat de son parti comprend une r\u00e9forme visant \u00e0 r\u00e9duire les d\u00e9penses de l\u2019\u00c9tat de 15\u202f% du PIB du&nbsp;pays.<\/p>\n<p>M. Aguiar, de l\u2019ATE, estime que le plan de M. Milei ne garantit pas les droits des travailleurs dans son \u00e9tat actuel.<\/p>\n<p>\u00ab\u202f<em>Les gouvernements doivent garantir la paix sociale par le biais de politiques, ce qui n\u2019incombe pas aux travailleurs<\/em>, a d\u00e9clar\u00e9 M. Aguiar. <em>Nous avons le droit d\u2019agir en l\u00e9gitime d\u00e9fense si nous nous sentons en danger.\u202f\u00bb<\/em><\/p>\n","protected":false},"excerpt":{"rendered":"<p>Le syndicat des travailleurs de l\u2019\u00c9tat en Argentine a d\u00e9clar\u00e9 qu\u2019elle prendrait des \u00ab\u202fmesures pr\u00e9ventives\u202f\u00bb contre un licenciement massif des fonctionnaires qui se profile. Une gr\u00e8ve de trois jours sera organis\u00e9e pour tous les travailleurs du secteur de la s\u00e9curit\u00e9 alimentaire en Argentine.<\/p>\n","protected":false},"author":226,"featured_media":34587,"comment_status":"closed","ping_status":"open","sticky":false,"template":"","format":"standard","meta":{"wp_typography_post_enhancements_disabled":false,"footnotes":""},"categories":[416],"tags":[452,1334],"class_list":["post-34604","post","type-post","status-publish","format-standard","has-post-thumbnail","hentry","category-politique","tag-argentine","tag-nouveau"],"yoast_head":"<!-- This site is optimized with the Yoast SEO Premium plugin v27.4 (Yoast SEO v27.4) - https:\/\/yoast.com\/product\/yoast-seo-premium-wordpress\/ -->\n<title>Un gr\u00e8ve des fonctionnaires annonc\u00e9e en Argentine contre les larges suppressions de postes pr\u00e9vues par le pr\u00e9sident \u00e9lu Javier Milei<\/title>\n<meta name=\"description\" content=\"Le syndicat des travailleurs de l&#039;\u00c9tat en Argentine a d\u00e9clar\u00e9 qu&#039;elle prendrait des &quot;mesures pr\u00e9ventives&quot; contre un licenciement massif des fonctionnaires qui se profile. Une gr\u00e8ve de trois jours sera organis\u00e9e pour tous les travailleurs du secteur de la s\u00e9curit\u00e9 alimentaire en Argentine.\" \/>\n<meta name=\"robots\" content=\"index, follow, max-snippet:-1, max-image-preview:large, max-video-preview:-1\" \/>\n<link rel=\"canonical\" href=\"https:\/\/www.newsendip.com\/fr\/un-greve-des-fonctionnaires-annoncee-en-argentine-contre-les-larges-suppressions-de-postes-prevues-par-le-president-elu-javier-milei\/\" \/>\n<meta property=\"og:locale\" content=\"fr_FR\" \/>\n<meta property=\"og:type\" content=\"article\" \/>\n<meta property=\"og:title\" content=\"Un gr\u00e8ve des fonctionnaires annonc\u00e9e en Argentine contre les larges suppressions de postes pr\u00e9vues par le pr\u00e9sident \u00e9lu Javier Milei\" \/>\n<meta property=\"og:description\" content=\"Le syndicat des travailleurs de l&#039;\u00c9tat en Argentine a d\u00e9clar\u00e9 qu&#039;elle prendrait des &quot;mesures pr\u00e9ventives&quot; contre un licenciement massif des fonctionnaires qui se profile. Une gr\u00e8ve de trois jours sera organis\u00e9e pour tous les travailleurs du secteur de la s\u00e9curit\u00e9 alimentaire en Argentine.\" \/>\n<meta property=\"og:url\" content=\"https:\/\/www.newsendip.com\/fr\/un-greve-des-fonctionnaires-annoncee-en-argentine-contre-les-larges-suppressions-de-postes-prevues-par-le-president-elu-javier-milei\/\" \/>\n<meta property=\"og:site_name\" content=\"Newsendip\" \/>\n<meta property=\"article:publisher\" content=\"https:\/\/www.facebook.com\/newsendip\" \/>\n<meta property=\"article:published_time\" content=\"2023-11-28T16:15:56+00:00\" \/>\n<meta property=\"og:image\" content=\"https:\/\/www.newsendip.com\/wp-content\/uploads\/2023\/11\/layoffs-argentina.jpeg\" \/>\n\t<meta property=\"og:image:width\" content=\"1920\" \/>\n\t<meta property=\"og:image:height\" content=\"1280\" \/>\n\t<meta property=\"og:image:type\" content=\"image\/jpeg\" \/>\n<meta name=\"author\" content=\"Alexander Saraff Marcos\" \/>\n<meta name=\"twitter:card\" content=\"summary_large_image\" \/>\n<meta name=\"twitter:image\" content=\"https:\/\/www.newsendip.com\/wp-content\/uploads\/2023\/11\/layoffs-argentina.jpeg\" \/>\n<meta name=\"twitter:creator\" content=\"@https:\/\/twitter.com\/AlexanderSaraff\" \/>\n<meta name=\"twitter:site\" content=\"@newsendip\" \/>\n<meta name=\"twitter:label1\" content=\"\u00c9crit par\" \/>\n\t<meta name=\"twitter:data1\" content=\"Alexander Saraff Marcos\" \/>\n<!-- \/ Yoast SEO Premium plugin. -->","yoast_head_json":{"title":"Un gr\u00e8ve des fonctionnaires annonc\u00e9e en Argentine contre les larges suppressions de postes pr\u00e9vues par le pr\u00e9sident \u00e9lu Javier Milei","description":"Le syndicat des travailleurs de l'\u00c9tat en Argentine a d\u00e9clar\u00e9 qu'elle prendrait des \"mesures pr\u00e9ventives\" contre un licenciement massif des fonctionnaires qui se profile. Une gr\u00e8ve de trois jours sera organis\u00e9e pour tous les travailleurs du secteur de la s\u00e9curit\u00e9 alimentaire en Argentine.","robots":{"index":"index","follow":"follow","max-snippet":"max-snippet:-1","max-image-preview":"max-image-preview:large","max-video-preview":"max-video-preview:-1"},"canonical":"https:\/\/www.newsendip.com\/fr\/un-greve-des-fonctionnaires-annoncee-en-argentine-contre-les-larges-suppressions-de-postes-prevues-par-le-president-elu-javier-milei\/","og_locale":"fr_FR","og_type":"article","og_title":"Un gr\u00e8ve des fonctionnaires annonc\u00e9e en Argentine contre les larges suppressions de postes pr\u00e9vues par le pr\u00e9sident \u00e9lu Javier Milei","og_description":"Le syndicat des travailleurs de l'\u00c9tat en Argentine a d\u00e9clar\u00e9 qu'elle prendrait des \"mesures pr\u00e9ventives\" contre un licenciement massif des fonctionnaires qui se profile. Une gr\u00e8ve de trois jours sera organis\u00e9e pour tous les travailleurs du secteur de la s\u00e9curit\u00e9 alimentaire en Argentine.","og_url":"https:\/\/www.newsendip.com\/fr\/un-greve-des-fonctionnaires-annoncee-en-argentine-contre-les-larges-suppressions-de-postes-prevues-par-le-president-elu-javier-milei\/","og_site_name":"Newsendip","article_publisher":"https:\/\/www.facebook.com\/newsendip","article_published_time":"2023-11-28T16:15:56+00:00","og_image":[{"width":1920,"height":1280,"url":"https:\/\/www.newsendip.com\/wp-content\/uploads\/2023\/11\/layoffs-argentina.jpeg","type":"image\/jpeg"}],"author":"Alexander Saraff Marcos","twitter_card":"summary_large_image","twitter_image":"https:\/\/www.newsendip.com\/wp-content\/uploads\/2023\/11\/layoffs-argentina.jpeg","twitter_creator":"@https:\/\/twitter.com\/AlexanderSaraff","twitter_site":"@newsendip","twitter_misc":{"\u00c9crit par":"Alexander Saraff Marcos"},"schema":{"@context":"https:\/\/schema.org","@graph":[{"@type":"NewsArticle","@id":"https:\/\/www.newsendip.com\/fr\/un-greve-des-fonctionnaires-annoncee-en-argentine-contre-les-larges-suppressions-de-postes-prevues-par-le-president-elu-javier-milei\/#article","isPartOf":{"@id":"https:\/\/www.newsendip.com\/fr\/un-greve-des-fonctionnaires-annoncee-en-argentine-contre-les-larges-suppressions-de-postes-prevues-par-le-president-elu-javier-milei\/"},"author":{"name":"Alexander Saraff Marcos","@id":"https:\/\/www.newsendip.com\/fr\/#\/schema\/person\/e3467cf4a38ff8f5b92c83c7422ae321"},"headline":"Un gr\u00e8ve des fonctionnaires annonc\u00e9e en Argentine contre les larges suppressions de postes pr\u00e9vues par le pr\u00e9sident \u00e9lu Javier Milei","datePublished":"2023-11-28T16:15:56+00:00","mainEntityOfPage":{"@id":"https:\/\/www.newsendip.com\/fr\/un-greve-des-fonctionnaires-annoncee-en-argentine-contre-les-larges-suppressions-de-postes-prevues-par-le-president-elu-javier-milei\/"},"wordCount":804,"publisher":{"@id":"https:\/\/www.newsendip.com\/fr\/#organization"},"image":{"@id":"https:\/\/www.newsendip.com\/fr\/un-greve-des-fonctionnaires-annoncee-en-argentine-contre-les-larges-suppressions-de-postes-prevues-par-le-president-elu-javier-milei\/#primaryimage"},"thumbnailUrl":"https:\/\/www.newsendip.com\/wp-content\/uploads\/2023\/11\/layoffs-argentina.webp","keywords":["Argentine","R\u00e9cent"],"articleSection":["Politique"],"inLanguage":"fr-FR","copyrightYear":"2023","copyrightHolder":{"@id":"https:\/\/www.newsendip.com\/#organization"}},{"@type":"WebPage","@id":"https:\/\/www.newsendip.com\/fr\/un-greve-des-fonctionnaires-annoncee-en-argentine-contre-les-larges-suppressions-de-postes-prevues-par-le-president-elu-javier-milei\/","url":"https:\/\/www.newsendip.com\/fr\/un-greve-des-fonctionnaires-annoncee-en-argentine-contre-les-larges-suppressions-de-postes-prevues-par-le-president-elu-javier-milei\/","name":"Un gr\u00e8ve des fonctionnaires annonc\u00e9e en Argentine contre les larges suppressions de postes pr\u00e9vues par le pr\u00e9sident \u00e9lu Javier Milei","isPartOf":{"@id":"https:\/\/www.newsendip.com\/fr\/#website"},"primaryImageOfPage":{"@id":"https:\/\/www.newsendip.com\/fr\/un-greve-des-fonctionnaires-annoncee-en-argentine-contre-les-larges-suppressions-de-postes-prevues-par-le-president-elu-javier-milei\/#primaryimage"},"image":{"@id":"https:\/\/www.newsendip.com\/fr\/un-greve-des-fonctionnaires-annoncee-en-argentine-contre-les-larges-suppressions-de-postes-prevues-par-le-president-elu-javier-milei\/#primaryimage"},"thumbnailUrl":"https:\/\/www.newsendip.com\/wp-content\/uploads\/2023\/11\/layoffs-argentina.webp","datePublished":"2023-11-28T16:15:56+00:00","description":"Le syndicat des travailleurs de l'\u00c9tat en Argentine a d\u00e9clar\u00e9 qu'elle prendrait des \"mesures pr\u00e9ventives\" contre un licenciement massif des fonctionnaires qui se profile. Une gr\u00e8ve de trois jours sera organis\u00e9e pour tous les travailleurs du secteur de la s\u00e9curit\u00e9 alimentaire en Argentine.","breadcrumb":{"@id":"https:\/\/www.newsendip.com\/fr\/un-greve-des-fonctionnaires-annoncee-en-argentine-contre-les-larges-suppressions-de-postes-prevues-par-le-president-elu-javier-milei\/#breadcrumb"},"inLanguage":"fr-FR","potentialAction":[{"@type":"ReadAction","target":["https:\/\/www.newsendip.com\/fr\/un-greve-des-fonctionnaires-annoncee-en-argentine-contre-les-larges-suppressions-de-postes-prevues-par-le-president-elu-javier-milei\/"]}]},{"@type":"ImageObject","inLanguage":"fr-FR","@id":"https:\/\/www.newsendip.com\/fr\/un-greve-des-fonctionnaires-annoncee-en-argentine-contre-les-larges-suppressions-de-postes-prevues-par-le-president-elu-javier-milei\/#primaryimage","url":"https:\/\/www.newsendip.com\/wp-content\/uploads\/2023\/11\/layoffs-argentina.webp","contentUrl":"https:\/\/www.newsendip.com\/wp-content\/uploads\/2023\/11\/layoffs-argentina.webp","width":1920,"height":1280,"caption":"Le mandat de M. Milei risque de faire perdre leurs emplois \u00e0 des milliers de fonctionnaires | \u00a9 Andrea Piacquadio"},{"@type":"BreadcrumbList","@id":"https:\/\/www.newsendip.com\/fr\/un-greve-des-fonctionnaires-annoncee-en-argentine-contre-les-larges-suppressions-de-postes-prevues-par-le-president-elu-javier-milei\/#breadcrumb","itemListElement":[{"@type":"ListItem","position":1,"name":"Accueil","item":"https:\/\/www.newsendip.com\/fr\/"},{"@type":"ListItem","position":2,"name":"Un gr\u00e8ve des fonctionnaires annonc\u00e9e en Argentine contre les larges suppressions de postes pr\u00e9vues par le pr\u00e9sident \u00e9lu Javier Milei"}]},{"@type":"WebSite","@id":"https:\/\/www.newsendip.com\/fr\/#website","url":"https:\/\/www.newsendip.com\/fr\/","name":"Newsendip","description":"Red\u00e9couvrez l&#039;actualit\u00e9 internationale","publisher":{"@id":"https:\/\/www.newsendip.com\/fr\/#organization"},"potentialAction":[{"@type":"SearchAction","target":{"@type":"EntryPoint","urlTemplate":"https:\/\/www.newsendip.com\/fr\/?s={search_term_string}"},"query-input":{"@type":"PropertyValueSpecification","valueRequired":true,"valueName":"search_term_string"}}],"inLanguage":"fr-FR"},{"@type":"Organization","@id":"https:\/\/www.newsendip.com\/fr\/#organization","name":"Newsendip","url":"https:\/\/www.newsendip.com\/fr\/","logo":{"@type":"ImageObject","inLanguage":"fr-FR","@id":"https:\/\/www.newsendip.com\/fr\/#\/schema\/logo\/image\/","url":"https:\/\/www.newsendip.com\/wp-content\/uploads\/2023\/12\/512x512.svg","contentUrl":"https:\/\/www.newsendip.com\/wp-content\/uploads\/2023\/12\/512x512.svg","width":1,"height":1,"caption":"Newsendip"},"image":{"@id":"https:\/\/www.newsendip.com\/fr\/#\/schema\/logo\/image\/"},"sameAs":["https:\/\/www.facebook.com\/newsendip","https:\/\/x.com\/newsendip","https:\/\/mastodon.social\/@newsendip","https:\/\/www.linkedin.com\/company\/newsendip"],"description":"Newsendip est un site qui a pour mission de rendre l'actualit\u00e9 internationale accessible et diversifi\u00e9e","email":"contact@newsendip.com","legalName":"Newsendip SAS","foundingDate":"2022-11-04","vatID":"FR60921124723","numberOfEmployees":{"@type":"QuantitativeValue","minValue":"1","maxValue":"10"},"publishingPrinciples":"https:\/\/www.newsendip.com\/about-us\/","ownershipFundingInfo":"https:\/\/www.newsendip.com\/legal-notice\/","actionableFeedbackPolicy":"https:\/\/www.newsendip.com\/about-us\/","correctionsPolicy":"https:\/\/www.newsendip.com\/about-us\/","ethicsPolicy":"https:\/\/www.newsendip.com\/about-us\/","diversityPolicy":"https:\/\/www.newsendip.com\/about-us\/"},{"@type":"Person","@id":"https:\/\/www.newsendip.com\/fr\/#\/schema\/person\/e3467cf4a38ff8f5b92c83c7422ae321","name":"Alexander Saraff Marcos","description":"Alexander is a writer for Newsendip. He is a dual citizen of the United States and Spain and lives between Spain and France. He graduated from the University of Pittsburgh with a major in philosophy and a minor in French. He loves watching e-sport on his spare time.","sameAs":["https:\/\/www.linkedin.com\/in\/alexander-saraff-b132bb226\/","https:\/\/x.com\/https:\/\/twitter.com\/AlexanderSaraff"],"knowsAbout":["News"],"knowsLanguage":["English","Spanish","French"],"url":"https:\/\/www.newsendip.com\/fr\/author\/alexander-saraff\/"}]}},"_links":{"self":[{"href":"https:\/\/www.newsendip.com\/fr\/wp-json\/wp\/v2\/posts\/34604","targetHints":{"allow":["GET"]}}],"collection":[{"href":"https:\/\/www.newsendip.com\/fr\/wp-json\/wp\/v2\/posts"}],"about":[{"href":"https:\/\/www.newsendip.com\/fr\/wp-json\/wp\/v2\/types\/post"}],"author":[{"embeddable":true,"href":"https:\/\/www.newsendip.com\/fr\/wp-json\/wp\/v2\/users\/226"}],"replies":[{"embeddable":true,"href":"https:\/\/www.newsendip.com\/fr\/wp-json\/wp\/v2\/comments?post=34604"}],"version-history":[{"count":0,"href":"https:\/\/www.newsendip.com\/fr\/wp-json\/wp\/v2\/posts\/34604\/revisions"}],"wp:featuredmedia":[{"embeddable":true,"href":"https:\/\/www.newsendip.com\/fr\/wp-json\/wp\/v2\/media\/34587"}],"wp:attachment":[{"href":"https:\/\/www.newsendip.com\/fr\/wp-json\/wp\/v2\/media?parent=34604"}],"wp:term":[{"taxonomy":"category","embeddable":true,"href":"https:\/\/www.newsendip.com\/fr\/wp-json\/wp\/v2\/categories?post=34604"},{"taxonomy":"post_tag","embeddable":true,"href":"https:\/\/www.newsendip.com\/fr\/wp-json\/wp\/v2\/tags?post=34604"}],"curies":[{"name":"wp","href":"https:\/\/api.w.org\/{rel}","templated":true}]}}