{"id":34736,"date":"2023-12-05T07:00:00","date_gmt":"2023-12-05T06:00:00","guid":{"rendered":"https:\/\/www.newsendip.com\/?p=34736"},"modified":"2025-08-08T13:02:37","modified_gmt":"2025-08-08T11:02:37","slug":"le-costa-rica-un-pays-sans-armee-depuis-75-ans","status":"publish","type":"post","link":"https:\/\/www.newsendip.com\/fr\/le-costa-rica-un-pays-sans-armee-depuis-75-ans\/","title":{"rendered":"Le Costa Rica, un pays sans arm\u00e9e depuis 75&nbsp;ans"},"content":{"rendered":"<p><strong>Le Costa Rica vit sans arm\u00e9e depuis maintenant 75 ans. Vendredi, la population et les autorit\u00e9s ont c\u00e9l\u00e9br\u00e9 l\u2019interdiction de l\u2019arm\u00e9e dans un pays qui s\u2019enorgueillit d\u2019avoir transf\u00e9r\u00e9 les fonds allou\u00e9s au militaire vers l\u2019\u00e9ducation.<\/strong><\/p>\n<figure id=\"attachment_34732\" aria-describedby=\"caption-attachment-34732\" style=\"width: 1024px\" class=\"wp-caption aligncenter\"><img decoding=\"async\" class=\"wp-image-34732 size-full\" src=\"https:\/\/www.newsendip.com\/wp-content\/uploads\/2023\/12\/plaza-democracia-military-abolition-costa-rica.webp\" alt=\"La place o\u00f9 les Costaricains se sont rassembl\u00e9s pour c\u00e9l\u00e9brer le 75\u00e8me anniversaire de l'abolition de l'arm\u00e9e\" width=\"1024\" height=\"683\" srcset=\"https:\/\/www.newsendip.com\/wp-content\/uploads\/2023\/12\/plaza-democracia-military-abolition-costa-rica.webp 1024w, https:\/\/www.newsendip.com\/wp-content\/uploads\/2023\/12\/plaza-democracia-military-abolition-costa-rica-60x40.webp 60w, https:\/\/www.newsendip.com\/wp-content\/uploads\/2023\/12\/plaza-democracia-military-abolition-costa-rica-720x480.webp 720w, https:\/\/www.newsendip.com\/wp-content\/uploads\/2023\/12\/plaza-democracia-military-abolition-costa-rica-300x200.webp 300w, https:\/\/www.newsendip.com\/wp-content\/uploads\/2023\/12\/plaza-democracia-military-abolition-costa-rica-768x512.webp 768w\" sizes=\"(max-width: 1024px) 100vw, 1024px\"><figcaption id=\"caption-attachment-34732\" class=\"wp-caption-text\">L\u2019arm\u00e9e costaricienne a \u00e9t\u00e9 abolie en 1948, date aujourd\u2019hui consid\u00e9r\u00e9e comme un tournant national. Place de la d\u00e9mocratie et de l\u2019abolition de l\u2019arm\u00e9e | \u00a9 Mario Roberto Dur\u00e1n&nbsp;Ortiz<\/figcaption><\/figure>\n<p><a href=\"https:\/\/twitter.com\/presidenciacr\/status\/1730795425853026652\">Le 1er d\u00e9cembre dernier<\/a>, les Costaricains se sont r\u00e9unis pour comm\u00e9morer les 75 ans de l\u2019abolition officielle de l\u2019arm\u00e9e. Le rassemblement a eu lieu sur la Place de l\u2019Abolition, o\u00f9 l\u2019ancien pr\u00e9sident, Jos\u00e9 Figueres Ferrer, avait symboliquement d\u00e9truit le mur de l\u2019ancien quartier g\u00e9n\u00e9ral militaire avec une masse, scellant la fin d\u2019une p\u00e9riode particuli\u00e8rement sanglante.<\/p>\n<p>Jos\u00e9 Figueres Ferrer fut le premier pr\u00e9sident du <a href=\"https:\/\/www.newsendip.com\/fr\/etiquette\/costa-rica-fr\/\">Costa Rica<\/a> apr\u00e8s une guerre civile ayant co\u00fbt\u00e9 la vie \u00e0 2 000 personnes selon les donn\u00e9es officielles. Son parti avait remport\u00e9 les \u00e9lections g\u00e9n\u00e9rales avant la guerre, mais le pouvoir en place avait d\u00e9clar\u00e9 les r\u00e9sultats comme \u00e9tant frauduleux. Ferrer a ensuite initi\u00e9 une r\u00e9volte pour devenir le chef de l\u2019\u00c9tat costaricien.<\/p>\n<p>Les \u00c9tats-Unis ont contribu\u00e9 \u00e0 installer le nouveau gouvernement au Costa Rica en soutenant le camp de Ferrer, celui anti-communiste, lors de la guerre civile.<\/p>\n<p>En tant que chef de l\u2019\u00c9tat, Ferrer a contribu\u00e9 \u00e0 r\u00e9diger la <a href=\"https:\/\/www.pgrweb.go.cr\/scij\/Busqueda\/Normativa\/Normas\/nrm_texto_completo.aspx?nValor1=1&amp;nValor2=871\">constitution actuelle du Costa Rica<\/a> en 1948. Et elle incluait la \u00ab\u202f<em>prohibition de l\u2019arm\u00e9e en tant qu\u2019institution permanente.<\/em>\u202f\u00bb Selon le minist\u00e8re de la culture, cette mesure visait \u00e0 \u00ab\u202f<em>cr\u00e9er un climat de confiance et de stabilit\u00e9 apr\u00e8s la guerre,<\/em>\u202f\u00bb et \u00e0 garantir le soutien des \u00c9tats-Unis. Aujourd\u2019hui, les \u00c9tats-Unis sont le principal partenaire commercial du Costa&nbsp;Rica.<\/p>\n<h2>Investissement dans l\u2019\u00e9ducation plut\u00f4t que dans l\u2019arm\u00e9e<\/h2>\n<p>Le pays d\u2019Am\u00e9rique centrale avait souhait\u00e9 placer les budgets destin\u00e9s aux d\u00e9penses militaires vers les d\u00e9penses autour de l\u2019\u00e9ducation. En 2022, le gouvernement du Costa Rica a investi 6,3\u202f% de son produit int\u00e9rieur brut dans l\u2019\u00e9ducation publique, plus que les \u00c9tats-Unis et l\u2019Allemagne, selon la Banque mondiale.<\/p>\n<p>Le Costa Rica compte un pourcentage \u00e9lev\u00e9 de travailleurs ayant re\u00e7u une \u00e9ducation sup\u00e9rieure. <a href=\"https:\/\/data.worldbank.org\/indicator\/SL.TLF.ADVN.ZS?locations=CR\">La Banque mondiale a publi\u00e9<\/a> que 75\u202f% de la main-d\u2019\u0153uvre costaricienne avait re\u00e7u une \u00e9ducation avanc\u00e9e (niveau bachelor, soit quatre ann\u00e9es d\u2019\u00e9ducation sup\u00e9rieure, ou \u00e9quivalent). En comparaison, seuls 72\u202f% de la main-d\u2019\u0153uvre aux \u00c9tats-Unis ont le m\u00eame niveau d\u2019\u00e9ducation.<\/p>\n<p>Le Costa Rica est \u00e9galement class\u00e9 comme l\u2019un des pays les plus heureux au monde, selon plusieurs \u00e9tudes sur le bonheur des citoyens. <a href=\"https:\/\/worlddatabaseofhappiness.eur.nl\/nations\/costa-rica-123\/\">Selon la Base de donn\u00e9es mondiale du bonheur<\/a>, le Costa Rica est le 7\u00e8me pays le plus heureux du monde de 2010 \u00e0&nbsp;2019.<\/p>\n<h2>Augmentation de la violence criminelle<\/h2>\n<p>Mais malgr\u00e9 l\u2019histoire pacifique du pays, le Costa Rica a connu une augmentation de la criminalit\u00e9 en 2023. Cette ann\u00e9e a enregistr\u00e9 26\u202f% d\u2019homicides de plus qu\u2019en 2022 selon les donn\u00e9es officielles du <a href=\"https:\/\/sitiooij.poder-judicial.go.cr\/index.php\/apertura\/transparencia\/estadisticas-policiales\">pouvoir judiciaire du Costa Rica<\/a>.<\/p>\n<p>Plus de 600 (environ 70\u202f%) des homicides de cette ann\u00e9e avaient pour motif \u00ab\u202f<em>le r\u00e8glement de comptes ou la vengeance<\/em>\u202f\u00bb. <a href=\"https:\/\/www.state.gov\/u-s-relations-with-costa-rica\/\">Selon le D\u00e9partement d\u2019\u00c9tat am\u00e9ricain<\/a>, l\u2019augmentation des crimes peut \u00eatre attribu\u00e9e au r\u00f4le du Costa Rica en tant que point de transit pour la coca\u00efne.<\/p>\n<p>Un des objectifs du <a href=\"https:\/\/www.mideplan.go.cr\/gobierno-presenta-el-nuevo-plan-nacional-de-desarrollo-e-inversion-publica-2023-2026\">plan national du Costa Rica<\/a> est de r\u00e9duire le nombre d\u2019homicides en s\u2019attaquant au trafic de drogue et en soulignant la n\u00e9cessit\u00e9 pour les autorit\u00e9s de \u00ab\u202f<em>surveiller de pr\u00e8s les zones frontali\u00e8res et maritimes.<\/em>\u202f\u00bb<\/p>\n<p>Alors que d\u2019autres <a href=\"https:\/\/www.newsendip.com\/fr\/un-groupe-criminel-demantele-au-sein-dune-prison-au-venezuela-et-cooperation-internationale\/\">pays d\u2019Am\u00e9rique latine peuvent mobiliser leurs forces militaires<\/a> pour lutter contre le trafic de drogue, le Costa Rica s\u2019appuie lui sur sa police pour la s\u00e9curit\u00e9.<\/p>\n<p>\u00ab\u202f<em>Pour la vigilance et la pr\u00e9servation de l\u2019ordre public, seules les forces de police n\u00e9cessaires seront disponibles,<\/em>\u202f\u00bb indique la constitution costaricienne.<\/p>\n<p><a href=\"https:\/\/www.newsendip.com\/fr\/etiquette\/costa-rica-fr\/\"><strong>D\u00e9couvrez plus d\u2019actualit\u00e9s sur le Costa&nbsp;Rica<\/strong><\/a><\/p>\n","protected":false},"excerpt":{"rendered":"<p>Le Costa Rica vit sans arm\u00e9e depuis maintenant 75 ans. Vendredi, la population et les autorit\u00e9s ont c\u00e9l\u00e9br\u00e9 l\u2019interdiction de l\u2019arm\u00e9e dans un pays qui s\u2019enorgueillit d\u2019avoir transf\u00e9r\u00e9 les fonds allou\u00e9s au militaire vers l\u2019\u00e9ducation.<\/p>\n","protected":false},"author":226,"featured_media":34732,"comment_status":"closed","ping_status":"open","sticky":false,"template":"","format":"standard","meta":{"wp_typography_post_enhancements_disabled":false,"footnotes":""},"categories":[409],"tags":[469,1334],"class_list":["post-34736","post","type-post","status-publish","format-standard","has-post-thumbnail","hentry","category-societe","tag-costa-rica-fr","tag-nouveau"],"yoast_head":"<!-- This site is optimized with the Yoast SEO Premium plugin v27.5 (Yoast SEO v27.5) - https:\/\/yoast.com\/product\/yoast-seo-premium-wordpress\/ -->\n<title>Le Costa Rica, un pays sans arm\u00e9e depuis 75 ans<\/title>\n<meta name=\"description\" content=\"Le Costa Rica vit sans arm\u00e9e depuis maintenant 75 ans. Vendredi, la population et les autorit\u00e9s ont c\u00e9l\u00e9br\u00e9 l&#039;interdiction de l&#039;arm\u00e9e dans un pays qui s&#039;enorgueillit d&#039;avoir transf\u00e9r\u00e9 les fonds allou\u00e9s au militaire vers l&#039;\u00e9ducation.\" \/>\n<meta name=\"robots\" content=\"index, follow, max-snippet:-1, max-image-preview:large, max-video-preview:-1\" \/>\n<link rel=\"canonical\" href=\"https:\/\/www.newsendip.com\/fr\/le-costa-rica-un-pays-sans-armee-depuis-75-ans\/\" \/>\n<meta property=\"og:locale\" content=\"fr_FR\" \/>\n<meta property=\"og:type\" content=\"article\" \/>\n<meta property=\"og:title\" content=\"Le Costa Rica, un pays sans arm\u00e9e depuis 75 ans\" \/>\n<meta property=\"og:description\" content=\"Le Costa Rica vit sans arm\u00e9e depuis maintenant 75 ans. Vendredi, la population et les autorit\u00e9s ont c\u00e9l\u00e9br\u00e9 l&#039;interdiction de l&#039;arm\u00e9e dans un pays qui s&#039;enorgueillit d&#039;avoir transf\u00e9r\u00e9 les fonds allou\u00e9s au militaire vers l&#039;\u00e9ducation.\" \/>\n<meta property=\"og:url\" content=\"https:\/\/www.newsendip.com\/fr\/le-costa-rica-un-pays-sans-armee-depuis-75-ans\/\" \/>\n<meta property=\"og:site_name\" content=\"Newsendip\" \/>\n<meta property=\"article:publisher\" content=\"https:\/\/www.facebook.com\/newsendip\" \/>\n<meta property=\"article:published_time\" content=\"2023-12-05T06:00:00+00:00\" \/>\n<meta property=\"article:modified_time\" content=\"2025-08-08T11:02:37+00:00\" \/>\n<meta property=\"og:image\" content=\"https:\/\/www.newsendip.com\/wp-content\/uploads\/2023\/12\/plaza-democracia-military-abolition-costa-rica.jpeg\" \/>\n\t<meta property=\"og:image:width\" content=\"1024\" \/>\n\t<meta property=\"og:image:height\" content=\"683\" \/>\n\t<meta property=\"og:image:type\" content=\"image\/jpeg\" \/>\n<meta name=\"author\" content=\"Alexander Saraff Marcos\" \/>\n<meta name=\"twitter:card\" content=\"summary_large_image\" \/>\n<meta name=\"twitter:image\" content=\"https:\/\/www.newsendip.com\/wp-content\/uploads\/2023\/12\/plaza-democracia-military-abolition-costa-rica.jpeg\" \/>\n<meta name=\"twitter:creator\" content=\"@https:\/\/twitter.com\/AlexanderSaraff\" \/>\n<meta name=\"twitter:site\" content=\"@newsendip\" \/>\n<meta name=\"twitter:label1\" content=\"\u00c9crit par\" \/>\n\t<meta name=\"twitter:data1\" content=\"Alexander Saraff Marcos\" \/>\n\t<meta name=\"twitter:label2\" content=\"Dur\u00e9e de lecture estim\u00e9e\" \/>\n\t<meta name=\"twitter:data2\" content=\"4 minutes\" \/>\n<!-- \/ Yoast SEO Premium plugin. -->","yoast_head_json":{"title":"Le Costa Rica, un pays sans arm\u00e9e depuis 75 ans","description":"Le Costa Rica vit sans arm\u00e9e depuis maintenant 75 ans. Vendredi, la population et les autorit\u00e9s ont c\u00e9l\u00e9br\u00e9 l'interdiction de l'arm\u00e9e dans un pays qui s'enorgueillit d'avoir transf\u00e9r\u00e9 les fonds allou\u00e9s au militaire vers l'\u00e9ducation.","robots":{"index":"index","follow":"follow","max-snippet":"max-snippet:-1","max-image-preview":"max-image-preview:large","max-video-preview":"max-video-preview:-1"},"canonical":"https:\/\/www.newsendip.com\/fr\/le-costa-rica-un-pays-sans-armee-depuis-75-ans\/","og_locale":"fr_FR","og_type":"article","og_title":"Le Costa Rica, un pays sans arm\u00e9e depuis 75 ans","og_description":"Le Costa Rica vit sans arm\u00e9e depuis maintenant 75 ans. Vendredi, la population et les autorit\u00e9s ont c\u00e9l\u00e9br\u00e9 l'interdiction de l'arm\u00e9e dans un pays qui s'enorgueillit d'avoir transf\u00e9r\u00e9 les fonds allou\u00e9s au militaire vers l'\u00e9ducation.","og_url":"https:\/\/www.newsendip.com\/fr\/le-costa-rica-un-pays-sans-armee-depuis-75-ans\/","og_site_name":"Newsendip","article_publisher":"https:\/\/www.facebook.com\/newsendip","article_published_time":"2023-12-05T06:00:00+00:00","article_modified_time":"2025-08-08T11:02:37+00:00","og_image":[{"width":1024,"height":683,"url":"https:\/\/www.newsendip.com\/wp-content\/uploads\/2023\/12\/plaza-democracia-military-abolition-costa-rica.jpeg","type":"image\/jpeg"}],"author":"Alexander Saraff Marcos","twitter_card":"summary_large_image","twitter_image":"https:\/\/www.newsendip.com\/wp-content\/uploads\/2023\/12\/plaza-democracia-military-abolition-costa-rica.jpeg","twitter_creator":"@https:\/\/twitter.com\/AlexanderSaraff","twitter_site":"@newsendip","twitter_misc":{"\u00c9crit par":"Alexander Saraff Marcos","Dur\u00e9e de lecture estim\u00e9e":"4 minutes"},"schema":{"@context":"https:\/\/schema.org","@graph":[{"@type":"NewsArticle","@id":"https:\/\/www.newsendip.com\/fr\/le-costa-rica-un-pays-sans-armee-depuis-75-ans\/#article","isPartOf":{"@id":"https:\/\/www.newsendip.com\/fr\/le-costa-rica-un-pays-sans-armee-depuis-75-ans\/"},"author":{"name":"Alexander Saraff Marcos","@id":"https:\/\/www.newsendip.com\/fr\/#\/schema\/person\/e3467cf4a38ff8f5b92c83c7422ae321"},"headline":"Le Costa Rica, un pays sans arm\u00e9e depuis 75&nbsp;ans","datePublished":"2023-12-05T06:00:00+00:00","dateModified":"2025-08-08T11:02:37+00:00","mainEntityOfPage":{"@id":"https:\/\/www.newsendip.com\/fr\/le-costa-rica-un-pays-sans-armee-depuis-75-ans\/"},"wordCount":718,"publisher":{"@id":"https:\/\/www.newsendip.com\/fr\/#organization"},"image":{"@id":"https:\/\/www.newsendip.com\/fr\/le-costa-rica-un-pays-sans-armee-depuis-75-ans\/#primaryimage"},"thumbnailUrl":"https:\/\/www.newsendip.com\/wp-content\/uploads\/2023\/12\/plaza-democracia-military-abolition-costa-rica.webp","keywords":["Costa Rica","R\u00e9cent"],"articleSection":["Soci\u00e9t\u00e9"],"inLanguage":"fr-FR","copyrightYear":"2023","copyrightHolder":{"@id":"https:\/\/www.newsendip.com\/#organization"}},{"@type":"WebPage","@id":"https:\/\/www.newsendip.com\/fr\/le-costa-rica-un-pays-sans-armee-depuis-75-ans\/","url":"https:\/\/www.newsendip.com\/fr\/le-costa-rica-un-pays-sans-armee-depuis-75-ans\/","name":"Le Costa Rica, un pays sans arm\u00e9e depuis 75 ans","isPartOf":{"@id":"https:\/\/www.newsendip.com\/fr\/#website"},"primaryImageOfPage":{"@id":"https:\/\/www.newsendip.com\/fr\/le-costa-rica-un-pays-sans-armee-depuis-75-ans\/#primaryimage"},"image":{"@id":"https:\/\/www.newsendip.com\/fr\/le-costa-rica-un-pays-sans-armee-depuis-75-ans\/#primaryimage"},"thumbnailUrl":"https:\/\/www.newsendip.com\/wp-content\/uploads\/2023\/12\/plaza-democracia-military-abolition-costa-rica.webp","datePublished":"2023-12-05T06:00:00+00:00","dateModified":"2025-08-08T11:02:37+00:00","description":"Le Costa Rica vit sans arm\u00e9e depuis maintenant 75 ans. Vendredi, la population et les autorit\u00e9s ont c\u00e9l\u00e9br\u00e9 l'interdiction de l'arm\u00e9e dans un pays qui s'enorgueillit d'avoir transf\u00e9r\u00e9 les fonds allou\u00e9s au militaire vers l'\u00e9ducation.","breadcrumb":{"@id":"https:\/\/www.newsendip.com\/fr\/le-costa-rica-un-pays-sans-armee-depuis-75-ans\/#breadcrumb"},"inLanguage":"fr-FR","potentialAction":[{"@type":"ReadAction","target":["https:\/\/www.newsendip.com\/fr\/le-costa-rica-un-pays-sans-armee-depuis-75-ans\/"]}]},{"@type":"ImageObject","inLanguage":"fr-FR","@id":"https:\/\/www.newsendip.com\/fr\/le-costa-rica-un-pays-sans-armee-depuis-75-ans\/#primaryimage","url":"https:\/\/www.newsendip.com\/wp-content\/uploads\/2023\/12\/plaza-democracia-military-abolition-costa-rica.webp","contentUrl":"https:\/\/www.newsendip.com\/wp-content\/uploads\/2023\/12\/plaza-democracia-military-abolition-costa-rica.webp","width":1024,"height":683,"caption":"L'arm\u00e9e costaricienne a \u00e9t\u00e9 abolie en 1948, date aujourd'hui consid\u00e9r\u00e9e comme un tournant national. Place de la d\u00e9mocratie et de l'abolition de l'arm\u00e9e | \u00a9 Mario Roberto Dur\u00e1n Ortiz"},{"@type":"BreadcrumbList","@id":"https:\/\/www.newsendip.com\/fr\/le-costa-rica-un-pays-sans-armee-depuis-75-ans\/#breadcrumb","itemListElement":[{"@type":"ListItem","position":1,"name":"Accueil","item":"https:\/\/www.newsendip.com\/fr\/"},{"@type":"ListItem","position":2,"name":"Le Costa Rica, un pays sans arm\u00e9e depuis 75 ans"}]},{"@type":"WebSite","@id":"https:\/\/www.newsendip.com\/fr\/#website","url":"https:\/\/www.newsendip.com\/fr\/","name":"Newsendip","description":"Red\u00e9couvrez l&#039;actualit\u00e9 internationale","publisher":{"@id":"https:\/\/www.newsendip.com\/fr\/#organization"},"potentialAction":[{"@type":"SearchAction","target":{"@type":"EntryPoint","urlTemplate":"https:\/\/www.newsendip.com\/fr\/?s={search_term_string}"},"query-input":{"@type":"PropertyValueSpecification","valueRequired":true,"valueName":"search_term_string"}}],"inLanguage":"fr-FR"},{"@type":"Organization","@id":"https:\/\/www.newsendip.com\/fr\/#organization","name":"Newsendip","url":"https:\/\/www.newsendip.com\/fr\/","logo":{"@type":"ImageObject","inLanguage":"fr-FR","@id":"https:\/\/www.newsendip.com\/fr\/#\/schema\/logo\/image\/","url":"https:\/\/www.newsendip.com\/wp-content\/uploads\/2023\/12\/512x512.svg","contentUrl":"https:\/\/www.newsendip.com\/wp-content\/uploads\/2023\/12\/512x512.svg","width":1,"height":1,"caption":"Newsendip"},"image":{"@id":"https:\/\/www.newsendip.com\/fr\/#\/schema\/logo\/image\/"},"sameAs":["https:\/\/www.facebook.com\/newsendip","https:\/\/x.com\/newsendip","https:\/\/mastodon.social\/@newsendip","https:\/\/www.linkedin.com\/company\/newsendip"],"description":"Newsendip est un site qui a pour mission de rendre l'actualit\u00e9 internationale accessible et diversifi\u00e9e","email":"contact@newsendip.com","legalName":"Newsendip SAS","foundingDate":"2022-11-04","vatID":"FR60921124723","numberOfEmployees":{"@type":"QuantitativeValue","minValue":"1","maxValue":"10"},"publishingPrinciples":"https:\/\/www.newsendip.com\/about-us\/","ownershipFundingInfo":"https:\/\/www.newsendip.com\/legal-notice\/","actionableFeedbackPolicy":"https:\/\/www.newsendip.com\/about-us\/","correctionsPolicy":"https:\/\/www.newsendip.com\/about-us\/","ethicsPolicy":"https:\/\/www.newsendip.com\/about-us\/","diversityPolicy":"https:\/\/www.newsendip.com\/about-us\/"},{"@type":"Person","@id":"https:\/\/www.newsendip.com\/fr\/#\/schema\/person\/e3467cf4a38ff8f5b92c83c7422ae321","name":"Alexander Saraff Marcos","description":"Alexander is a writer for Newsendip. He is a dual citizen of the United States and Spain and lives between Spain and France. He graduated from the University of Pittsburgh with a major in philosophy and a minor in French. He loves watching e-sport on his spare time.","sameAs":["https:\/\/www.linkedin.com\/in\/alexander-saraff-b132bb226\/","https:\/\/x.com\/https:\/\/twitter.com\/AlexanderSaraff"],"knowsAbout":["News"],"knowsLanguage":["English","Spanish","French"],"url":"https:\/\/www.newsendip.com\/fr\/author\/alexander-saraff\/"}]}},"_links":{"self":[{"href":"https:\/\/www.newsendip.com\/fr\/wp-json\/wp\/v2\/posts\/34736","targetHints":{"allow":["GET"]}}],"collection":[{"href":"https:\/\/www.newsendip.com\/fr\/wp-json\/wp\/v2\/posts"}],"about":[{"href":"https:\/\/www.newsendip.com\/fr\/wp-json\/wp\/v2\/types\/post"}],"author":[{"embeddable":true,"href":"https:\/\/www.newsendip.com\/fr\/wp-json\/wp\/v2\/users\/226"}],"replies":[{"embeddable":true,"href":"https:\/\/www.newsendip.com\/fr\/wp-json\/wp\/v2\/comments?post=34736"}],"version-history":[{"count":1,"href":"https:\/\/www.newsendip.com\/fr\/wp-json\/wp\/v2\/posts\/34736\/revisions"}],"predecessor-version":[{"id":44085,"href":"https:\/\/www.newsendip.com\/fr\/wp-json\/wp\/v2\/posts\/34736\/revisions\/44085"}],"wp:featuredmedia":[{"embeddable":true,"href":"https:\/\/www.newsendip.com\/fr\/wp-json\/wp\/v2\/media\/34732"}],"wp:attachment":[{"href":"https:\/\/www.newsendip.com\/fr\/wp-json\/wp\/v2\/media?parent=34736"}],"wp:term":[{"taxonomy":"category","embeddable":true,"href":"https:\/\/www.newsendip.com\/fr\/wp-json\/wp\/v2\/categories?post=34736"},{"taxonomy":"post_tag","embeddable":true,"href":"https:\/\/www.newsendip.com\/fr\/wp-json\/wp\/v2\/tags?post=34736"}],"curies":[{"name":"wp","href":"https:\/\/api.w.org\/{rel}","templated":true}]}}