{"id":34834,"date":"2023-12-06T15:15:12","date_gmt":"2023-12-06T14:15:12","guid":{"rendered":"https:\/\/www.newsendip.com\/?p=34834"},"modified":"2023-12-07T16:55:28","modified_gmt":"2023-12-07T15:55:28","slug":"la-definition-du-viol-basee-sur-le-consentement-source-de-desaccords-dans-lue","status":"publish","type":"post","link":"https:\/\/www.newsendip.com\/fr\/la-definition-du-viol-basee-sur-le-consentement-source-de-desaccords-dans-lue\/","title":{"rendered":"La d\u00e9finition du viol bas\u00e9e sur le consentement source de d\u00e9saccords dans&nbsp;l\u2019UE"},"content":{"rendered":"<p><strong>Le Parlement europ\u00e9en (PE) a d\u00e9nonc\u00e9 la d\u00e9cision d\u2019Emmanuel Macron, d\u2019Olaf Scholz et d\u2019autres ministres de rejeter la proposition de d\u00e9finir le viol uniquement en fonction du consentement exprim\u00e9 dans l\u2019UE. Les membres du Parlement se sont r\u00e9unis le 23 novembre pour exiger sa mise en&nbsp;\u0153uvre.<\/strong><\/p>\n<figure id=\"attachment_34818\" aria-describedby=\"caption-attachment-34818\" style=\"width: 1024px\" class=\"wp-caption aligncenter\"><img decoding=\"async\" class=\"wp-image-34818 size-large\" src=\"https:\/\/www.newsendip.com\/wp-content\/uploads\/2023\/12\/eu-rape-1024x683.webp\" alt=\"Carte de l'Europe\" width=\"1024\" height=\"683\" srcset=\"https:\/\/www.newsendip.com\/wp-content\/uploads\/2023\/12\/eu-rape-1024x683.webp 1024w, https:\/\/www.newsendip.com\/wp-content\/uploads\/2023\/12\/eu-rape-60x40.webp 60w, https:\/\/www.newsendip.com\/wp-content\/uploads\/2023\/12\/eu-rape-720x480.webp 720w, https:\/\/www.newsendip.com\/wp-content\/uploads\/2023\/12\/eu-rape-300x200.webp 300w, https:\/\/www.newsendip.com\/wp-content\/uploads\/2023\/12\/eu-rape-768x512.webp 768w, https:\/\/www.newsendip.com\/wp-content\/uploads\/2023\/12\/eu-rape-1536x1024.webp 1536w, https:\/\/www.newsendip.com\/wp-content\/uploads\/2023\/12\/eu-rape.webp 1920w\" sizes=\"(max-width: 1024px) 100vw, 1024px\"><figcaption id=\"caption-attachment-34818\" class=\"wp-caption-text\">L\u2019Union europ\u00e9enne est en d\u00e9saccord sur la d\u00e9finition du viol. | \u00a9 Anthony Beck<\/figcaption><\/figure>\n<p>Les pays de l\u2019Union europ\u00e9enne ne parviennent pas \u00e0 s\u2019entendre sur une d\u00e9finition du&nbsp;viol.<\/p>\n<p>D\u2019un c\u00f4t\u00e9, de nombreux \u00c9tats membres ont propos\u00e9 de faire du viol une question de consentement dans toute l\u2019UE. En d\u2019autres termes, ils souhaitent qu\u2019un rapport sexuel puisse \u00eatre consid\u00e9r\u00e9 comme un viol lorsque l\u2019une des parties ne donne pas express\u00e9ment son consentement. D\u2019autre part, certains chefs d\u2019\u00c9tat sont favorables \u00e0 des d\u00e9finitions qui incluent \u00ab\u202fla menace, la contrainte, la surprise ou la violence\u202f\u00bb comme n\u00e9cessaires pour constituer un viol, comme c\u2019est le cas en France par exemple.<\/p>\n<p>Le Conseil de l\u2019Union europ\u00e9enne (CEU) en mai dernier avait choisi de ne pas appliquer une d\u00e9finition du viol qui consid\u00e9rait qu\u2019il s\u2019agit exclusivement d\u2019une question de consentement, ce qui aurait alors supprim\u00e9 les conditions de menace, contrainte, surprise ou violence.<\/p>\n<p>Les membres ont estim\u00e9 que cette d\u00e9finition serait trop \u00e9tendue comme r\u00e8gle de base pour ce qui constitue l\u00e9galement un viol. Une source de l\u2019Union europ\u00e9enne nous a indiqu\u00e9 que le Luxembourg, l\u2019Italie, la Gr\u00e8ce et la Belgique avaient fait une d\u00e9claration commune montrant leur d\u00e9saccord avec la d\u00e9cision, affirmant qu\u2019elle \u00e9tait due \u00e0 un \u00ab\u202f<em>manque d\u2019ambition politique<\/em>\u202f\u00bb.<\/p>\n<p>Les d\u00e9put\u00e9s europ\u00e9ens se sont rassembl\u00e9s et ont exprim\u00e9 leur d\u00e9saccord vis-\u00e0-vis de la d\u00e9cision le 23 novembre, \u00e0 l\u2019occasion de la Journ\u00e9e officielle pour la fin des violences envers les femmes. Ils ont critiqu\u00e9 plusieurs chefs d\u2019\u00c9tat qui ont refus\u00e9 la disposition.<\/p>\n<h2>Macron et les ministres de l\u2019UE ont rejet\u00e9 l\u2019id\u00e9e que le viol est une question de consentement clairement exprim\u00e9<\/h2>\n<p>Le processus l\u00e9gislatif de l\u2019UE est principalement divis\u00e9 entre la Commission europ\u00e9enne (CE), le Parlement europ\u00e9en (PE) et le Conseil de l\u2019Union europ\u00e9enne (CEU). La CE choisit les sujets sur lesquels l\u00e9gif\u00e9rer. Le PE est compos\u00e9 de repr\u00e9sentants des partis politiques qui participent \u00e0 la r\u00e9daction des propositions de nouvelles lois. Le PE a r\u00e9dig\u00e9 un ensemble de lois relatives \u00e0 la violence \u00e0 l\u2019\u00e9gard des femmes, y compris la modification de la d\u00e9finition du&nbsp;viol.<\/p>\n<p>\u00ab\u202f<em>La proposition inclut la criminalisation [\u2026] du viol fond\u00e9 sur l\u2019absence de consentement, des mutilations g\u00e9nitales f\u00e9minines, du partage non consensuel de mat\u00e9riel intime et manipul\u00e9, ainsi que du cyberharc\u00e8lement et de la cyberincitation \u00e0 la violence ou \u00e0 la haine<\/em>\u202f\u00bb, a d\u00e9clar\u00e9 Dubravka \u0160uica, vice-pr\u00e9sidente de la Commission europ\u00e9enne au Parlement europ\u00e9en le 23 novembre.<\/p>\n<p>Le CEU est compos\u00e9e de ministres et de chefs d\u2019\u00c9tat des gouvernements des \u00c9tats membres qui peuvent approuver ou refuser les changements l\u00e9gislatifs propos\u00e9s. Il a approuv\u00e9 la plupart des dispositions de la proposition le 17 mai, \u00e0 l\u2019exception de la modification de la d\u00e9finition du viol. La France et l\u2019<a href=\"https:\/\/www.newsendip.com\/fr\/etiquette\/allemagne\/\">Allemagne<\/a> font partie des pays qui d\u00e9finissent le viol en fonction de conditions sp\u00e9cifiques autres que le simple consentement.<\/p>\n<p>\u00ab\u202f<em>Il est honteux que des gouvernements comme ceux de la France et de l\u2019Allemagne refusent toujours de comprendre que seul le \u201coui\u201d signifie \u201coui\u201d\u202f<\/em>\u00ab\u202f, a d\u00e9clar\u00e9 Evin Incir, eurod\u00e9put\u00e9e <a href=\"https:\/\/www.newsendip.com\/fr\/etiquette\/suede\/\">su\u00e9doise<\/a>, le 23 novembre.<\/p>\n<p>L\u2019un des eurod\u00e9put\u00e9s n\u00e9erlandais, Bert-Jan Ruissen, s\u2019est \u00e9galement plaint que l\u2019une des dispositions criminalisait le fait d\u2019essayer d\u2019emp\u00eacher les avortements.<\/p>\n<h2>La violence sexuelle dans&nbsp;l\u2019UE<\/h2>\n<p>La CEU reconna\u00eet l\u2019urgence de la violence \u00e0 l\u2019\u00e9gard des femmes et a approuv\u00e9 des mesures de soutien aux victimes de violences sexuelles.<\/p>\n<p>\u00ab\u202f<em>La violence \u00e0 l\u2019encontre des femmes et des jeunes filles est une tache sur notre soci\u00e9t\u00e9<\/em>, a d\u00e9clar\u00e9 Gunnar Str\u00f6mmer, ministre su\u00e9dois de la justice. <em>Ce projet de l\u00e9gislation confirme avec force l\u2019action de l\u2019UE visant \u00e0 garantir que les d\u00e9lits tels que les mutilations g\u00e9nitales f\u00e9minines, le cyberharc\u00e8lement et le harc\u00e8lement \u00e9lectronique ne resteront pas impunis et que les victimes de la violence \u00e0 l\u2019\u00e9gard des femmes et de la violence domestique b\u00e9n\u00e9ficieront du soutien et de la protection n\u00e9cessaires.\u202f\u00bb<\/em><\/p>\n<p>Selon la Commission europ\u00e9enne, au moins deux femmes sont tu\u00e9es chaque semaine dans l\u2019UE par un partenaire intime ou un membre de la famille.<\/p>\n<p>La <a href=\"https:\/\/www.newsendip.com\/fr\/plus-dune-norvegienne-sur-5-victime-de-viol-la-violence-en-augmentation-en-norvege-sur-la-derniere-decennie-selon-un-nouveau-rapport\/\">d\u00e9finition du viol<\/a> reste contest\u00e9e dans&nbsp;l\u2019UE.<\/p>\n<p>\u00ab\u202f<em>Nous sommes en 2023 et la majorit\u00e9 de nos \u00c9tats membres refusent toujours d\u2019inclure la l\u00e9gislation la plus importante dans le paquet de lois \u2013 une d\u00e9finition du viol bas\u00e9e sur le consentement<\/em>\u202f\u00bb, a d\u00e9clar\u00e9 Mme Incir. Elle a \u00e9galement indiqu\u00e9 que les condamnations pour viol avaient augment\u00e9 de 75\u202f% en Su\u00e8de depuis que la d\u00e9finition du viol est sur le consentement exprim\u00e9.<\/p>\n<p>Bien que les peines pour viol aient augment\u00e9 en Su\u00e8de, les cas de viols signal\u00e9s ont \u00e9galement augment\u00e9 depuis 2018, passant de 7 900 \u00e0 9 600 cas en 2022. Dans l\u2019ensemble, en Europe, les signalements de violences sexuelles ont augment\u00e9 entre 2018 et 2021, selon Eurostat, ce qui peut s\u2019expliquer par l\u2019\u00e9largissement de la d\u00e9finition du viol dans plusieurs pays.<\/p>\n<p>Cette ann\u00e9e, l\u2019UE a d\u00e9cid\u00e9 d\u2019adh\u00e9rer \u00e0 la <a href=\"https:\/\/www.newsendip.com\/fr\/la-turquie-se-retire-de-la-convention-distanbul\/\">Convention d\u2019Istanbul<\/a>, un ensemble de directives et d\u2019objectifs visant \u00e0 r\u00e9duire la violence \u00e0 l\u2019\u00e9gard des femmes. L\u2019un des principes de la convention d\u2019Istanbul est la criminalisation de tous les rapports sexuels non consentis, ce qui est au c\u0153ur de la question d\u00e9battue dans l\u2019UE. L\u2019UE a approuv\u00e9 la convention d\u2019Istanbul, mais n\u2019a pas adopt\u00e9 la d\u00e9finition du viol de cette convention.<\/p>\n","protected":false},"excerpt":{"rendered":"<p>Le Parlement europ\u00e9en a d\u00e9nonc\u00e9 la d\u00e9cision d\u2019Emmanuel Macron, d\u2019Olaf Scholz et d\u2019autres ministres de rejeter la proposition de d\u00e9finir le viol uniquement en fonction du consentement dans&nbsp;l\u2019UE.<\/p>\n","protected":false},"author":226,"featured_media":34818,"comment_status":"closed","ping_status":"open","sticky":false,"template":"","format":"standard","meta":{"wp_typography_post_enhancements_disabled":false,"footnotes":""},"categories":[409],"tags":[478,428,1334,513],"class_list":["post-34834","post","type-post","status-publish","format-standard","has-post-thumbnail","hentry","category-societe","tag-allemagne","tag-france-fr","tag-nouveau","tag-suede"],"yoast_head":"<!-- This site is optimized with the Yoast SEO Premium plugin v27.4 (Yoast SEO v27.4) - https:\/\/yoast.com\/product\/yoast-seo-premium-wordpress\/ -->\n<title>La d\u00e9finition du viol bas\u00e9e sur le consentement source de d\u00e9saccords dans l&#039;UE<\/title>\n<meta name=\"description\" content=\"Le Parlement europ\u00e9en a d\u00e9nonc\u00e9 la d\u00e9cision d&#039;Emmanuel Macron, d&#039;Olaf Scholz et d&#039;autres ministres de rejeter la proposition de d\u00e9finir le viol uniquement en fonction du consentement dans l&#039;UE.\" \/>\n<meta name=\"robots\" content=\"index, follow, max-snippet:-1, max-image-preview:large, max-video-preview:-1\" \/>\n<link rel=\"canonical\" href=\"https:\/\/www.newsendip.com\/fr\/la-definition-du-viol-basee-sur-le-consentement-source-de-desaccords-dans-lue\/\" \/>\n<meta property=\"og:locale\" content=\"fr_FR\" \/>\n<meta property=\"og:type\" content=\"article\" \/>\n<meta property=\"og:title\" content=\"La d\u00e9finition du viol bas\u00e9e sur le consentement source de d\u00e9saccords dans l&#039;UE\" \/>\n<meta property=\"og:description\" content=\"Le Parlement europ\u00e9en a d\u00e9nonc\u00e9 la d\u00e9cision d&#039;Emmanuel Macron, d&#039;Olaf Scholz et d&#039;autres ministres de rejeter la proposition de d\u00e9finir le viol uniquement en fonction du consentement dans l&#039;UE.\" \/>\n<meta property=\"og:url\" content=\"https:\/\/www.newsendip.com\/fr\/la-definition-du-viol-basee-sur-le-consentement-source-de-desaccords-dans-lue\/\" \/>\n<meta property=\"og:site_name\" content=\"Newsendip\" \/>\n<meta property=\"article:publisher\" content=\"https:\/\/www.facebook.com\/newsendip\" \/>\n<meta property=\"article:published_time\" content=\"2023-12-06T14:15:12+00:00\" \/>\n<meta property=\"article:modified_time\" content=\"2023-12-07T15:55:28+00:00\" \/>\n<meta property=\"og:image\" content=\"https:\/\/www.newsendip.com\/wp-content\/uploads\/2023\/12\/eu-rape.jpeg\" \/>\n\t<meta property=\"og:image:width\" content=\"1920\" \/>\n\t<meta property=\"og:image:height\" content=\"1280\" \/>\n\t<meta property=\"og:image:type\" content=\"image\/jpeg\" \/>\n<meta name=\"author\" content=\"Alexander Saraff Marcos\" \/>\n<meta name=\"twitter:card\" content=\"summary_large_image\" \/>\n<meta name=\"twitter:image\" content=\"https:\/\/www.newsendip.com\/wp-content\/uploads\/2023\/12\/eu-rape.jpeg\" \/>\n<meta name=\"twitter:creator\" content=\"@https:\/\/twitter.com\/AlexanderSaraff\" \/>\n<meta name=\"twitter:site\" content=\"@newsendip\" \/>\n<meta name=\"twitter:label1\" content=\"\u00c9crit par\" \/>\n\t<meta name=\"twitter:data1\" content=\"Alexander Saraff Marcos\" \/>\n\t<meta name=\"twitter:label2\" content=\"Dur\u00e9e de lecture estim\u00e9e\" \/>\n\t<meta name=\"twitter:data2\" content=\"5 minutes\" \/>\n<!-- \/ Yoast SEO Premium plugin. -->","yoast_head_json":{"title":"La d\u00e9finition du viol bas\u00e9e sur le consentement source de d\u00e9saccords dans l'UE","description":"Le Parlement europ\u00e9en a d\u00e9nonc\u00e9 la d\u00e9cision d'Emmanuel Macron, d'Olaf Scholz et d'autres ministres de rejeter la proposition de d\u00e9finir le viol uniquement en fonction du consentement dans l'UE.","robots":{"index":"index","follow":"follow","max-snippet":"max-snippet:-1","max-image-preview":"max-image-preview:large","max-video-preview":"max-video-preview:-1"},"canonical":"https:\/\/www.newsendip.com\/fr\/la-definition-du-viol-basee-sur-le-consentement-source-de-desaccords-dans-lue\/","og_locale":"fr_FR","og_type":"article","og_title":"La d\u00e9finition du viol bas\u00e9e sur le consentement source de d\u00e9saccords dans l'UE","og_description":"Le Parlement europ\u00e9en a d\u00e9nonc\u00e9 la d\u00e9cision d'Emmanuel Macron, d'Olaf Scholz et d'autres ministres de rejeter la proposition de d\u00e9finir le viol uniquement en fonction du consentement dans l'UE.","og_url":"https:\/\/www.newsendip.com\/fr\/la-definition-du-viol-basee-sur-le-consentement-source-de-desaccords-dans-lue\/","og_site_name":"Newsendip","article_publisher":"https:\/\/www.facebook.com\/newsendip","article_published_time":"2023-12-06T14:15:12+00:00","article_modified_time":"2023-12-07T15:55:28+00:00","og_image":[{"width":1920,"height":1280,"url":"https:\/\/www.newsendip.com\/wp-content\/uploads\/2023\/12\/eu-rape.jpeg","type":"image\/jpeg"}],"author":"Alexander Saraff Marcos","twitter_card":"summary_large_image","twitter_image":"https:\/\/www.newsendip.com\/wp-content\/uploads\/2023\/12\/eu-rape.jpeg","twitter_creator":"@https:\/\/twitter.com\/AlexanderSaraff","twitter_site":"@newsendip","twitter_misc":{"\u00c9crit par":"Alexander Saraff Marcos","Dur\u00e9e de lecture estim\u00e9e":"5 minutes"},"schema":{"@context":"https:\/\/schema.org","@graph":[{"@type":"NewsArticle","@id":"https:\/\/www.newsendip.com\/fr\/la-definition-du-viol-basee-sur-le-consentement-source-de-desaccords-dans-lue\/#article","isPartOf":{"@id":"https:\/\/www.newsendip.com\/fr\/la-definition-du-viol-basee-sur-le-consentement-source-de-desaccords-dans-lue\/"},"author":{"name":"Alexander Saraff Marcos","@id":"https:\/\/www.newsendip.com\/fr\/#\/schema\/person\/e3467cf4a38ff8f5b92c83c7422ae321"},"headline":"La d\u00e9finition du viol bas\u00e9e sur le consentement source de d\u00e9saccords dans&nbsp;l\u2019UE","datePublished":"2023-12-06T14:15:12+00:00","dateModified":"2023-12-07T15:55:28+00:00","mainEntityOfPage":{"@id":"https:\/\/www.newsendip.com\/fr\/la-definition-du-viol-basee-sur-le-consentement-source-de-desaccords-dans-lue\/"},"wordCount":1057,"publisher":{"@id":"https:\/\/www.newsendip.com\/fr\/#organization"},"image":{"@id":"https:\/\/www.newsendip.com\/fr\/la-definition-du-viol-basee-sur-le-consentement-source-de-desaccords-dans-lue\/#primaryimage"},"thumbnailUrl":"https:\/\/www.newsendip.com\/wp-content\/uploads\/2023\/12\/eu-rape.webp","keywords":["Allemagne","France","R\u00e9cent","Su\u00e8de"],"articleSection":["Soci\u00e9t\u00e9"],"inLanguage":"fr-FR","copyrightYear":"2023","copyrightHolder":{"@id":"https:\/\/www.newsendip.com\/#organization"}},{"@type":"WebPage","@id":"https:\/\/www.newsendip.com\/fr\/la-definition-du-viol-basee-sur-le-consentement-source-de-desaccords-dans-lue\/","url":"https:\/\/www.newsendip.com\/fr\/la-definition-du-viol-basee-sur-le-consentement-source-de-desaccords-dans-lue\/","name":"La d\u00e9finition du viol bas\u00e9e sur le consentement source de d\u00e9saccords dans l'UE","isPartOf":{"@id":"https:\/\/www.newsendip.com\/fr\/#website"},"primaryImageOfPage":{"@id":"https:\/\/www.newsendip.com\/fr\/la-definition-du-viol-basee-sur-le-consentement-source-de-desaccords-dans-lue\/#primaryimage"},"image":{"@id":"https:\/\/www.newsendip.com\/fr\/la-definition-du-viol-basee-sur-le-consentement-source-de-desaccords-dans-lue\/#primaryimage"},"thumbnailUrl":"https:\/\/www.newsendip.com\/wp-content\/uploads\/2023\/12\/eu-rape.webp","datePublished":"2023-12-06T14:15:12+00:00","dateModified":"2023-12-07T15:55:28+00:00","description":"Le Parlement europ\u00e9en a d\u00e9nonc\u00e9 la d\u00e9cision d'Emmanuel Macron, d'Olaf Scholz et d'autres ministres de rejeter la proposition de d\u00e9finir le viol uniquement en fonction du consentement dans l'UE.","breadcrumb":{"@id":"https:\/\/www.newsendip.com\/fr\/la-definition-du-viol-basee-sur-le-consentement-source-de-desaccords-dans-lue\/#breadcrumb"},"inLanguage":"fr-FR","potentialAction":[{"@type":"ReadAction","target":["https:\/\/www.newsendip.com\/fr\/la-definition-du-viol-basee-sur-le-consentement-source-de-desaccords-dans-lue\/"]}]},{"@type":"ImageObject","inLanguage":"fr-FR","@id":"https:\/\/www.newsendip.com\/fr\/la-definition-du-viol-basee-sur-le-consentement-source-de-desaccords-dans-lue\/#primaryimage","url":"https:\/\/www.newsendip.com\/wp-content\/uploads\/2023\/12\/eu-rape.webp","contentUrl":"https:\/\/www.newsendip.com\/wp-content\/uploads\/2023\/12\/eu-rape.webp","width":1920,"height":1280,"caption":"L'Union europ\u00e9enne est en d\u00e9saccord sur la d\u00e9finition du viol. | \u00a9 Anthony Beck"},{"@type":"BreadcrumbList","@id":"https:\/\/www.newsendip.com\/fr\/la-definition-du-viol-basee-sur-le-consentement-source-de-desaccords-dans-lue\/#breadcrumb","itemListElement":[{"@type":"ListItem","position":1,"name":"Accueil","item":"https:\/\/www.newsendip.com\/fr\/"},{"@type":"ListItem","position":2,"name":"La d\u00e9finition du viol bas\u00e9e sur le consentement source de d\u00e9saccords dans l&#8217;UE"}]},{"@type":"WebSite","@id":"https:\/\/www.newsendip.com\/fr\/#website","url":"https:\/\/www.newsendip.com\/fr\/","name":"Newsendip","description":"Red\u00e9couvrez l&#039;actualit\u00e9 internationale","publisher":{"@id":"https:\/\/www.newsendip.com\/fr\/#organization"},"potentialAction":[{"@type":"SearchAction","target":{"@type":"EntryPoint","urlTemplate":"https:\/\/www.newsendip.com\/fr\/?s={search_term_string}"},"query-input":{"@type":"PropertyValueSpecification","valueRequired":true,"valueName":"search_term_string"}}],"inLanguage":"fr-FR"},{"@type":"Organization","@id":"https:\/\/www.newsendip.com\/fr\/#organization","name":"Newsendip","url":"https:\/\/www.newsendip.com\/fr\/","logo":{"@type":"ImageObject","inLanguage":"fr-FR","@id":"https:\/\/www.newsendip.com\/fr\/#\/schema\/logo\/image\/","url":"https:\/\/www.newsendip.com\/wp-content\/uploads\/2023\/12\/512x512.svg","contentUrl":"https:\/\/www.newsendip.com\/wp-content\/uploads\/2023\/12\/512x512.svg","width":1,"height":1,"caption":"Newsendip"},"image":{"@id":"https:\/\/www.newsendip.com\/fr\/#\/schema\/logo\/image\/"},"sameAs":["https:\/\/www.facebook.com\/newsendip","https:\/\/x.com\/newsendip","https:\/\/mastodon.social\/@newsendip","https:\/\/www.linkedin.com\/company\/newsendip"],"description":"Newsendip est un site qui a pour mission de rendre l'actualit\u00e9 internationale accessible et diversifi\u00e9e","email":"contact@newsendip.com","legalName":"Newsendip SAS","foundingDate":"2022-11-04","vatID":"FR60921124723","numberOfEmployees":{"@type":"QuantitativeValue","minValue":"1","maxValue":"10"},"publishingPrinciples":"https:\/\/www.newsendip.com\/about-us\/","ownershipFundingInfo":"https:\/\/www.newsendip.com\/legal-notice\/","actionableFeedbackPolicy":"https:\/\/www.newsendip.com\/about-us\/","correctionsPolicy":"https:\/\/www.newsendip.com\/about-us\/","ethicsPolicy":"https:\/\/www.newsendip.com\/about-us\/","diversityPolicy":"https:\/\/www.newsendip.com\/about-us\/"},{"@type":"Person","@id":"https:\/\/www.newsendip.com\/fr\/#\/schema\/person\/e3467cf4a38ff8f5b92c83c7422ae321","name":"Alexander Saraff Marcos","description":"Alexander is a writer for Newsendip. He is a dual citizen of the United States and Spain and lives between Spain and France. He graduated from the University of Pittsburgh with a major in philosophy and a minor in French. He loves watching e-sport on his spare time.","sameAs":["https:\/\/www.linkedin.com\/in\/alexander-saraff-b132bb226\/","https:\/\/x.com\/https:\/\/twitter.com\/AlexanderSaraff"],"knowsAbout":["News"],"knowsLanguage":["English","Spanish","French"],"url":"https:\/\/www.newsendip.com\/fr\/author\/alexander-saraff\/"}]}},"_links":{"self":[{"href":"https:\/\/www.newsendip.com\/fr\/wp-json\/wp\/v2\/posts\/34834","targetHints":{"allow":["GET"]}}],"collection":[{"href":"https:\/\/www.newsendip.com\/fr\/wp-json\/wp\/v2\/posts"}],"about":[{"href":"https:\/\/www.newsendip.com\/fr\/wp-json\/wp\/v2\/types\/post"}],"author":[{"embeddable":true,"href":"https:\/\/www.newsendip.com\/fr\/wp-json\/wp\/v2\/users\/226"}],"replies":[{"embeddable":true,"href":"https:\/\/www.newsendip.com\/fr\/wp-json\/wp\/v2\/comments?post=34834"}],"version-history":[{"count":0,"href":"https:\/\/www.newsendip.com\/fr\/wp-json\/wp\/v2\/posts\/34834\/revisions"}],"wp:featuredmedia":[{"embeddable":true,"href":"https:\/\/www.newsendip.com\/fr\/wp-json\/wp\/v2\/media\/34818"}],"wp:attachment":[{"href":"https:\/\/www.newsendip.com\/fr\/wp-json\/wp\/v2\/media?parent=34834"}],"wp:term":[{"taxonomy":"category","embeddable":true,"href":"https:\/\/www.newsendip.com\/fr\/wp-json\/wp\/v2\/categories?post=34834"},{"taxonomy":"post_tag","embeddable":true,"href":"https:\/\/www.newsendip.com\/fr\/wp-json\/wp\/v2\/tags?post=34834"}],"curies":[{"name":"wp","href":"https:\/\/api.w.org\/{rel}","templated":true}]}}