{"id":35417,"date":"2024-01-10T16:55:12","date_gmt":"2024-01-10T15:55:12","guid":{"rendered":"https:\/\/www.newsendip.com\/?p=35417"},"modified":"2024-01-10T18:08:59","modified_gmt":"2024-01-10T17:08:59","slug":"rio-de-janeiro-interdit-la-facturation-dun-supplement-sur-la-climatisation-des-vtc","status":"publish","type":"post","link":"https:\/\/www.newsendip.com\/fr\/rio-de-janeiro-interdit-la-facturation-dun-supplement-sur-la-climatisation-des-vtc\/","title":{"rendered":"Rio de Janeiro interdit la facturation d\u2019un suppl\u00e9ment sur la climatisation des&nbsp;VTC"},"content":{"rendered":"<p><strong>La facturation d\u2019un suppl\u00e9ment sur la climatisation des VTC, consid\u00e9r\u00e9e comme abusive par le service de d\u00e9fense des consommateurs, n\u2019est d\u00e9sormais plus l\u00e9gale \u00e0 Rio de Janeiro.<\/strong><\/p>\n<figure id=\"attachment_35431\" aria-describedby=\"caption-attachment-35431\" style=\"width: 1024px\" class=\"wp-caption aligncenter\"><img decoding=\"async\" class=\"wp-image-35431 size-large\" src=\"https:\/\/www.newsendip.com\/wp-content\/uploads\/2024\/01\/uber-air-conditioning-vtc-1024x683.webp\" alt=\"Climatisation voiture\" width=\"1024\" height=\"683\" srcset=\"https:\/\/www.newsendip.com\/wp-content\/uploads\/2024\/01\/uber-air-conditioning-vtc-1024x683.webp 1024w, https:\/\/www.newsendip.com\/wp-content\/uploads\/2024\/01\/uber-air-conditioning-vtc-60x40.webp 60w, https:\/\/www.newsendip.com\/wp-content\/uploads\/2024\/01\/uber-air-conditioning-vtc-720x480.webp 720w, https:\/\/www.newsendip.com\/wp-content\/uploads\/2024\/01\/uber-air-conditioning-vtc-300x200.webp 300w, https:\/\/www.newsendip.com\/wp-content\/uploads\/2024\/01\/uber-air-conditioning-vtc-768x512.webp 768w, https:\/\/www.newsendip.com\/wp-content\/uploads\/2024\/01\/uber-air-conditioning-vtc-1536x1024.webp 1536w, https:\/\/www.newsendip.com\/wp-content\/uploads\/2024\/01\/uber-air-conditioning-vtc.webp 1920w\" sizes=\"(max-width: 1024px) 100vw, 1024px\"><figcaption id=\"caption-attachment-35431\" class=\"wp-caption-text\">Les applications VTC dans l\u2019\u00c9tat de Rio ne pourront pas facturer la climatisation \u00e0 leurs utilisateurs en leur faisant payer une cat\u00e9gorie au-dessus. | \u00a9 JacksonDavid<\/figcaption><\/figure>\n<p>\u00c0 Rio, tous les v\u00e9hicules de transport avec chauffeur devront fonctionner avec l\u2019air conditionn\u00e9. La d\u00e9finition du texte de loi, <a href=\"https:\/\/doweb.rio.rj.gov.br\/portal\/visualizacoes\/html\/6142\/#e:6142\">publi\u00e9e au Journal officiel ce lundi,<\/a> interdit aux conducteurs de ces voitures de facturer un montant suppl\u00e9mentaire sur l\u2019utilisation de la climatisation.<\/p>\n<p>Les chauffeurs VTC avaient jusqu\u2019ici pour habitude de proposer des services de climatisation uniquement lorsque les utilisateurs r\u00e9servaient leur course en cat\u00e9gorie sup\u00e9rieure, et donc \u00e0 un co\u00fbt plus&nbsp;\u00e9lev\u00e9.<\/p>\n<p>Pour \u00e9viter le non-respect des r\u00e8gles, le texte stipule que les voitures dont la climatisation est en panne devront quitter temporairement la plateforme. \u00ab\u202f<em>Jusqu\u2019\u00e0 ce que les plateformes de services de transport de passagers bas\u00e9s sur des applications soient en mesure de fournir des informations claires sur l\u2019utilisation ou non de la climatisation dans toutes les cat\u00e9gories de services disponibles, tous les v\u00e9hicules de service doivent circuler avec la climatisation, sans facturation suppl\u00e9mentaire pour le consommateur, quelle que soit la cat\u00e9gorie de service contract\u00e9e<\/em>\u202f\u00bb, indique un extrait de la r\u00e9solution.<\/p>\n<p><a href=\"https:\/\/odia.ig.com.br\/rio-de-janeiro\/2024\/01\/6771128-motoristas-de-aplicativo-e-passageiros-reagem-a-decreto-sobre-uso-obrigatorio-do-ar-condicionado.html\">Interrog\u00e9 par le m\u00e9dia br\u00e9silien <cite>O Dia<\/cite><\/a>, L\u00e9o Xavier, 46 ans, conducteur d\u2019application depuis dix ans dans l\u2019\u00c9tat de Rio de Janeiro \u2013 qui compte environ 15 000 professionnels du secteur \u2013 reconna\u00eet que l\u2019utilisation de la climatisation est importante non seulement pour les passagers, mais aussi pour les chauffeurs qui travaillent jusqu\u2019\u00e0 12 heures d\u2019affil\u00e9e sous des temp\u00e9ratures \u00e9lev\u00e9es. Il affirme \u00e9galement que les chauffeurs sont durement touch\u00e9s par la diff\u00e9rence de tarif pratiqu\u00e9e par les applications, qui n\u2019ont pas adapt\u00e9 les tarifications suite \u00e0 la hausse du prix du carburant.<\/p>\n<p>\u00ab\u202f<em>De nombreux coll\u00e8gues choisissent de conduire avec la climatisation \u00e9teinte afin de r\u00e9duire les pertes et de r\u00e9aliser un b\u00e9n\u00e9fice \u00e0 la fin de la journ\u00e9e. Nous sommes \u00e9galement p\u00e9nalis\u00e9s lorsque nous travaillons sans climatisation, ce que personne ne souhaite, mais la tarification des courses est d\u00e9pass\u00e9e. Depuis combien de temps n\u2019y a\u2011t-il pas eu d\u2019augmentation\u202f? Il y a eu une augmentation du prix du carburant, mais il n\u2019y a pas eu d\u2019augmentation de nos tarifs<\/em>\u202f\u00bb, d\u00e9clare-t-il.<\/p>\n<h2>58,5\u202f\u00b0C ressentis en novembre<\/h2>\n<p>Certains passagers comprennent les plaintes des chauffeurs concernant l\u2019augmentation du prix de l\u2019essence \u00e0 cause de la climatisation. Cependant, ils ne pensent pas non plus qu\u2019il soit juste de passer du temps dans la chaleur. \u00ab\u202f<em>Rio de Janeiro est une ville tr\u00e8s chaude o\u00f9 l\u2019on se sent rapidement \u00e0 bout de souffle. C\u2019est encore plus vrai avec un enfant en bas \u00e2ge. C\u2019est compliqu\u00e9<\/em>\u202f\u00bb, a d\u00e9clar\u00e9 Rafael Pardal, un utilisateur de VTC <a href=\"https:\/\/g1.globo.com\/rj\/rio-de-janeiro\/noticia\/2024\/01\/08\/governo-proibe-cobranca-valor-adicional-ar-condicionado-aplicativo.ghtml\">interrog\u00e9 par <cite>Globo<\/cite><\/a>.<\/p>\n<p>En effet, la m\u00e9galopole br\u00e9silienne enregistre r\u00e9guli\u00e8rement des records de chaleur. En novembre dernier, la temp\u00e9rature ressentie a m\u00eame atteint les 58,5\u202f\u00b0C. Durant ce mois de canicule, une jeune femme de 23 ans avait perdu la vie, victime d\u2019un malaise, alors qu\u2019elle se trouvait dans la file d\u2019attente pour entrer au stade et assister au concert de la star am\u00e9ricaine Taylor Swift. Son d\u00e9c\u00e8s serait la cons\u00e9quence d\u2019un ph\u00e9nom\u00e8ne d\u2019\u00e9puisement thermique, selon le rapport d\u2019autopsie publi\u00e9 la semaine suivant l\u2019incident par des m\u00e9dias br\u00e9siliens.<\/p>\n<p>Le chauffeur Marcos Tinoco C\u00e2mara, 45 ans, travaille avec des <a href=\"https:\/\/www.newsendip.com\/fr\/en-allemagne-un-leader-de-lautopartage-accuse-davoir-fraude-des-millions-deuros-de-frais-de-parking-a-berlin\/\">applications de covoiturage<\/a> depuis cinq ans. \u00c0 <cite>O Dia<\/cite>, il rappelle que lorsqu\u2019il a commenc\u00e9 \u00e0 travailler dans le secteur, les voitures devaient obligatoirement \u00eatre \u00e9quip\u00e9es de l\u2019air conditionn\u00e9. \u00ab\u202f<em>Le seul probl\u00e8me, c\u2019est que les co\u00fbts ont augment\u00e9 et que nous ne faisons pas de b\u00e9n\u00e9fices. L\u2019argent que l\u2019on gagne en une journ\u00e9e de travail est parfois enti\u00e8rement consacr\u00e9 \u00e0 l\u2019essence<\/em>\u202f\u00bb, explique C\u00e2mara, qui n\u2019a pas renonc\u00e9 \u00e0 utiliser la climatisation pendant ses heures de travail.<\/p>\n<p>L\u2019Association br\u00e9silienne de la mobilit\u00e9 et de la technologie (Amobitec), qui compte Uber et l\u2019application br\u00e9silienne de VTC 99 Taxi parmi ses membres, a comment\u00e9 la r\u00e9solution du Bureau de d\u00e9fense des consommateurs de Rio de Janeiro, affirmant que les chauffeurs partenaires devraient convenir avec les passagers d\u2019utiliser la climatisation, \u00ab\u202f<em>en vue du meilleur confort mutuel, quel que soit le type de v\u00e9hicule lou\u00e9 dans l\u2019application<\/em>\u202f\u00bb. Elle a \u00e9galement d\u00e9clar\u00e9 que le conducteur est celui qui fournit le service aux passagers, et que les entreprises ne peuvent donc pas le forcer \u00e0 allumer l\u2019\u00e9quipement.<\/p>\n<p><a href=\"https:\/\/www.newsendip.com\/fr\/etiquette\/bresil\/\"><strong>D\u00e9couvrez plus d\u2019actualit\u00e9s du Br\u00e9sil<\/strong><\/a><\/p>\n","protected":false},"excerpt":{"rendered":"<p>La facturation d\u2019un suppl\u00e9ment sur la climatisation des VTC, consid\u00e9r\u00e9e comme abusive par le service de d\u00e9fense des consommateurs, n\u2019est d\u00e9sormais plus l\u00e9gale \u00e0 Rio de Janeiro.<\/p>\n","protected":false},"author":237,"featured_media":35431,"comment_status":"closed","ping_status":"open","sticky":false,"template":"","format":"standard","meta":{"wp_typography_post_enhancements_disabled":false,"footnotes":""},"categories":[414],"tags":[455,1334],"class_list":["post-35417","post","type-post","status-publish","format-standard","has-post-thumbnail","hentry","category-economie","tag-bresil","tag-nouveau"],"yoast_head":"<!-- This site is optimized with the Yoast SEO Premium plugin v27.4 (Yoast SEO v27.4) - https:\/\/yoast.com\/product\/yoast-seo-premium-wordpress\/ -->\n<title>Rio de Janeiro interdit la facturation d&#039;un suppl\u00e9ment sur la climatisation des VTC<\/title>\n<meta name=\"description\" content=\"La facturation d\u2019un suppl\u00e9ment sur la climatisation des VTC, consid\u00e9r\u00e9e comme abusive par le service de d\u00e9fense des consommateurs, n\u2019est d\u00e9sormais plus l\u00e9gale \u00e0 Rio de Janeiro.\" \/>\n<meta name=\"robots\" content=\"index, follow, max-snippet:-1, max-image-preview:large, max-video-preview:-1\" \/>\n<link rel=\"canonical\" href=\"https:\/\/www.newsendip.com\/fr\/rio-de-janeiro-interdit-la-facturation-dun-supplement-sur-la-climatisation-des-vtc\/\" \/>\n<meta property=\"og:locale\" content=\"fr_FR\" \/>\n<meta property=\"og:type\" content=\"article\" \/>\n<meta property=\"og:title\" content=\"Rio de Janeiro interdit la facturation d&#039;un suppl\u00e9ment sur la climatisation des VTC\" \/>\n<meta property=\"og:description\" content=\"La facturation d\u2019un suppl\u00e9ment sur la climatisation des VTC, consid\u00e9r\u00e9e comme abusive par le service de d\u00e9fense des consommateurs, n\u2019est d\u00e9sormais plus l\u00e9gale \u00e0 Rio de Janeiro.\" \/>\n<meta property=\"og:url\" content=\"https:\/\/www.newsendip.com\/fr\/rio-de-janeiro-interdit-la-facturation-dun-supplement-sur-la-climatisation-des-vtc\/\" \/>\n<meta property=\"og:site_name\" content=\"Newsendip\" \/>\n<meta property=\"article:publisher\" content=\"https:\/\/www.facebook.com\/newsendip\" \/>\n<meta property=\"article:published_time\" content=\"2024-01-10T15:55:12+00:00\" \/>\n<meta property=\"article:modified_time\" content=\"2024-01-10T17:08:59+00:00\" \/>\n<meta property=\"og:image\" content=\"https:\/\/www.newsendip.com\/wp-content\/uploads\/2024\/01\/uber-air-conditioning-vtc.jpeg\" \/>\n\t<meta property=\"og:image:width\" content=\"1920\" \/>\n\t<meta property=\"og:image:height\" content=\"1280\" \/>\n\t<meta property=\"og:image:type\" content=\"image\/jpeg\" \/>\n<meta name=\"author\" content=\"Julie Carballo\" \/>\n<meta name=\"twitter:card\" content=\"summary_large_image\" \/>\n<meta name=\"twitter:image\" content=\"https:\/\/www.newsendip.com\/wp-content\/uploads\/2024\/01\/uber-air-conditioning-vtc.jpeg\" \/>\n<meta name=\"twitter:creator\" content=\"@https:\/\/twitter.com\/JulieCarballo\" \/>\n<meta name=\"twitter:site\" content=\"@newsendip\" \/>\n<meta name=\"twitter:label1\" content=\"\u00c9crit par\" \/>\n\t<meta name=\"twitter:data1\" content=\"Julie Carballo\" \/>\n\t<meta name=\"twitter:label2\" content=\"Dur\u00e9e de lecture estim\u00e9e\" \/>\n\t<meta name=\"twitter:data2\" content=\"4 minutes\" \/>\n<!-- \/ Yoast SEO Premium plugin. -->","yoast_head_json":{"title":"Rio de Janeiro interdit la facturation d'un suppl\u00e9ment sur la climatisation des VTC","description":"La facturation d\u2019un suppl\u00e9ment sur la climatisation des VTC, consid\u00e9r\u00e9e comme abusive par le service de d\u00e9fense des consommateurs, n\u2019est d\u00e9sormais plus l\u00e9gale \u00e0 Rio de Janeiro.","robots":{"index":"index","follow":"follow","max-snippet":"max-snippet:-1","max-image-preview":"max-image-preview:large","max-video-preview":"max-video-preview:-1"},"canonical":"https:\/\/www.newsendip.com\/fr\/rio-de-janeiro-interdit-la-facturation-dun-supplement-sur-la-climatisation-des-vtc\/","og_locale":"fr_FR","og_type":"article","og_title":"Rio de Janeiro interdit la facturation d'un suppl\u00e9ment sur la climatisation des VTC","og_description":"La facturation d\u2019un suppl\u00e9ment sur la climatisation des VTC, consid\u00e9r\u00e9e comme abusive par le service de d\u00e9fense des consommateurs, n\u2019est d\u00e9sormais plus l\u00e9gale \u00e0 Rio de Janeiro.","og_url":"https:\/\/www.newsendip.com\/fr\/rio-de-janeiro-interdit-la-facturation-dun-supplement-sur-la-climatisation-des-vtc\/","og_site_name":"Newsendip","article_publisher":"https:\/\/www.facebook.com\/newsendip","article_published_time":"2024-01-10T15:55:12+00:00","article_modified_time":"2024-01-10T17:08:59+00:00","og_image":[{"width":1920,"height":1280,"url":"https:\/\/www.newsendip.com\/wp-content\/uploads\/2024\/01\/uber-air-conditioning-vtc.jpeg","type":"image\/jpeg"}],"author":"Julie Carballo","twitter_card":"summary_large_image","twitter_image":"https:\/\/www.newsendip.com\/wp-content\/uploads\/2024\/01\/uber-air-conditioning-vtc.jpeg","twitter_creator":"@https:\/\/twitter.com\/JulieCarballo","twitter_site":"@newsendip","twitter_misc":{"\u00c9crit par":"Julie Carballo","Dur\u00e9e de lecture estim\u00e9e":"4 minutes"},"schema":{"@context":"https:\/\/schema.org","@graph":[{"@type":"NewsArticle","@id":"https:\/\/www.newsendip.com\/fr\/rio-de-janeiro-interdit-la-facturation-dun-supplement-sur-la-climatisation-des-vtc\/#article","isPartOf":{"@id":"https:\/\/www.newsendip.com\/fr\/rio-de-janeiro-interdit-la-facturation-dun-supplement-sur-la-climatisation-des-vtc\/"},"author":{"name":"Julie Carballo","@id":"https:\/\/www.newsendip.com\/fr\/#\/schema\/person\/4fd26e598eb9518ae499a7bbc3538f1e"},"headline":"Rio de Janeiro interdit la facturation d\u2019un suppl\u00e9ment sur la climatisation des&nbsp;VTC","datePublished":"2024-01-10T15:55:12+00:00","dateModified":"2024-01-10T17:08:59+00:00","mainEntityOfPage":{"@id":"https:\/\/www.newsendip.com\/fr\/rio-de-janeiro-interdit-la-facturation-dun-supplement-sur-la-climatisation-des-vtc\/"},"wordCount":852,"publisher":{"@id":"https:\/\/www.newsendip.com\/fr\/#organization"},"image":{"@id":"https:\/\/www.newsendip.com\/fr\/rio-de-janeiro-interdit-la-facturation-dun-supplement-sur-la-climatisation-des-vtc\/#primaryimage"},"thumbnailUrl":"https:\/\/www.newsendip.com\/wp-content\/uploads\/2024\/01\/uber-air-conditioning-vtc.webp","keywords":["Br\u00e9sil","R\u00e9cent"],"articleSection":["\u00c9conomie"],"inLanguage":"fr-FR","copyrightYear":"2024","copyrightHolder":{"@id":"https:\/\/www.newsendip.com\/#organization"}},{"@type":"WebPage","@id":"https:\/\/www.newsendip.com\/fr\/rio-de-janeiro-interdit-la-facturation-dun-supplement-sur-la-climatisation-des-vtc\/","url":"https:\/\/www.newsendip.com\/fr\/rio-de-janeiro-interdit-la-facturation-dun-supplement-sur-la-climatisation-des-vtc\/","name":"Rio de Janeiro interdit la facturation d'un suppl\u00e9ment sur la climatisation des VTC","isPartOf":{"@id":"https:\/\/www.newsendip.com\/fr\/#website"},"primaryImageOfPage":{"@id":"https:\/\/www.newsendip.com\/fr\/rio-de-janeiro-interdit-la-facturation-dun-supplement-sur-la-climatisation-des-vtc\/#primaryimage"},"image":{"@id":"https:\/\/www.newsendip.com\/fr\/rio-de-janeiro-interdit-la-facturation-dun-supplement-sur-la-climatisation-des-vtc\/#primaryimage"},"thumbnailUrl":"https:\/\/www.newsendip.com\/wp-content\/uploads\/2024\/01\/uber-air-conditioning-vtc.webp","datePublished":"2024-01-10T15:55:12+00:00","dateModified":"2024-01-10T17:08:59+00:00","description":"La facturation d\u2019un suppl\u00e9ment sur la climatisation des VTC, consid\u00e9r\u00e9e comme abusive par le service de d\u00e9fense des consommateurs, n\u2019est d\u00e9sormais plus l\u00e9gale \u00e0 Rio de Janeiro.","breadcrumb":{"@id":"https:\/\/www.newsendip.com\/fr\/rio-de-janeiro-interdit-la-facturation-dun-supplement-sur-la-climatisation-des-vtc\/#breadcrumb"},"inLanguage":"fr-FR","potentialAction":[{"@type":"ReadAction","target":["https:\/\/www.newsendip.com\/fr\/rio-de-janeiro-interdit-la-facturation-dun-supplement-sur-la-climatisation-des-vtc\/"]}]},{"@type":"ImageObject","inLanguage":"fr-FR","@id":"https:\/\/www.newsendip.com\/fr\/rio-de-janeiro-interdit-la-facturation-dun-supplement-sur-la-climatisation-des-vtc\/#primaryimage","url":"https:\/\/www.newsendip.com\/wp-content\/uploads\/2024\/01\/uber-air-conditioning-vtc.webp","contentUrl":"https:\/\/www.newsendip.com\/wp-content\/uploads\/2024\/01\/uber-air-conditioning-vtc.webp","width":1920,"height":1280,"caption":"Les applications VTC dans l'\u00c9tat de Rio ne pourront pas facturer la climatisation \u00e0 leurs utilisateurs en leur faisant payer une cat\u00e9gorie au-dessus. | \u00a9 JacksonDavid"},{"@type":"BreadcrumbList","@id":"https:\/\/www.newsendip.com\/fr\/rio-de-janeiro-interdit-la-facturation-dun-supplement-sur-la-climatisation-des-vtc\/#breadcrumb","itemListElement":[{"@type":"ListItem","position":1,"name":"Accueil","item":"https:\/\/www.newsendip.com\/fr\/"},{"@type":"ListItem","position":2,"name":"Rio de Janeiro interdit la facturation d\u2019un suppl\u00e9ment sur la climatisation des&nbsp;VTC"}]},{"@type":"WebSite","@id":"https:\/\/www.newsendip.com\/fr\/#website","url":"https:\/\/www.newsendip.com\/fr\/","name":"Newsendip","description":"Red\u00e9couvrez l&#039;actualit\u00e9 internationale","publisher":{"@id":"https:\/\/www.newsendip.com\/fr\/#organization"},"potentialAction":[{"@type":"SearchAction","target":{"@type":"EntryPoint","urlTemplate":"https:\/\/www.newsendip.com\/fr\/?s={search_term_string}"},"query-input":{"@type":"PropertyValueSpecification","valueRequired":true,"valueName":"search_term_string"}}],"inLanguage":"fr-FR"},{"@type":"Organization","@id":"https:\/\/www.newsendip.com\/fr\/#organization","name":"Newsendip","url":"https:\/\/www.newsendip.com\/fr\/","logo":{"@type":"ImageObject","inLanguage":"fr-FR","@id":"https:\/\/www.newsendip.com\/fr\/#\/schema\/logo\/image\/","url":"https:\/\/www.newsendip.com\/wp-content\/uploads\/2023\/12\/512x512.svg","contentUrl":"https:\/\/www.newsendip.com\/wp-content\/uploads\/2023\/12\/512x512.svg","width":1,"height":1,"caption":"Newsendip"},"image":{"@id":"https:\/\/www.newsendip.com\/fr\/#\/schema\/logo\/image\/"},"sameAs":["https:\/\/www.facebook.com\/newsendip","https:\/\/x.com\/newsendip","https:\/\/mastodon.social\/@newsendip","https:\/\/www.linkedin.com\/company\/newsendip"],"description":"Newsendip est un site qui a pour mission de rendre l'actualit\u00e9 internationale accessible et diversifi\u00e9e","email":"contact@newsendip.com","legalName":"Newsendip SAS","foundingDate":"2022-11-04","vatID":"FR60921124723","numberOfEmployees":{"@type":"QuantitativeValue","minValue":"1","maxValue":"10"},"publishingPrinciples":"https:\/\/www.newsendip.com\/about-us\/","ownershipFundingInfo":"https:\/\/www.newsendip.com\/legal-notice\/","actionableFeedbackPolicy":"https:\/\/www.newsendip.com\/about-us\/","correctionsPolicy":"https:\/\/www.newsendip.com\/about-us\/","ethicsPolicy":"https:\/\/www.newsendip.com\/about-us\/","diversityPolicy":"https:\/\/www.newsendip.com\/about-us\/"},{"@type":"Person","@id":"https:\/\/www.newsendip.com\/fr\/#\/schema\/person\/4fd26e598eb9518ae499a7bbc3538f1e","name":"Julie Carballo","description":"Julie Carballo is a journalist for Newsendip. She used to work for the French newspaper Le Figaro and at the Italian bureau of the international press agency AFP.","sameAs":["https:\/\/www.linkedin.com\/in\/julie-carballo12\/","https:\/\/x.com\/https:\/\/twitter.com\/JulieCarballo"],"knowsAbout":["News"],"knowsLanguage":["French","English","German"],"jobTitle":"Journalist","worksFor":"Newsendip","url":"https:\/\/www.newsendip.com\/fr\/author\/julie-carballo\/"}]}},"_links":{"self":[{"href":"https:\/\/www.newsendip.com\/fr\/wp-json\/wp\/v2\/posts\/35417","targetHints":{"allow":["GET"]}}],"collection":[{"href":"https:\/\/www.newsendip.com\/fr\/wp-json\/wp\/v2\/posts"}],"about":[{"href":"https:\/\/www.newsendip.com\/fr\/wp-json\/wp\/v2\/types\/post"}],"author":[{"embeddable":true,"href":"https:\/\/www.newsendip.com\/fr\/wp-json\/wp\/v2\/users\/237"}],"replies":[{"embeddable":true,"href":"https:\/\/www.newsendip.com\/fr\/wp-json\/wp\/v2\/comments?post=35417"}],"version-history":[{"count":0,"href":"https:\/\/www.newsendip.com\/fr\/wp-json\/wp\/v2\/posts\/35417\/revisions"}],"wp:featuredmedia":[{"embeddable":true,"href":"https:\/\/www.newsendip.com\/fr\/wp-json\/wp\/v2\/media\/35431"}],"wp:attachment":[{"href":"https:\/\/www.newsendip.com\/fr\/wp-json\/wp\/v2\/media?parent=35417"}],"wp:term":[{"taxonomy":"category","embeddable":true,"href":"https:\/\/www.newsendip.com\/fr\/wp-json\/wp\/v2\/categories?post=35417"},{"taxonomy":"post_tag","embeddable":true,"href":"https:\/\/www.newsendip.com\/fr\/wp-json\/wp\/v2\/tags?post=35417"}],"curies":[{"name":"wp","href":"https:\/\/api.w.org\/{rel}","templated":true}]}}