{"id":35554,"date":"2024-01-12T06:00:00","date_gmt":"2024-01-12T05:00:00","guid":{"rendered":"https:\/\/www.newsendip.com\/?p=35554"},"modified":"2024-07-18T15:31:39","modified_gmt":"2024-07-18T13:31:39","slug":"en-equateur-lescalade-de-la-lutte-contre-le-crime-organise-est-arrive-jusqua-un-conflit-national","status":"publish","type":"post","link":"https:\/\/www.newsendip.com\/fr\/en-equateur-lescalade-de-la-lutte-contre-le-crime-organise-est-arrive-jusqua-un-conflit-national\/","title":{"rendered":"En \u00c9quateur, l\u2019escalade de la lutte contre le crime organis\u00e9 est arriv\u00e9 jusqu\u2019\u00e0 un conflit national"},"content":{"rendered":"<p><strong>L\u2019Assembl\u00e9e nationale de l\u2019\u00c9quateur a autoris\u00e9 l\u2019octroi de gr\u00e2ces sp\u00e9ciales aux forces arm\u00e9es et \u00e0 la police dans le cadre de leur lutte contre les groupes criminels organis\u00e9s. Le gouvernement tente d\u2019utiliser les forces arm\u00e9es contre le crime organis\u00e9 depuis 2022, alors que les homicides volontaires ont augment\u00e9 \u00e0 l\u2019\u00e9chelle nationale.<\/strong><\/p>\n<figure id=\"attachment_35527\" aria-describedby=\"caption-attachment-35527\" style=\"width: 799px\" class=\"wp-caption aligncenter\"><img decoding=\"async\" class=\"wp-image-35527 size-full\" src=\"https:\/\/www.newsendip.com\/wp-content\/uploads\/2024\/01\/national-assembly-ecuador-conflict-noboa.webp\" alt=\"L'Assembl\u00e9e nationale de l'\u00c9quateur\" width=\"799\" height=\"533\" srcset=\"https:\/\/www.newsendip.com\/wp-content\/uploads\/2024\/01\/national-assembly-ecuador-conflict-noboa.webp 799w, https:\/\/www.newsendip.com\/wp-content\/uploads\/2024\/01\/national-assembly-ecuador-conflict-noboa-60x40.webp 60w, https:\/\/www.newsendip.com\/wp-content\/uploads\/2024\/01\/national-assembly-ecuador-conflict-noboa-720x480.webp 720w, https:\/\/www.newsendip.com\/wp-content\/uploads\/2024\/01\/national-assembly-ecuador-conflict-noboa-300x200.webp 300w, https:\/\/www.newsendip.com\/wp-content\/uploads\/2024\/01\/national-assembly-ecuador-conflict-noboa-768x512.webp 768w\" sizes=\"(max-width: 799px) 100vw, 799px\"><figcaption id=\"caption-attachment-35527\" class=\"wp-caption-text\">L\u2019Assembl\u00e9e nationale de l\u2019\u00c9quateur s\u2019est r\u00e9unie mardi pour discuter de l\u2019\u00e9tat d\u2019exception de l\u2019\u00c9quateur | \u00a9 Asamblea Nacional de Ecuador<\/figcaption><\/figure>\n<p>L\u2019Assembl\u00e9e nationale de l\u2019\u00c9quateur s\u2019est r\u00e9unie le 9 janvier pour discuter de l\u2019<a href=\"https:\/\/www.newsendip.com\/fr\/lequateur-declare-un-nouvel-etat-dexception-apres-des-emeutes-meurtrieres-dans-ses-prisons\/\">\u00e9tat d\u2019exception<\/a> d\u00e9clar\u00e9 par le pr\u00e9sident Daniel Noboa lundi. L\u2019organisation publique a <a href=\"https:\/\/www.asambleanacional.gob.ec\/es\/noticia\/91225-pronunciamiento-de-todas-las-fuerzas-politicas\">publi\u00e9 un communiqu\u00e9<\/a> soutenant les mesures du pr\u00e9sident, y compris la mobilisation des forces arm\u00e9es de l\u2019\u00c9quateur contre la criminalit\u00e9, ainsi que les amnisties et les gr\u00e2ces qui leur sont offertes, dans la mesure o\u00f9 elles sont n\u00e9cessaires pour \u00ab\u202fpr\u00e9server la s\u00e9curit\u00e9 publique\u202f\u00bb.<\/p>\n<p>Lundi, l\u2019\u00e9tat d\u2019exception a \u00e9t\u00e9 d\u00e9clench\u00e9 en \u00c9quateur suite \u00e0 l\u2019\u00e9vasion du d\u00e9tenu \u00ab\u202fFito\u202f\u00bb de la prison et des \u00e9meutes qui s\u2019en sont suivies. Mardi, des hommes arm\u00e9s ont interrompu une \u00e9mission t\u00e9l\u00e9 d\u2019une cha\u00eene d\u2019information o\u00f9 les employ\u00e9s ont \u00e9t\u00e9 pris en otage en direct.<\/p>\n<p>Les indemnit\u00e9s qui seront accord\u00e9es aux militaires dans le cadre de l\u2019\u00e9tat d\u2019exception ne sont pas clairement d\u00e9finies. L\u2019Assembl\u00e9e nationale a \u00e9galement d\u00e9clar\u00e9 qu\u2019elle \u00ab\u202fn\u2019emp\u00eachera aucune autorit\u00e9 publique\u202f\u00bb pendant l\u2019\u00e9tat d\u2019exception. Au cours des derni\u00e8res ann\u00e9es, l\u2019\u00c9quateur et l\u2019Assembl\u00e9e nationale se sont progressivement orient\u00e9s vers une lutte contre le crime organis\u00e9 en ayant recours \u00e0 l\u2019arm\u00e9e, \u00e0 mesure que la s\u00e9curit\u00e9 nationale s\u2019est d\u00e9grad\u00e9e.<\/p>\n<h2>Militarisation progressive de l\u2019\u00c9quateur contre le crime organis\u00e9<\/h2>\n<p>La <a href=\"https:\/\/www.newsendip.com\/fr\/lequateur-choisit-un-jeune-homme-daffaires-devenu-politique-lors-delections-provoquees-par-un-scandale-gouvernemental\/\">campagne \u00e9lectorale de M. Noboa<\/a> en 2023 proposait de mobiliser directement les forces arm\u00e9es contre le crime organis\u00e9, m\u00eame si l\u2019institution n\u2019est pas destin\u00e9e \u00e0 cibler les menaces internes, conform\u00e9ment \u00e0 la Constitution \u00e9quatorienne.<\/p>\n<p>Cependant, le 21 d\u00e9cembre 2023, il y a quelques semaines, l\u2019Assembl\u00e9e nationale a <a href=\"https:\/\/www.asambleanacional.gob.ec\/es\/blogs\/alexandra-castillo-campoverde\/90874-asamblea-aprobo-reforma\">approuv\u00e9 un projet de loi<\/a> modifiant la constitution, permettant au pr\u00e9sident ou \u00e0 la police nationale de faire appel \u00e0 l\u2019arm\u00e9e pour aider la police \u00e0 lutter contre le crime organis\u00e9, dans des circonstances exceptionnelles.<\/p>\n<p>Ce projet de loi avait \u00e9t\u00e9 propos\u00e9 par l\u2019ex-pr\u00e9sident Guillermo Lasso en 2022, mais le gouvernement a depuis mont\u00e9 en intensit\u00e9 contre le crime organis\u00e9. M. Noboa a command\u00e9 la construction de deux prisons de haute s\u00e9curit\u00e9, qui seraient les m\u00eames que celles construites par le pr\u00e9sident Nayib Bukele du Salvador, qui est actuellement dans un r\u00e9gime d\u2019exception. Ces prisons sont connues pour y emprisonner des membres du crime organis\u00e9 et pour leurs r\u00e8gles strictes \u00e0 l\u2019\u00e9gard des d\u00e9tenus, et ont \u00e9t\u00e9 critiqu\u00e9es par <a href=\"https:\/\/www.amnesty.org\/es\/latest\/news\/2023\/04\/el-salvador-state-emergency-systematic-human-rights-violations\/\">Amnesty International<\/a> pour leur ignorance envers les droits de l\u2019homme.<\/p>\n<p>M. Noboa a \u00e9galement ordonn\u00e9 que 1 500 d\u00e9tenus \u00e9trangers en \u00c9quateur soient transf\u00e9r\u00e9s dans des prisons situ\u00e9es ailleurs en Am\u00e9rique du Sud, afin d\u2019essayer d\u2019att\u00e9nuer les probl\u00e8mes li\u00e9s au trafic de stup\u00e9fiants. Le minist\u00e8re de la justice a d\u00e9clar\u00e9 qu\u2019il \u00e9tudierait chaque d\u00e9tenu au cas par cas afin de mettre en \u0153uvre cette mesure.<\/p>\n<p>Dans une d\u00e9claration officielle, M. Noboa a indiqu\u00e9 que les actes de violence commis par des gangs, y compris la prise de contr\u00f4le arm\u00e9e d\u2019une \u00e9mission de t\u00e9l\u00e9vision, sont le r\u00e9sultat des mesures strictes prises par le gouvernement \u00e0 l\u2019encontre des criminels.<\/p>\n<p>Les mesures gouvernementales contre les criminels ont \u00e9t\u00e9 prises dans un contexte de baisse de la s\u00e9curit\u00e9 publique en \u00c9quateur.<\/p>\n<p>Selon l\u2019Observatoire \u00e9quatorien du crime organis\u00e9, une ONG charg\u00e9e de suivre les statistiques criminelles, les homicides volontaires en \u00c9quateur ont augment\u00e9 de 528% entre les premiers semestres de 2019 et de 2023. L\u2019ann\u00e9e 2022 a vu 25 homicides intentionnels pour cent mille habitants, avec 4 342 assassinats au total, selon la police \u00e9quatorienne. Parmi ces assassinats, 86\u202f% ont \u00e9t\u00e9 commis \u00e0 l\u2019aide d\u2019une arme \u00e0&nbsp;feu.<\/p>\n<h2>Un nouvel \u00e9tat d\u2019exception<\/h2>\n<p>L\u2019\u00e9tat d\u2019exception \u00e0 l\u2019\u00e9chelle nationale a accord\u00e9 des pouvoirs extraordinaires au gouvernement pour 60 jours. Cette d\u00e9claration permet au pr\u00e9sident de mobiliser la police et les forces arm\u00e9es \u00e0 sa guise, dans tout le pays, ajout\u00e9 aux amnisties suppl\u00e9mentaires de l\u2019Assembl\u00e9e nationale. Un couvre-feu obligatoire a \u00e9t\u00e9 instaur\u00e9 dans le cadre de la d\u00e9claration, de 23h00 \u00e0&nbsp;5h00.<\/p>\n<p>La d\u00e9claration d\u2019\u00e9tat d\u2019exception de M. Noboa comprenait la d\u00e9signation officielle de gangs sp\u00e9cifiques comme \u00ab\u202fgroupes terroristes\u202f\u00bb, choisis en fonction des rapports de police faisant \u00e9tat d\u2019homicides volontaires en \u00c9quateur.<\/p>\n<p>\u00ab\u202fNous ne n\u00e9gocions pas avec les terroristes, nous ne nous reposerons pas tant que nous n\u2019aurons pas rendu la paix \u00e0 tous les \u00c9quatoriens\u202f\u00bb, a d\u00e9clar\u00e9 Noboa dans son discours du 8 janvier.<\/p>\n<p>Les militaires et la police ont re\u00e7u l\u2019autorisation de M. Noboa de pouvoir neutraliser ces groupes terroristes.<\/p>\n<p>Le chef des forces arm\u00e9es, Jaime Vela Erazo, a d\u00e9clar\u00e9 que ces groupes terroristes, qui op\u00e8rent \u00e0 l\u2019int\u00e9rieur de l\u2019\u00c9quateur, sont devenus des \u00ab\u202fcibles militaires\u202f\u00bb. Dans une d\u00e9claration officielle, M. Erazo a adress\u00e9 un message \u00e0 la population \u00e9quatorienne, affirmant que la lutte contre le crime organis\u00e9 serait couronn\u00e9e de succ\u00e8s gr\u00e2ce \u00e0 \u00ab\u202fl\u2019effort de&nbsp;tous\u202f\u00bb.<\/p>\n<p>Au cours de l\u2019ann\u00e9e \u00e9coul\u00e9e, les citoyens \u00e9quatoriens ont subi un nombre croissant de pertes et de bless\u00e9s en raison de la recrudescence de la violence.<\/p>\n<p>Entre janvier et novembre 2023, 7 271 homicides volontaires ont \u00e9t\u00e9 enregistr\u00e9s en \u00c9quateur, selon la base de donn\u00e9es officielle du gouvernement. En utilisant les donn\u00e9es du recensement officiel, cela repr\u00e9sente pr\u00e8s de 43 homicides volontaires pour cent mille habitants, soit une augmentation de 72\u202f% par rapport \u00e0&nbsp;2022.<\/p>\n<p>L\u2019ex-pr\u00e9sident de l\u2019\u00c9quateur, Guillermo Lasso, a d\u00e9clar\u00e9 l\u2019\u00e9tat d\u2019exception pour la derni\u00e8re fois en ao\u00fbt 2023, lorsqu\u2019un candidat \u00e0 la pr\u00e9sidence, Fernando Villavicencio, fut assassin\u00e9. L\u2019\u00e9tat d\u2019exception avait \u00e9t\u00e9 d\u00e9clar\u00e9 afin de garantir la tenue des \u00e9lections, selon M. Lasso. Les \u00e9lections elles-m\u00eames \u00e9taient exceptionnelles, car furent provoqu\u00e9es par un scandale de corruption impliquant M. Lasso lui-m\u00eame dans le trafic de drogue, un ph\u00e9nom\u00e8ne qui est li\u00e9 \u00e0 l\u2019augmentation des homicides volontaires en <a href=\"https:\/\/www.newsendip.com\/fr\/etiquette\/equateur\/\">\u00c9quateur<\/a> selon la police.<\/p>\n","protected":false},"excerpt":{"rendered":"<p>L\u2019Assembl\u00e9e nationale de l\u2019\u00c9quateur a autoris\u00e9 l\u2019octroi de gr\u00e2ces sp\u00e9ciales aux forces arm\u00e9es et \u00e0 la police dans le cadre de leur lutte contre les groupes criminels organis\u00e9s. Le gouvernement tente d\u2019utiliser les forces arm\u00e9es contre le crime organis\u00e9 depuis 2022, alors que les homicides volontaires ont augment\u00e9 \u00e0 l\u2019\u00e9chelle nationale.<\/p>\n","protected":false},"author":226,"featured_media":35527,"comment_status":"closed","ping_status":"open","sticky":false,"template":"","format":"standard","meta":{"wp_typography_post_enhancements_disabled":false,"footnotes":""},"categories":[416],"tags":[1128,421],"class_list":["post-35554","post","type-post","status-publish","format-standard","has-post-thumbnail","hentry","category-politique","tag-equateur","tag-vieux"],"yoast_head":"<!-- This site is optimized with the Yoast SEO Premium plugin v27.4 (Yoast SEO v27.4) - https:\/\/yoast.com\/product\/yoast-seo-premium-wordpress\/ -->\n<title>En \u00c9quateur, l&#039;escalade de la lutte contre le crime organis\u00e9 est arriv\u00e9 jusqu&#039;\u00e0 un conflit national<\/title>\n<meta name=\"description\" content=\"L&#039;Assembl\u00e9e nationale de l\u2019\u00c9quateur a autoris\u00e9 l&#039;octroi de gr\u00e2ces sp\u00e9ciales aux forces arm\u00e9es et \u00e0 la police dans le cadre de leur lutte contre les groupes criminels organis\u00e9s. Le gouvernement tente d&#039;utiliser les forces arm\u00e9es contre le crime organis\u00e9 depuis 2022, alors que les homicides volontaires ont augment\u00e9 \u00e0 l&#039;\u00e9chelle nationale.\" \/>\n<meta name=\"robots\" content=\"index, follow, max-snippet:-1, max-image-preview:large, max-video-preview:-1\" \/>\n<link rel=\"canonical\" href=\"https:\/\/www.newsendip.com\/fr\/en-equateur-lescalade-de-la-lutte-contre-le-crime-organise-est-arrive-jusqua-un-conflit-national\/\" \/>\n<meta property=\"og:locale\" content=\"fr_FR\" \/>\n<meta property=\"og:type\" content=\"article\" \/>\n<meta property=\"og:title\" content=\"En \u00c9quateur, l&#039;escalade de la lutte contre le crime organis\u00e9 est arriv\u00e9 jusqu&#039;\u00e0 un conflit national\" \/>\n<meta property=\"og:description\" content=\"L&#039;Assembl\u00e9e nationale de l\u2019\u00c9quateur a autoris\u00e9 l&#039;octroi de gr\u00e2ces sp\u00e9ciales aux forces arm\u00e9es et \u00e0 la police dans le cadre de leur lutte contre les groupes criminels organis\u00e9s. Le gouvernement tente d&#039;utiliser les forces arm\u00e9es contre le crime organis\u00e9 depuis 2022, alors que les homicides volontaires ont augment\u00e9 \u00e0 l&#039;\u00e9chelle nationale.\" \/>\n<meta property=\"og:url\" content=\"https:\/\/www.newsendip.com\/fr\/en-equateur-lescalade-de-la-lutte-contre-le-crime-organise-est-arrive-jusqua-un-conflit-national\/\" \/>\n<meta property=\"og:site_name\" content=\"Newsendip\" \/>\n<meta property=\"article:publisher\" content=\"https:\/\/www.facebook.com\/newsendip\" \/>\n<meta property=\"article:published_time\" content=\"2024-01-12T05:00:00+00:00\" \/>\n<meta property=\"article:modified_time\" content=\"2024-07-18T13:31:39+00:00\" \/>\n<meta property=\"og:image\" content=\"https:\/\/www.newsendip.com\/wp-content\/uploads\/2024\/01\/national-assembly-ecuador-conflict-noboa.jpeg\" \/>\n<meta name=\"author\" content=\"Alexander Saraff Marcos\" \/>\n<meta name=\"twitter:card\" content=\"summary_large_image\" \/>\n<meta name=\"twitter:image\" content=\"https:\/\/www.newsendip.com\/wp-content\/uploads\/2024\/01\/national-assembly-ecuador-conflict-noboa.jpeg\" \/>\n<meta name=\"twitter:creator\" content=\"@https:\/\/twitter.com\/AlexanderSaraff\" \/>\n<meta name=\"twitter:site\" content=\"@newsendip\" \/>\n<meta name=\"twitter:label1\" content=\"\u00c9crit par\" \/>\n\t<meta name=\"twitter:data1\" content=\"Alexander Saraff Marcos\" \/>\n\t<meta name=\"twitter:label2\" content=\"Dur\u00e9e de lecture estim\u00e9e\" \/>\n\t<meta name=\"twitter:data2\" content=\"5 minutes\" \/>\n<!-- \/ Yoast SEO Premium plugin. -->","yoast_head_json":{"title":"En \u00c9quateur, l'escalade de la lutte contre le crime organis\u00e9 est arriv\u00e9 jusqu'\u00e0 un conflit national","description":"L'Assembl\u00e9e nationale de l\u2019\u00c9quateur a autoris\u00e9 l'octroi de gr\u00e2ces sp\u00e9ciales aux forces arm\u00e9es et \u00e0 la police dans le cadre de leur lutte contre les groupes criminels organis\u00e9s. Le gouvernement tente d'utiliser les forces arm\u00e9es contre le crime organis\u00e9 depuis 2022, alors que les homicides volontaires ont augment\u00e9 \u00e0 l'\u00e9chelle nationale.","robots":{"index":"index","follow":"follow","max-snippet":"max-snippet:-1","max-image-preview":"max-image-preview:large","max-video-preview":"max-video-preview:-1"},"canonical":"https:\/\/www.newsendip.com\/fr\/en-equateur-lescalade-de-la-lutte-contre-le-crime-organise-est-arrive-jusqua-un-conflit-national\/","og_locale":"fr_FR","og_type":"article","og_title":"En \u00c9quateur, l'escalade de la lutte contre le crime organis\u00e9 est arriv\u00e9 jusqu'\u00e0 un conflit national","og_description":"L'Assembl\u00e9e nationale de l\u2019\u00c9quateur a autoris\u00e9 l'octroi de gr\u00e2ces sp\u00e9ciales aux forces arm\u00e9es et \u00e0 la police dans le cadre de leur lutte contre les groupes criminels organis\u00e9s. Le gouvernement tente d'utiliser les forces arm\u00e9es contre le crime organis\u00e9 depuis 2022, alors que les homicides volontaires ont augment\u00e9 \u00e0 l'\u00e9chelle nationale.","og_url":"https:\/\/www.newsendip.com\/fr\/en-equateur-lescalade-de-la-lutte-contre-le-crime-organise-est-arrive-jusqua-un-conflit-national\/","og_site_name":"Newsendip","article_publisher":"https:\/\/www.facebook.com\/newsendip","article_published_time":"2024-01-12T05:00:00+00:00","article_modified_time":"2024-07-18T13:31:39+00:00","og_image":[{"url":"https:\/\/www.newsendip.com\/wp-content\/uploads\/2024\/01\/national-assembly-ecuador-conflict-noboa.jpeg","type":"","width":"","height":""}],"author":"Alexander Saraff Marcos","twitter_card":"summary_large_image","twitter_image":"https:\/\/www.newsendip.com\/wp-content\/uploads\/2024\/01\/national-assembly-ecuador-conflict-noboa.jpeg","twitter_creator":"@https:\/\/twitter.com\/AlexanderSaraff","twitter_site":"@newsendip","twitter_misc":{"\u00c9crit par":"Alexander Saraff Marcos","Dur\u00e9e de lecture estim\u00e9e":"5 minutes"},"schema":{"@context":"https:\/\/schema.org","@graph":[{"@type":"NewsArticle","@id":"https:\/\/www.newsendip.com\/fr\/en-equateur-lescalade-de-la-lutte-contre-le-crime-organise-est-arrive-jusqua-un-conflit-national\/#article","isPartOf":{"@id":"https:\/\/www.newsendip.com\/fr\/en-equateur-lescalade-de-la-lutte-contre-le-crime-organise-est-arrive-jusqua-un-conflit-national\/"},"author":{"name":"Alexander Saraff Marcos","@id":"https:\/\/www.newsendip.com\/fr\/#\/schema\/person\/e3467cf4a38ff8f5b92c83c7422ae321"},"headline":"En \u00c9quateur, l\u2019escalade de la lutte contre le crime organis\u00e9 est arriv\u00e9 jusqu\u2019\u00e0 un conflit national","datePublished":"2024-01-12T05:00:00+00:00","dateModified":"2024-07-18T13:31:39+00:00","mainEntityOfPage":{"@id":"https:\/\/www.newsendip.com\/fr\/en-equateur-lescalade-de-la-lutte-contre-le-crime-organise-est-arrive-jusqua-un-conflit-national\/"},"wordCount":1128,"publisher":{"@id":"https:\/\/www.newsendip.com\/fr\/#organization"},"image":{"@id":"https:\/\/www.newsendip.com\/fr\/en-equateur-lescalade-de-la-lutte-contre-le-crime-organise-est-arrive-jusqua-un-conflit-national\/#primaryimage"},"thumbnailUrl":"https:\/\/www.newsendip.com\/wp-content\/uploads\/2024\/01\/national-assembly-ecuador-conflict-noboa.webp","keywords":["\u00c9quateur","Vieux"],"articleSection":["Politique"],"inLanguage":"fr-FR","copyrightYear":"2024","copyrightHolder":{"@id":"https:\/\/www.newsendip.com\/#organization"}},{"@type":"WebPage","@id":"https:\/\/www.newsendip.com\/fr\/en-equateur-lescalade-de-la-lutte-contre-le-crime-organise-est-arrive-jusqua-un-conflit-national\/","url":"https:\/\/www.newsendip.com\/fr\/en-equateur-lescalade-de-la-lutte-contre-le-crime-organise-est-arrive-jusqua-un-conflit-national\/","name":"En \u00c9quateur, l'escalade de la lutte contre le crime organis\u00e9 est arriv\u00e9 jusqu'\u00e0 un conflit national","isPartOf":{"@id":"https:\/\/www.newsendip.com\/fr\/#website"},"primaryImageOfPage":{"@id":"https:\/\/www.newsendip.com\/fr\/en-equateur-lescalade-de-la-lutte-contre-le-crime-organise-est-arrive-jusqua-un-conflit-national\/#primaryimage"},"image":{"@id":"https:\/\/www.newsendip.com\/fr\/en-equateur-lescalade-de-la-lutte-contre-le-crime-organise-est-arrive-jusqua-un-conflit-national\/#primaryimage"},"thumbnailUrl":"https:\/\/www.newsendip.com\/wp-content\/uploads\/2024\/01\/national-assembly-ecuador-conflict-noboa.webp","datePublished":"2024-01-12T05:00:00+00:00","dateModified":"2024-07-18T13:31:39+00:00","description":"L'Assembl\u00e9e nationale de l\u2019\u00c9quateur a autoris\u00e9 l'octroi de gr\u00e2ces sp\u00e9ciales aux forces arm\u00e9es et \u00e0 la police dans le cadre de leur lutte contre les groupes criminels organis\u00e9s. Le gouvernement tente d'utiliser les forces arm\u00e9es contre le crime organis\u00e9 depuis 2022, alors que les homicides volontaires ont augment\u00e9 \u00e0 l'\u00e9chelle nationale.","breadcrumb":{"@id":"https:\/\/www.newsendip.com\/fr\/en-equateur-lescalade-de-la-lutte-contre-le-crime-organise-est-arrive-jusqua-un-conflit-national\/#breadcrumb"},"inLanguage":"fr-FR","potentialAction":[{"@type":"ReadAction","target":["https:\/\/www.newsendip.com\/fr\/en-equateur-lescalade-de-la-lutte-contre-le-crime-organise-est-arrive-jusqua-un-conflit-national\/"]}]},{"@type":"ImageObject","inLanguage":"fr-FR","@id":"https:\/\/www.newsendip.com\/fr\/en-equateur-lescalade-de-la-lutte-contre-le-crime-organise-est-arrive-jusqua-un-conflit-national\/#primaryimage","url":"https:\/\/www.newsendip.com\/wp-content\/uploads\/2024\/01\/national-assembly-ecuador-conflict-noboa.webp","contentUrl":"https:\/\/www.newsendip.com\/wp-content\/uploads\/2024\/01\/national-assembly-ecuador-conflict-noboa.webp","width":799,"height":533,"caption":"L'Assembl\u00e9e nationale de l'\u00c9quateur s'est r\u00e9unie mardi pour discuter de l'\u00e9tat d'exception de l'\u00c9quateur | \u00a9 Asamblea Nacional de Ecuador"},{"@type":"BreadcrumbList","@id":"https:\/\/www.newsendip.com\/fr\/en-equateur-lescalade-de-la-lutte-contre-le-crime-organise-est-arrive-jusqua-un-conflit-national\/#breadcrumb","itemListElement":[{"@type":"ListItem","position":1,"name":"Accueil","item":"https:\/\/www.newsendip.com\/fr\/"},{"@type":"ListItem","position":2,"name":"En \u00c9quateur, l&#8217;escalade de la lutte contre le crime organis\u00e9 est arriv\u00e9 jusqu&#8217;\u00e0 un conflit national"}]},{"@type":"WebSite","@id":"https:\/\/www.newsendip.com\/fr\/#website","url":"https:\/\/www.newsendip.com\/fr\/","name":"Newsendip","description":"Red\u00e9couvrez l&#039;actualit\u00e9 internationale","publisher":{"@id":"https:\/\/www.newsendip.com\/fr\/#organization"},"potentialAction":[{"@type":"SearchAction","target":{"@type":"EntryPoint","urlTemplate":"https:\/\/www.newsendip.com\/fr\/?s={search_term_string}"},"query-input":{"@type":"PropertyValueSpecification","valueRequired":true,"valueName":"search_term_string"}}],"inLanguage":"fr-FR"},{"@type":"Organization","@id":"https:\/\/www.newsendip.com\/fr\/#organization","name":"Newsendip","url":"https:\/\/www.newsendip.com\/fr\/","logo":{"@type":"ImageObject","inLanguage":"fr-FR","@id":"https:\/\/www.newsendip.com\/fr\/#\/schema\/logo\/image\/","url":"https:\/\/www.newsendip.com\/wp-content\/uploads\/2023\/12\/512x512.svg","contentUrl":"https:\/\/www.newsendip.com\/wp-content\/uploads\/2023\/12\/512x512.svg","width":1,"height":1,"caption":"Newsendip"},"image":{"@id":"https:\/\/www.newsendip.com\/fr\/#\/schema\/logo\/image\/"},"sameAs":["https:\/\/www.facebook.com\/newsendip","https:\/\/x.com\/newsendip","https:\/\/mastodon.social\/@newsendip","https:\/\/www.linkedin.com\/company\/newsendip"],"description":"Newsendip est un site qui a pour mission de rendre l'actualit\u00e9 internationale accessible et diversifi\u00e9e","email":"contact@newsendip.com","legalName":"Newsendip SAS","foundingDate":"2022-11-04","vatID":"FR60921124723","numberOfEmployees":{"@type":"QuantitativeValue","minValue":"1","maxValue":"10"},"publishingPrinciples":"https:\/\/www.newsendip.com\/about-us\/","ownershipFundingInfo":"https:\/\/www.newsendip.com\/legal-notice\/","actionableFeedbackPolicy":"https:\/\/www.newsendip.com\/about-us\/","correctionsPolicy":"https:\/\/www.newsendip.com\/about-us\/","ethicsPolicy":"https:\/\/www.newsendip.com\/about-us\/","diversityPolicy":"https:\/\/www.newsendip.com\/about-us\/"},{"@type":"Person","@id":"https:\/\/www.newsendip.com\/fr\/#\/schema\/person\/e3467cf4a38ff8f5b92c83c7422ae321","name":"Alexander Saraff Marcos","description":"Alexander is a writer for Newsendip. He is a dual citizen of the United States and Spain and lives between Spain and France. He graduated from the University of Pittsburgh with a major in philosophy and a minor in French. He loves watching e-sport on his spare time.","sameAs":["https:\/\/www.linkedin.com\/in\/alexander-saraff-b132bb226\/","https:\/\/x.com\/https:\/\/twitter.com\/AlexanderSaraff"],"knowsAbout":["News"],"knowsLanguage":["English","Spanish","French"],"url":"https:\/\/www.newsendip.com\/fr\/author\/alexander-saraff\/"}]}},"_links":{"self":[{"href":"https:\/\/www.newsendip.com\/fr\/wp-json\/wp\/v2\/posts\/35554","targetHints":{"allow":["GET"]}}],"collection":[{"href":"https:\/\/www.newsendip.com\/fr\/wp-json\/wp\/v2\/posts"}],"about":[{"href":"https:\/\/www.newsendip.com\/fr\/wp-json\/wp\/v2\/types\/post"}],"author":[{"embeddable":true,"href":"https:\/\/www.newsendip.com\/fr\/wp-json\/wp\/v2\/users\/226"}],"replies":[{"embeddable":true,"href":"https:\/\/www.newsendip.com\/fr\/wp-json\/wp\/v2\/comments?post=35554"}],"version-history":[{"count":0,"href":"https:\/\/www.newsendip.com\/fr\/wp-json\/wp\/v2\/posts\/35554\/revisions"}],"wp:featuredmedia":[{"embeddable":true,"href":"https:\/\/www.newsendip.com\/fr\/wp-json\/wp\/v2\/media\/35527"}],"wp:attachment":[{"href":"https:\/\/www.newsendip.com\/fr\/wp-json\/wp\/v2\/media?parent=35554"}],"wp:term":[{"taxonomy":"category","embeddable":true,"href":"https:\/\/www.newsendip.com\/fr\/wp-json\/wp\/v2\/categories?post=35554"},{"taxonomy":"post_tag","embeddable":true,"href":"https:\/\/www.newsendip.com\/fr\/wp-json\/wp\/v2\/tags?post=35554"}],"curies":[{"name":"wp","href":"https:\/\/api.w.org\/{rel}","templated":true}]}}