{"id":35919,"date":"2024-01-16T17:45:05","date_gmt":"2024-01-16T16:45:05","guid":{"rendered":"https:\/\/www.newsendip.com\/?p=35919"},"modified":"2024-03-20T09:06:39","modified_gmt":"2024-03-20T08:06:39","slug":"le-cout-de-la-pause-cafe-retenu-des-salaires-symbole-de-villes-suedoises-en-difficultes-financieres","status":"publish","type":"post","link":"https:\/\/www.newsendip.com\/fr\/le-cout-de-la-pause-cafe-retenu-des-salaires-symbole-de-villes-suedoises-en-difficultes-financieres\/","title":{"rendered":"Le co\u00fbt de la pause caf\u00e9 retenu des salaires, symbole de villes su\u00e9doises en difficult\u00e9 financi\u00e8re"},"content":{"rendered":"<p><strong>Des employ\u00e9s municipaux su\u00e9dois doivent d\u00e9sormais accepter une r\u00e9duction de salaire pour avoir acc\u00e8s \u00e0 du caf\u00e9 sur leur lieu de travail. Les villes su\u00e9doises subissent de plein fouet l\u2019augmentation des prix alors que des coupes budg\u00e9taires sont pr\u00e9vues dans les \u00e9coles.<\/strong><\/p>\n<figure id=\"attachment_35887\" aria-describedby=\"caption-attachment-35887\" style=\"width: 1024px\" class=\"wp-caption aligncenter\"><img decoding=\"async\" class=\"wp-image-35887 size-large\" src=\"https:\/\/www.newsendip.com\/wp-content\/uploads\/2024\/01\/coffee-sweden-fika-salary-deduction-1024x768.webp\" alt=\"Pause caf\u00e9 Fika en Su\u00e8de\" width=\"1024\" height=\"768\" srcset=\"https:\/\/www.newsendip.com\/wp-content\/uploads\/2024\/01\/coffee-sweden-fika-salary-deduction-1024x768.webp 1024w, https:\/\/www.newsendip.com\/wp-content\/uploads\/2024\/01\/coffee-sweden-fika-salary-deduction-60x45.webp 60w, https:\/\/www.newsendip.com\/wp-content\/uploads\/2024\/01\/coffee-sweden-fika-salary-deduction-300x225.webp 300w, https:\/\/www.newsendip.com\/wp-content\/uploads\/2024\/01\/coffee-sweden-fika-salary-deduction-768x576.webp 768w, https:\/\/www.newsendip.com\/wp-content\/uploads\/2024\/01\/coffee-sweden-fika-salary-deduction-1536x1152.webp 1536w, https:\/\/www.newsendip.com\/wp-content\/uploads\/2024\/01\/coffee-sweden-fika-salary-deduction.webp 1920w\" sizes=\"(max-width: 1024px) 100vw, 1024px\"><figcaption id=\"caption-attachment-35887\" class=\"wp-caption-text\">Fika, une pause caf\u00e9 sacr\u00e9e dans sa journ\u00e9e de travail en Su\u00e8de, est d\u00e9sormais d\u00e9duite du salaire de certains employ\u00e9s municipaux | \u00a9 Ea&nbsp;Ehn<\/figcaption><\/figure>\n<p>Le \u00ab\u202fFika\u202f\u00bb est une tradition li\u00e9e au caf\u00e9 qui remonte \u00e0 au moins un si\u00e8cle en <a href=\"https:\/\/www.newsendip.com\/fr\/etiquette\/suede\/\">Su\u00e8de<\/a>, le troisi\u00e8me pays qui consomme le plus de caf\u00e9 par habitant au monde, avec plus de 7.6kg de caf\u00e9 par personne en 2020. Le mot fika est lui-m\u00eame d\u00e9riv\u00e9 du mot caf\u00e9 en su\u00e9dois.<\/p>\n<p>Il n\u2019est donc pas rare que les travailleurs su\u00e9dois fassent une pause caf\u00e9 pour socialiser, ce qui se fait g\u00e9n\u00e9ralement accompagn\u00e9 d\u2019une p\u00e2tisserie. Mais certains Su\u00e9dois sont donc surpris de devoir accepter une r\u00e9duction de salaire pour pouvoir prendre une tasse de&nbsp;caf\u00e9.<\/p>\n<p>Le 3 janvier, Kommunalarbetaren, le journal officiel du syndicat de travailleurs Kommunal, a <a href=\"https:\/\/ka.se\/2024\/01\/03\/loneavdrag-for-kaffe-pa-jobbet-har-ar-kommunerna-som-inte-betalar-for-de-anstallda\/\">publi\u00e9 les r\u00e9sultats d\u2019une enqu\u00eate<\/a> men\u00e9e aupr\u00e8s des municipalit\u00e9s su\u00e9doises, leur demandant si elles payaient le caf\u00e9 de leurs employ\u00e9s.<\/p>\n<p>L\u2019\u00e9tude s\u2019adressait aux infirmi\u00e8res auxiliaires, enseignants des \u00e9coles maternelles et autres employ\u00e9s municipaux et montre que 25\u202f% des villes obligent les infirmi\u00e8res auxiliaires \u00e0 payer leur propre caf\u00e9 ou \u00e0 subir directement une r\u00e9duction de salaire. Les chiffres sont similaires pour les enseignants des \u00e9coles maternelles et les autres fonctionnaires (24\u202f% et&nbsp;28\u202f%).<\/p>\n<p>Si <a href=\"https:\/\/www.newsendip.com\/fr\/une-variete-de-cafe-qualite-pourrait-resister-a-la-menace-du-changement-climatique\/\">le caf\u00e9<\/a> est disponible par le biais de distributeurs automatiques ou de caf\u00e9t\u00e9rias, les employ\u00e9s municipaux peuvent \u00eatre amen\u00e9s \u00e0 payer leur boisson chaude directement eux-m\u00eames, mais ils peuvent aussi voir leur salaire directement ponctionn\u00e9 pour leur consommation.<\/p>\n<p>Selon le journal su\u00e9dois <a href=\"https:\/\/www.dn.se\/sverige\/kaffedrickare-far-loneavdrag-i-manga-av-sveriges-kommuner\/\">Dagens Nyheter<\/a>, les employ\u00e9s de la municipalit\u00e9 de Hudiksvall doivent cocher une case dans leur contrat \u00e0 c\u00f4t\u00e9 de la question \u00ab\u202fBuvez-vous du caf\u00e9\u202f?\u202f\u00bb, avec une d\u00e9duction de salaire pour les employ\u00e9s qui le font, quelle que soit la quantit\u00e9 qu\u2019ils boivent.<\/p>\n<p>Les retenues peuvent varier de 20 \u00e0 150 couronnes par mois (2,68 \u00e0 13,32 euros) pour le caf\u00e9, avec le co\u00fbt de la p\u00e2tisserie incluse pour certains, en fonction de la municipalit\u00e9 et du&nbsp;co\u00fbt.<\/p>\n<p>Cependant, les quatres plus grandes villes de Su\u00e8de en termes de population (Stockholm, G\u00f6teborg, Malm\u00f6 et Uppsala) offrent le caf\u00e9 \u00e0 leurs employ\u00e9s.<\/p>\n<p>Les r\u00e9gions de Tanum et de Bohusl\u00e4n, qui comptent respectivement 12 000 et 300 000 habitants, ont r\u00e9cemment d\u00e9cid\u00e9 de supprimer la gratuit\u00e9 du caf\u00e9, probablement en raison de facteurs externes.<\/p>\n<h2>Les municipalit\u00e9s face aux des difficult\u00e9s budg\u00e9taires<\/h2>\n<p>Le prix du caf\u00e9 a consid\u00e9rablement augment\u00e9 en Su\u00e8de depuis 2022, ce qui pourrait expliquer la r\u00e9cente suppression de la gratuit\u00e9 du caf\u00e9 dans certaines villes. Entre novembre 2021 et 2022, le <a href=\"https:\/\/www.newsendip.com\/fr\/augmentation-du-prix-du-cafe-une-bonne-nouvelle-pour-les-producteurs-colombiens-pas-pour-les-consommateurs-turcs\/\">prix moyen du caf\u00e9<\/a> a augment\u00e9 de 36\u202f%, selon les donn\u00e9es officielles du gouvernement.<\/p>\n<p>Le taux d\u2019inflation est \u00e9galement pass\u00e9 de 4\u202f% \u00e0 12\u202f% entre d\u00e9cembre 2021 et 2022, avant de redescendre \u00e0 4,4\u202f% le mois dernier. Et les municipalit\u00e9s ont \u00e9t\u00e9 particuli\u00e8rement affect\u00e9es, selon leurs propres dires.<\/p>\n<p>\u00ab\u202fle caf\u00e9 n\u2019a jamais \u00e9t\u00e9 gratuit\u202f\u00bb, a d\u00e9clar\u00e9 la ville de Hudiksvall \u00e0 Newsendip. Des mesures de tarification du caf\u00e9 sont en place depuis longtemps dans certaines ville su\u00e9doises, avant m\u00eame la r\u00e9cente flamb\u00e9e des prix du caf\u00e9. Auparavant, les employ\u00e9s de Hudiksvall mettaient de l\u2019argent dans un pot commun pour couvrir le co\u00fbt du caf\u00e9. Mais aujourd\u2019hui, c\u2019est 30 \u00e0 60 couronnes qui sont d\u00e9duites du salaire mensuel.<\/p>\n<p>La ville d\u2019Uppsala atteste avoir ressenti les effets de la hausse des prix du caf\u00e9. Elle a indiqu\u00e9 \u00e0 Newsendip qu\u2019elle \u00e9tait en mesure de fournir du caf\u00e9 gratuitement \u00e0 ses employ\u00e9s gr\u00e2ce au contrat en cours conclut \u00e0 la suite d\u2019un appel d\u2019offres et sa plus forte puissance d\u2019achat en tant que quatri\u00e8me ville du pays. L\u2019administration affirme n\u00e9anmoins que \u00ab\u202ftout co\u00fbte plus cher\u202f\u00bb et pas seulement le caf\u00e9 qui constitution une \u00ab\u202fpart importante\u202f\u00bb et une \u00ab\u202fforte tradition\u202f\u00bb de la culture de travail de la municipalit\u00e9.<\/p>\n<p>Les municipalit\u00e9s su\u00e9doises souffrent de l\u2019augmentation des co\u00fbts et des coupes budg\u00e9taires du gouvernement. Bien que le gouvernement ait propos\u00e9 d\u2019augmenter les subventions accord\u00e9es aux municipalit\u00e9s en 2023, celles-ci n\u2019ont pas r\u00e9ussi \u00e0 faire face aux difficult\u00e9s financi\u00e8res de la&nbsp;Su\u00e8de.<\/p>\n<p>Le syndicat des enseignants su\u00e9dois (STU) a publi\u00e9 en septembre une d\u00e9claration selon laquelle le plan budg\u00e9taire du gouvernement ne suffirait pas \u00e0 financer les \u00e9coles municipales. L\u2019investissement de 5,5 milliards de couronnes (486 millions d\u2019euros) r\u00e9alis\u00e9 par le gouvernement ne repr\u00e9sente qu\u2019une fraction des 24 milliards de d\u00e9ficit des villes, selon l\u2019Association su\u00e9doise des autorit\u00e9s locales et des r\u00e9gions (SALAR). En cons\u00e9quence, la STU pr\u00e9voit que la qualit\u00e9 des \u00e9coles va souffrir des coupes budg\u00e9taires et des licenciements d\u2019enseignants.<\/p>\n<p>Le caf\u00e9 payant, \u00e9l\u00e9ment essentiel dans la culture du travail su\u00e9doise, apparait alors comme une marque des difficult\u00e9s financi\u00e8res rencontr\u00e9es par les municipalit\u00e9s.<\/p>\n","protected":false},"excerpt":{"rendered":"<p>Des employ\u00e9s municipaux su\u00e9dois doivent d\u00e9sormais accepter une r\u00e9duction de salaire pour avoir acc\u00e8s \u00e0 du caf\u00e9 sur leur lieu de travail. Les villes su\u00e9doises subissent de plein fouet l\u2019augmentation des prix alors que des coupes budg\u00e9taires sont pr\u00e9vues dans les \u00e9coles.<\/p>\n","protected":false},"author":226,"featured_media":35887,"comment_status":"closed","ping_status":"open","sticky":false,"template":"","format":"standard","meta":{"wp_typography_post_enhancements_disabled":false,"footnotes":""},"categories":[414],"tags":[1334,513],"class_list":["post-35919","post","type-post","status-publish","format-standard","has-post-thumbnail","hentry","category-economie","tag-nouveau","tag-suede"],"yoast_head":"<!-- This site is optimized with the Yoast SEO Premium plugin v27.4 (Yoast SEO v27.4) - https:\/\/yoast.com\/product\/yoast-seo-premium-wordpress\/ -->\n<title>Le co\u00fbt de la pause caf\u00e9 retenu des salaires, symbole de villes su\u00e9doises en difficult\u00e9 financi\u00e8re<\/title>\n<meta name=\"description\" content=\"Des employ\u00e9s municipaux su\u00e9dois doivent d\u00e9sormais accepter une r\u00e9duction de salaire pour avoir acc\u00e8s \u00e0 du caf\u00e9 sur leur lieu de travail. Les villes su\u00e9doises subissent de plein fouet l&#039;augmentation des prix alors que des coupes budg\u00e9taires sont pr\u00e9vues dans les \u00e9coles.\" \/>\n<meta name=\"robots\" content=\"index, follow, max-snippet:-1, max-image-preview:large, max-video-preview:-1\" \/>\n<link rel=\"canonical\" href=\"https:\/\/www.newsendip.com\/fr\/le-cout-de-la-pause-cafe-retenu-des-salaires-symbole-de-villes-suedoises-en-difficultes-financieres\/\" \/>\n<meta property=\"og:locale\" content=\"fr_FR\" \/>\n<meta property=\"og:type\" content=\"article\" \/>\n<meta property=\"og:title\" content=\"Le co\u00fbt de la pause caf\u00e9 retenu des salaires, symbole de villes su\u00e9doises en difficult\u00e9 financi\u00e8re\" \/>\n<meta property=\"og:description\" content=\"Des employ\u00e9s municipaux su\u00e9dois doivent d\u00e9sormais accepter une r\u00e9duction de salaire pour avoir acc\u00e8s \u00e0 du caf\u00e9 sur leur lieu de travail. Les villes su\u00e9doises subissent de plein fouet l&#039;augmentation des prix alors que des coupes budg\u00e9taires sont pr\u00e9vues dans les \u00e9coles.\" \/>\n<meta property=\"og:url\" content=\"https:\/\/www.newsendip.com\/fr\/le-cout-de-la-pause-cafe-retenu-des-salaires-symbole-de-villes-suedoises-en-difficultes-financieres\/\" \/>\n<meta property=\"og:site_name\" content=\"Newsendip\" \/>\n<meta property=\"article:publisher\" content=\"https:\/\/www.facebook.com\/newsendip\" \/>\n<meta property=\"article:published_time\" content=\"2024-01-16T16:45:05+00:00\" \/>\n<meta property=\"article:modified_time\" content=\"2024-03-20T08:06:39+00:00\" \/>\n<meta property=\"og:image\" content=\"https:\/\/www.newsendip.com\/wp-content\/uploads\/2024\/01\/coffee-sweden-fika-salary-deduction.jpeg\" \/>\n\t<meta property=\"og:image:width\" content=\"1920\" \/>\n\t<meta property=\"og:image:height\" content=\"1440\" \/>\n\t<meta property=\"og:image:type\" content=\"image\/jpeg\" \/>\n<meta name=\"author\" content=\"Alexander Saraff Marcos\" \/>\n<meta name=\"twitter:card\" content=\"summary_large_image\" \/>\n<meta name=\"twitter:image\" content=\"https:\/\/www.newsendip.com\/wp-content\/uploads\/2024\/01\/coffee-sweden-fika-salary-deduction.jpeg\" \/>\n<meta name=\"twitter:creator\" content=\"@https:\/\/twitter.com\/AlexanderSaraff\" \/>\n<meta name=\"twitter:site\" content=\"@newsendip\" \/>\n<meta name=\"twitter:label1\" content=\"\u00c9crit par\" \/>\n\t<meta name=\"twitter:data1\" content=\"Alexander Saraff Marcos\" \/>\n\t<meta name=\"twitter:label2\" content=\"Dur\u00e9e de lecture estim\u00e9e\" \/>\n\t<meta name=\"twitter:data2\" content=\"4 minutes\" \/>\n<!-- \/ Yoast SEO Premium plugin. -->","yoast_head_json":{"title":"Le co\u00fbt de la pause caf\u00e9 retenu des salaires, symbole de villes su\u00e9doises en difficult\u00e9 financi\u00e8re","description":"Des employ\u00e9s municipaux su\u00e9dois doivent d\u00e9sormais accepter une r\u00e9duction de salaire pour avoir acc\u00e8s \u00e0 du caf\u00e9 sur leur lieu de travail. Les villes su\u00e9doises subissent de plein fouet l'augmentation des prix alors que des coupes budg\u00e9taires sont pr\u00e9vues dans les \u00e9coles.","robots":{"index":"index","follow":"follow","max-snippet":"max-snippet:-1","max-image-preview":"max-image-preview:large","max-video-preview":"max-video-preview:-1"},"canonical":"https:\/\/www.newsendip.com\/fr\/le-cout-de-la-pause-cafe-retenu-des-salaires-symbole-de-villes-suedoises-en-difficultes-financieres\/","og_locale":"fr_FR","og_type":"article","og_title":"Le co\u00fbt de la pause caf\u00e9 retenu des salaires, symbole de villes su\u00e9doises en difficult\u00e9 financi\u00e8re","og_description":"Des employ\u00e9s municipaux su\u00e9dois doivent d\u00e9sormais accepter une r\u00e9duction de salaire pour avoir acc\u00e8s \u00e0 du caf\u00e9 sur leur lieu de travail. Les villes su\u00e9doises subissent de plein fouet l'augmentation des prix alors que des coupes budg\u00e9taires sont pr\u00e9vues dans les \u00e9coles.","og_url":"https:\/\/www.newsendip.com\/fr\/le-cout-de-la-pause-cafe-retenu-des-salaires-symbole-de-villes-suedoises-en-difficultes-financieres\/","og_site_name":"Newsendip","article_publisher":"https:\/\/www.facebook.com\/newsendip","article_published_time":"2024-01-16T16:45:05+00:00","article_modified_time":"2024-03-20T08:06:39+00:00","og_image":[{"width":1920,"height":1440,"url":"https:\/\/www.newsendip.com\/wp-content\/uploads\/2024\/01\/coffee-sweden-fika-salary-deduction.jpeg","type":"image\/jpeg"}],"author":"Alexander Saraff Marcos","twitter_card":"summary_large_image","twitter_image":"https:\/\/www.newsendip.com\/wp-content\/uploads\/2024\/01\/coffee-sweden-fika-salary-deduction.jpeg","twitter_creator":"@https:\/\/twitter.com\/AlexanderSaraff","twitter_site":"@newsendip","twitter_misc":{"\u00c9crit par":"Alexander Saraff Marcos","Dur\u00e9e de lecture estim\u00e9e":"4 minutes"},"schema":{"@context":"https:\/\/schema.org","@graph":[{"@type":"NewsArticle","@id":"https:\/\/www.newsendip.com\/fr\/le-cout-de-la-pause-cafe-retenu-des-salaires-symbole-de-villes-suedoises-en-difficultes-financieres\/#article","isPartOf":{"@id":"https:\/\/www.newsendip.com\/fr\/le-cout-de-la-pause-cafe-retenu-des-salaires-symbole-de-villes-suedoises-en-difficultes-financieres\/"},"author":{"name":"Alexander Saraff Marcos","@id":"https:\/\/www.newsendip.com\/fr\/#\/schema\/person\/e3467cf4a38ff8f5b92c83c7422ae321"},"headline":"Le co\u00fbt de la pause caf\u00e9 retenu des salaires, symbole de villes su\u00e9doises en difficult\u00e9 financi\u00e8re","datePublished":"2024-01-16T16:45:05+00:00","dateModified":"2024-03-20T08:06:39+00:00","mainEntityOfPage":{"@id":"https:\/\/www.newsendip.com\/fr\/le-cout-de-la-pause-cafe-retenu-des-salaires-symbole-de-villes-suedoises-en-difficultes-financieres\/"},"wordCount":922,"publisher":{"@id":"https:\/\/www.newsendip.com\/fr\/#organization"},"image":{"@id":"https:\/\/www.newsendip.com\/fr\/le-cout-de-la-pause-cafe-retenu-des-salaires-symbole-de-villes-suedoises-en-difficultes-financieres\/#primaryimage"},"thumbnailUrl":"https:\/\/www.newsendip.com\/wp-content\/uploads\/2024\/01\/coffee-sweden-fika-salary-deduction.webp","keywords":["R\u00e9cent","Su\u00e8de"],"articleSection":["\u00c9conomie"],"inLanguage":"fr-FR","copyrightYear":"2024","copyrightHolder":{"@id":"https:\/\/www.newsendip.com\/#organization"}},{"@type":"WebPage","@id":"https:\/\/www.newsendip.com\/fr\/le-cout-de-la-pause-cafe-retenu-des-salaires-symbole-de-villes-suedoises-en-difficultes-financieres\/","url":"https:\/\/www.newsendip.com\/fr\/le-cout-de-la-pause-cafe-retenu-des-salaires-symbole-de-villes-suedoises-en-difficultes-financieres\/","name":"Le co\u00fbt de la pause caf\u00e9 retenu des salaires, symbole de villes su\u00e9doises en difficult\u00e9 financi\u00e8re","isPartOf":{"@id":"https:\/\/www.newsendip.com\/fr\/#website"},"primaryImageOfPage":{"@id":"https:\/\/www.newsendip.com\/fr\/le-cout-de-la-pause-cafe-retenu-des-salaires-symbole-de-villes-suedoises-en-difficultes-financieres\/#primaryimage"},"image":{"@id":"https:\/\/www.newsendip.com\/fr\/le-cout-de-la-pause-cafe-retenu-des-salaires-symbole-de-villes-suedoises-en-difficultes-financieres\/#primaryimage"},"thumbnailUrl":"https:\/\/www.newsendip.com\/wp-content\/uploads\/2024\/01\/coffee-sweden-fika-salary-deduction.webp","datePublished":"2024-01-16T16:45:05+00:00","dateModified":"2024-03-20T08:06:39+00:00","description":"Des employ\u00e9s municipaux su\u00e9dois doivent d\u00e9sormais accepter une r\u00e9duction de salaire pour avoir acc\u00e8s \u00e0 du caf\u00e9 sur leur lieu de travail. Les villes su\u00e9doises subissent de plein fouet l'augmentation des prix alors que des coupes budg\u00e9taires sont pr\u00e9vues dans les \u00e9coles.","breadcrumb":{"@id":"https:\/\/www.newsendip.com\/fr\/le-cout-de-la-pause-cafe-retenu-des-salaires-symbole-de-villes-suedoises-en-difficultes-financieres\/#breadcrumb"},"inLanguage":"fr-FR","potentialAction":[{"@type":"ReadAction","target":["https:\/\/www.newsendip.com\/fr\/le-cout-de-la-pause-cafe-retenu-des-salaires-symbole-de-villes-suedoises-en-difficultes-financieres\/"]}]},{"@type":"ImageObject","inLanguage":"fr-FR","@id":"https:\/\/www.newsendip.com\/fr\/le-cout-de-la-pause-cafe-retenu-des-salaires-symbole-de-villes-suedoises-en-difficultes-financieres\/#primaryimage","url":"https:\/\/www.newsendip.com\/wp-content\/uploads\/2024\/01\/coffee-sweden-fika-salary-deduction.webp","contentUrl":"https:\/\/www.newsendip.com\/wp-content\/uploads\/2024\/01\/coffee-sweden-fika-salary-deduction.webp","width":1920,"height":1440,"caption":"Fika, une pause caf\u00e9 sacr\u00e9e dans sa journ\u00e9e de travail en Su\u00e8de, est d\u00e9sormais d\u00e9duite du salaire de certains employ\u00e9s municipaux | \u00a9 Ea Ehn"},{"@type":"BreadcrumbList","@id":"https:\/\/www.newsendip.com\/fr\/le-cout-de-la-pause-cafe-retenu-des-salaires-symbole-de-villes-suedoises-en-difficultes-financieres\/#breadcrumb","itemListElement":[{"@type":"ListItem","position":1,"name":"Accueil","item":"https:\/\/www.newsendip.com\/fr\/"},{"@type":"ListItem","position":2,"name":"Le co\u00fbt de la pause caf\u00e9 retenu des salaires, symbole de villes su\u00e9doises en difficult\u00e9 financi\u00e8re"}]},{"@type":"WebSite","@id":"https:\/\/www.newsendip.com\/fr\/#website","url":"https:\/\/www.newsendip.com\/fr\/","name":"Newsendip","description":"Red\u00e9couvrez l&#039;actualit\u00e9 internationale","publisher":{"@id":"https:\/\/www.newsendip.com\/fr\/#organization"},"potentialAction":[{"@type":"SearchAction","target":{"@type":"EntryPoint","urlTemplate":"https:\/\/www.newsendip.com\/fr\/?s={search_term_string}"},"query-input":{"@type":"PropertyValueSpecification","valueRequired":true,"valueName":"search_term_string"}}],"inLanguage":"fr-FR"},{"@type":"Organization","@id":"https:\/\/www.newsendip.com\/fr\/#organization","name":"Newsendip","url":"https:\/\/www.newsendip.com\/fr\/","logo":{"@type":"ImageObject","inLanguage":"fr-FR","@id":"https:\/\/www.newsendip.com\/fr\/#\/schema\/logo\/image\/","url":"https:\/\/www.newsendip.com\/wp-content\/uploads\/2023\/12\/512x512.svg","contentUrl":"https:\/\/www.newsendip.com\/wp-content\/uploads\/2023\/12\/512x512.svg","width":1,"height":1,"caption":"Newsendip"},"image":{"@id":"https:\/\/www.newsendip.com\/fr\/#\/schema\/logo\/image\/"},"sameAs":["https:\/\/www.facebook.com\/newsendip","https:\/\/x.com\/newsendip","https:\/\/mastodon.social\/@newsendip","https:\/\/www.linkedin.com\/company\/newsendip"],"description":"Newsendip est un site qui a pour mission de rendre l'actualit\u00e9 internationale accessible et diversifi\u00e9e","email":"contact@newsendip.com","legalName":"Newsendip SAS","foundingDate":"2022-11-04","vatID":"FR60921124723","numberOfEmployees":{"@type":"QuantitativeValue","minValue":"1","maxValue":"10"},"publishingPrinciples":"https:\/\/www.newsendip.com\/about-us\/","ownershipFundingInfo":"https:\/\/www.newsendip.com\/legal-notice\/","actionableFeedbackPolicy":"https:\/\/www.newsendip.com\/about-us\/","correctionsPolicy":"https:\/\/www.newsendip.com\/about-us\/","ethicsPolicy":"https:\/\/www.newsendip.com\/about-us\/","diversityPolicy":"https:\/\/www.newsendip.com\/about-us\/"},{"@type":"Person","@id":"https:\/\/www.newsendip.com\/fr\/#\/schema\/person\/e3467cf4a38ff8f5b92c83c7422ae321","name":"Alexander Saraff Marcos","description":"Alexander is a writer for Newsendip. He is a dual citizen of the United States and Spain and lives between Spain and France. He graduated from the University of Pittsburgh with a major in philosophy and a minor in French. He loves watching e-sport on his spare time.","sameAs":["https:\/\/www.linkedin.com\/in\/alexander-saraff-b132bb226\/","https:\/\/x.com\/https:\/\/twitter.com\/AlexanderSaraff"],"knowsAbout":["News"],"knowsLanguage":["English","Spanish","French"],"url":"https:\/\/www.newsendip.com\/fr\/author\/alexander-saraff\/"}]}},"_links":{"self":[{"href":"https:\/\/www.newsendip.com\/fr\/wp-json\/wp\/v2\/posts\/35919","targetHints":{"allow":["GET"]}}],"collection":[{"href":"https:\/\/www.newsendip.com\/fr\/wp-json\/wp\/v2\/posts"}],"about":[{"href":"https:\/\/www.newsendip.com\/fr\/wp-json\/wp\/v2\/types\/post"}],"author":[{"embeddable":true,"href":"https:\/\/www.newsendip.com\/fr\/wp-json\/wp\/v2\/users\/226"}],"replies":[{"embeddable":true,"href":"https:\/\/www.newsendip.com\/fr\/wp-json\/wp\/v2\/comments?post=35919"}],"version-history":[{"count":0,"href":"https:\/\/www.newsendip.com\/fr\/wp-json\/wp\/v2\/posts\/35919\/revisions"}],"wp:featuredmedia":[{"embeddable":true,"href":"https:\/\/www.newsendip.com\/fr\/wp-json\/wp\/v2\/media\/35887"}],"wp:attachment":[{"href":"https:\/\/www.newsendip.com\/fr\/wp-json\/wp\/v2\/media?parent=35919"}],"wp:term":[{"taxonomy":"category","embeddable":true,"href":"https:\/\/www.newsendip.com\/fr\/wp-json\/wp\/v2\/categories?post=35919"},{"taxonomy":"post_tag","embeddable":true,"href":"https:\/\/www.newsendip.com\/fr\/wp-json\/wp\/v2\/tags?post=35919"}],"curies":[{"name":"wp","href":"https:\/\/api.w.org\/{rel}","templated":true}]}}