{"id":36070,"date":"2024-01-21T08:00:00","date_gmt":"2024-01-21T07:00:00","guid":{"rendered":"https:\/\/www.newsendip.com\/?p=36070"},"modified":"2024-07-18T15:31:33","modified_gmt":"2024-07-18T13:31:33","slug":"la-designation-des-personnes-handicapees-dans-la-constitution-espagnole-modification","status":"publish","type":"post","link":"https:\/\/www.newsendip.com\/fr\/la-designation-des-personnes-handicapees-dans-la-constitution-espagnole-modification\/","title":{"rendered":"La d\u00e9signation des personnes handicap\u00e9es dans la Constitution espagnole en passe d\u2019\u00eatre modifi\u00e9e"},"content":{"rendered":"<p><strong>Ce qui n\u2019est que la troisi\u00e8me r\u00e9forme visant \u00e0 modifier la Constitution espagnole a \u00e9t\u00e9 adopt\u00e9e \u00e0 la quasi-unanimit\u00e9 par le Congr\u00e8s. Depuis 40 ans, les associations espagnoles plaidaient en faveur d\u2019une modification de la formulation de la Constitution pour d\u00e9signer les personnes handicap\u00e9es, jug\u00e9e offensante par les personnes concern\u00e9es.<\/strong><\/p>\n<figure id=\"attachment_36035\" aria-describedby=\"caption-attachment-36035\" style=\"width: 1024px\" class=\"wp-caption aligncenter\"><img decoding=\"async\" class=\"wp-image-36035 size-large\" src=\"https:\/\/www.newsendip.com\/wp-content\/uploads\/2024\/01\/disabled-congress-spain-1024x768.webp\" alt=\"Le pr\u00e9sident du gouvernement espagnol Pedro Sanchez\" width=\"1024\" height=\"768\" srcset=\"https:\/\/www.newsendip.com\/wp-content\/uploads\/2024\/01\/disabled-congress-spain-1024x768.webp 1024w, https:\/\/www.newsendip.com\/wp-content\/uploads\/2024\/01\/disabled-congress-spain-60x45.webp 60w, https:\/\/www.newsendip.com\/wp-content\/uploads\/2024\/01\/disabled-congress-spain-300x225.webp 300w, https:\/\/www.newsendip.com\/wp-content\/uploads\/2024\/01\/disabled-congress-spain-768x576.webp 768w, https:\/\/www.newsendip.com\/wp-content\/uploads\/2024\/01\/disabled-congress-spain-1536x1153.webp 1536w, https:\/\/www.newsendip.com\/wp-content\/uploads\/2024\/01\/disabled-congress-spain-2048x1537.webp 2048w\" sizes=\"(max-width: 1024px) 100vw, 1024px\"><figcaption id=\"caption-attachment-36035\" class=\"wp-caption-text\">Le pr\u00e9sident du gouvernement espagnol Pedro Sanchez s\u2019adressant au Congr\u00e8s et aux associations repr\u00e9sentatives de personnes handicap\u00e9es le 18 janvier | \u00a9 Congreso de los Diputados<\/figcaption><\/figure>\n<p>Jeudi, le Congr\u00e8s espagnol s\u2019est r\u00e9uni pour discuter de la modification d\u2019un terme particulier de la Constitution espagnole. En effet, l\u2019article 49 de la Constitution espagnole, en vigueur depuis 1978, utilise le terme \u00ab\u202fdisminuidos\u202f\u00bb pour d\u00e9signer les personnes souffrant de handicaps.<\/p>\n<p>Car si <a href=\"https:\/\/www.boe.es\/legislacion\/documentos\/ConstitucionFRANCES.pdf\">l\u2019agence de presse gouvernementale espagnole<\/a>, BOE, traduit ce terme de la Constitution par \u00ab\u202fhandicap\u00e9s\u202f\u00bb en fran\u00e7ais, mais \u00e9galement \u00ab\u202fhandicapped\u202f\u00bb en anglais, la signification litt\u00e9rale de ce mot en espagnol correspond bien \u00e0 \u00ab\u202fdiminu\u00e9s\u202f\u00bb, ce qui est consid\u00e9r\u00e9 offensant par les groupes juridiques et de d\u00e9fense des personnes handicap\u00e9es en <a href=\"https:\/\/www.newsendip.com\/fr\/etiquette\/espagne\/\">Espagne<\/a>.<\/p>\n<p>Les deux principaux partis rivaux en Espagne, le Parti populaire (PP) et le Parti socialiste ouvrier espagnol&nbsp; (PSOE), se sont mis d\u2019accord pour proposer une modification de cet article, en rempla\u00e7ant le mot par \u00ab\u202fpersonas con discapacidad\u202f\u00bb pour d\u00e9signer les personnes handicap\u00e9s, ce qui pourrait se traduire litt\u00e9ralement par \u00ab\u202fpersonne avec un handicap\u202f\u00bb.<\/p>\n<p>Des mots similaires \u00e0 \u00ab\u202fpersons with disability\u202f\u00bb en anglais qui sont <a href=\"https:\/\/www.ungeneva.org\/sites\/default\/files\/2021-01\/Disability-Inclusive-Language-Guidelines.pdf\">recommand\u00e9s par les Nations Unies<\/a> afin de favoriser l\u2019inclusivit\u00e9, en n\u2019omettant pas de faire r\u00e9f\u00e9rence \u00e0 des personnes et non uniquement \u00e0 un handicap.<\/p>\n<p>Le vote incluait d\u2019autres modifications dans l\u2019article 49 qui ont \u00e9galement \u00e9t\u00e9 adopt\u00e9es \u00e0 une large majorit\u00e9. Ce ne sera que la troisi\u00e8me fois que la constitution espagnole sera modifi\u00e9e depuis sa cr\u00e9ation.<\/p>\n<h2>D\u00e9bat et raisons de la modification<\/h2>\n<p>Le projet de loi a \u00e9t\u00e9 facilement adopt\u00e9 par le Congr\u00e8s avec 310 voix en faveur du changement.<\/p>\n<p>Les 33 votes n\u00e9gatifs appartiennent tous au parti d\u2019extr\u00eame droite Vox, dont la porte-parole, Lourdes Mendez Monasterio, estime que les changements ne vont pas assez loin, m\u00eame si elle est d\u2019accord avec la suppression du terme \u00ab\u202fdisminuidos\u202f\u00bb. Lourdes Mendez Monasterio a d\u00e9clar\u00e9 que les changements ne \u00ab\u202fremboursaient pas la dette du gouvernement\u202f\u00bb envers les personnes handicap\u00e9es et que l\u2019ajout de l\u201d\u202f\u202f\u00bbid\u00e9ologie du genre\u202f\u00bb pourrait entra\u00eener une discrimination injustifi\u00e9e.<\/p>\n<p>Son commentaire fait r\u00e9f\u00e9rence aux dispositions suppl\u00e9mentaires accord\u00e9es aux femmes handicap\u00e9es et aux enfants handicap\u00e9s dans le cadre de l\u2019amendement, dont les besoins devront faire l\u2019objet d\u2019une \u00ab\u202fattention particuli\u00e8re\u202f\u00bb, conform\u00e9ment aux modifications \u00e0 apporter \u00e0 l\u2019article 49.<\/p>\n<p>N\u00e9anmoins, la modification a \u00e9t\u00e9 accueillie \u00e0 bras ouverts par les groupes repr\u00e9sentant les personnes handicap\u00e9es en Espagne, notamment en raison de la modification du terme \u00ab\u202fdisminuidos\u202f\u00bb.<\/p>\n<p>Le CERMI, un groupe de d\u00e9fense juridique et sociale des personnes handicap\u00e9es, <a href=\"https:\/\/cermi.es\/noticia\/el-cermi-pide-el-apoyo-de-todos-los-grupos-politicos-del-congreso-a-la-propuesta-de-reforma-del-articulo-49-de-la-constitucion\">avait lanc\u00e9 une campagne de communication<\/a> pour inciter les partis politiques \u00e0 supprimer le terme \u00ab\u202fdisminuidos\u202f\u00bb, qu\u2019il qualifie de \u00ab\u202fterminologie blessante\u202f\u00bb. L\u2019ONG espagnole COCEMFE, dont l\u2019objectif est d\u2019inclure les personnes handicap\u00e9es dans la soci\u00e9t\u00e9, s\u2019est jointe \u00e0 la campagne, demandant que le projet de loi soit adopt\u00e9 \u00e0 l\u2019unanimit\u00e9. Plusieurs autres groupes et associations se sont \u00e9galement joints au mouvement.<\/p>\n<p>COCEMFE a \u00e9galement dissuad\u00e9 le public d\u2019utiliser les termes de \u00ab\u202fhandicap\u00e9\u202f\u00bb ou \u00ab\u202finvalide\u202f\u00bb seuls, car la terminologie devrait refl\u00e9ter le fait que ces mots se r\u00e9f\u00e8rent \u00e0 des personnes au-del\u00e0 de leur seule condition physique ou mentale, ce qui est \u00e9galement la position de l\u2019Union europ\u00e9enne.<\/p>\n<h2>Le \u00ab\u202fretard\u202f\u00bb du gouvernement espagnol<\/h2>\n<p>La modification devrait intervenir quelques ann\u00e9es apr\u00e8s une autre mesure l\u00e9gislative b\u00e9n\u00e9ficiant directement les personnes handicap\u00e9es.<\/p>\n<p>Depuis 2020, il n\u2019est en effet plus autoris\u00e9 de st\u00e9riliser les personnes handicap\u00e9es de force en Espagne, une pratique qui reste encore l\u00e9gale dans 13 pays de l\u2019UE (Bulgarie, Croatie, Chypre, Danemark, Estonie, Finlande, Hongrie, Lettonie, Lituanie, Malte, Portugal, R\u00e9publique tch\u00e8que et Slovaquie), <a href=\"https:\/\/www.europarl.europa.eu\/RegData\/etudes\/STUD\/2023\/757504\/IPOL_STU(2023)757504_EN.pdf\">d\u2019apr\u00e8s le Parlement europ\u00e9en<\/a> en d\u00e9cembre 2023.<\/p>\n<p>Une loi sur l\u2019euthanasie, adopt\u00e9e en 2023, permet \u00e0 tous les Espagnols de demander l\u2019euthanasie en toute l\u00e9galit\u00e9 s\u2019ils sont atteints d\u2019une maladie grave. Le projet de loi y pr\u00e9voit des dispositions qui devraient \u00eatre accord\u00e9es aux personnes handicap\u00e9es afin de les aider \u00e0 prendre des d\u00e9cisions en toute autonomie.<\/p>\n<p>Un projet de loi sur l\u2019avortement, en vigueur depuis 2010 et modifi\u00e9 en 2023, permet \u00e9galement aux femmes enceintes d\u2019avorter si leur enfant pr\u00e9sente des \u00ab\u202fanomalies graves\u202f\u00bb. Cette l\u00e9gislation avait \u00e9t\u00e9 critiqu\u00e9e comme \u00e9tant eug\u00e9nique et inconstitutionnelle. Mais la <a href=\"https:\/\/www.boe.es\/diario_boe\/txt.php?id=BOE-A-2023-13955\">Cour constitutionnelle<\/a> a estim\u00e9 en 2023 que cette loi concernait les anomalies relatives \u00e0 la sant\u00e9 de l\u2019enfant, et non les handicaps.<\/p>\n<p>Le pr\u00e9sident du gouvernement de l\u2019Espagne et du PSOE, Pedro Sanchez, a admis que le gouvernement \u00e9tait arriv\u00e9 \u00ab\u202fen retard\u202f\u00bb avec cette modification d\u2019une Constitution vieille de 46 ans et que \u00ab\u202fchanger un mot ne changera pas la r\u00e9alit\u00e9\u202f\u00bb.<\/p>\n<p>Il a ajout\u00e9 qu\u2019il y a \u00ab\u202fbeaucoup d\u2019autres r\u00e9formes\u202f\u00bb que les personnes attendent, mais a d\u00e9fendu la \u00ab\u202fvisibilit\u00e9, l\u2019inclusion et la diversit\u00e9\u202f\u00bb apport\u00e9es par cet amendement.<\/p>\n<p>Le S\u00e9nat doit encore se prononcer sur la proposition de modification avant que la Constitution puisse \u00eatre officiellement modifi\u00e9e.<\/p>\n","protected":false},"excerpt":{"rendered":"<p>Ce qui n\u2019est que la troisi\u00e8me r\u00e9forme visant \u00e0 modifier la Constitution espagnole a \u00e9t\u00e9 adopt\u00e9e \u00e0 la quasi-unanimit\u00e9 par le Congr\u00e8s. Depuis 40 ans, les associations espagnoles plaidaient en faveur d\u2019une modification de la formulation de la Constitution pour d\u00e9signer les personnes handicap\u00e9es, jug\u00e9e offensante par les premi\u00e8res personnes concern\u00e9es.<\/p>\n","protected":false},"author":226,"featured_media":36035,"comment_status":"closed","ping_status":"open","sticky":false,"template":"","format":"standard","meta":{"wp_typography_post_enhancements_disabled":false,"footnotes":""},"categories":[409],"tags":[433,421],"class_list":["post-36070","post","type-post","status-publish","format-standard","has-post-thumbnail","hentry","category-societe","tag-espagne","tag-vieux"],"yoast_head":"<!-- This site is optimized with the Yoast SEO Premium plugin v27.4 (Yoast SEO v27.4) - https:\/\/yoast.com\/product\/yoast-seo-premium-wordpress\/ -->\n<title>La d\u00e9signation des personnes handicap\u00e9es dans la Constitution espagnole en passe d&#039;\u00eatre modifi\u00e9e<\/title>\n<meta name=\"description\" content=\"Ce qui n&#039;est que la troisi\u00e8me r\u00e9forme visant \u00e0 modifier la Constitution espagnole a \u00e9t\u00e9 adopt\u00e9e \u00e0 la quasi-unanimit\u00e9 par le Congr\u00e8s. Depuis 40 ans, les associations espagnoles plaidaient en faveur d&#039;une modification de la formulation de la Constitution pour d\u00e9signer les personnes handicap\u00e9es, jug\u00e9e offensante par les premi\u00e8res personnes concern\u00e9es.\" \/>\n<meta name=\"robots\" content=\"index, follow, max-snippet:-1, max-image-preview:large, max-video-preview:-1\" \/>\n<link rel=\"canonical\" href=\"https:\/\/www.newsendip.com\/fr\/la-designation-des-personnes-handicapees-dans-la-constitution-espagnole-modification\/\" \/>\n<meta property=\"og:locale\" content=\"fr_FR\" \/>\n<meta property=\"og:type\" content=\"article\" \/>\n<meta property=\"og:title\" content=\"La d\u00e9signation des personnes handicap\u00e9es dans la Constitution espagnole en passe d&#039;\u00eatre modifi\u00e9e\" \/>\n<meta property=\"og:description\" content=\"Ce qui n&#039;est que la troisi\u00e8me r\u00e9forme visant \u00e0 modifier la Constitution espagnole a \u00e9t\u00e9 adopt\u00e9e \u00e0 la quasi-unanimit\u00e9 par le Congr\u00e8s. Depuis 40 ans, les associations espagnoles plaidaient en faveur d&#039;une modification de la formulation de la Constitution pour d\u00e9signer les personnes handicap\u00e9es, jug\u00e9e offensante par les premi\u00e8res personnes concern\u00e9es.\" \/>\n<meta property=\"og:url\" content=\"https:\/\/www.newsendip.com\/fr\/la-designation-des-personnes-handicapees-dans-la-constitution-espagnole-modification\/\" \/>\n<meta property=\"og:site_name\" content=\"Newsendip\" \/>\n<meta property=\"article:publisher\" content=\"https:\/\/www.facebook.com\/newsendip\" \/>\n<meta property=\"article:published_time\" content=\"2024-01-21T07:00:00+00:00\" \/>\n<meta property=\"article:modified_time\" content=\"2024-07-18T13:31:33+00:00\" \/>\n<meta property=\"og:image\" content=\"https:\/\/www.newsendip.com\/wp-content\/uploads\/2024\/01\/disabled-congress-spain-scaled.jpeg\" \/>\n\t<meta property=\"og:image:width\" content=\"2560\" \/>\n\t<meta property=\"og:image:height\" content=\"1921\" \/>\n\t<meta property=\"og:image:type\" content=\"image\/jpeg\" \/>\n<meta name=\"author\" content=\"Alexander Saraff Marcos\" \/>\n<meta name=\"twitter:card\" content=\"summary_large_image\" \/>\n<meta name=\"twitter:image\" content=\"https:\/\/www.newsendip.com\/wp-content\/uploads\/2024\/01\/disabled-congress-spain-scaled.jpeg\" \/>\n<meta name=\"twitter:creator\" content=\"@https:\/\/twitter.com\/AlexanderSaraff\" \/>\n<meta name=\"twitter:site\" content=\"@newsendip\" \/>\n<meta name=\"twitter:label1\" content=\"\u00c9crit par\" \/>\n\t<meta name=\"twitter:data1\" content=\"Alexander Saraff Marcos\" \/>\n\t<meta name=\"twitter:label2\" content=\"Dur\u00e9e de lecture estim\u00e9e\" \/>\n\t<meta name=\"twitter:data2\" content=\"5 minutes\" \/>\n<!-- \/ Yoast SEO Premium plugin. -->","yoast_head_json":{"title":"La d\u00e9signation des personnes handicap\u00e9es dans la Constitution espagnole en passe d'\u00eatre modifi\u00e9e","description":"Ce qui n'est que la troisi\u00e8me r\u00e9forme visant \u00e0 modifier la Constitution espagnole a \u00e9t\u00e9 adopt\u00e9e \u00e0 la quasi-unanimit\u00e9 par le Congr\u00e8s. Depuis 40 ans, les associations espagnoles plaidaient en faveur d'une modification de la formulation de la Constitution pour d\u00e9signer les personnes handicap\u00e9es, jug\u00e9e offensante par les premi\u00e8res personnes concern\u00e9es.","robots":{"index":"index","follow":"follow","max-snippet":"max-snippet:-1","max-image-preview":"max-image-preview:large","max-video-preview":"max-video-preview:-1"},"canonical":"https:\/\/www.newsendip.com\/fr\/la-designation-des-personnes-handicapees-dans-la-constitution-espagnole-modification\/","og_locale":"fr_FR","og_type":"article","og_title":"La d\u00e9signation des personnes handicap\u00e9es dans la Constitution espagnole en passe d'\u00eatre modifi\u00e9e","og_description":"Ce qui n'est que la troisi\u00e8me r\u00e9forme visant \u00e0 modifier la Constitution espagnole a \u00e9t\u00e9 adopt\u00e9e \u00e0 la quasi-unanimit\u00e9 par le Congr\u00e8s. Depuis 40 ans, les associations espagnoles plaidaient en faveur d'une modification de la formulation de la Constitution pour d\u00e9signer les personnes handicap\u00e9es, jug\u00e9e offensante par les premi\u00e8res personnes concern\u00e9es.","og_url":"https:\/\/www.newsendip.com\/fr\/la-designation-des-personnes-handicapees-dans-la-constitution-espagnole-modification\/","og_site_name":"Newsendip","article_publisher":"https:\/\/www.facebook.com\/newsendip","article_published_time":"2024-01-21T07:00:00+00:00","article_modified_time":"2024-07-18T13:31:33+00:00","og_image":[{"width":2560,"height":1921,"url":"https:\/\/www.newsendip.com\/wp-content\/uploads\/2024\/01\/disabled-congress-spain-scaled.jpeg","type":"image\/jpeg"}],"author":"Alexander Saraff Marcos","twitter_card":"summary_large_image","twitter_image":"https:\/\/www.newsendip.com\/wp-content\/uploads\/2024\/01\/disabled-congress-spain-scaled.jpeg","twitter_creator":"@https:\/\/twitter.com\/AlexanderSaraff","twitter_site":"@newsendip","twitter_misc":{"\u00c9crit par":"Alexander Saraff Marcos","Dur\u00e9e de lecture estim\u00e9e":"5 minutes"},"schema":{"@context":"https:\/\/schema.org","@graph":[{"@type":"NewsArticle","@id":"https:\/\/www.newsendip.com\/fr\/la-designation-des-personnes-handicapees-dans-la-constitution-espagnole-modification\/#article","isPartOf":{"@id":"https:\/\/www.newsendip.com\/fr\/la-designation-des-personnes-handicapees-dans-la-constitution-espagnole-modification\/"},"author":{"name":"Alexander Saraff Marcos","@id":"https:\/\/www.newsendip.com\/fr\/#\/schema\/person\/e3467cf4a38ff8f5b92c83c7422ae321"},"headline":"La d\u00e9signation des personnes handicap\u00e9es dans la Constitution espagnole en passe d\u2019\u00eatre modifi\u00e9e","datePublished":"2024-01-21T07:00:00+00:00","dateModified":"2024-07-18T13:31:33+00:00","mainEntityOfPage":{"@id":"https:\/\/www.newsendip.com\/fr\/la-designation-des-personnes-handicapees-dans-la-constitution-espagnole-modification\/"},"wordCount":955,"publisher":{"@id":"https:\/\/www.newsendip.com\/fr\/#organization"},"image":{"@id":"https:\/\/www.newsendip.com\/fr\/la-designation-des-personnes-handicapees-dans-la-constitution-espagnole-modification\/#primaryimage"},"thumbnailUrl":"https:\/\/www.newsendip.com\/wp-content\/uploads\/2024\/01\/disabled-congress-spain-scaled.webp","keywords":["Espagne","Vieux"],"articleSection":["Soci\u00e9t\u00e9"],"inLanguage":"fr-FR","copyrightYear":"2024","copyrightHolder":{"@id":"https:\/\/www.newsendip.com\/#organization"}},{"@type":"WebPage","@id":"https:\/\/www.newsendip.com\/fr\/la-designation-des-personnes-handicapees-dans-la-constitution-espagnole-modification\/","url":"https:\/\/www.newsendip.com\/fr\/la-designation-des-personnes-handicapees-dans-la-constitution-espagnole-modification\/","name":"La d\u00e9signation des personnes handicap\u00e9es dans la Constitution espagnole en passe d'\u00eatre modifi\u00e9e","isPartOf":{"@id":"https:\/\/www.newsendip.com\/fr\/#website"},"primaryImageOfPage":{"@id":"https:\/\/www.newsendip.com\/fr\/la-designation-des-personnes-handicapees-dans-la-constitution-espagnole-modification\/#primaryimage"},"image":{"@id":"https:\/\/www.newsendip.com\/fr\/la-designation-des-personnes-handicapees-dans-la-constitution-espagnole-modification\/#primaryimage"},"thumbnailUrl":"https:\/\/www.newsendip.com\/wp-content\/uploads\/2024\/01\/disabled-congress-spain-scaled.webp","datePublished":"2024-01-21T07:00:00+00:00","dateModified":"2024-07-18T13:31:33+00:00","description":"Ce qui n'est que la troisi\u00e8me r\u00e9forme visant \u00e0 modifier la Constitution espagnole a \u00e9t\u00e9 adopt\u00e9e \u00e0 la quasi-unanimit\u00e9 par le Congr\u00e8s. Depuis 40 ans, les associations espagnoles plaidaient en faveur d'une modification de la formulation de la Constitution pour d\u00e9signer les personnes handicap\u00e9es, jug\u00e9e offensante par les premi\u00e8res personnes concern\u00e9es.","breadcrumb":{"@id":"https:\/\/www.newsendip.com\/fr\/la-designation-des-personnes-handicapees-dans-la-constitution-espagnole-modification\/#breadcrumb"},"inLanguage":"fr-FR","potentialAction":[{"@type":"ReadAction","target":["https:\/\/www.newsendip.com\/fr\/la-designation-des-personnes-handicapees-dans-la-constitution-espagnole-modification\/"]}]},{"@type":"ImageObject","inLanguage":"fr-FR","@id":"https:\/\/www.newsendip.com\/fr\/la-designation-des-personnes-handicapees-dans-la-constitution-espagnole-modification\/#primaryimage","url":"https:\/\/www.newsendip.com\/wp-content\/uploads\/2024\/01\/disabled-congress-spain-scaled.webp","contentUrl":"https:\/\/www.newsendip.com\/wp-content\/uploads\/2024\/01\/disabled-congress-spain-scaled.webp","width":2560,"height":1921,"caption":"Le pr\u00e9sident du gouvernement espagnol Pedro Sanchez s'adressant au Congr\u00e8s et aux associations repr\u00e9sentatives de personnes handicap\u00e9es le 18 janvier | \u00a9 Congreso de los Diputados"},{"@type":"BreadcrumbList","@id":"https:\/\/www.newsendip.com\/fr\/la-designation-des-personnes-handicapees-dans-la-constitution-espagnole-modification\/#breadcrumb","itemListElement":[{"@type":"ListItem","position":1,"name":"Accueil","item":"https:\/\/www.newsendip.com\/fr\/"},{"@type":"ListItem","position":2,"name":"La d\u00e9signation des personnes handicap\u00e9es dans la Constitution espagnole en passe d&#8217;\u00eatre modifi\u00e9e"}]},{"@type":"WebSite","@id":"https:\/\/www.newsendip.com\/fr\/#website","url":"https:\/\/www.newsendip.com\/fr\/","name":"Newsendip","description":"Red\u00e9couvrez l&#039;actualit\u00e9 internationale","publisher":{"@id":"https:\/\/www.newsendip.com\/fr\/#organization"},"potentialAction":[{"@type":"SearchAction","target":{"@type":"EntryPoint","urlTemplate":"https:\/\/www.newsendip.com\/fr\/?s={search_term_string}"},"query-input":{"@type":"PropertyValueSpecification","valueRequired":true,"valueName":"search_term_string"}}],"inLanguage":"fr-FR"},{"@type":"Organization","@id":"https:\/\/www.newsendip.com\/fr\/#organization","name":"Newsendip","url":"https:\/\/www.newsendip.com\/fr\/","logo":{"@type":"ImageObject","inLanguage":"fr-FR","@id":"https:\/\/www.newsendip.com\/fr\/#\/schema\/logo\/image\/","url":"https:\/\/www.newsendip.com\/wp-content\/uploads\/2023\/12\/512x512.svg","contentUrl":"https:\/\/www.newsendip.com\/wp-content\/uploads\/2023\/12\/512x512.svg","width":1,"height":1,"caption":"Newsendip"},"image":{"@id":"https:\/\/www.newsendip.com\/fr\/#\/schema\/logo\/image\/"},"sameAs":["https:\/\/www.facebook.com\/newsendip","https:\/\/x.com\/newsendip","https:\/\/mastodon.social\/@newsendip","https:\/\/www.linkedin.com\/company\/newsendip"],"description":"Newsendip est un site qui a pour mission de rendre l'actualit\u00e9 internationale accessible et diversifi\u00e9e","email":"contact@newsendip.com","legalName":"Newsendip SAS","foundingDate":"2022-11-04","vatID":"FR60921124723","numberOfEmployees":{"@type":"QuantitativeValue","minValue":"1","maxValue":"10"},"publishingPrinciples":"https:\/\/www.newsendip.com\/about-us\/","ownershipFundingInfo":"https:\/\/www.newsendip.com\/legal-notice\/","actionableFeedbackPolicy":"https:\/\/www.newsendip.com\/about-us\/","correctionsPolicy":"https:\/\/www.newsendip.com\/about-us\/","ethicsPolicy":"https:\/\/www.newsendip.com\/about-us\/","diversityPolicy":"https:\/\/www.newsendip.com\/about-us\/"},{"@type":"Person","@id":"https:\/\/www.newsendip.com\/fr\/#\/schema\/person\/e3467cf4a38ff8f5b92c83c7422ae321","name":"Alexander Saraff Marcos","description":"Alexander is a writer for Newsendip. He is a dual citizen of the United States and Spain and lives between Spain and France. He graduated from the University of Pittsburgh with a major in philosophy and a minor in French. He loves watching e-sport on his spare time.","sameAs":["https:\/\/www.linkedin.com\/in\/alexander-saraff-b132bb226\/","https:\/\/x.com\/https:\/\/twitter.com\/AlexanderSaraff"],"knowsAbout":["News"],"knowsLanguage":["English","Spanish","French"],"url":"https:\/\/www.newsendip.com\/fr\/author\/alexander-saraff\/"}]}},"_links":{"self":[{"href":"https:\/\/www.newsendip.com\/fr\/wp-json\/wp\/v2\/posts\/36070","targetHints":{"allow":["GET"]}}],"collection":[{"href":"https:\/\/www.newsendip.com\/fr\/wp-json\/wp\/v2\/posts"}],"about":[{"href":"https:\/\/www.newsendip.com\/fr\/wp-json\/wp\/v2\/types\/post"}],"author":[{"embeddable":true,"href":"https:\/\/www.newsendip.com\/fr\/wp-json\/wp\/v2\/users\/226"}],"replies":[{"embeddable":true,"href":"https:\/\/www.newsendip.com\/fr\/wp-json\/wp\/v2\/comments?post=36070"}],"version-history":[{"count":0,"href":"https:\/\/www.newsendip.com\/fr\/wp-json\/wp\/v2\/posts\/36070\/revisions"}],"wp:featuredmedia":[{"embeddable":true,"href":"https:\/\/www.newsendip.com\/fr\/wp-json\/wp\/v2\/media\/36035"}],"wp:attachment":[{"href":"https:\/\/www.newsendip.com\/fr\/wp-json\/wp\/v2\/media?parent=36070"}],"wp:term":[{"taxonomy":"category","embeddable":true,"href":"https:\/\/www.newsendip.com\/fr\/wp-json\/wp\/v2\/categories?post=36070"},{"taxonomy":"post_tag","embeddable":true,"href":"https:\/\/www.newsendip.com\/fr\/wp-json\/wp\/v2\/tags?post=36070"}],"curies":[{"name":"wp","href":"https:\/\/api.w.org\/{rel}","templated":true}]}}