{"id":36287,"date":"2024-01-29T01:04:00","date_gmt":"2024-01-29T00:04:00","guid":{"rendered":"https:\/\/www.newsendip.com\/?p=36287"},"modified":"2025-08-08T13:00:08","modified_gmt":"2025-08-08T11:00:08","slug":"au-japon-vers-la-premiere-plainte-contre-le-profilage-ethnique-dans-le-pays","status":"publish","type":"post","link":"https:\/\/www.newsendip.com\/fr\/au-japon-vers-la-premiere-plainte-contre-le-profilage-ethnique-dans-le-pays\/","title":{"rendered":"Au Japon, la premi\u00e8re plainte contre le profilage ethnique dans le&nbsp;pays"},"content":{"rendered":"<p><strong>Trois citoyens japonais d\u2019origine \u00e9trang\u00e8re affirment avoir fait l\u2019objet de nombreuses fouilles ill\u00e9gales et pourraient intenter la toute premi\u00e8re action en justice pour profilage ethnique dans le&nbsp;pays.<\/strong><\/p>\n<figure id=\"attachment_36284\" aria-describedby=\"caption-attachment-36284\" style=\"width: 1024px\" class=\"wp-caption aligncenter\"><img decoding=\"async\" class=\"wp-image-36284 size-large\" src=\"https:\/\/www.newsendip.com\/wp-content\/uploads\/2024\/01\/japan-police-1024x683.webp\" alt=\"Police Japon\" width=\"1024\" height=\"683\" srcset=\"https:\/\/www.newsendip.com\/wp-content\/uploads\/2024\/01\/japan-police-1024x683.webp 1024w, https:\/\/www.newsendip.com\/wp-content\/uploads\/2024\/01\/japan-police-60x40.webp 60w, https:\/\/www.newsendip.com\/wp-content\/uploads\/2024\/01\/japan-police-720x480.webp 720w, https:\/\/www.newsendip.com\/wp-content\/uploads\/2024\/01\/japan-police-300x200.webp 300w, https:\/\/www.newsendip.com\/wp-content\/uploads\/2024\/01\/japan-police-768x512.webp 768w, https:\/\/www.newsendip.com\/wp-content\/uploads\/2024\/01\/japan-police-1536x1024.webp 1536w, https:\/\/www.newsendip.com\/wp-content\/uploads\/2024\/01\/japan-police.webp 1920w\" sizes=\"(max-width: 1024px) 100vw, 1024px\"><figcaption id=\"caption-attachment-36284\" class=\"wp-caption-text\">\u00a9 Adrien Bruneau<\/figcaption><\/figure>\n<p>Trois citoyens japonais d\u2019origine \u00e9trang\u00e8re devraient intenter une action en justice cette semaine devant le tribunal de district de Tokyo, accusant les forces de police du pays de pratiquer le profilage ethnique incessant lors d\u2019interpellations et de fouilles. <em>(Mise \u00e0 jour&nbsp;: la plainte a en effet \u00e9t\u00e9 d\u00e9pos\u00e9e le lundi 29 janvier.)<\/em><\/p>\n<p>Motoki Taniguchi, un avocat sp\u00e9cialis\u00e9 dans les droits de l\u2019homme qui repr\u00e9sente le trio, affirme qu\u2019il demandera 3 millions de yens (19 000 euros) de dommages et int\u00e9r\u00eats par personne aux gouvernements central, m\u00e9tropolitain de Tokyo et pr\u00e9fectoral d\u2019Aichi, ajoutant que la poursuite des interpellations polici\u00e8res constitue un acte de discrimination et une violation de la constitution.<\/p>\n<p>Un Pakistanais d\u2019une vingtaine d\u2019ann\u00e9es, connu sous le nom de \u00ab\u202fZain\u202f\u00bb, est l\u2019un des plaignants. Il s\u2019est install\u00e9 au <a href=\"https:\/\/www.newsendip.com\/fr\/etiquette\/japon\/\">Japon<\/a> \u00e0 l\u2019\u00e2ge de huit ans et a obtenu la citoyennet\u00e9 \u00e0 l\u2019\u00e2ge de 13 ans. Malgr\u00e9 cela, il affirme avoir \u00e9t\u00e9 soumis \u00e0 de nombreuses fouilles au fil des ans, dont deux fois devant sa maison en 2023. \u00ab\u202fAu total, il a \u00e9t\u00e9 contr\u00f4l\u00e9 une quinzaine de fois au Japon\u202f\u00bb, a d\u00e9clar\u00e9 M. Taniguchi dans un communiqu\u00e9.<\/p>\n<p>Les deux autres plaignants s\u2019appellent \u00ab\u202fMaurice\u202f\u00bb, une personne afro-am\u00e9ricaine d\u2019une quarantaine d\u2019ann\u00e9es qui vit avec des membres de sa famille qui sont citoyens japonais, et \u00ab\u202fMatthew\u202f\u00bb, un homme \u00e2g\u00e9 d\u2019une cinquantaine d\u2019ann\u00e9es. Matthew a v\u00e9cu dans plusieurs pays avant d\u2019\u00e9pouser sa partenaire japonaise en 2002 et de s\u2019installer au Japon, o\u00f9 il est devenu r\u00e9sident permanent.<\/p>\n<p>En 2021, une patrouille de police aurait fait demi-tour alors qu\u2019il se rendait au travail avec sa femme, aurait mis sa sir\u00e8ne en marche et lui aurait ordonn\u00e9 de s\u2019arr\u00eater. On lui a alors demand\u00e9 son permis de conduire, sa carte de s\u00e9jour et son passeport. Bien qu\u2019il n\u2019ait commis aucun acte r\u00e9pr\u00e9hensible, l\u2019agent a d\u00e9clar\u00e9 qu\u2019il \u00e9tait \u00ab\u202finhabituel\u202f\u00bb de voir un \u00e9tranger \u00e0 cet endroit.<\/p>\n<p>\u00ab\u202fAu total, il a \u00e9t\u00e9 interrog\u00e9 une centaine de fois par la police japonaise, et a \u00e9t\u00e9 interrog\u00e9 deux fois dans la m\u00eame journ\u00e9e environ quatre fois\u202f\u00bb, a d\u00e9clar\u00e9 M. Taniguchi dans un communiqu\u00e9.<\/p>\n<p>M. Taniguchi a d\u00e9clar\u00e9 \u00e0 <a href=\"https:\/\/www.youtube.com\/watch?v=ISGdtaqC2BY\">NHK News<\/a> qu\u2019il pensait qu\u2019il s\u2019agissait du premier proc\u00e8s intent\u00e9 au Japon pour lutter contre l\u2019ill\u00e9galit\u00e9 des interrogatoires de police fond\u00e9s sur le <a href=\"https:\/\/www.newsendip.com\/fr\/lappartenance-ethnique-consideree-comme-un-motif-acceptable-de-controle-de-limmigration-aux-pays-bas\/\">profilage ethnique<\/a> et qu\u2019il esp\u00e9rait que ce proc\u00e8s donnerait l\u2019occasion aux personnes de se demander si les actions de la police dans le pays sont conformes aux normes internationales.<\/p>\n<p>Bien que l\u2019Agence nationale de police du Japon n\u2019ait pas comment\u00e9 l\u2019affaire, une enqu\u00eate interne men\u00e9e en 2022 a confirm\u00e9 six cas dans le pays d\u2019interrogatoires inappropri\u00e9s par des officiers bas\u00e9s sur des pr\u00e9jug\u00e9s raciaux. \u00c0 l\u2019\u00e9poque, l\u2019agence a d\u00e9clar\u00e9 qu\u2019elle fournirait des lignes directrices aux agents.<\/p>\n<p>En septembre dernier, l\u2019association du barreau de Tokyo a publi\u00e9 les r\u00e9sultats de sa propre enqu\u00eate sur le potentiel profilage racial de la police japonaise. L\u2019enqu\u00eate en ligne men\u00e9e pendant deux mois aupr\u00e8s de 2 094 personnes vivant au Japon et d\u2019origine \u00e9trang\u00e8re a r\u00e9v\u00e9l\u00e9 que 63\u202f% des personnes interrog\u00e9es avaient \u00e9t\u00e9 contr\u00f4l\u00e9s par la police au cours des cinq derni\u00e8res ann\u00e9es.<\/p>\n<p>Selon les r\u00e9sultats de l\u2019enqu\u00eate, 84\u202f% des r\u00e9pondants latino-am\u00e9ricains ont \u00e9t\u00e9 contr\u00f4l\u00e9es, 83\u202f% des personnes d\u2019origine africaine et 76\u202f% des personnes d\u2019origine moyen-orientale. Pour, les Nord-Am\u00e9ricains et les personnes originaires d\u2019Asie du Nord-Est les chiffres s\u2019\u00e9levaient respectivement \u00e0 60 et 50\u202f% des personnes interrog\u00e9es.<\/p>\n<p>L\u2019enqu\u00eate a \u00e9galement r\u00e9v\u00e9l\u00e9 des diff\u00e9rences bas\u00e9es sur le sexe de la personne. Cinquante-et-un pour cent des femmes ont d\u00e9clar\u00e9 que des policiers les avaient interrog\u00e9es, tandis que 70\u202f% des hommes ont d\u00e9clar\u00e9 qu\u2019ils contr\u00f4l\u00e9s. Et si 60\u202f% des personnes interrog\u00e9es estiment que les policiers sont polis lors des contr\u00f4les, 70\u202f% d\u2019entre elles se disent offusqu\u00e9es de l\u2019avoir \u00e9t\u00e9.<\/p>\n<p>La loi japonaise sur l\u2019ex\u00e9cution des devoirs de la police stipule que les policiers peuvent interroger une personne s\u2019ils identifient un motif probable.<\/p>\n<p>En octobre dernier, l\u2019Agence japonaise des services d\u2019immigration a annonc\u00e9 que plus de 3,2 millions de ressortissants \u00e9trangers vivaient au Japon, un record, et une augmentation de 148 645 par rapport \u00e0 la fin d\u00e9cembre 2022. Environ 880 000 d\u2019entre eux \u00e9taient consid\u00e9r\u00e9s comme des \u00ab\u202fr\u00e9sidents permanents\u202f\u00bb.<\/p>\n","protected":false},"excerpt":{"rendered":"<p>Trois citoyens japonais d\u2019origine \u00e9trang\u00e8re affirment avoir fait l\u2019objet de nombreuses fouilles ill\u00e9gales et pourraient intenter la toute premi\u00e8re action en justice pour profilage ethnique dans le&nbsp;pays.<\/p>\n","protected":false},"author":239,"featured_media":36284,"comment_status":"closed","ping_status":"open","sticky":false,"template":"","format":"standard","meta":{"wp_typography_post_enhancements_disabled":false,"footnotes":""},"categories":[409],"tags":[486,1334],"class_list":["post-36287","post","type-post","status-publish","format-standard","has-post-thumbnail","hentry","category-societe","tag-japon","tag-nouveau"],"yoast_head":"<!-- This site is optimized with the Yoast SEO Premium plugin v27.4 (Yoast SEO v27.4) - https:\/\/yoast.com\/product\/yoast-seo-premium-wordpress\/ -->\n<title>Au Japon, la premi\u00e8re plainte contre le profilage ethnique dans le pays<\/title>\n<meta name=\"description\" content=\"Trois citoyens japonais d&#039;origine \u00e9trang\u00e8re affirment avoir fait l&#039;objet de nombreuses fouilles ill\u00e9gales et pourraient intenter la toute premi\u00e8re action en justice pour profilage ethnique dans le pays.\" \/>\n<meta name=\"robots\" content=\"index, follow, max-snippet:-1, max-image-preview:large, max-video-preview:-1\" \/>\n<link rel=\"canonical\" href=\"https:\/\/www.newsendip.com\/fr\/au-japon-vers-la-premiere-plainte-contre-le-profilage-ethnique-dans-le-pays\/\" \/>\n<meta property=\"og:locale\" content=\"fr_FR\" \/>\n<meta property=\"og:type\" content=\"article\" \/>\n<meta property=\"og:title\" content=\"Au Japon, la premi\u00e8re plainte contre le profilage ethnique dans le pays\" \/>\n<meta property=\"og:description\" content=\"Trois citoyens japonais d&#039;origine \u00e9trang\u00e8re affirment avoir fait l&#039;objet de nombreuses fouilles ill\u00e9gales et pourraient intenter la toute premi\u00e8re action en justice pour profilage ethnique dans le pays.\" \/>\n<meta property=\"og:url\" content=\"https:\/\/www.newsendip.com\/fr\/au-japon-vers-la-premiere-plainte-contre-le-profilage-ethnique-dans-le-pays\/\" \/>\n<meta property=\"og:site_name\" content=\"Newsendip\" \/>\n<meta property=\"article:publisher\" content=\"https:\/\/www.facebook.com\/newsendip\" \/>\n<meta property=\"article:published_time\" content=\"2024-01-29T00:04:00+00:00\" \/>\n<meta property=\"article:modified_time\" content=\"2025-08-08T11:00:08+00:00\" \/>\n<meta property=\"og:image\" content=\"https:\/\/www.newsendip.com\/wp-content\/uploads\/2024\/01\/japan-police-1024x683.jpeg\" \/>\n<meta name=\"author\" content=\"Scott Murphy\" \/>\n<meta name=\"twitter:card\" content=\"summary_large_image\" \/>\n<meta name=\"twitter:image\" content=\"https:\/\/www.newsendip.com\/wp-content\/uploads\/2024\/01\/japan-police-1024x683.jpeg\" \/>\n<meta name=\"twitter:creator\" content=\"@https:\/\/twitter.com\/scottkmurphy\" \/>\n<meta name=\"twitter:site\" content=\"@newsendip\" \/>\n<meta name=\"twitter:label1\" content=\"\u00c9crit par\" \/>\n\t<meta name=\"twitter:data1\" content=\"Scott Murphy\" \/>\n\t<meta name=\"twitter:label2\" content=\"Dur\u00e9e de lecture estim\u00e9e\" \/>\n\t<meta name=\"twitter:data2\" content=\"4 minutes\" \/>\n<!-- \/ Yoast SEO Premium plugin. -->","yoast_head_json":{"title":"Au Japon, la premi\u00e8re plainte contre le profilage ethnique dans le pays","description":"Trois citoyens japonais d'origine \u00e9trang\u00e8re affirment avoir fait l'objet de nombreuses fouilles ill\u00e9gales et pourraient intenter la toute premi\u00e8re action en justice pour profilage ethnique dans le pays.","robots":{"index":"index","follow":"follow","max-snippet":"max-snippet:-1","max-image-preview":"max-image-preview:large","max-video-preview":"max-video-preview:-1"},"canonical":"https:\/\/www.newsendip.com\/fr\/au-japon-vers-la-premiere-plainte-contre-le-profilage-ethnique-dans-le-pays\/","og_locale":"fr_FR","og_type":"article","og_title":"Au Japon, la premi\u00e8re plainte contre le profilage ethnique dans le pays","og_description":"Trois citoyens japonais d'origine \u00e9trang\u00e8re affirment avoir fait l'objet de nombreuses fouilles ill\u00e9gales et pourraient intenter la toute premi\u00e8re action en justice pour profilage ethnique dans le pays.","og_url":"https:\/\/www.newsendip.com\/fr\/au-japon-vers-la-premiere-plainte-contre-le-profilage-ethnique-dans-le-pays\/","og_site_name":"Newsendip","article_publisher":"https:\/\/www.facebook.com\/newsendip","article_published_time":"2024-01-29T00:04:00+00:00","article_modified_time":"2025-08-08T11:00:08+00:00","og_image":[{"url":"https:\/\/www.newsendip.com\/wp-content\/uploads\/2024\/01\/japan-police-1024x683.jpeg","type":"","width":"","height":""}],"author":"Scott Murphy","twitter_card":"summary_large_image","twitter_image":"https:\/\/www.newsendip.com\/wp-content\/uploads\/2024\/01\/japan-police-1024x683.jpeg","twitter_creator":"@https:\/\/twitter.com\/scottkmurphy","twitter_site":"@newsendip","twitter_misc":{"\u00c9crit par":"Scott Murphy","Dur\u00e9e de lecture estim\u00e9e":"4 minutes"},"schema":{"@context":"https:\/\/schema.org","@graph":[{"@type":"NewsArticle","@id":"https:\/\/www.newsendip.com\/fr\/au-japon-vers-la-premiere-plainte-contre-le-profilage-ethnique-dans-le-pays\/#article","isPartOf":{"@id":"https:\/\/www.newsendip.com\/fr\/au-japon-vers-la-premiere-plainte-contre-le-profilage-ethnique-dans-le-pays\/"},"author":{"name":"Scott Murphy","@id":"https:\/\/www.newsendip.com\/fr\/#\/schema\/person\/9b0cb0163ce4586911db3c207008d22b"},"headline":"Au Japon, la premi\u00e8re plainte contre le profilage ethnique dans le&nbsp;pays","datePublished":"2024-01-29T00:04:00+00:00","dateModified":"2025-08-08T11:00:08+00:00","mainEntityOfPage":{"@id":"https:\/\/www.newsendip.com\/fr\/au-japon-vers-la-premiere-plainte-contre-le-profilage-ethnique-dans-le-pays\/"},"wordCount":834,"publisher":{"@id":"https:\/\/www.newsendip.com\/fr\/#organization"},"image":{"@id":"https:\/\/www.newsendip.com\/fr\/au-japon-vers-la-premiere-plainte-contre-le-profilage-ethnique-dans-le-pays\/#primaryimage"},"thumbnailUrl":"https:\/\/www.newsendip.com\/wp-content\/uploads\/2024\/01\/japan-police.webp","keywords":["Japon","R\u00e9cent"],"articleSection":["Soci\u00e9t\u00e9"],"inLanguage":"fr-FR","copyrightYear":"2024","copyrightHolder":{"@id":"https:\/\/www.newsendip.com\/#organization"}},{"@type":"WebPage","@id":"https:\/\/www.newsendip.com\/fr\/au-japon-vers-la-premiere-plainte-contre-le-profilage-ethnique-dans-le-pays\/","url":"https:\/\/www.newsendip.com\/fr\/au-japon-vers-la-premiere-plainte-contre-le-profilage-ethnique-dans-le-pays\/","name":"Au Japon, la premi\u00e8re plainte contre le profilage ethnique dans le pays","isPartOf":{"@id":"https:\/\/www.newsendip.com\/fr\/#website"},"primaryImageOfPage":{"@id":"https:\/\/www.newsendip.com\/fr\/au-japon-vers-la-premiere-plainte-contre-le-profilage-ethnique-dans-le-pays\/#primaryimage"},"image":{"@id":"https:\/\/www.newsendip.com\/fr\/au-japon-vers-la-premiere-plainte-contre-le-profilage-ethnique-dans-le-pays\/#primaryimage"},"thumbnailUrl":"https:\/\/www.newsendip.com\/wp-content\/uploads\/2024\/01\/japan-police.webp","datePublished":"2024-01-29T00:04:00+00:00","dateModified":"2025-08-08T11:00:08+00:00","description":"Trois citoyens japonais d'origine \u00e9trang\u00e8re affirment avoir fait l'objet de nombreuses fouilles ill\u00e9gales et pourraient intenter la toute premi\u00e8re action en justice pour profilage ethnique dans le pays.","breadcrumb":{"@id":"https:\/\/www.newsendip.com\/fr\/au-japon-vers-la-premiere-plainte-contre-le-profilage-ethnique-dans-le-pays\/#breadcrumb"},"inLanguage":"fr-FR","potentialAction":[{"@type":"ReadAction","target":["https:\/\/www.newsendip.com\/fr\/au-japon-vers-la-premiere-plainte-contre-le-profilage-ethnique-dans-le-pays\/"]}]},{"@type":"ImageObject","inLanguage":"fr-FR","@id":"https:\/\/www.newsendip.com\/fr\/au-japon-vers-la-premiere-plainte-contre-le-profilage-ethnique-dans-le-pays\/#primaryimage","url":"https:\/\/www.newsendip.com\/wp-content\/uploads\/2024\/01\/japan-police.webp","contentUrl":"https:\/\/www.newsendip.com\/wp-content\/uploads\/2024\/01\/japan-police.webp","width":1920,"height":1280,"caption":"\u00a9 Adrien Bruneau"},{"@type":"BreadcrumbList","@id":"https:\/\/www.newsendip.com\/fr\/au-japon-vers-la-premiere-plainte-contre-le-profilage-ethnique-dans-le-pays\/#breadcrumb","itemListElement":[{"@type":"ListItem","position":1,"name":"Accueil","item":"https:\/\/www.newsendip.com\/fr\/"},{"@type":"ListItem","position":2,"name":"Au Japon, la premi\u00e8re plainte contre le profilage ethnique dans le pays"}]},{"@type":"WebSite","@id":"https:\/\/www.newsendip.com\/fr\/#website","url":"https:\/\/www.newsendip.com\/fr\/","name":"Newsendip","description":"Red\u00e9couvrez l&#039;actualit\u00e9 internationale","publisher":{"@id":"https:\/\/www.newsendip.com\/fr\/#organization"},"potentialAction":[{"@type":"SearchAction","target":{"@type":"EntryPoint","urlTemplate":"https:\/\/www.newsendip.com\/fr\/?s={search_term_string}"},"query-input":{"@type":"PropertyValueSpecification","valueRequired":true,"valueName":"search_term_string"}}],"inLanguage":"fr-FR"},{"@type":"Organization","@id":"https:\/\/www.newsendip.com\/fr\/#organization","name":"Newsendip","url":"https:\/\/www.newsendip.com\/fr\/","logo":{"@type":"ImageObject","inLanguage":"fr-FR","@id":"https:\/\/www.newsendip.com\/fr\/#\/schema\/logo\/image\/","url":"https:\/\/www.newsendip.com\/wp-content\/uploads\/2023\/12\/512x512.svg","contentUrl":"https:\/\/www.newsendip.com\/wp-content\/uploads\/2023\/12\/512x512.svg","width":1,"height":1,"caption":"Newsendip"},"image":{"@id":"https:\/\/www.newsendip.com\/fr\/#\/schema\/logo\/image\/"},"sameAs":["https:\/\/www.facebook.com\/newsendip","https:\/\/x.com\/newsendip","https:\/\/mastodon.social\/@newsendip","https:\/\/www.linkedin.com\/company\/newsendip"],"description":"Newsendip est un site qui a pour mission de rendre l'actualit\u00e9 internationale accessible et diversifi\u00e9e","email":"contact@newsendip.com","legalName":"Newsendip SAS","foundingDate":"2022-11-04","vatID":"FR60921124723","numberOfEmployees":{"@type":"QuantitativeValue","minValue":"1","maxValue":"10"},"publishingPrinciples":"https:\/\/www.newsendip.com\/about-us\/","ownershipFundingInfo":"https:\/\/www.newsendip.com\/legal-notice\/","actionableFeedbackPolicy":"https:\/\/www.newsendip.com\/about-us\/","correctionsPolicy":"https:\/\/www.newsendip.com\/about-us\/","ethicsPolicy":"https:\/\/www.newsendip.com\/about-us\/","diversityPolicy":"https:\/\/www.newsendip.com\/about-us\/"},{"@type":"Person","@id":"https:\/\/www.newsendip.com\/fr\/#\/schema\/person\/9b0cb0163ce4586911db3c207008d22b","name":"Scott Murphy","description":"Scott is a journalist for Newsendip. He is American and has been living in Hong Kong for years. He has extensive experience as a lifestyle journalist, interviewer and TV producer. His stories also appeared in other media like CNN, Hollywood Reporter, or South China Morning Post.","sameAs":["https:\/\/www.linkedin.com\/in\/scottkmurphy\/","https:\/\/x.com\/https:\/\/twitter.com\/scottkmurphy"],"knowsAbout":["News"],"knowsLanguage":["English"],"url":"https:\/\/www.newsendip.com\/fr\/author\/scott-muprhy\/"}]}},"_links":{"self":[{"href":"https:\/\/www.newsendip.com\/fr\/wp-json\/wp\/v2\/posts\/36287","targetHints":{"allow":["GET"]}}],"collection":[{"href":"https:\/\/www.newsendip.com\/fr\/wp-json\/wp\/v2\/posts"}],"about":[{"href":"https:\/\/www.newsendip.com\/fr\/wp-json\/wp\/v2\/types\/post"}],"author":[{"embeddable":true,"href":"https:\/\/www.newsendip.com\/fr\/wp-json\/wp\/v2\/users\/239"}],"replies":[{"embeddable":true,"href":"https:\/\/www.newsendip.com\/fr\/wp-json\/wp\/v2\/comments?post=36287"}],"version-history":[{"count":1,"href":"https:\/\/www.newsendip.com\/fr\/wp-json\/wp\/v2\/posts\/36287\/revisions"}],"predecessor-version":[{"id":44081,"href":"https:\/\/www.newsendip.com\/fr\/wp-json\/wp\/v2\/posts\/36287\/revisions\/44081"}],"wp:featuredmedia":[{"embeddable":true,"href":"https:\/\/www.newsendip.com\/fr\/wp-json\/wp\/v2\/media\/36284"}],"wp:attachment":[{"href":"https:\/\/www.newsendip.com\/fr\/wp-json\/wp\/v2\/media?parent=36287"}],"wp:term":[{"taxonomy":"category","embeddable":true,"href":"https:\/\/www.newsendip.com\/fr\/wp-json\/wp\/v2\/categories?post=36287"},{"taxonomy":"post_tag","embeddable":true,"href":"https:\/\/www.newsendip.com\/fr\/wp-json\/wp\/v2\/tags?post=36287"}],"curies":[{"name":"wp","href":"https:\/\/api.w.org\/{rel}","templated":true}]}}