{"id":36336,"date":"2024-01-31T07:00:00","date_gmt":"2024-01-31T06:00:00","guid":{"rendered":"https:\/\/www.newsendip.com\/?p=36336"},"modified":"2024-02-02T15:30:16","modified_gmt":"2024-02-02T14:30:16","slug":"bresil-mort-leader-indigene-tensions-agriculteurs-terres","status":"publish","type":"post","link":"https:\/\/www.newsendip.com\/fr\/bresil-mort-leader-indigene-tensions-agriculteurs-terres\/","title":{"rendered":"Au Br\u00e9sil, la mort d\u2019une leader indig\u00e8ne met en lumi\u00e8re les tensions avec les agriculteurs pour les terres"},"content":{"rendered":"<p><strong>Au Br\u00e9sil, la mort d\u2019un membre du groupe indig\u00e8ne Patax\u00f3 H\u00e3-Ha-H\u00e3e met en lumi\u00e8re les tensions entre les communaut\u00e9s indig\u00e8nes et les agriculteurs autour de l\u2019occupation des terres. Le pr\u00e9sident br\u00e9silien s\u2019engage \u00e0 offrir un soutien f\u00e9d\u00e9ral au groupe indig\u00e8ne suite \u00e0 la fusillade.<\/strong><\/p>\n<figure id=\"attachment_36331\" aria-describedby=\"caption-attachment-36331\" style=\"width: 1024px\" class=\"wp-caption aligncenter\"><img decoding=\"async\" class=\"wp-image-36331 size-large\" src=\"https:\/\/www.newsendip.com\/wp-content\/uploads\/2024\/01\/Brazil-bahia-farm-indigenous-people-conflict-land-1024x576.webp\" alt=\"Conflit entre peuple indig\u00e8ne et agriculteurs au Br\u00e9sil\" width=\"1024\" height=\"576\" srcset=\"https:\/\/www.newsendip.com\/wp-content\/uploads\/2024\/01\/Brazil-bahia-farm-indigenous-people-conflict-land-1024x576.webp 1024w, https:\/\/www.newsendip.com\/wp-content\/uploads\/2024\/01\/Brazil-bahia-farm-indigenous-people-conflict-land-60x34.webp 60w, https:\/\/www.newsendip.com\/wp-content\/uploads\/2024\/01\/Brazil-bahia-farm-indigenous-people-conflict-land-300x169.webp 300w, https:\/\/www.newsendip.com\/wp-content\/uploads\/2024\/01\/Brazil-bahia-farm-indigenous-people-conflict-land-768x432.webp 768w, https:\/\/www.newsendip.com\/wp-content\/uploads\/2024\/01\/Brazil-bahia-farm-indigenous-people-conflict-land.webp 1440w\" sizes=\"(max-width: 1024px) 100vw, 1024px\"><figcaption id=\"caption-attachment-36331\" class=\"wp-caption-text\">Invas\u00e3o Zero (Invasion z\u00e9ro), un regroupement d\u2019agriculteurs, a br\u00fbl\u00e9 des v\u00e9hicules des Patax\u00f3 H\u00e3-Ha-H\u00e3e et les ont expuls\u00e9s d\u2019une ferme qu\u2019ils avaient investie plus t\u00f4t le matin. L\u2019affrontement a entra\u00een\u00e9 la mort de la leader indig\u00e8ne Nega Petaxo | \u00a9 Gasinho Dias G4tvBahia G4drones<\/figcaption><\/figure>\n<p>Le pr\u00e9sident br\u00e9silien Luiz Inacio Lula da Silva affirme qu\u2019il apportera une aide f\u00e9d\u00e9rale aux populations indig\u00e8nes du sud de l\u2019\u00c9tat de Bahia \u00e0 la suite d\u2019un r\u00e9cent conflit qui a entra\u00een\u00e9 la mort par balle d\u2019une personne et bless\u00e9 au moins huit autres.<\/p>\n<p>Selon les diff\u00e9rentes informations recueillies, le 21 janvier, environ 200 agriculteurs dans l\u2019est du Br\u00e9sil sont arriv\u00e9s \u00e0 bord de v\u00e9hicules apr\u00e8s que les Patax\u00f3 H\u00e3 H\u00e3 H\u00e3e, un groupe indig\u00e8ne br\u00e9silien, a investi une ferme locale.<\/p>\n<p>Au cours des \u00e9v\u00e8nements, probablement en pr\u00e9sence de la police militaire, Maria de Fatima Muniz, connue sous le nom de Nega Petaxo, a \u00e9t\u00e9 tu\u00e9e par balle. Son fr\u00e8re, le chef Nailton Pataxo, a \u00e9galement \u00e9t\u00e9 bless\u00e9 par balle et a surv\u00e9cu apr\u00e8s une intervention chirurgicale. Plusieurs autres personnes ont \u00e9t\u00e9 bless\u00e9es sans que leur vie ne soit en danger.<\/p>\n<p>Deux suspects, dont le fils d\u2019un agriculteur \u00e2g\u00e9 de 19 ans et un officier de la police militaire de r\u00e9serve \u00e2g\u00e9 de 60 ans, ont \u00e9t\u00e9 arr\u00eat\u00e9s apr\u00e8s le conflit. Un membre indig\u00e8ne portant une \u00ab\u202farme artisanale\u202f\u00bb a \u00e9galement \u00e9t\u00e9 arr\u00eat\u00e9 sur les&nbsp;lieux.<\/p>\n<p>Des photos et vid\u00e9os diffus\u00e9s dans les <a href=\"https:\/\/www.instagram.com\/p\/C2qZT4dO0KW\/\">m\u00e9dias locaux<\/a> et sur les r\u00e9seaux sociaux montrent des policiers prot\u00e9geant des fermiers alors qu\u2019ils encerclaient la communaut\u00e9 indig\u00e8ne et ouvraient le&nbsp;feu.<\/p>\n<p>Selon un communiqu\u00e9 de l\u2019Articulation des peuples indig\u00e8nes du Br\u00e9sil, \u00ab\u202fles paysans de la r\u00e9gion ont encercl\u00e9 la zone avec des dizaines de camions pendant que la police tirait sur les indig\u00e8nes. Ils se sont rassembl\u00e9s via WhatsApp, en invitant les agriculteurs et les commer\u00e7ants \u00e0 reprendre possession de la ferme de leurs propres mains. Une vid\u00e9o montre les bless\u00e9s \u00e0 terre, toujours sans assistance, entour\u00e9s par un groupe de ruralistes qui c\u00e9l\u00e8brent la violence.\u202f\u00bb<\/p>\n<p>Soniz Gaujajar, la ministre br\u00e9silienne des peuples indig\u00e8nes, a d\u00e9nonc\u00e9 le groupe d\u2019agriculteurs pour avoir r\u00e9cup\u00e9r\u00e9 les terres \u00ab\u202fpar leurs propres moyens, sans d\u00e9cision judiciaire\u202f\u00bb. Elle a d\u00e9clar\u00e9 dans une interview que les terres occup\u00e9es par les indig\u00e8nes avaient \u00e9t\u00e9 \u00ab\u202fr\u00e9cup\u00e9r\u00e9es dans le cadre d\u2019une occupation traditionnelle\u202f\u00bb. En r\u00e9ponse, le pr\u00e9sident Lula a d\u00e9clar\u00e9 lors d\u2019une interview \u00e0 la radio&nbsp;: \u00ab\u202fJe veux mettre le gouvernement f\u00e9d\u00e9ral \u00e0 la disposition de Jeronimo (Rodrigues, gouverneur de Bahia) et des peuples indig\u00e8nes pour trouver une solution pacifique\u202f\u00bb.<\/p>\n<p>Dans le m\u00eame temps, le minist\u00e8re public f\u00e9d\u00e9ral et les d\u00e9fenseurs publics de l\u2019Union et de Bahia ont publi\u00e9 une d\u00e9claration distincte dans laquelle ils affirment que le <a href=\"https:\/\/www.newsendip.com\/fr\/un-proces-de-la-verite-en-argentine-98-ans-apres-le-massacre-de-napalpi-de-populations-indigenes-tabo-qom-mocovi\/\">meurtre des populations indig\u00e8nes<\/a> est li\u00e9 aux actions d\u2019une milice arm\u00e9e op\u00e9rant dans l\u2019\u00c9tat.<\/p>\n<p>Nega Petaxo a \u00e9t\u00e9 d\u00e9crite comme une dirigeante politique et spirituelle de son peuple, soucieuse de gu\u00e9rir la terre. Ceux qui l\u2019ont connue ont d\u00e9clar\u00e9 que son leadership spirituel avait contribu\u00e9 \u00e0 mobiliser les jeunes et les <a href=\"https:\/\/www.newsendip.com\/fr\/une-douzaine-de-femmes-indigenes-du-panama-affirment-avoir-ete-victimes-de-sterilisation-forcee\/\">femmes indig\u00e8nes<\/a> en vue d\u2019am\u00e9liorer l\u2019environnement.<\/p>\n<p>Ce diff\u00e9rend fait suite aux tensions persistantes qui ont eu lieu l\u2019ann\u00e9e derni\u00e8re \u00e0 propos d\u2019un projet de loi controvers\u00e9 sur la d\u00e9marcation qui limiterait les droits de revendication des autochtones \u00e0 la p\u00e9riode ant\u00e9rieure au 5 octobre 1988, date \u00e0 laquelle la constitution br\u00e9silienne actuelle a \u00e9t\u00e9 promulgu\u00e9e.<\/p>\n<p>Les scientifiques estiment que les terres indig\u00e8nes cr\u00e9ent d\u2019importantes zones tampons contre la d\u00e9forestation en Amazonie. Le Br\u00e9sil compte plus de 700 terres indig\u00e8nes reconnues.<\/p>\n<p>Un rapport publi\u00e9 l\u2019ann\u00e9e derni\u00e8re par le Conseil missionnaire indig\u00e8ne (CIMI) a r\u00e9v\u00e9l\u00e9 que 800 indig\u00e8nes br\u00e9siliens ont \u00e9t\u00e9 tu\u00e9s pendant le mandat de Jair Bolsonaro en tant que pr\u00e9sident du Br\u00e9sil de 2019 \u00e0&nbsp;2022.<\/p>\n<p>L\u2019ann\u00e9e derni\u00e8re, l\u2019\u00c9tat de Bahia a signal\u00e9 211 conflits fonciers, ce qui en fait la troisi\u00e8me zone de conflit du&nbsp;pays.<\/p>\n","protected":false},"excerpt":{"rendered":"<p>Au Br\u00e9sil, la mort d\u2019un membre du groupe indig\u00e8ne Patax\u00f3 H\u00e3-Ha-H\u00e3e met en lumi\u00e8re les tensions entre les communaut\u00e9s indig\u00e8nes et les agriculteurs autout de l\u2019occupation des terres. Le pr\u00e9sident br\u00e9silien s\u2019engage \u00e0 offrir un soutien f\u00e9d\u00e9ral au groupe indig\u00e8ne suite \u00e0 la fusillade.<\/p>\n","protected":false},"author":239,"featured_media":36331,"comment_status":"closed","ping_status":"open","sticky":false,"template":"","format":"standard","meta":{"wp_typography_post_enhancements_disabled":false,"footnotes":""},"categories":[416],"tags":[455,1334],"class_list":["post-36336","post","type-post","status-publish","format-standard","has-post-thumbnail","hentry","category-politique","tag-bresil","tag-nouveau"],"yoast_head":"<!-- This site is optimized with the Yoast SEO Premium plugin v27.4 (Yoast SEO v27.4) - https:\/\/yoast.com\/product\/yoast-seo-premium-wordpress\/ -->\n<title>Au Br\u00e9sil, la mort d&#039;une leader indig\u00e8ne met en lumi\u00e8re les tensions avec les agriculteurs pour les terres<\/title>\n<meta name=\"description\" content=\"Au Br\u00e9sil, la mort d&#039;un membre du groupe indig\u00e8ne Patax\u00f3 H\u00e3-Ha-H\u00e3e met en lumi\u00e8re les tensions entre les communaut\u00e9s indig\u00e8nes et les agriculteurs autout de l&#039;occupation des terres. Le pr\u00e9sident br\u00e9silien s&#039;engage \u00e0 offrir un soutien f\u00e9d\u00e9ral au groupe indig\u00e8ne suite \u00e0 la fusillade.\" \/>\n<meta name=\"robots\" content=\"index, follow, max-snippet:-1, max-image-preview:large, max-video-preview:-1\" \/>\n<link rel=\"canonical\" href=\"https:\/\/www.newsendip.com\/fr\/bresil-mort-leader-indigene-tensions-agriculteurs-terres\/\" \/>\n<meta property=\"og:locale\" content=\"fr_FR\" \/>\n<meta property=\"og:type\" content=\"article\" \/>\n<meta property=\"og:title\" content=\"Au Br\u00e9sil, la mort d&#039;une leader indig\u00e8ne met en lumi\u00e8re les tensions avec les agriculteurs pour les terres\" \/>\n<meta property=\"og:description\" content=\"Au Br\u00e9sil, la mort d&#039;un membre du groupe indig\u00e8ne Patax\u00f3 H\u00e3-Ha-H\u00e3e met en lumi\u00e8re les tensions entre les communaut\u00e9s indig\u00e8nes et les agriculteurs autout de l&#039;occupation des terres. Le pr\u00e9sident br\u00e9silien s&#039;engage \u00e0 offrir un soutien f\u00e9d\u00e9ral au groupe indig\u00e8ne suite \u00e0 la fusillade.\" \/>\n<meta property=\"og:url\" content=\"https:\/\/www.newsendip.com\/fr\/bresil-mort-leader-indigene-tensions-agriculteurs-terres\/\" \/>\n<meta property=\"og:site_name\" content=\"Newsendip\" \/>\n<meta property=\"article:publisher\" content=\"https:\/\/www.facebook.com\/newsendip\" \/>\n<meta property=\"article:published_time\" content=\"2024-01-31T06:00:00+00:00\" \/>\n<meta property=\"article:modified_time\" content=\"2024-02-02T14:30:16+00:00\" \/>\n<meta property=\"og:image\" content=\"https:\/\/www.newsendip.com\/wp-content\/uploads\/2024\/01\/Brazil-bahia-farm-indigenous-people-conflict-land.jpeg\" \/>\n\t<meta property=\"og:image:width\" content=\"1440\" \/>\n\t<meta property=\"og:image:height\" content=\"810\" \/>\n\t<meta property=\"og:image:type\" content=\"image\/jpeg\" \/>\n<meta name=\"author\" content=\"Scott Murphy\" \/>\n<meta name=\"twitter:card\" content=\"summary_large_image\" \/>\n<meta name=\"twitter:image\" content=\"https:\/\/www.newsendip.com\/wp-content\/uploads\/2024\/01\/Brazil-bahia-farm-indigenous-people-conflict-land.jpeg\" \/>\n<meta name=\"twitter:creator\" content=\"@https:\/\/twitter.com\/scottkmurphy\" \/>\n<meta name=\"twitter:site\" content=\"@newsendip\" \/>\n<meta name=\"twitter:label1\" content=\"\u00c9crit par\" \/>\n\t<meta name=\"twitter:data1\" content=\"Scott Murphy\" \/>\n\t<meta name=\"twitter:label2\" content=\"Dur\u00e9e de lecture estim\u00e9e\" \/>\n\t<meta name=\"twitter:data2\" content=\"4 minutes\" \/>\n<!-- \/ Yoast SEO Premium plugin. -->","yoast_head_json":{"title":"Au Br\u00e9sil, la mort d'une leader indig\u00e8ne met en lumi\u00e8re les tensions avec les agriculteurs pour les terres","description":"Au Br\u00e9sil, la mort d'un membre du groupe indig\u00e8ne Patax\u00f3 H\u00e3-Ha-H\u00e3e met en lumi\u00e8re les tensions entre les communaut\u00e9s indig\u00e8nes et les agriculteurs autout de l'occupation des terres. Le pr\u00e9sident br\u00e9silien s'engage \u00e0 offrir un soutien f\u00e9d\u00e9ral au groupe indig\u00e8ne suite \u00e0 la fusillade.","robots":{"index":"index","follow":"follow","max-snippet":"max-snippet:-1","max-image-preview":"max-image-preview:large","max-video-preview":"max-video-preview:-1"},"canonical":"https:\/\/www.newsendip.com\/fr\/bresil-mort-leader-indigene-tensions-agriculteurs-terres\/","og_locale":"fr_FR","og_type":"article","og_title":"Au Br\u00e9sil, la mort d'une leader indig\u00e8ne met en lumi\u00e8re les tensions avec les agriculteurs pour les terres","og_description":"Au Br\u00e9sil, la mort d'un membre du groupe indig\u00e8ne Patax\u00f3 H\u00e3-Ha-H\u00e3e met en lumi\u00e8re les tensions entre les communaut\u00e9s indig\u00e8nes et les agriculteurs autout de l'occupation des terres. Le pr\u00e9sident br\u00e9silien s'engage \u00e0 offrir un soutien f\u00e9d\u00e9ral au groupe indig\u00e8ne suite \u00e0 la fusillade.","og_url":"https:\/\/www.newsendip.com\/fr\/bresil-mort-leader-indigene-tensions-agriculteurs-terres\/","og_site_name":"Newsendip","article_publisher":"https:\/\/www.facebook.com\/newsendip","article_published_time":"2024-01-31T06:00:00+00:00","article_modified_time":"2024-02-02T14:30:16+00:00","og_image":[{"width":1440,"height":810,"url":"https:\/\/www.newsendip.com\/wp-content\/uploads\/2024\/01\/Brazil-bahia-farm-indigenous-people-conflict-land.jpeg","type":"image\/jpeg"}],"author":"Scott Murphy","twitter_card":"summary_large_image","twitter_image":"https:\/\/www.newsendip.com\/wp-content\/uploads\/2024\/01\/Brazil-bahia-farm-indigenous-people-conflict-land.jpeg","twitter_creator":"@https:\/\/twitter.com\/scottkmurphy","twitter_site":"@newsendip","twitter_misc":{"\u00c9crit par":"Scott Murphy","Dur\u00e9e de lecture estim\u00e9e":"4 minutes"},"schema":{"@context":"https:\/\/schema.org","@graph":[{"@type":"NewsArticle","@id":"https:\/\/www.newsendip.com\/fr\/bresil-mort-leader-indigene-tensions-agriculteurs-terres\/#article","isPartOf":{"@id":"https:\/\/www.newsendip.com\/fr\/bresil-mort-leader-indigene-tensions-agriculteurs-terres\/"},"author":{"name":"Scott Murphy","@id":"https:\/\/www.newsendip.com\/fr\/#\/schema\/person\/9b0cb0163ce4586911db3c207008d22b"},"headline":"Au Br\u00e9sil, la mort d\u2019une leader indig\u00e8ne met en lumi\u00e8re les tensions avec les agriculteurs pour les terres","datePublished":"2024-01-31T06:00:00+00:00","dateModified":"2024-02-02T14:30:16+00:00","mainEntityOfPage":{"@id":"https:\/\/www.newsendip.com\/fr\/bresil-mort-leader-indigene-tensions-agriculteurs-terres\/"},"wordCount":838,"publisher":{"@id":"https:\/\/www.newsendip.com\/fr\/#organization"},"image":{"@id":"https:\/\/www.newsendip.com\/fr\/bresil-mort-leader-indigene-tensions-agriculteurs-terres\/#primaryimage"},"thumbnailUrl":"https:\/\/www.newsendip.com\/wp-content\/uploads\/2024\/01\/Brazil-bahia-farm-indigenous-people-conflict-land.webp","keywords":["Br\u00e9sil","R\u00e9cent"],"articleSection":["Politique"],"inLanguage":"fr-FR","copyrightYear":"2024","copyrightHolder":{"@id":"https:\/\/www.newsendip.com\/#organization"}},{"@type":"WebPage","@id":"https:\/\/www.newsendip.com\/fr\/bresil-mort-leader-indigene-tensions-agriculteurs-terres\/","url":"https:\/\/www.newsendip.com\/fr\/bresil-mort-leader-indigene-tensions-agriculteurs-terres\/","name":"Au Br\u00e9sil, la mort d'une leader indig\u00e8ne met en lumi\u00e8re les tensions avec les agriculteurs pour les terres","isPartOf":{"@id":"https:\/\/www.newsendip.com\/fr\/#website"},"primaryImageOfPage":{"@id":"https:\/\/www.newsendip.com\/fr\/bresil-mort-leader-indigene-tensions-agriculteurs-terres\/#primaryimage"},"image":{"@id":"https:\/\/www.newsendip.com\/fr\/bresil-mort-leader-indigene-tensions-agriculteurs-terres\/#primaryimage"},"thumbnailUrl":"https:\/\/www.newsendip.com\/wp-content\/uploads\/2024\/01\/Brazil-bahia-farm-indigenous-people-conflict-land.webp","datePublished":"2024-01-31T06:00:00+00:00","dateModified":"2024-02-02T14:30:16+00:00","description":"Au Br\u00e9sil, la mort d'un membre du groupe indig\u00e8ne Patax\u00f3 H\u00e3-Ha-H\u00e3e met en lumi\u00e8re les tensions entre les communaut\u00e9s indig\u00e8nes et les agriculteurs autout de l'occupation des terres. Le pr\u00e9sident br\u00e9silien s'engage \u00e0 offrir un soutien f\u00e9d\u00e9ral au groupe indig\u00e8ne suite \u00e0 la fusillade.","breadcrumb":{"@id":"https:\/\/www.newsendip.com\/fr\/bresil-mort-leader-indigene-tensions-agriculteurs-terres\/#breadcrumb"},"inLanguage":"fr-FR","potentialAction":[{"@type":"ReadAction","target":["https:\/\/www.newsendip.com\/fr\/bresil-mort-leader-indigene-tensions-agriculteurs-terres\/"]}]},{"@type":"ImageObject","inLanguage":"fr-FR","@id":"https:\/\/www.newsendip.com\/fr\/bresil-mort-leader-indigene-tensions-agriculteurs-terres\/#primaryimage","url":"https:\/\/www.newsendip.com\/wp-content\/uploads\/2024\/01\/Brazil-bahia-farm-indigenous-people-conflict-land.webp","contentUrl":"https:\/\/www.newsendip.com\/wp-content\/uploads\/2024\/01\/Brazil-bahia-farm-indigenous-people-conflict-land.webp","width":1440,"height":810,"caption":"Invas\u00e3o Zero (Invasion z\u00e9ro), un regroupement d'agriculteurs, a br\u00fbl\u00e9 des v\u00e9hicules des Patax\u00f3 H\u00e3-Ha-H\u00e3e et les ont expuls\u00e9s d'une ferme qu'ils avaient investie plus t\u00f4t le matin. L'affrontement a entra\u00een\u00e9 la mort de la leader indig\u00e8ne Nega Petaxo | \u00a9 Gasinho Dias G4tvBahia G4drones"},{"@type":"BreadcrumbList","@id":"https:\/\/www.newsendip.com\/fr\/bresil-mort-leader-indigene-tensions-agriculteurs-terres\/#breadcrumb","itemListElement":[{"@type":"ListItem","position":1,"name":"Accueil","item":"https:\/\/www.newsendip.com\/fr\/"},{"@type":"ListItem","position":2,"name":"Au Br\u00e9sil, la mort d&#8217;une leader indig\u00e8ne met en lumi\u00e8re les tensions avec les agriculteurs pour les terres"}]},{"@type":"WebSite","@id":"https:\/\/www.newsendip.com\/fr\/#website","url":"https:\/\/www.newsendip.com\/fr\/","name":"Newsendip","description":"Red\u00e9couvrez l&#039;actualit\u00e9 internationale","publisher":{"@id":"https:\/\/www.newsendip.com\/fr\/#organization"},"potentialAction":[{"@type":"SearchAction","target":{"@type":"EntryPoint","urlTemplate":"https:\/\/www.newsendip.com\/fr\/?s={search_term_string}"},"query-input":{"@type":"PropertyValueSpecification","valueRequired":true,"valueName":"search_term_string"}}],"inLanguage":"fr-FR"},{"@type":"Organization","@id":"https:\/\/www.newsendip.com\/fr\/#organization","name":"Newsendip","url":"https:\/\/www.newsendip.com\/fr\/","logo":{"@type":"ImageObject","inLanguage":"fr-FR","@id":"https:\/\/www.newsendip.com\/fr\/#\/schema\/logo\/image\/","url":"https:\/\/www.newsendip.com\/wp-content\/uploads\/2023\/12\/512x512.svg","contentUrl":"https:\/\/www.newsendip.com\/wp-content\/uploads\/2023\/12\/512x512.svg","width":1,"height":1,"caption":"Newsendip"},"image":{"@id":"https:\/\/www.newsendip.com\/fr\/#\/schema\/logo\/image\/"},"sameAs":["https:\/\/www.facebook.com\/newsendip","https:\/\/x.com\/newsendip","https:\/\/mastodon.social\/@newsendip","https:\/\/www.linkedin.com\/company\/newsendip"],"description":"Newsendip est un site qui a pour mission de rendre l'actualit\u00e9 internationale accessible et diversifi\u00e9e","email":"contact@newsendip.com","legalName":"Newsendip SAS","foundingDate":"2022-11-04","vatID":"FR60921124723","numberOfEmployees":{"@type":"QuantitativeValue","minValue":"1","maxValue":"10"},"publishingPrinciples":"https:\/\/www.newsendip.com\/about-us\/","ownershipFundingInfo":"https:\/\/www.newsendip.com\/legal-notice\/","actionableFeedbackPolicy":"https:\/\/www.newsendip.com\/about-us\/","correctionsPolicy":"https:\/\/www.newsendip.com\/about-us\/","ethicsPolicy":"https:\/\/www.newsendip.com\/about-us\/","diversityPolicy":"https:\/\/www.newsendip.com\/about-us\/"},{"@type":"Person","@id":"https:\/\/www.newsendip.com\/fr\/#\/schema\/person\/9b0cb0163ce4586911db3c207008d22b","name":"Scott Murphy","description":"Scott is a journalist for Newsendip. He is American and has been living in Hong Kong for years. He has extensive experience as a lifestyle journalist, interviewer and TV producer. His stories also appeared in other media like CNN, Hollywood Reporter, or South China Morning Post.","sameAs":["https:\/\/www.linkedin.com\/in\/scottkmurphy\/","https:\/\/x.com\/https:\/\/twitter.com\/scottkmurphy"],"knowsAbout":["News"],"knowsLanguage":["English"],"url":"https:\/\/www.newsendip.com\/fr\/author\/scott-muprhy\/"}]}},"_links":{"self":[{"href":"https:\/\/www.newsendip.com\/fr\/wp-json\/wp\/v2\/posts\/36336","targetHints":{"allow":["GET"]}}],"collection":[{"href":"https:\/\/www.newsendip.com\/fr\/wp-json\/wp\/v2\/posts"}],"about":[{"href":"https:\/\/www.newsendip.com\/fr\/wp-json\/wp\/v2\/types\/post"}],"author":[{"embeddable":true,"href":"https:\/\/www.newsendip.com\/fr\/wp-json\/wp\/v2\/users\/239"}],"replies":[{"embeddable":true,"href":"https:\/\/www.newsendip.com\/fr\/wp-json\/wp\/v2\/comments?post=36336"}],"version-history":[{"count":0,"href":"https:\/\/www.newsendip.com\/fr\/wp-json\/wp\/v2\/posts\/36336\/revisions"}],"wp:featuredmedia":[{"embeddable":true,"href":"https:\/\/www.newsendip.com\/fr\/wp-json\/wp\/v2\/media\/36331"}],"wp:attachment":[{"href":"https:\/\/www.newsendip.com\/fr\/wp-json\/wp\/v2\/media?parent=36336"}],"wp:term":[{"taxonomy":"category","embeddable":true,"href":"https:\/\/www.newsendip.com\/fr\/wp-json\/wp\/v2\/categories?post=36336"},{"taxonomy":"post_tag","embeddable":true,"href":"https:\/\/www.newsendip.com\/fr\/wp-json\/wp\/v2\/tags?post=36336"}],"curies":[{"name":"wp","href":"https:\/\/api.w.org\/{rel}","templated":true}]}}