{"id":36488,"date":"2022-03-08T19:01:24","date_gmt":"2022-03-08T18:01:24","guid":{"rendered":"https:\/\/www.newsendip.com\/?p=36488"},"modified":"2024-02-04T22:03:35","modified_gmt":"2024-02-04T21:03:35","slug":"newsletter-du-8-mars-2022","status":"publish","type":"post","link":"https:\/\/www.newsendip.com\/fr\/newsletter-du-8-mars-2022\/","title":{"rendered":"Newsletter du 8 mars&nbsp;2022"},"content":{"rendered":"<p><strong>La lettre d\u2019information d\u2019aujourd\u2019hui traite de la d\u00e9pendance de l\u2019UE \u00e0 l\u2019\u00e9gard du gaz russe, de l\u2019agression d\u2019un homme politique cor\u00e9en, du crime de l\u00e8se-majest\u00e9 en Tha\u00eflande, de la coentreprise entre Sony et Honda, et bien plus encore.<\/strong><\/p>\n<h2>Le plan de l\u2019AIE pour r\u00e9duire la d\u00e9pendance de l\u2019UE au gaz naturel russe<\/h2>\n<p>L\u2019Union europ\u00e9enne pourrait \u00eatre en mesure de <a href=\"https:\/\/www.newsendip.com\/fr\/le-plan-de-aie-pour-reduire-la-dependance-de-lue-au-gaz-naturel-russe\/\">r\u00e9duire de 30\u202f% sa d\u00e9pendance \u00e0 l\u2019\u00e9gard du gaz russe<\/a> d\u2019ici un an gr\u00e2ce \u00e0 diff\u00e9rentes s\u00e9ries de mesures. La r\u00e9duction de la consommation du chauffage domestique seule n\u2019aurait qu\u2019un impact limit\u00e9.<\/p>\n<hr>\n<h2>La Russie am\u00e8ne les sanctions de la guerre en Ukraine en jeu dans les n\u00e9gociations sur le programme nucl\u00e9aire iranien<\/h2>\n<p>Alors que les n\u00e9gociations avec l\u2019Iran sur son programme nucl\u00e9aire \u00e9taient sur le point de d\u00e9boucher sur un accord avec les puissances mondiales, la Russie veut des garanties que les sanctions contre <a href=\"https:\/\/www.newsendip.com\/fr\/la-russie-mele-les-sanctions-de-la-guerre-en-ukraine-a-laccord-sur-le-programme-nucleaire-iranien\/\">son invasion de l\u2019Ukraine n\u2019affecteront pas ses relations avec l\u2019Iran<\/a>, ce qui ajoute une nouvelle couche de complexit\u00e9. Le ministre iranien des affaires \u00e9trang\u00e8res a d\u00e9clar\u00e9 que son pays ne permettrait \u00e0 \u00ab\u202faucun \u00e9l\u00e9ment \u00e9tranger de porter atteinte \u00e0 ses int\u00e9r\u00eats nationaux\u202f\u00bb.<\/p>\n<hr>\n<h2>Un homme politique cor\u00e9en agress\u00e9 \u00e0 quelques jours de l\u2019\u00e9lection pr\u00e9sidentielle<\/h2>\n<p>Un septuag\u00e9naire s\u2019est gliss\u00e9 derri\u00e8re le chef du parti au pouvoir en Cor\u00e9e du Sud lors d\u2019un rassemblement et l\u2019a <a href=\"https:\/\/www.newsendip.com\/fr\/en-coree-un-homme-politique-agresse-quelques-jours-avant-lelection-presidentielle\/\">frapp\u00e9 \u00e0 plusieurs reprises<\/a> avec ce qui semble \u00eatre un marteau envelopp\u00e9 dans un sac en plastique. L\u2019agression a eu lieu quelques jours seulement avant l\u2019\u00e9lection pr\u00e9sidentielle en Cor\u00e9e. La campagne a \u00e9t\u00e9 marqu\u00e9e par une rh\u00e9torique am\u00e8re et toxique.<\/p>\n<hr>\n<h2>La junte militaire du Myanmar r\u00e9voque la citoyennet\u00e9 de 11 dirigeants de l\u2019opposition<\/h2>\n<p>Ils sont accus\u00e9s d\u2019avoir fui le pays et d\u2019<a href=\"https:\/\/www.newsendip.com\/fr\/junte-militaire-birmanie-revoque-la-citoyennete-de-11-leaders-opposition\/\">avoir port\u00e9 atteinte aux int\u00e9r\u00eats nationaux<\/a>. Huit d\u2019entre eux font partie du gouvernement d\u2019unit\u00e9 nationale, qui se consid\u00e8re comme l\u2019autorit\u00e9 l\u00e9gitime au pouvoir. La plupart des dirigeants du N.U.G. se cacheraient dans les zones frontali\u00e8res ou op\u00e9reraient depuis l\u2019\u00e9tranger.<\/p>\n<hr>\n<h2>Les \u00c9mirats arabes unis sur la \u00ab\u202fliste grise\u202f\u00bb de l\u2019organisme de lutte contre le blanchiment d\u2019argent<\/h2>\n<p>Alors que les \u00c9mirats arabes unis, o\u00f9 se trouvent Duba\u00ef et Abu Dhabi, s\u2019efforcent de promouvoir une image favorable au business, le Groupe d\u2019action financi\u00e8re sur le blanchiment de capitaux (GAFI) a fait part de ses <a href=\"https:\/\/www.newsendip.com\/fr\/les-emirats-arabes-unis-sur-une-liste-grise-blanchiment-dargent\/\">pr\u00e9occupations quant aux efforts d\u00e9ploy\u00e9s par les autorit\u00e9s<\/a> pour emp\u00eacher les criminels d\u2019utiliser le pays pour dissimuler des richesses, en particulier sur son march\u00e9 immobilier.<\/p>\n<hr>\n<h2>Prison pour l\u00e8se-majest\u00e9 pour un autocollant sur le portrait du roi de Tha\u00eflande<\/h2>\n<p>Un tribunal tha\u00eflandais a condamn\u00e9 un militant politique \u00e0 <a href=\"https:\/\/www.newsendip.com\/fr\/de-la-prison-pour-lese-majeste-avec-un-autocollant-sur-le-portrait-du-roi-de-thailande\/\">deux ans de prison pour l\u00e8se-majest\u00e9<\/a>. Il \u00e9tait accus\u00e9 d\u2019avoir appos\u00e9 un autocollant d\u2019une marque de yaourt sur le portrait du roi devant la Cour supr\u00eame. Plus d\u2019une centaine d\u2019autres personnes ont r\u00e9cemment \u00e9t\u00e9 accus\u00e9es de diffamation \u00e0 l\u2019\u00e9gard de la monarchie lors de manifestations r\u00e9clamant un changement politique.<\/p>\n<hr>\n<p>Sony aidera Honda \u00e0 produire de nouvelles voitures \u00e9lectriques<\/p>\n<p><a href=\"https:\/\/www.newsendip.com\/fr\/sony-aidera-honda-a-produire-des-voitures-electriques-dans-une-initiative-au-japon\/\">Sony et Honda vont collaborer<\/a> pour produire des v\u00e9hicules \u00e9lectriques innovants. Il s\u2019agit d\u2019une initiative peu commune dans le monde des affaires japonais. \u00ab\u202fNous sommes tellement habitu\u00e9s \u00e0 penser dans la cat\u00e9gorie des automobiles qu\u2019il est difficile de sortir de cette bo\u00eete\u202f\u00bb, a d\u00e9clar\u00e9 le PDG de Honda. Mais le jour de l\u2019annonce, les actions de Sony ont perdu 3,2\u202f% et celles de Honda 4,5\u202f%.<\/p>\n","protected":false},"excerpt":{"rendered":"<p>La lettre d\u2019information d\u2019aujourd\u2019hui traite de la d\u00e9pendance de l\u2019UE \u00e0 l\u2019\u00e9gard du gaz russe, de l\u2019agression d\u2019un homme politique cor\u00e9en, du crime de l\u00e8se-majest\u00e9 en Tha\u00eflande, de la coentreprise entre Sony et Honda, et bien plus encore.<\/p>\n","protected":false},"author":1,"featured_media":31343,"comment_status":"closed","ping_status":"closed","sticky":false,"template":"","format":"standard","meta":{"wp_typography_post_enhancements_disabled":false,"footnotes":""},"categories":[2788],"tags":[1233],"class_list":["post-36488","post","type-post","status-publish","format-standard","has-post-thumbnail","hentry","category-newsletter-fr","tag-newsletter-fr"],"yoast_head":"<!-- This site is optimized with the Yoast SEO Premium plugin v27.4 (Yoast SEO v27.4) - https:\/\/yoast.com\/product\/yoast-seo-premium-wordpress\/ -->\n<title>Newsletter du 8 mars 2022<\/title>\n<meta name=\"description\" content=\"La lettre d&#039;information d&#039;aujourd&#039;hui traite de la d\u00e9pendance de l&#039;UE \u00e0 l&#039;\u00e9gard du gaz russe, de l&#039;agression d&#039;un homme politique cor\u00e9en, du crime de l\u00e8se-majest\u00e9 en Tha\u00eflande, de la coentreprise entre Sony et Honda, et bien plus encore.\" \/>\n<meta name=\"robots\" content=\"index, follow, max-snippet:-1, max-image-preview:large, max-video-preview:-1\" \/>\n<link rel=\"canonical\" href=\"https:\/\/www.newsendip.com\/fr\/newsletter-du-8-mars-2022\/\" \/>\n<meta property=\"og:locale\" content=\"fr_FR\" \/>\n<meta property=\"og:type\" content=\"article\" \/>\n<meta property=\"og:title\" content=\"Newsletter du 8 mars 2022\" \/>\n<meta property=\"og:description\" content=\"La lettre d&#039;information d&#039;aujourd&#039;hui traite de la d\u00e9pendance de l&#039;UE \u00e0 l&#039;\u00e9gard du gaz russe, de l&#039;agression d&#039;un homme politique cor\u00e9en, du crime de l\u00e8se-majest\u00e9 en Tha\u00eflande, de la coentreprise entre Sony et Honda, et bien plus encore.\" \/>\n<meta property=\"og:url\" content=\"https:\/\/www.newsendip.com\/fr\/newsletter-du-8-mars-2022\/\" \/>\n<meta property=\"og:site_name\" content=\"Newsendip\" \/>\n<meta property=\"article:publisher\" content=\"https:\/\/www.facebook.com\/newsendip\" \/>\n<meta property=\"article:published_time\" content=\"2022-03-08T18:01:24+00:00\" \/>\n<meta property=\"article:modified_time\" content=\"2024-02-04T21:03:35+00:00\" \/>\n<meta property=\"og:image\" content=\"https:\/\/www.newsendip.com\/wp-content\/uploads\/2023\/09\/Final-Logo-V2-01-min-scaled.jpeg\" \/>\n\t<meta property=\"og:image:width\" content=\"2560\" \/>\n\t<meta property=\"og:image:height\" content=\"1650\" \/>\n\t<meta property=\"og:image:type\" content=\"image\/jpeg\" \/>\n<meta name=\"author\" content=\"Cl\u00e9ment V\u00e9rit\u00e9\" \/>\n<meta name=\"twitter:card\" content=\"summary_large_image\" \/>\n<meta name=\"twitter:image\" content=\"https:\/\/www.newsendip.com\/wp-content\/uploads\/2023\/09\/Final-Logo-V2-01-min-scaled.jpeg\" \/>\n<meta name=\"twitter:creator\" content=\"@https:\/\/twitter.com\/cverite\" \/>\n<meta name=\"twitter:site\" content=\"@newsendip\" \/>\n<meta name=\"twitter:label1\" content=\"\u00c9crit par\" \/>\n\t<meta name=\"twitter:data1\" content=\"Cl\u00e9ment V\u00e9rit\u00e9\" \/>\n\t<meta name=\"twitter:label2\" content=\"Dur\u00e9e de lecture estim\u00e9e\" \/>\n\t<meta name=\"twitter:data2\" content=\"3 minutes\" \/>\n<!-- \/ Yoast SEO Premium plugin. -->","yoast_head_json":{"title":"Newsletter du 8 mars 2022","description":"La lettre d'information d'aujourd'hui traite de la d\u00e9pendance de l'UE \u00e0 l'\u00e9gard du gaz russe, de l'agression d'un homme politique cor\u00e9en, du crime de l\u00e8se-majest\u00e9 en Tha\u00eflande, de la coentreprise entre Sony et Honda, et bien plus encore.","robots":{"index":"index","follow":"follow","max-snippet":"max-snippet:-1","max-image-preview":"max-image-preview:large","max-video-preview":"max-video-preview:-1"},"canonical":"https:\/\/www.newsendip.com\/fr\/newsletter-du-8-mars-2022\/","og_locale":"fr_FR","og_type":"article","og_title":"Newsletter du 8 mars 2022","og_description":"La lettre d'information d'aujourd'hui traite de la d\u00e9pendance de l'UE \u00e0 l'\u00e9gard du gaz russe, de l'agression d'un homme politique cor\u00e9en, du crime de l\u00e8se-majest\u00e9 en Tha\u00eflande, de la coentreprise entre Sony et Honda, et bien plus encore.","og_url":"https:\/\/www.newsendip.com\/fr\/newsletter-du-8-mars-2022\/","og_site_name":"Newsendip","article_publisher":"https:\/\/www.facebook.com\/newsendip","article_published_time":"2022-03-08T18:01:24+00:00","article_modified_time":"2024-02-04T21:03:35+00:00","og_image":[{"width":2560,"height":1650,"url":"https:\/\/www.newsendip.com\/wp-content\/uploads\/2023\/09\/Final-Logo-V2-01-min-scaled.jpeg","type":"image\/jpeg"}],"author":"Cl\u00e9ment V\u00e9rit\u00e9","twitter_card":"summary_large_image","twitter_image":"https:\/\/www.newsendip.com\/wp-content\/uploads\/2023\/09\/Final-Logo-V2-01-min-scaled.jpeg","twitter_creator":"@https:\/\/twitter.com\/cverite","twitter_site":"@newsendip","twitter_misc":{"\u00c9crit par":"Cl\u00e9ment V\u00e9rit\u00e9","Dur\u00e9e de lecture estim\u00e9e":"3 minutes"},"schema":{"@context":"https:\/\/schema.org","@graph":[{"@type":"NewsArticle","@id":"https:\/\/www.newsendip.com\/fr\/newsletter-du-8-mars-2022\/#article","isPartOf":{"@id":"https:\/\/www.newsendip.com\/fr\/newsletter-du-8-mars-2022\/"},"author":{"name":"Cl\u00e9ment V\u00e9rit\u00e9","@id":"https:\/\/www.newsendip.com\/fr\/#\/schema\/person\/ea22c01755f464a3cbc2c619584d6363"},"headline":"Newsletter du 8 mars&nbsp;2022","datePublished":"2022-03-08T18:01:24+00:00","dateModified":"2024-02-04T21:03:35+00:00","mainEntityOfPage":{"@id":"https:\/\/www.newsendip.com\/fr\/newsletter-du-8-mars-2022\/"},"wordCount":634,"publisher":{"@id":"https:\/\/www.newsendip.com\/fr\/#organization"},"image":{"@id":"https:\/\/www.newsendip.com\/fr\/newsletter-du-8-mars-2022\/#primaryimage"},"thumbnailUrl":"https:\/\/www.newsendip.com\/wp-content\/uploads\/2023\/09\/Final-Logo-V2-01-scaled.webp","keywords":["Newsletter"],"articleSection":["Newsletter"],"inLanguage":"fr-FR","copyrightYear":"2022","copyrightHolder":{"@id":"https:\/\/www.newsendip.com\/#organization"}},{"@type":"WebPage","@id":"https:\/\/www.newsendip.com\/fr\/newsletter-du-8-mars-2022\/","url":"https:\/\/www.newsendip.com\/fr\/newsletter-du-8-mars-2022\/","name":"Newsletter du 8 mars 2022","isPartOf":{"@id":"https:\/\/www.newsendip.com\/fr\/#website"},"primaryImageOfPage":{"@id":"https:\/\/www.newsendip.com\/fr\/newsletter-du-8-mars-2022\/#primaryimage"},"image":{"@id":"https:\/\/www.newsendip.com\/fr\/newsletter-du-8-mars-2022\/#primaryimage"},"thumbnailUrl":"https:\/\/www.newsendip.com\/wp-content\/uploads\/2023\/09\/Final-Logo-V2-01-scaled.webp","datePublished":"2022-03-08T18:01:24+00:00","dateModified":"2024-02-04T21:03:35+00:00","description":"La lettre d'information d'aujourd'hui traite de la d\u00e9pendance de l'UE \u00e0 l'\u00e9gard du gaz russe, de l'agression d'un homme politique cor\u00e9en, du crime de l\u00e8se-majest\u00e9 en Tha\u00eflande, de la coentreprise entre Sony et Honda, et bien plus encore.","breadcrumb":{"@id":"https:\/\/www.newsendip.com\/fr\/newsletter-du-8-mars-2022\/#breadcrumb"},"inLanguage":"fr-FR","potentialAction":[{"@type":"ReadAction","target":["https:\/\/www.newsendip.com\/fr\/newsletter-du-8-mars-2022\/"]}]},{"@type":"ImageObject","inLanguage":"fr-FR","@id":"https:\/\/www.newsendip.com\/fr\/newsletter-du-8-mars-2022\/#primaryimage","url":"https:\/\/www.newsendip.com\/wp-content\/uploads\/2023\/09\/Final-Logo-V2-01-scaled.webp","contentUrl":"https:\/\/www.newsendip.com\/wp-content\/uploads\/2023\/09\/Final-Logo-V2-01-scaled.webp","width":2560,"height":1650,"caption":"Logo Newsendip actualit\u00e9 internationale"},{"@type":"BreadcrumbList","@id":"https:\/\/www.newsendip.com\/fr\/newsletter-du-8-mars-2022\/#breadcrumb","itemListElement":[{"@type":"ListItem","position":1,"name":"Accueil","item":"https:\/\/www.newsendip.com\/fr\/"},{"@type":"ListItem","position":2,"name":"Newsletter du 8 mars 2022"}]},{"@type":"WebSite","@id":"https:\/\/www.newsendip.com\/fr\/#website","url":"https:\/\/www.newsendip.com\/fr\/","name":"Newsendip","description":"Red\u00e9couvrez l&#039;actualit\u00e9 internationale","publisher":{"@id":"https:\/\/www.newsendip.com\/fr\/#organization"},"potentialAction":[{"@type":"SearchAction","target":{"@type":"EntryPoint","urlTemplate":"https:\/\/www.newsendip.com\/fr\/?s={search_term_string}"},"query-input":{"@type":"PropertyValueSpecification","valueRequired":true,"valueName":"search_term_string"}}],"inLanguage":"fr-FR"},{"@type":"Organization","@id":"https:\/\/www.newsendip.com\/fr\/#organization","name":"Newsendip","url":"https:\/\/www.newsendip.com\/fr\/","logo":{"@type":"ImageObject","inLanguage":"fr-FR","@id":"https:\/\/www.newsendip.com\/fr\/#\/schema\/logo\/image\/","url":"https:\/\/www.newsendip.com\/wp-content\/uploads\/2023\/12\/512x512.svg","contentUrl":"https:\/\/www.newsendip.com\/wp-content\/uploads\/2023\/12\/512x512.svg","width":1,"height":1,"caption":"Newsendip"},"image":{"@id":"https:\/\/www.newsendip.com\/fr\/#\/schema\/logo\/image\/"},"sameAs":["https:\/\/www.facebook.com\/newsendip","https:\/\/x.com\/newsendip","https:\/\/mastodon.social\/@newsendip","https:\/\/www.linkedin.com\/company\/newsendip"],"description":"Newsendip est un site qui a pour mission de rendre l'actualit\u00e9 internationale accessible et diversifi\u00e9e","email":"contact@newsendip.com","legalName":"Newsendip SAS","foundingDate":"2022-11-04","vatID":"FR60921124723","numberOfEmployees":{"@type":"QuantitativeValue","minValue":"1","maxValue":"10"},"publishingPrinciples":"https:\/\/www.newsendip.com\/about-us\/","ownershipFundingInfo":"https:\/\/www.newsendip.com\/legal-notice\/","actionableFeedbackPolicy":"https:\/\/www.newsendip.com\/about-us\/","correctionsPolicy":"https:\/\/www.newsendip.com\/about-us\/","ethicsPolicy":"https:\/\/www.newsendip.com\/about-us\/","diversityPolicy":"https:\/\/www.newsendip.com\/about-us\/"},{"@type":"Person","@id":"https:\/\/www.newsendip.com\/fr\/#\/schema\/person\/ea22c01755f464a3cbc2c619584d6363","name":"Cl\u00e9ment V\u00e9rit\u00e9","description":"Cl\u00e9ment is the executive editor and founder of Newsendip. He started in the media industry as a freelance reporter at 16 for a local French newspaper after school and has never left it. He later worked for seven years at The New York Times, notably as a data analyst. He holds a Master of Management in France and a Master of Arts in the United Kingdom in International Marketing &amp; Communications Strategy. He has lived in France, the United Kingdom, and Italy.","sameAs":["https:\/\/www.newsendip.com\/","https:\/\/www.linkedin.com\/in\/clementverite\/","https:\/\/x.com\/https:\/\/twitter.com\/cverite"],"knowsAbout":["News","International","Business","Media monitoring"],"knowsLanguage":["English","French","Italian","Spanish"],"url":"https:\/\/www.newsendip.com\/fr\/author\/clement-verite\/"}]}},"_links":{"self":[{"href":"https:\/\/www.newsendip.com\/fr\/wp-json\/wp\/v2\/posts\/36488","targetHints":{"allow":["GET"]}}],"collection":[{"href":"https:\/\/www.newsendip.com\/fr\/wp-json\/wp\/v2\/posts"}],"about":[{"href":"https:\/\/www.newsendip.com\/fr\/wp-json\/wp\/v2\/types\/post"}],"author":[{"embeddable":true,"href":"https:\/\/www.newsendip.com\/fr\/wp-json\/wp\/v2\/users\/1"}],"replies":[{"embeddable":true,"href":"https:\/\/www.newsendip.com\/fr\/wp-json\/wp\/v2\/comments?post=36488"}],"version-history":[{"count":0,"href":"https:\/\/www.newsendip.com\/fr\/wp-json\/wp\/v2\/posts\/36488\/revisions"}],"wp:featuredmedia":[{"embeddable":true,"href":"https:\/\/www.newsendip.com\/fr\/wp-json\/wp\/v2\/media\/31343"}],"wp:attachment":[{"href":"https:\/\/www.newsendip.com\/fr\/wp-json\/wp\/v2\/media?parent=36488"}],"wp:term":[{"taxonomy":"category","embeddable":true,"href":"https:\/\/www.newsendip.com\/fr\/wp-json\/wp\/v2\/categories?post=36488"},{"taxonomy":"post_tag","embeddable":true,"href":"https:\/\/www.newsendip.com\/fr\/wp-json\/wp\/v2\/tags?post=36488"}],"curies":[{"name":"wp","href":"https:\/\/api.w.org\/{rel}","templated":true}]}}