{"id":36679,"date":"2021-11-06T00:30:00","date_gmt":"2021-11-05T23:30:00","guid":{"rendered":"https:\/\/www.newsendip.com\/?p=36679"},"modified":"2024-02-04T21:53:03","modified_gmt":"2024-02-04T20:53:03","slug":"newsletter-du-6-novembre-2021","status":"publish","type":"post","link":"https:\/\/www.newsendip.com\/fr\/newsletter-du-6-novembre-2021\/","title":{"rendered":"Newsletter du 6 novembre 2021"},"content":{"rendered":"<p><strong>Ce bulletin d\u2019actualit\u00e9s internationales couvre une manifestation nationaliste en Pologne, une ferme \u00e0 trolls au Nicaragua, les tensions accrues entre l\u2019Alg\u00e9rie et le Maroc, le Parlement portugais, et bien plus encore.<\/strong><\/p>\n<h2>Bataille politique autour d\u2019une manifestation nationaliste lors de la f\u00eate nationale polonaise<\/h2>\n<p>Une manifestation nationaliste a lieu chaque ann\u00e9e dans la capitale polonaise, le 11 novembre, \u00e0 l\u2019occasion de la f\u00eate de l\u2019ind\u00e9pendance nationale. C\u2019est devenu une c\u00e9l\u00e9bration patriotique controvers\u00e9e de la f\u00eate nationale du pays. Le <a href=\"https:\/\/www.newsendip.com\/fr\/bataille-politique-autour-dune-manifestation-nationaliste-lors-de-la-fete-nationale-polonaise\/\">maire de Varsovie tente de la bloquer<\/a> pendant la pand\u00e9mie de Covid-19 mais le ministre de la Justice a port\u00e9 l\u2019affaire devant la Cour supr\u00eame.<\/p>\n<hr>\n<h2>L\u2019une des plus grandes fermes de trolls gouvernementales d\u00e9mantel\u00e9es par Facebook au Nicaragua<\/h2>\n<p>En octobre, Facebook et Instagram ont supprim\u00e9 l\u2019un des plus grands <a href=\"https:\/\/www.newsendip.com\/fr\/lune-des-plus-grandes-usines-a-trolls-demantelee-par-facebook-geree-par-le-gouvernement-du-nicaragua\/\">r\u00e9seaux de contenus trompeurs exploit\u00e9s \u00e0 ce jour par un gouvernement<\/a>. Le 7 novembre, le Nicaragua votera pour des \u00e9lections pr\u00e9sidentielles truqu\u00e9es. Directement g\u00e9r\u00e9s par les agences gouvernementales, certains comptes et pages m\u00e9dias influencent la population depuis 2018.<\/p>\n<hr>\n<p><strong>Et ailleurs dans le&nbsp;monde\u2026<\/strong><\/p>\n<h2>L\u2019Alg\u00e9rie accuse le Maroc d\u2019avoir tu\u00e9 trois de ses citoyens<\/h2>\n<p>L\u2019Alg\u00e9rie affirme qu\u2019un attentat \u00e0 la bombe perp\u00e9tr\u00e9 par les forces marocaines au Sahara occidental a tu\u00e9 trois de ses citoyens venant de Mauritanie et se dirigeant vers le sud de l\u2019Alg\u00e9rie. Les autorit\u00e9s ont d\u00e9clar\u00e9 que ce crime \u00ab\u202fne resterait pas impuni\u202f\u00bb.<\/p>\n<p>Cela accro\u00eet encore les tensions entre les deux voisins, qui ont v\u00e9ritablement pris leur essor depuis les accords d\u2019Abraham dans lesquels le Maroc a normalis\u00e9 ses relations avec Isra\u00ebl. Dans cet accord, l\u2019administration de Donald Trump a reconnu la <a href=\"https:\/\/www.newsendip.com\/fr\/le-projet-de-budget-americain-ne-prevoit-pas-de-consulat-au-sahara-occidental\/\">souverainet\u00e9 du Maroc sur le Sahara occidental<\/a>, un territoire non autonome o\u00f9 le Front Polisario, soutenu par l\u2019Alg\u00e9rie, revendique une ind\u00e9pendance totale.<\/p>\n<p>En ao\u00fbt, l\u2019Alg\u00e9rie a mis fin \u00e0 ses relations diplomatiques avec le Maroc et a r\u00e9cemment cess\u00e9 de livrer du gaz dans un gazoduc allant vers l\u2019Espagne et passant par le&nbsp;Maroc.<\/p>\n<hr>\n<h2>La R\u00e9publique tch\u00e8que augmente le salaire minimum<\/h2>\n<p>La R\u00e9publique tch\u00e8que augmentera le salaire minimum de 6,6\u202f% en janvier 2022. Cela repr\u00e9sente une augmentation mensuelle de 1 000 couronnes (45 dollars), ce qui portera le salaire minimum \u00e0 16 200 CZK (743 dollars) par mois. Il augmente \u00e9galement automatiquement les salaires garantis, qui d\u00e9pendent du secteur ou du type de travail et sont calcul\u00e9s sur la base du salaire minimum.<\/p>\n<p>En janvier 2021, le salaire minimum a augment\u00e9 de 600&nbsp;CZK.<\/p>\n<hr>\n<h2>Le Parlement portugais s\u2019accorde sur l\u2019euthanasie mais est dissous en raison de divergences budg\u00e9taires<\/h2>\n<p>Le 5 novembre, le Parlement a approuv\u00e9 une loi r\u00e9vis\u00e9e l\u00e9galisant l\u2019euthanasie. Le pr\u00e9sident du Portugal avait exerc\u00e9 son veto apr\u00e8s un contr\u00f4le men\u00e9 par la Cour constitutionnelle.<\/p>\n<p>Dans la soir\u00e9e, le pr\u00e9sident a d\u00e9cid\u00e9 de dissoudre le Parlement car celui-ci rejetait le budget 2022, une premi\u00e8re depuis 1974. \u00ab\u202fLes divergences \u00e9taient si importantes qu\u2019elles sont devenues insurmontables\u202f\u00bb, a expliqu\u00e9 le pr\u00e9sident. De nouvelles \u00e9lections seront fix\u00e9es au 30 janvier.<\/p>\n<hr>\n<h2>Bahre\u00efn demande \u00e0 ses citoyens de quitter le Liban \u00ab\u202fimm\u00e9diatement\u202f\u00bb<\/h2>\n<p>Le 2 novembre, le ministre des Affaires \u00e9trang\u00e8res de Bahre\u00efn a exhort\u00e9 ses citoyens \u00e0 quitter imm\u00e9diatement le Liban en raison de \u00ab\u202fla situation tendue qui y r\u00e8gne qui appelle \u00e0 une plus grande prudence\u202f\u00bb.<\/p>\n<p>Cela fait \u00e9cho aux tensions diplomatiques entre le Liban et l\u2019Arabie saoudite concernant l\u2019intervention militaire de Riyad et des \u00c9mirats arabes unis au Y\u00e9men. Le 29 octobre, Bahre\u00efn a demand\u00e9 \u00e0 l\u2019ambassadeur du Liban de quitter le pays apr\u00e8s \u00ab\u202fune s\u00e9rie de d\u00e9clarations inacceptables et offensantes \u00e9mises r\u00e9cemment par des responsables libanais\u202f\u00bb.<\/p>\n<p>Une vid\u00e9o en ligne d\u2019Al-Jazeera de l\u2019actuel <a href=\"https:\/\/www.newsendip.com\/fr\/demission-dun-ministre-libanais-avant-la-visite-de-la-france-en-arabie-saoudite\/\">ministre libanais de l\u2019information<\/a>, enregistr\u00e9e en ao\u00fbt alors qu\u2019il n\u2019\u00e9tait pas encore au gouvernement, a r\u00e9cemment refait surface. Mais il rejette toute \u00ab\u202faccusation d\u2019inimiti\u00e9 envers l\u2019Arabie saoudite\u202f\u00bb et explique avoir exprim\u00e9 des pens\u00e9es personnelles lorsqu\u2019il a d\u00e9clar\u00e9 que la guerre au Y\u00e9men \u00e9tait devenue absurde et devait cesser. Le Kowe\u00eft, l\u2019Arabie Saoudite et les \u00c9mirats arabes unis ont \u00e9galement rappel\u00e9 leurs ambassadeurs.<\/p>\n<hr>\n","protected":false},"excerpt":{"rendered":"<p>Ce bulletin d\u2019actualit\u00e9s internationales couvre une manifestation nationaliste en Pologne, une ferme \u00e0 trolls au Nicaragua, les tensions accrues entre l\u2019Alg\u00e9rie et le Maroc, le Parlement portugais, et bien plus encore.<\/p>\n","protected":false},"author":1,"featured_media":31343,"comment_status":"closed","ping_status":"closed","sticky":false,"template":"","format":"standard","meta":{"wp_typography_post_enhancements_disabled":false,"footnotes":""},"categories":[2788],"tags":[1233],"class_list":["post-36679","post","type-post","status-publish","format-standard","has-post-thumbnail","hentry","category-newsletter-fr","tag-newsletter-fr"],"yoast_head":"<!-- This site is optimized with the Yoast SEO Premium plugin v27.4 (Yoast SEO v27.4) - https:\/\/yoast.com\/product\/yoast-seo-premium-wordpress\/ -->\n<title>Newsletter du 6 novembre 2021<\/title>\n<meta name=\"description\" content=\"Ce bulletin d&#039;actualit\u00e9s internationales couvre une manifestation nationaliste en Pologne, une ferme \u00e0 trolls au Nicaragua, les tensions accrues entre l&#039;Alg\u00e9rie et le Maroc, le Parlement portugais, et bien plus encore.\" \/>\n<meta name=\"robots\" content=\"index, follow, max-snippet:-1, max-image-preview:large, max-video-preview:-1\" \/>\n<link rel=\"canonical\" href=\"https:\/\/www.newsendip.com\/fr\/newsletter-du-6-novembre-2021\/\" \/>\n<meta property=\"og:locale\" content=\"fr_FR\" \/>\n<meta property=\"og:type\" content=\"article\" \/>\n<meta property=\"og:title\" content=\"Newsletter du 6 novembre 2021\" \/>\n<meta property=\"og:description\" content=\"Ce bulletin d&#039;actualit\u00e9s internationales couvre une manifestation nationaliste en Pologne, une ferme \u00e0 trolls au Nicaragua, les tensions accrues entre l&#039;Alg\u00e9rie et le Maroc, le Parlement portugais, et bien plus encore.\" \/>\n<meta property=\"og:url\" content=\"https:\/\/www.newsendip.com\/fr\/newsletter-du-6-novembre-2021\/\" \/>\n<meta property=\"og:site_name\" content=\"Newsendip\" \/>\n<meta property=\"article:publisher\" content=\"https:\/\/www.facebook.com\/newsendip\" \/>\n<meta property=\"article:published_time\" content=\"2021-11-05T23:30:00+00:00\" \/>\n<meta property=\"article:modified_time\" content=\"2024-02-04T20:53:03+00:00\" \/>\n<meta property=\"og:image\" content=\"https:\/\/www.newsendip.com\/wp-content\/uploads\/2023\/09\/Final-Logo-V2-01-min-scaled.jpeg\" \/>\n\t<meta property=\"og:image:width\" content=\"2560\" \/>\n\t<meta property=\"og:image:height\" content=\"1650\" \/>\n\t<meta property=\"og:image:type\" content=\"image\/jpeg\" \/>\n<meta name=\"author\" content=\"Cl\u00e9ment V\u00e9rit\u00e9\" \/>\n<meta name=\"twitter:card\" content=\"summary_large_image\" \/>\n<meta name=\"twitter:image\" content=\"https:\/\/www.newsendip.com\/wp-content\/uploads\/2023\/09\/Final-Logo-V2-01-min-scaled.jpeg\" \/>\n<meta name=\"twitter:creator\" content=\"@https:\/\/twitter.com\/cverite\" \/>\n<meta name=\"twitter:site\" content=\"@newsendip\" \/>\n<meta name=\"twitter:label1\" content=\"\u00c9crit par\" \/>\n\t<meta name=\"twitter:data1\" content=\"Cl\u00e9ment V\u00e9rit\u00e9\" \/>\n\t<meta name=\"twitter:label2\" content=\"Dur\u00e9e de lecture estim\u00e9e\" \/>\n\t<meta name=\"twitter:data2\" content=\"4 minutes\" \/>\n<!-- \/ Yoast SEO Premium plugin. -->","yoast_head_json":{"title":"Newsletter du 6 novembre 2021","description":"Ce bulletin d'actualit\u00e9s internationales couvre une manifestation nationaliste en Pologne, une ferme \u00e0 trolls au Nicaragua, les tensions accrues entre l'Alg\u00e9rie et le Maroc, le Parlement portugais, et bien plus encore.","robots":{"index":"index","follow":"follow","max-snippet":"max-snippet:-1","max-image-preview":"max-image-preview:large","max-video-preview":"max-video-preview:-1"},"canonical":"https:\/\/www.newsendip.com\/fr\/newsletter-du-6-novembre-2021\/","og_locale":"fr_FR","og_type":"article","og_title":"Newsletter du 6 novembre 2021","og_description":"Ce bulletin d'actualit\u00e9s internationales couvre une manifestation nationaliste en Pologne, une ferme \u00e0 trolls au Nicaragua, les tensions accrues entre l'Alg\u00e9rie et le Maroc, le Parlement portugais, et bien plus encore.","og_url":"https:\/\/www.newsendip.com\/fr\/newsletter-du-6-novembre-2021\/","og_site_name":"Newsendip","article_publisher":"https:\/\/www.facebook.com\/newsendip","article_published_time":"2021-11-05T23:30:00+00:00","article_modified_time":"2024-02-04T20:53:03+00:00","og_image":[{"width":2560,"height":1650,"url":"https:\/\/www.newsendip.com\/wp-content\/uploads\/2023\/09\/Final-Logo-V2-01-min-scaled.jpeg","type":"image\/jpeg"}],"author":"Cl\u00e9ment V\u00e9rit\u00e9","twitter_card":"summary_large_image","twitter_image":"https:\/\/www.newsendip.com\/wp-content\/uploads\/2023\/09\/Final-Logo-V2-01-min-scaled.jpeg","twitter_creator":"@https:\/\/twitter.com\/cverite","twitter_site":"@newsendip","twitter_misc":{"\u00c9crit par":"Cl\u00e9ment V\u00e9rit\u00e9","Dur\u00e9e de lecture estim\u00e9e":"4 minutes"},"schema":{"@context":"https:\/\/schema.org","@graph":[{"@type":"NewsArticle","@id":"https:\/\/www.newsendip.com\/fr\/newsletter-du-6-novembre-2021\/#article","isPartOf":{"@id":"https:\/\/www.newsendip.com\/fr\/newsletter-du-6-novembre-2021\/"},"author":{"name":"Cl\u00e9ment V\u00e9rit\u00e9","@id":"https:\/\/www.newsendip.com\/fr\/#\/schema\/person\/ea22c01755f464a3cbc2c619584d6363"},"headline":"Newsletter du 6 novembre 2021","datePublished":"2021-11-05T23:30:00+00:00","dateModified":"2024-02-04T20:53:03+00:00","mainEntityOfPage":{"@id":"https:\/\/www.newsendip.com\/fr\/newsletter-du-6-novembre-2021\/"},"wordCount":730,"publisher":{"@id":"https:\/\/www.newsendip.com\/fr\/#organization"},"image":{"@id":"https:\/\/www.newsendip.com\/fr\/newsletter-du-6-novembre-2021\/#primaryimage"},"thumbnailUrl":"https:\/\/www.newsendip.com\/wp-content\/uploads\/2023\/09\/Final-Logo-V2-01-scaled.webp","keywords":["Newsletter"],"articleSection":["Newsletter"],"inLanguage":"fr-FR","copyrightYear":"2021","copyrightHolder":{"@id":"https:\/\/www.newsendip.com\/#organization"}},{"@type":"WebPage","@id":"https:\/\/www.newsendip.com\/fr\/newsletter-du-6-novembre-2021\/","url":"https:\/\/www.newsendip.com\/fr\/newsletter-du-6-novembre-2021\/","name":"Newsletter du 6 novembre 2021","isPartOf":{"@id":"https:\/\/www.newsendip.com\/fr\/#website"},"primaryImageOfPage":{"@id":"https:\/\/www.newsendip.com\/fr\/newsletter-du-6-novembre-2021\/#primaryimage"},"image":{"@id":"https:\/\/www.newsendip.com\/fr\/newsletter-du-6-novembre-2021\/#primaryimage"},"thumbnailUrl":"https:\/\/www.newsendip.com\/wp-content\/uploads\/2023\/09\/Final-Logo-V2-01-scaled.webp","datePublished":"2021-11-05T23:30:00+00:00","dateModified":"2024-02-04T20:53:03+00:00","description":"Ce bulletin d'actualit\u00e9s internationales couvre une manifestation nationaliste en Pologne, une ferme \u00e0 trolls au Nicaragua, les tensions accrues entre l'Alg\u00e9rie et le Maroc, le Parlement portugais, et bien plus encore.","breadcrumb":{"@id":"https:\/\/www.newsendip.com\/fr\/newsletter-du-6-novembre-2021\/#breadcrumb"},"inLanguage":"fr-FR","potentialAction":[{"@type":"ReadAction","target":["https:\/\/www.newsendip.com\/fr\/newsletter-du-6-novembre-2021\/"]}]},{"@type":"ImageObject","inLanguage":"fr-FR","@id":"https:\/\/www.newsendip.com\/fr\/newsletter-du-6-novembre-2021\/#primaryimage","url":"https:\/\/www.newsendip.com\/wp-content\/uploads\/2023\/09\/Final-Logo-V2-01-scaled.webp","contentUrl":"https:\/\/www.newsendip.com\/wp-content\/uploads\/2023\/09\/Final-Logo-V2-01-scaled.webp","width":2560,"height":1650,"caption":"Logo Newsendip actualit\u00e9 internationale"},{"@type":"BreadcrumbList","@id":"https:\/\/www.newsendip.com\/fr\/newsletter-du-6-novembre-2021\/#breadcrumb","itemListElement":[{"@type":"ListItem","position":1,"name":"Accueil","item":"https:\/\/www.newsendip.com\/fr\/"},{"@type":"ListItem","position":2,"name":"Newsletter du 6 novembre 2021"}]},{"@type":"WebSite","@id":"https:\/\/www.newsendip.com\/fr\/#website","url":"https:\/\/www.newsendip.com\/fr\/","name":"Newsendip","description":"Red\u00e9couvrez l&#039;actualit\u00e9 internationale","publisher":{"@id":"https:\/\/www.newsendip.com\/fr\/#organization"},"potentialAction":[{"@type":"SearchAction","target":{"@type":"EntryPoint","urlTemplate":"https:\/\/www.newsendip.com\/fr\/?s={search_term_string}"},"query-input":{"@type":"PropertyValueSpecification","valueRequired":true,"valueName":"search_term_string"}}],"inLanguage":"fr-FR"},{"@type":"Organization","@id":"https:\/\/www.newsendip.com\/fr\/#organization","name":"Newsendip","url":"https:\/\/www.newsendip.com\/fr\/","logo":{"@type":"ImageObject","inLanguage":"fr-FR","@id":"https:\/\/www.newsendip.com\/fr\/#\/schema\/logo\/image\/","url":"https:\/\/www.newsendip.com\/wp-content\/uploads\/2023\/12\/512x512.svg","contentUrl":"https:\/\/www.newsendip.com\/wp-content\/uploads\/2023\/12\/512x512.svg","width":1,"height":1,"caption":"Newsendip"},"image":{"@id":"https:\/\/www.newsendip.com\/fr\/#\/schema\/logo\/image\/"},"sameAs":["https:\/\/www.facebook.com\/newsendip","https:\/\/x.com\/newsendip","https:\/\/mastodon.social\/@newsendip","https:\/\/www.linkedin.com\/company\/newsendip"],"description":"Newsendip est un site qui a pour mission de rendre l'actualit\u00e9 internationale accessible et diversifi\u00e9e","email":"contact@newsendip.com","legalName":"Newsendip SAS","foundingDate":"2022-11-04","vatID":"FR60921124723","numberOfEmployees":{"@type":"QuantitativeValue","minValue":"1","maxValue":"10"},"publishingPrinciples":"https:\/\/www.newsendip.com\/about-us\/","ownershipFundingInfo":"https:\/\/www.newsendip.com\/legal-notice\/","actionableFeedbackPolicy":"https:\/\/www.newsendip.com\/about-us\/","correctionsPolicy":"https:\/\/www.newsendip.com\/about-us\/","ethicsPolicy":"https:\/\/www.newsendip.com\/about-us\/","diversityPolicy":"https:\/\/www.newsendip.com\/about-us\/"},{"@type":"Person","@id":"https:\/\/www.newsendip.com\/fr\/#\/schema\/person\/ea22c01755f464a3cbc2c619584d6363","name":"Cl\u00e9ment V\u00e9rit\u00e9","description":"Cl\u00e9ment is the executive editor and founder of Newsendip. He started in the media industry as a freelance reporter at 16 for a local French newspaper after school and has never left it. He later worked for seven years at The New York Times, notably as a data analyst. He holds a Master of Management in France and a Master of Arts in the United Kingdom in International Marketing &amp; Communications Strategy. He has lived in France, the United Kingdom, and Italy.","sameAs":["https:\/\/www.newsendip.com\/","https:\/\/www.linkedin.com\/in\/clementverite\/","https:\/\/x.com\/https:\/\/twitter.com\/cverite"],"knowsAbout":["News","International","Business","Media monitoring"],"knowsLanguage":["English","French","Italian","Spanish"],"url":"https:\/\/www.newsendip.com\/fr\/author\/clement-verite\/"}]}},"_links":{"self":[{"href":"https:\/\/www.newsendip.com\/fr\/wp-json\/wp\/v2\/posts\/36679","targetHints":{"allow":["GET"]}}],"collection":[{"href":"https:\/\/www.newsendip.com\/fr\/wp-json\/wp\/v2\/posts"}],"about":[{"href":"https:\/\/www.newsendip.com\/fr\/wp-json\/wp\/v2\/types\/post"}],"author":[{"embeddable":true,"href":"https:\/\/www.newsendip.com\/fr\/wp-json\/wp\/v2\/users\/1"}],"replies":[{"embeddable":true,"href":"https:\/\/www.newsendip.com\/fr\/wp-json\/wp\/v2\/comments?post=36679"}],"version-history":[{"count":0,"href":"https:\/\/www.newsendip.com\/fr\/wp-json\/wp\/v2\/posts\/36679\/revisions"}],"wp:featuredmedia":[{"embeddable":true,"href":"https:\/\/www.newsendip.com\/fr\/wp-json\/wp\/v2\/media\/31343"}],"wp:attachment":[{"href":"https:\/\/www.newsendip.com\/fr\/wp-json\/wp\/v2\/media?parent=36679"}],"wp:term":[{"taxonomy":"category","embeddable":true,"href":"https:\/\/www.newsendip.com\/fr\/wp-json\/wp\/v2\/categories?post=36679"},{"taxonomy":"post_tag","embeddable":true,"href":"https:\/\/www.newsendip.com\/fr\/wp-json\/wp\/v2\/tags?post=36679"}],"curies":[{"name":"wp","href":"https:\/\/api.w.org\/{rel}","templated":true}]}}