{"id":36738,"date":"2021-09-25T19:30:00","date_gmt":"2021-09-25T17:30:00","guid":{"rendered":"https:\/\/www.newsendip.com\/?p=36738"},"modified":"2024-04-10T10:21:41","modified_gmt":"2024-04-10T08:21:41","slug":"newsletter-du-25-septembre-2021","status":"publish","type":"post","link":"https:\/\/www.newsendip.com\/fr\/newsletter-du-25-septembre-2021\/","title":{"rendered":"Newsletter du 25 septembre 2021"},"content":{"rendered":"<h2>Le P\u00e9rou et le Venezuela conviennent de rapatrier 42 000 V\u00e9n\u00e9zu\u00e9liens<\/h2>\n<p>Le <a href=\"https:\/\/www.newsendip.com\/fr\/le-perou-et-le-venezuela-saccordent-sur-le-rapatriement-de-42-000-venezueliens\/\">P\u00e9rou et le Venezuela conviennent de rapatrier 42 000 V\u00e9n\u00e9zu\u00e9liens<\/a> d\u00e9sireux de revenir dans leur pays d\u2019origine. La crise actuelle des r\u00e9fugi\u00e9s est la deuxi\u00e8me importante au monde. La position du P\u00e9rou \u00e0 l\u2019\u00e9gard du Venezuela a \u00e9galement cr\u00e9\u00e9 de la confusion au sein d\u2019un gouvernement r\u00e9cemment form\u00e9. Cette situation a \u00e9t\u00e9 renforc\u00e9e par les discussions actuelles entre le r\u00e9gime de Maduro et les partis d\u2019opposition.<\/p>\n<hr>\n<h2>La Cour internationale de Justice entend le Nicaragua et la Colombie sur un diff\u00e9rend maritime<\/h2>\n<p>Le <a href=\"https:\/\/www.newsendip.com\/fr\/la-cour-internationale-de-justice-ecoute-le-nicaragua-et-la-colombie-sur-un-differend-maritime\/\">Nicaragua et la Colombie se disputent<\/a> depuis plus de 20 ans au sujet d\u2019un petit archipel comme territoire maritime.<\/p>\n<hr>\n<h2>La liste terroriste des \u00c9mirats arabes unis ajoute de la pression sur les responsables nig\u00e9rians<\/h2>\n<p>La <a href=\"https:\/\/www.newsendip.com\/fr\/la-liste-des-terroristes-des-emirats-arabes-unis-accroit-la-pression-sur-les-autorites-nigerianes\/\">liste terroriste des \u00c9mirats arabes unis<\/a> comprend 6 Nig\u00e9rians poursuivis pour avoir financ\u00e9 Boko Haram. Cette liste relance la pression sur le Nigeria pour qu\u2019il lutte contre le terrorisme dans son propre pays.<\/p>\n<hr>\n<h2>Le Soudan a gel\u00e9 les avoirs du&nbsp;Hamas<\/h2>\n<p>Les autorit\u00e9s soudanaises ont gel\u00e9 les avoirs du Hamas, le groupe militant palestinien autrefois soutenu par le r\u00e9gime renvers\u00e9 de B\u00e9chir. Les actifs saisis comprennent des biens immobiliers, des actions de soci\u00e9t\u00e9s, une cha\u00eene de t\u00e9l\u00e9vision et des terres agricoles. Le changement de pouvoir et la transition d\u00e9mocratique du Soudan ont abouti \u00e0 son retrait de la liste des \u00c9tats soutenant les terroristes, ouvrant ainsi la porte \u00e0 un all\u00e9gement massif de sa dette. Plus t\u00f4t cette semaine, les autorit\u00e9s ont \u00e9galement annonc\u00e9 avoir stopp\u00e9 une tentative de coup d\u2019\u00c9tat li\u00e9e \u00e0 l\u2019ancien r\u00e9gime.<\/p>\n<hr>\n<h2>La hausse de l\u2019inflation en Europe est temporaire pour la&nbsp;BCE<\/h2>\n<p>La BCE estime un taux d\u2019inflation de 2,2\u202f% \u00e0 la fin de l\u2019ann\u00e9e en Europe et s\u2019attend \u00e0 ce qu\u2019il redescende \u00e0 1,7\u202f% en 2022. La pr\u00e9sidente de la BCE, Christine Lagarde, consid\u00e8re la hausse actuelle de l\u2019inflation comme temporaire car provoqu\u00e9e par des \u00ab\u202ffrictions\u202f\u00bb. \u00bb dans la r\u00e9activation de l\u2019\u00e9conomie. Cependant, elle a expliqu\u00e9 qu\u2019une grande partie de la hausse de l\u2019inflation \u00e9tait due aux prix de l\u2019\u00e9nergie. Ils \u00e9taient \u00ab\u202fau plus bas\u202f\u00bb, mais ont augment\u00e9 depuis l\u2019ann\u00e9e derni\u00e8re. Mais elle explique \u00e9galement que la transition vers les \u00e9nergies fossiles, une \u00ab\u202fp\u00e9riode d\u2019ajustement\u202f\u00bb, pourrait encore alimenter l\u2019inflation \u00e0 plus long terme. \u00ab\u202fLes choses se mettront en place au fur et \u00e0 mesure que de nouvelles sources d\u2019approvisionnement seront identifi\u00e9es\u202f\u00bb. Pas si temporaire finalement.<\/p>\n<hr>\n<h2>La Californie s\u2019attaque aux conditions de travail d\u2019Amazon<\/h2>\n<p>Une nouvelle loi californienne oblige les entreprises \u00e0 divulguer les statistiques de productivit\u00e9 de leurs entrep\u00f4ts et interdit aux entreprises de discipliner les employ\u00e9s qui respecteraient les lois sur la sant\u00e9 et la s\u00e9curit\u00e9. Elle vise les conditions de travail d\u2019Amazon, deuxi\u00e8me employeur aux \u00c9tats-Unis. La California Retailers Association estime que cela exacerberait les probl\u00e8mes actuels de la cha\u00eene d\u2019approvisionnement.<\/p>\n","protected":false},"excerpt":{"rendered":"<p>Le P\u00e9rou et le Venezuela conviennent de rapatrier 42 000 V\u00e9n\u00e9zu\u00e9liens<\/p>\n","protected":false},"author":1,"featured_media":31343,"comment_status":"closed","ping_status":"closed","sticky":false,"template":"","format":"standard","meta":{"wp_typography_post_enhancements_disabled":false,"footnotes":""},"categories":[2788],"tags":[1233],"class_list":["post-36738","post","type-post","status-publish","format-standard","has-post-thumbnail","hentry","category-newsletter-fr","tag-newsletter-fr"],"yoast_head":"<!-- This site is optimized with the Yoast SEO Premium plugin v27.4 (Yoast SEO v27.4) - https:\/\/yoast.com\/product\/yoast-seo-premium-wordpress\/ -->\n<title>Newsletter du 25 septembre 2021<\/title>\n<meta name=\"description\" content=\"Le P\u00e9rou et le Venezuela conviennent de rapatrier 42 000 V\u00e9n\u00e9zu\u00e9liens\" \/>\n<meta name=\"robots\" content=\"index, follow, max-snippet:-1, max-image-preview:large, max-video-preview:-1\" \/>\n<link rel=\"canonical\" href=\"https:\/\/www.newsendip.com\/fr\/newsletter-du-25-septembre-2021\/\" \/>\n<meta property=\"og:locale\" content=\"fr_FR\" \/>\n<meta property=\"og:type\" content=\"article\" \/>\n<meta property=\"og:title\" content=\"Newsletter du 25 septembre 2021\" \/>\n<meta property=\"og:description\" content=\"Le P\u00e9rou et le Venezuela conviennent de rapatrier 42 000 V\u00e9n\u00e9zu\u00e9liens\" \/>\n<meta property=\"og:url\" content=\"https:\/\/www.newsendip.com\/fr\/newsletter-du-25-septembre-2021\/\" \/>\n<meta property=\"og:site_name\" content=\"Newsendip\" \/>\n<meta property=\"article:publisher\" content=\"https:\/\/www.facebook.com\/newsendip\" \/>\n<meta property=\"article:published_time\" content=\"2021-09-25T17:30:00+00:00\" \/>\n<meta property=\"article:modified_time\" content=\"2024-04-10T08:21:41+00:00\" \/>\n<meta property=\"og:image\" content=\"https:\/\/www.newsendip.com\/wp-content\/uploads\/2023\/09\/Final-Logo-V2-01-min-scaled.jpeg\" \/>\n\t<meta property=\"og:image:width\" content=\"2560\" \/>\n\t<meta property=\"og:image:height\" content=\"1650\" \/>\n\t<meta property=\"og:image:type\" content=\"image\/jpeg\" \/>\n<meta name=\"author\" content=\"Cl\u00e9ment V\u00e9rit\u00e9\" \/>\n<meta name=\"twitter:card\" content=\"summary_large_image\" \/>\n<meta name=\"twitter:image\" content=\"https:\/\/www.newsendip.com\/wp-content\/uploads\/2023\/09\/Final-Logo-V2-01-min-scaled.jpeg\" \/>\n<meta name=\"twitter:creator\" content=\"@https:\/\/twitter.com\/cverite\" \/>\n<meta name=\"twitter:site\" content=\"@newsendip\" \/>\n<meta name=\"twitter:label1\" content=\"\u00c9crit par\" \/>\n\t<meta name=\"twitter:data1\" content=\"Cl\u00e9ment V\u00e9rit\u00e9\" \/>\n\t<meta name=\"twitter:label2\" content=\"Dur\u00e9e de lecture estim\u00e9e\" \/>\n\t<meta name=\"twitter:data2\" content=\"3 minutes\" \/>\n<!-- \/ Yoast SEO Premium plugin. -->","yoast_head_json":{"title":"Newsletter du 25 septembre 2021","description":"Le P\u00e9rou et le Venezuela conviennent de rapatrier 42 000 V\u00e9n\u00e9zu\u00e9liens","robots":{"index":"index","follow":"follow","max-snippet":"max-snippet:-1","max-image-preview":"max-image-preview:large","max-video-preview":"max-video-preview:-1"},"canonical":"https:\/\/www.newsendip.com\/fr\/newsletter-du-25-septembre-2021\/","og_locale":"fr_FR","og_type":"article","og_title":"Newsletter du 25 septembre 2021","og_description":"Le P\u00e9rou et le Venezuela conviennent de rapatrier 42 000 V\u00e9n\u00e9zu\u00e9liens","og_url":"https:\/\/www.newsendip.com\/fr\/newsletter-du-25-septembre-2021\/","og_site_name":"Newsendip","article_publisher":"https:\/\/www.facebook.com\/newsendip","article_published_time":"2021-09-25T17:30:00+00:00","article_modified_time":"2024-04-10T08:21:41+00:00","og_image":[{"width":2560,"height":1650,"url":"https:\/\/www.newsendip.com\/wp-content\/uploads\/2023\/09\/Final-Logo-V2-01-min-scaled.jpeg","type":"image\/jpeg"}],"author":"Cl\u00e9ment V\u00e9rit\u00e9","twitter_card":"summary_large_image","twitter_image":"https:\/\/www.newsendip.com\/wp-content\/uploads\/2023\/09\/Final-Logo-V2-01-min-scaled.jpeg","twitter_creator":"@https:\/\/twitter.com\/cverite","twitter_site":"@newsendip","twitter_misc":{"\u00c9crit par":"Cl\u00e9ment V\u00e9rit\u00e9","Dur\u00e9e de lecture estim\u00e9e":"3 minutes"},"schema":{"@context":"https:\/\/schema.org","@graph":[{"@type":"NewsArticle","@id":"https:\/\/www.newsendip.com\/fr\/newsletter-du-25-septembre-2021\/#article","isPartOf":{"@id":"https:\/\/www.newsendip.com\/fr\/newsletter-du-25-septembre-2021\/"},"author":{"name":"Cl\u00e9ment V\u00e9rit\u00e9","@id":"https:\/\/www.newsendip.com\/fr\/#\/schema\/person\/ea22c01755f464a3cbc2c619584d6363"},"headline":"Newsletter du 25 septembre 2021","datePublished":"2021-09-25T17:30:00+00:00","dateModified":"2024-04-10T08:21:41+00:00","mainEntityOfPage":{"@id":"https:\/\/www.newsendip.com\/fr\/newsletter-du-25-septembre-2021\/"},"wordCount":524,"publisher":{"@id":"https:\/\/www.newsendip.com\/fr\/#organization"},"image":{"@id":"https:\/\/www.newsendip.com\/fr\/newsletter-du-25-septembre-2021\/#primaryimage"},"thumbnailUrl":"https:\/\/www.newsendip.com\/wp-content\/uploads\/2023\/09\/Final-Logo-V2-01-scaled.webp","keywords":["Newsletter"],"articleSection":["Newsletter"],"inLanguage":"fr-FR","copyrightYear":"2021","copyrightHolder":{"@id":"https:\/\/www.newsendip.com\/#organization"}},{"@type":"WebPage","@id":"https:\/\/www.newsendip.com\/fr\/newsletter-du-25-septembre-2021\/","url":"https:\/\/www.newsendip.com\/fr\/newsletter-du-25-septembre-2021\/","name":"Newsletter du 25 septembre 2021","isPartOf":{"@id":"https:\/\/www.newsendip.com\/fr\/#website"},"primaryImageOfPage":{"@id":"https:\/\/www.newsendip.com\/fr\/newsletter-du-25-septembre-2021\/#primaryimage"},"image":{"@id":"https:\/\/www.newsendip.com\/fr\/newsletter-du-25-septembre-2021\/#primaryimage"},"thumbnailUrl":"https:\/\/www.newsendip.com\/wp-content\/uploads\/2023\/09\/Final-Logo-V2-01-scaled.webp","datePublished":"2021-09-25T17:30:00+00:00","dateModified":"2024-04-10T08:21:41+00:00","description":"Le P\u00e9rou et le Venezuela conviennent de rapatrier 42 000 V\u00e9n\u00e9zu\u00e9liens","breadcrumb":{"@id":"https:\/\/www.newsendip.com\/fr\/newsletter-du-25-septembre-2021\/#breadcrumb"},"inLanguage":"fr-FR","potentialAction":[{"@type":"ReadAction","target":["https:\/\/www.newsendip.com\/fr\/newsletter-du-25-septembre-2021\/"]}]},{"@type":"ImageObject","inLanguage":"fr-FR","@id":"https:\/\/www.newsendip.com\/fr\/newsletter-du-25-septembre-2021\/#primaryimage","url":"https:\/\/www.newsendip.com\/wp-content\/uploads\/2023\/09\/Final-Logo-V2-01-scaled.webp","contentUrl":"https:\/\/www.newsendip.com\/wp-content\/uploads\/2023\/09\/Final-Logo-V2-01-scaled.webp","width":2560,"height":1650,"caption":"Logo Newsendip actualit\u00e9 internationale"},{"@type":"BreadcrumbList","@id":"https:\/\/www.newsendip.com\/fr\/newsletter-du-25-septembre-2021\/#breadcrumb","itemListElement":[{"@type":"ListItem","position":1,"name":"Accueil","item":"https:\/\/www.newsendip.com\/fr\/"},{"@type":"ListItem","position":2,"name":"Newsletter du 25 septembre 2021"}]},{"@type":"WebSite","@id":"https:\/\/www.newsendip.com\/fr\/#website","url":"https:\/\/www.newsendip.com\/fr\/","name":"Newsendip","description":"Red\u00e9couvrez l&#039;actualit\u00e9 internationale","publisher":{"@id":"https:\/\/www.newsendip.com\/fr\/#organization"},"potentialAction":[{"@type":"SearchAction","target":{"@type":"EntryPoint","urlTemplate":"https:\/\/www.newsendip.com\/fr\/?s={search_term_string}"},"query-input":{"@type":"PropertyValueSpecification","valueRequired":true,"valueName":"search_term_string"}}],"inLanguage":"fr-FR"},{"@type":"Organization","@id":"https:\/\/www.newsendip.com\/fr\/#organization","name":"Newsendip","url":"https:\/\/www.newsendip.com\/fr\/","logo":{"@type":"ImageObject","inLanguage":"fr-FR","@id":"https:\/\/www.newsendip.com\/fr\/#\/schema\/logo\/image\/","url":"https:\/\/www.newsendip.com\/wp-content\/uploads\/2023\/12\/512x512.svg","contentUrl":"https:\/\/www.newsendip.com\/wp-content\/uploads\/2023\/12\/512x512.svg","width":1,"height":1,"caption":"Newsendip"},"image":{"@id":"https:\/\/www.newsendip.com\/fr\/#\/schema\/logo\/image\/"},"sameAs":["https:\/\/www.facebook.com\/newsendip","https:\/\/x.com\/newsendip","https:\/\/mastodon.social\/@newsendip","https:\/\/www.linkedin.com\/company\/newsendip"],"description":"Newsendip est un site qui a pour mission de rendre l'actualit\u00e9 internationale accessible et diversifi\u00e9e","email":"contact@newsendip.com","legalName":"Newsendip SAS","foundingDate":"2022-11-04","vatID":"FR60921124723","numberOfEmployees":{"@type":"QuantitativeValue","minValue":"1","maxValue":"10"},"publishingPrinciples":"https:\/\/www.newsendip.com\/about-us\/","ownershipFundingInfo":"https:\/\/www.newsendip.com\/legal-notice\/","actionableFeedbackPolicy":"https:\/\/www.newsendip.com\/about-us\/","correctionsPolicy":"https:\/\/www.newsendip.com\/about-us\/","ethicsPolicy":"https:\/\/www.newsendip.com\/about-us\/","diversityPolicy":"https:\/\/www.newsendip.com\/about-us\/"},{"@type":"Person","@id":"https:\/\/www.newsendip.com\/fr\/#\/schema\/person\/ea22c01755f464a3cbc2c619584d6363","name":"Cl\u00e9ment V\u00e9rit\u00e9","description":"Cl\u00e9ment is the executive editor and founder of Newsendip. He started in the media industry as a freelance reporter at 16 for a local French newspaper after school and has never left it. He later worked for seven years at The New York Times, notably as a data analyst. He holds a Master of Management in France and a Master of Arts in the United Kingdom in International Marketing &amp; Communications Strategy. He has lived in France, the United Kingdom, and Italy.","sameAs":["https:\/\/www.newsendip.com\/","https:\/\/www.linkedin.com\/in\/clementverite\/","https:\/\/x.com\/https:\/\/twitter.com\/cverite"],"knowsAbout":["News","International","Business","Media monitoring"],"knowsLanguage":["English","French","Italian","Spanish"],"url":"https:\/\/www.newsendip.com\/fr\/author\/clement-verite\/"}]}},"_links":{"self":[{"href":"https:\/\/www.newsendip.com\/fr\/wp-json\/wp\/v2\/posts\/36738","targetHints":{"allow":["GET"]}}],"collection":[{"href":"https:\/\/www.newsendip.com\/fr\/wp-json\/wp\/v2\/posts"}],"about":[{"href":"https:\/\/www.newsendip.com\/fr\/wp-json\/wp\/v2\/types\/post"}],"author":[{"embeddable":true,"href":"https:\/\/www.newsendip.com\/fr\/wp-json\/wp\/v2\/users\/1"}],"replies":[{"embeddable":true,"href":"https:\/\/www.newsendip.com\/fr\/wp-json\/wp\/v2\/comments?post=36738"}],"version-history":[{"count":0,"href":"https:\/\/www.newsendip.com\/fr\/wp-json\/wp\/v2\/posts\/36738\/revisions"}],"wp:featuredmedia":[{"embeddable":true,"href":"https:\/\/www.newsendip.com\/fr\/wp-json\/wp\/v2\/media\/31343"}],"wp:attachment":[{"href":"https:\/\/www.newsendip.com\/fr\/wp-json\/wp\/v2\/media?parent=36738"}],"wp:term":[{"taxonomy":"category","embeddable":true,"href":"https:\/\/www.newsendip.com\/fr\/wp-json\/wp\/v2\/categories?post=36738"},{"taxonomy":"post_tag","embeddable":true,"href":"https:\/\/www.newsendip.com\/fr\/wp-json\/wp\/v2\/tags?post=36738"}],"curies":[{"name":"wp","href":"https:\/\/api.w.org\/{rel}","templated":true}]}}