{"id":36819,"date":"2022-02-01T21:50:46","date_gmt":"2022-02-01T20:50:46","guid":{"rendered":"https:\/\/www.newsendip.com\/?p=36819"},"modified":"2024-07-15T13:35:02","modified_gmt":"2024-07-15T11:35:02","slug":"breves-dactus-internationales-du-1er-fevrier-2022","status":"publish","type":"post","link":"https:\/\/www.newsendip.com\/fr\/breves-dactus-internationales-du-1er-fevrier-2022\/","title":{"rendered":"Br\u00e8ves d\u2019actus internationales du 1er f\u00e9vrier 2022"},"content":{"rendered":"<h2>Quelques actualit\u00e9s du monde, en&nbsp;bref&nbsp;:<\/h2>\n<ul>\n<li>L\u2019Organisation mondiale de la sant\u00e9 est pr\u00e9occup\u00e9e par les <a href=\"https:\/\/www.newsendip.com\/fr\/oms-inquiete-des-dechets-medicaux-du-covid-19-dans-les-etablissements-de-sante\/\">tonnes de d\u00e9chets m\u00e9dicaux li\u00e9s au COVID-19<\/a> produits dans les \u00e9tablissements de sant\u00e9 et d\u00e9nonce le \u00ab\u202fbesoin urgent d\u2019am\u00e9liorer les syst\u00e8mes de gestion des d\u00e9chets\u202f\u00bb.<\/li>\n<li>La Cour constitutionnelle f\u00e9d\u00e9rale d\u2019Allemagne a rejet\u00e9 les plaintes selon lesquelles les L\u00e4nder n\u2019avaient pas de lois suffisantes pour prot\u00e9ger l\u2019environnement. Elles affirmaient qu\u2019il n\u2019existait pas de <a href=\"https:\/\/www.newsendip.com\/fr\/la-plainte-constitutionnelle-contre-les-lois-climat-des-lander-allemands-sans-succes\/\">budget carbone au niveau r\u00e9gional<\/a> pour mesurer une infraction et estimait que l\u2019administration f\u00e9d\u00e9rale \u00e9tait cens\u00e9e d\u00e9terminer les objectifs que les L\u00e4nder devaient ensuite respecter.<\/li>\n<li>Une Haute Cour du Japon consid\u00e8re que les derni\u00e8res \u00e9lections g\u00e9n\u00e9rales \u00e0 la Chambre des repr\u00e9sentants se sont d\u00e9roul\u00e9es dans un \u00c9tat inconstitutionnel. Le <a href=\"https:\/\/www.newsendip.com\/fr\/pourquoi-un-tribunal-japonais-a-juge-que-les-elections-legislatives-etaient-de-nouveau-inconstitutionnelles\/\">poids de chaque \u00e9lecteur n\u2019\u00e9tait pas \u00e9quitablement r\u00e9parti<\/a> entre les circonscriptions.<\/li>\n<li>Le ministre japonais de la Sant\u00e9 a d\u00e9clar\u00e9 avoir conclu un accord avec Pfizer pour acheter des doses de Paxlovid pour 2 millions de personnes d\u2019ici la fin de cette ann\u00e9e. Le Japon vise \u00e0 approuver le m\u00e9dicament antiviral oral pour traiter le COVID-19 d\u2019ici la mi-f\u00e9vrier.<\/li>\n<li>Plus de 5 000 startups ont \u00e9t\u00e9 cr\u00e9\u00e9es \u00e0 New Delhi entre avril 2019 et d\u00e9cembre 2021, selon le minist\u00e8re indien du Commerce et de l\u2019Industrie. C\u2019est d\u00e9sormais plus qu\u2019\u00e0 Bangalore qui \u00e9tait autrefois consid\u00e9r\u00e9e comme la capitale des startups de l\u2019Inde. Il existe plus de 61&nbsp;400 entreprises officiellement reconnues comme startups dans le pays, et 44 sont devenues des licornes en&nbsp;2021.<\/li>\n<li>Une \u00e9tude command\u00e9e par Rio Tinto fait \u00e9tat d\u2019un sexisme et d\u2019intimidation syst\u00e9miques au sein de l\u2019entreprise. Pr\u00e8s de la moiti\u00e9 des 10&nbsp;300 personnes interrog\u00e9es ont d\u00e9clar\u00e9 avoir \u00e9t\u00e9 victimes de harc\u00e8lement et plus d\u2019une femme sur quatre a \u00e9t\u00e9 victime de harc\u00e8lement sexuel au travail. Vingt et une femmes ont signal\u00e9 un viol ou une tentative de viol ou d\u2019agression sexuelle.<\/li>\n<li>Amnesty International a accus\u00e9 Isra\u00ebl d\u2019apartheid avec un syst\u00e8me qui \u00ab\u202fconsid\u00e8re et traite les Palestiniens comme un groupe racial inf\u00e9rieur non juif\u202f\u00bb, un an apr\u00e8s que Human Rights Watch ait lanc\u00e9 des accusations similaires. \u00ab\u202fCe sont pr\u00e9cis\u00e9ment les \u00e9l\u00e9ments \u00e0 partir desquels est construit l\u2019antis\u00e9mitisme moderne\u202f\u00bb, a d\u00e9clar\u00e9 le minist\u00e8re isra\u00e9lien des Affaires \u00e9trang\u00e8res dans un communiqu\u00e9.<\/li>\n<\/ul>\n","protected":false},"excerpt":{"rendered":"<p>Br\u00e8ves d\u2019actus internationales du 1 f\u00e9vrier 2022. Quelques actualit\u00e9s du monde, en&nbsp;bref.<\/p>\n","protected":false},"author":1,"featured_media":31343,"comment_status":"closed","ping_status":"closed","sticky":false,"template":"","format":"standard","meta":{"wp_typography_post_enhancements_disabled":false,"footnotes":""},"categories":[1482],"tags":[413,446,485],"class_list":["post-36819","post","type-post","status-publish","format-standard","has-post-thumbnail","hentry","category-breve-actualite-internationale","tag-australie","tag-inde","tag-israel-fr"],"yoast_head":"<!-- This site is optimized with the Yoast SEO Premium plugin v27.4 (Yoast SEO v27.4) - https:\/\/yoast.com\/product\/yoast-seo-premium-wordpress\/ -->\n<title>Br\u00e8ves d&#039;actus internationales du 1er f\u00e9vrier 2022<\/title>\n<meta name=\"description\" content=\"Br\u00e8ves d&#039;actus internationales du 1 f\u00e9vrier 2022. Quelques actualit\u00e9s du monde, en bref.\" \/>\n<meta name=\"robots\" content=\"index, follow, max-snippet:-1, max-image-preview:large, max-video-preview:-1\" \/>\n<link rel=\"canonical\" href=\"https:\/\/www.newsendip.com\/fr\/breves-dactus-internationales-du-1er-fevrier-2022\/\" \/>\n<meta property=\"og:locale\" content=\"fr_FR\" \/>\n<meta property=\"og:type\" content=\"article\" \/>\n<meta property=\"og:title\" content=\"Br\u00e8ves d&#039;actus internationales du 1er f\u00e9vrier 2022\" \/>\n<meta property=\"og:description\" content=\"Br\u00e8ves d&#039;actus internationales du 1 f\u00e9vrier 2022. Quelques actualit\u00e9s du monde, en bref.\" \/>\n<meta property=\"og:url\" content=\"https:\/\/www.newsendip.com\/fr\/breves-dactus-internationales-du-1er-fevrier-2022\/\" \/>\n<meta property=\"og:site_name\" content=\"Newsendip\" \/>\n<meta property=\"article:publisher\" content=\"https:\/\/www.facebook.com\/newsendip\" \/>\n<meta property=\"article:published_time\" content=\"2022-02-01T20:50:46+00:00\" \/>\n<meta property=\"article:modified_time\" content=\"2024-07-15T11:35:02+00:00\" \/>\n<meta property=\"og:image\" content=\"https:\/\/www.newsendip.com\/wp-content\/uploads\/2023\/09\/Final-Logo-V2-01-min-scaled.jpeg\" \/>\n\t<meta property=\"og:image:width\" content=\"2560\" \/>\n\t<meta property=\"og:image:height\" content=\"1650\" \/>\n\t<meta property=\"og:image:type\" content=\"image\/jpeg\" \/>\n<meta name=\"author\" content=\"Cl\u00e9ment V\u00e9rit\u00e9\" \/>\n<meta name=\"twitter:card\" content=\"summary_large_image\" \/>\n<meta name=\"twitter:image\" content=\"https:\/\/www.newsendip.com\/wp-content\/uploads\/2023\/09\/Final-Logo-V2-01-min-scaled.jpeg\" \/>\n<meta name=\"twitter:creator\" content=\"@https:\/\/twitter.com\/cverite\" \/>\n<meta name=\"twitter:site\" content=\"@newsendip\" \/>\n<meta name=\"twitter:label1\" content=\"\u00c9crit par\" \/>\n\t<meta name=\"twitter:data1\" content=\"Cl\u00e9ment V\u00e9rit\u00e9\" \/>\n\t<meta name=\"twitter:label2\" content=\"Dur\u00e9e de lecture estim\u00e9e\" \/>\n\t<meta name=\"twitter:data2\" content=\"2 minutes\" \/>\n<!-- \/ Yoast SEO Premium plugin. -->","yoast_head_json":{"title":"Br\u00e8ves d'actus internationales du 1er f\u00e9vrier 2022","description":"Br\u00e8ves d'actus internationales du 1 f\u00e9vrier 2022. Quelques actualit\u00e9s du monde, en bref.","robots":{"index":"index","follow":"follow","max-snippet":"max-snippet:-1","max-image-preview":"max-image-preview:large","max-video-preview":"max-video-preview:-1"},"canonical":"https:\/\/www.newsendip.com\/fr\/breves-dactus-internationales-du-1er-fevrier-2022\/","og_locale":"fr_FR","og_type":"article","og_title":"Br\u00e8ves d'actus internationales du 1er f\u00e9vrier 2022","og_description":"Br\u00e8ves d'actus internationales du 1 f\u00e9vrier 2022. Quelques actualit\u00e9s du monde, en bref.","og_url":"https:\/\/www.newsendip.com\/fr\/breves-dactus-internationales-du-1er-fevrier-2022\/","og_site_name":"Newsendip","article_publisher":"https:\/\/www.facebook.com\/newsendip","article_published_time":"2022-02-01T20:50:46+00:00","article_modified_time":"2024-07-15T11:35:02+00:00","og_image":[{"width":2560,"height":1650,"url":"https:\/\/www.newsendip.com\/wp-content\/uploads\/2023\/09\/Final-Logo-V2-01-min-scaled.jpeg","type":"image\/jpeg"}],"author":"Cl\u00e9ment V\u00e9rit\u00e9","twitter_card":"summary_large_image","twitter_image":"https:\/\/www.newsendip.com\/wp-content\/uploads\/2023\/09\/Final-Logo-V2-01-min-scaled.jpeg","twitter_creator":"@https:\/\/twitter.com\/cverite","twitter_site":"@newsendip","twitter_misc":{"\u00c9crit par":"Cl\u00e9ment V\u00e9rit\u00e9","Dur\u00e9e de lecture estim\u00e9e":"2 minutes"},"schema":{"@context":"https:\/\/schema.org","@graph":[{"@type":"NewsArticle","@id":"https:\/\/www.newsendip.com\/fr\/breves-dactus-internationales-du-1er-fevrier-2022\/#article","isPartOf":{"@id":"https:\/\/www.newsendip.com\/fr\/breves-dactus-internationales-du-1er-fevrier-2022\/"},"author":{"name":"Cl\u00e9ment V\u00e9rit\u00e9","@id":"https:\/\/www.newsendip.com\/fr\/#\/schema\/person\/ea22c01755f464a3cbc2c619584d6363"},"headline":"Br\u00e8ves d\u2019actus internationales du 1er f\u00e9vrier 2022","datePublished":"2022-02-01T20:50:46+00:00","dateModified":"2024-07-15T11:35:02+00:00","mainEntityOfPage":{"@id":"https:\/\/www.newsendip.com\/fr\/breves-dactus-internationales-du-1er-fevrier-2022\/"},"wordCount":431,"publisher":{"@id":"https:\/\/www.newsendip.com\/fr\/#organization"},"image":{"@id":"https:\/\/www.newsendip.com\/fr\/breves-dactus-internationales-du-1er-fevrier-2022\/#primaryimage"},"thumbnailUrl":"https:\/\/www.newsendip.com\/wp-content\/uploads\/2023\/09\/Final-Logo-V2-01-scaled.webp","keywords":["Australie","Inde","Isra\u00ebl"],"articleSection":["Br\u00e8ve actu internationale"],"inLanguage":"fr-FR","copyrightYear":"2022","copyrightHolder":{"@id":"https:\/\/www.newsendip.com\/#organization"}},{"@type":"WebPage","@id":"https:\/\/www.newsendip.com\/fr\/breves-dactus-internationales-du-1er-fevrier-2022\/","url":"https:\/\/www.newsendip.com\/fr\/breves-dactus-internationales-du-1er-fevrier-2022\/","name":"Br\u00e8ves d'actus internationales du 1er f\u00e9vrier 2022","isPartOf":{"@id":"https:\/\/www.newsendip.com\/fr\/#website"},"primaryImageOfPage":{"@id":"https:\/\/www.newsendip.com\/fr\/breves-dactus-internationales-du-1er-fevrier-2022\/#primaryimage"},"image":{"@id":"https:\/\/www.newsendip.com\/fr\/breves-dactus-internationales-du-1er-fevrier-2022\/#primaryimage"},"thumbnailUrl":"https:\/\/www.newsendip.com\/wp-content\/uploads\/2023\/09\/Final-Logo-V2-01-scaled.webp","datePublished":"2022-02-01T20:50:46+00:00","dateModified":"2024-07-15T11:35:02+00:00","description":"Br\u00e8ves d'actus internationales du 1 f\u00e9vrier 2022. Quelques actualit\u00e9s du monde, en bref.","breadcrumb":{"@id":"https:\/\/www.newsendip.com\/fr\/breves-dactus-internationales-du-1er-fevrier-2022\/#breadcrumb"},"inLanguage":"fr-FR","potentialAction":[{"@type":"ReadAction","target":["https:\/\/www.newsendip.com\/fr\/breves-dactus-internationales-du-1er-fevrier-2022\/"]}]},{"@type":"ImageObject","inLanguage":"fr-FR","@id":"https:\/\/www.newsendip.com\/fr\/breves-dactus-internationales-du-1er-fevrier-2022\/#primaryimage","url":"https:\/\/www.newsendip.com\/wp-content\/uploads\/2023\/09\/Final-Logo-V2-01-scaled.webp","contentUrl":"https:\/\/www.newsendip.com\/wp-content\/uploads\/2023\/09\/Final-Logo-V2-01-scaled.webp","width":2560,"height":1650,"caption":"Logo Newsendip actualit\u00e9 internationale"},{"@type":"BreadcrumbList","@id":"https:\/\/www.newsendip.com\/fr\/breves-dactus-internationales-du-1er-fevrier-2022\/#breadcrumb","itemListElement":[{"@type":"ListItem","position":1,"name":"Accueil","item":"https:\/\/www.newsendip.com\/fr\/"},{"@type":"ListItem","position":2,"name":"Br\u00e8ves d&#8217;actus internationales du 1er f\u00e9vrier 2022"}]},{"@type":"WebSite","@id":"https:\/\/www.newsendip.com\/fr\/#website","url":"https:\/\/www.newsendip.com\/fr\/","name":"Newsendip","description":"Red\u00e9couvrez l&#039;actualit\u00e9 internationale","publisher":{"@id":"https:\/\/www.newsendip.com\/fr\/#organization"},"potentialAction":[{"@type":"SearchAction","target":{"@type":"EntryPoint","urlTemplate":"https:\/\/www.newsendip.com\/fr\/?s={search_term_string}"},"query-input":{"@type":"PropertyValueSpecification","valueRequired":true,"valueName":"search_term_string"}}],"inLanguage":"fr-FR"},{"@type":"Organization","@id":"https:\/\/www.newsendip.com\/fr\/#organization","name":"Newsendip","url":"https:\/\/www.newsendip.com\/fr\/","logo":{"@type":"ImageObject","inLanguage":"fr-FR","@id":"https:\/\/www.newsendip.com\/fr\/#\/schema\/logo\/image\/","url":"https:\/\/www.newsendip.com\/wp-content\/uploads\/2023\/12\/512x512.svg","contentUrl":"https:\/\/www.newsendip.com\/wp-content\/uploads\/2023\/12\/512x512.svg","width":1,"height":1,"caption":"Newsendip"},"image":{"@id":"https:\/\/www.newsendip.com\/fr\/#\/schema\/logo\/image\/"},"sameAs":["https:\/\/www.facebook.com\/newsendip","https:\/\/x.com\/newsendip","https:\/\/mastodon.social\/@newsendip","https:\/\/www.linkedin.com\/company\/newsendip"],"description":"Newsendip est un site qui a pour mission de rendre l'actualit\u00e9 internationale accessible et diversifi\u00e9e","email":"contact@newsendip.com","legalName":"Newsendip SAS","foundingDate":"2022-11-04","vatID":"FR60921124723","numberOfEmployees":{"@type":"QuantitativeValue","minValue":"1","maxValue":"10"},"publishingPrinciples":"https:\/\/www.newsendip.com\/about-us\/","ownershipFundingInfo":"https:\/\/www.newsendip.com\/legal-notice\/","actionableFeedbackPolicy":"https:\/\/www.newsendip.com\/about-us\/","correctionsPolicy":"https:\/\/www.newsendip.com\/about-us\/","ethicsPolicy":"https:\/\/www.newsendip.com\/about-us\/","diversityPolicy":"https:\/\/www.newsendip.com\/about-us\/"},{"@type":"Person","@id":"https:\/\/www.newsendip.com\/fr\/#\/schema\/person\/ea22c01755f464a3cbc2c619584d6363","name":"Cl\u00e9ment V\u00e9rit\u00e9","description":"Cl\u00e9ment is the executive editor and founder of Newsendip. He started in the media industry as a freelance reporter at 16 for a local French newspaper after school and has never left it. He later worked for seven years at The New York Times, notably as a data analyst. He holds a Master of Management in France and a Master of Arts in the United Kingdom in International Marketing &amp; Communications Strategy. He has lived in France, the United Kingdom, and Italy.","sameAs":["https:\/\/www.newsendip.com\/","https:\/\/www.linkedin.com\/in\/clementverite\/","https:\/\/x.com\/https:\/\/twitter.com\/cverite"],"knowsAbout":["News","International","Business","Media monitoring"],"knowsLanguage":["English","French","Italian","Spanish"],"url":"https:\/\/www.newsendip.com\/fr\/author\/clement-verite\/"}]}},"_links":{"self":[{"href":"https:\/\/www.newsendip.com\/fr\/wp-json\/wp\/v2\/posts\/36819","targetHints":{"allow":["GET"]}}],"collection":[{"href":"https:\/\/www.newsendip.com\/fr\/wp-json\/wp\/v2\/posts"}],"about":[{"href":"https:\/\/www.newsendip.com\/fr\/wp-json\/wp\/v2\/types\/post"}],"author":[{"embeddable":true,"href":"https:\/\/www.newsendip.com\/fr\/wp-json\/wp\/v2\/users\/1"}],"replies":[{"embeddable":true,"href":"https:\/\/www.newsendip.com\/fr\/wp-json\/wp\/v2\/comments?post=36819"}],"version-history":[{"count":0,"href":"https:\/\/www.newsendip.com\/fr\/wp-json\/wp\/v2\/posts\/36819\/revisions"}],"wp:featuredmedia":[{"embeddable":true,"href":"https:\/\/www.newsendip.com\/fr\/wp-json\/wp\/v2\/media\/31343"}],"wp:attachment":[{"href":"https:\/\/www.newsendip.com\/fr\/wp-json\/wp\/v2\/media?parent=36819"}],"wp:term":[{"taxonomy":"category","embeddable":true,"href":"https:\/\/www.newsendip.com\/fr\/wp-json\/wp\/v2\/categories?post=36819"},{"taxonomy":"post_tag","embeddable":true,"href":"https:\/\/www.newsendip.com\/fr\/wp-json\/wp\/v2\/tags?post=36819"}],"curies":[{"name":"wp","href":"https:\/\/api.w.org\/{rel}","templated":true}]}}