{"id":36824,"date":"2022-02-09T23:48:35","date_gmt":"2022-02-09T22:48:35","guid":{"rendered":"https:\/\/www.newsendip.com\/?p=36824"},"modified":"2024-07-17T00:01:30","modified_gmt":"2024-07-16T22:01:30","slug":"breves-dactus-internationales-du-9-fevrier-2022","status":"publish","type":"post","link":"https:\/\/www.newsendip.com\/fr\/breves-dactus-internationales-du-9-fevrier-2022\/","title":{"rendered":"Br\u00e8ves d\u2019actus internationales du 9 f\u00e9vrier 2022"},"content":{"rendered":"<h2>Quelques actualit\u00e9s du monde, en&nbsp;bref&nbsp;:<\/h2>\n<ul>\n<li>L\u2019Iran a d\u00e9voil\u00e9 un nouveau missile d\u2019une port\u00e9e de 1.450 kilom\u00e8tres, a rapport\u00e9 la t\u00e9l\u00e9vision d\u2019\u00c9tat, un jour apr\u00e8s que T\u00e9h\u00e9ran et Washington ont repris les n\u00e9gociations indirectes pour sauver un accord nucl\u00e9aire de&nbsp;2015.<\/li>\n<li>Le gouvernement sud-africain a annonc\u00e9 que le salaire minimum augmenterait de 6,9\u202f% \u00e0 partir du 1er&nbsp;mars.<\/li>\n<li>Les universit\u00e9s suisses et britanniques ont lanc\u00e9 une campagne pour rejoindre Horizon Europe, le cadre de recherche de l\u2019UE, et appellent \u00e0 une collaboration scientifique pour l\u2019instant bloqu\u00e9e par les divisions politiques. Depuis mai 2021 pour la Suisse et depuis le Brexit pour le Royaume-Uni, ces pays ne font plus partie d\u2019Horizon Europe.<\/li>\n<li>La chambre basse italienne a retir\u00e9 un amendement \u00e0 la loi sur la protection de l\u2019agriculture qui \u00e9tait cens\u00e9 rendre l\u2019agriculture biodynamique \u00e9quivalente \u00e0 l\u2019agriculture durable. L\u2019\u00e9quivalence a \u00e9t\u00e9 ajout\u00e9e lors de la premi\u00e8re conf\u00e9rence au S\u00e9nat et avait suscit\u00e9 des critiques dans la communaut\u00e9 scientifique.<\/li>\n<li>En Roumanie, un projet de loi propose d\u2019interdire la diffusion en direct et <a href=\"https:\/\/www.newsendip.com\/fr\/les-politiques-roumains-interdits-de-filmer-et-streamer-en-direct-les-debats-au-parlement\/\">l\u2019enregistrement des s\u00e9ances du Parlement<\/a>. Le ministre de l\u2019\u00c9nergie a \u00e9t\u00e9 agress\u00e9 alors qu\u2019il pronon\u00e7ait un discours. Six organisations \u00e0 but non lucratif ont sign\u00e9 une lettre publique estimant que la loi restreindrait l\u2019acc\u00e8s \u00e0 l\u2019information et la libert\u00e9 d\u2019expression.<\/li>\n<li><em>Politico<\/em> a publi\u00e9 une note divulgu\u00e9e montrant que le Royaume-Uni devrait autoriser le b\u0153uf trait\u00e9 aux hormones s\u2019il veut \u00eatre inclus dans un partenariat commercial transpacifique incluant des pays comme le Canada, le Japon ou l\u2019Australie.<\/li>\n<li>La <a href=\"https:\/\/www.newsendip.com\/fr\/la-commission-europeenne-emet-un-recours-contre-la-suede-pour-ne-pas-avoir-adopte-une-directive-sur-le-controle-des-armes-a-feu\/\">Commission europ\u00e9enne \u00e9met un recours contre la Su\u00e8de<\/a> devant la Cour de justice europ\u00e9enne pour n\u2019avoir pas introduit de r\u00e9glementation appropri\u00e9e en mati\u00e8re de contr\u00f4le des armes \u00e0 feu.Le gouvernement f\u00e9d\u00e9ral du Nigeria a confirm\u00e9 que du carburant frelat\u00e9 avait \u00e9t\u00e9 d\u00e9couvert dans la cha\u00eene d\u2019approvisionnement, ce qui l\u2019a contraint \u00e0 le retirer du march\u00e9, cr\u00e9ant ainsi une p\u00e9nurie de d\u2019essence.<\/li>\n<\/ul>\n","protected":false},"excerpt":{"rendered":"<p>Br\u00e8ves d\u2019actus internationales du 9 f\u00e9vrier 2022. Quelques actualit\u00e9s du monde, en&nbsp;bref.<\/p>\n","protected":false},"author":1,"featured_media":31343,"comment_status":"closed","ping_status":"closed","sticky":false,"template":"","format":"standard","meta":{"wp_typography_post_enhancements_disabled":false,"footnotes":""},"categories":[1482],"tags":[420,483,418,435,505,410,513,449],"class_list":["post-36824","post","type-post","status-publish","format-standard","has-post-thumbnail","hentry","category-breve-actualite-internationale","tag-afrique-sud","tag-iran-fr","tag-italie","tag-nigeria-fr","tag-roumanie","tag-royaume-uni","tag-suede","tag-suisse"],"yoast_head":"<!-- This site is optimized with the Yoast SEO Premium plugin v27.4 (Yoast SEO v27.4) - https:\/\/yoast.com\/product\/yoast-seo-premium-wordpress\/ -->\n<title>Br\u00e8ves d&#039;actus internationales du 9 f\u00e9vrier 2022<\/title>\n<meta name=\"description\" content=\"Br\u00e8ves d&#039;actus internationales du 9 f\u00e9vrier 2022. Quelques actualit\u00e9s du monde, en bref.\" \/>\n<meta name=\"robots\" content=\"index, follow, max-snippet:-1, max-image-preview:large, max-video-preview:-1\" \/>\n<link rel=\"canonical\" href=\"https:\/\/www.newsendip.com\/fr\/breves-dactus-internationales-du-9-fevrier-2022\/\" \/>\n<meta property=\"og:locale\" content=\"fr_FR\" \/>\n<meta property=\"og:type\" content=\"article\" \/>\n<meta property=\"og:title\" content=\"Br\u00e8ves d&#039;actus internationales du 9 f\u00e9vrier 2022\" \/>\n<meta property=\"og:description\" content=\"Br\u00e8ves d&#039;actus internationales du 9 f\u00e9vrier 2022. Quelques actualit\u00e9s du monde, en bref.\" \/>\n<meta property=\"og:url\" content=\"https:\/\/www.newsendip.com\/fr\/breves-dactus-internationales-du-9-fevrier-2022\/\" \/>\n<meta property=\"og:site_name\" content=\"Newsendip\" \/>\n<meta property=\"article:publisher\" content=\"https:\/\/www.facebook.com\/newsendip\" \/>\n<meta property=\"article:published_time\" content=\"2022-02-09T22:48:35+00:00\" \/>\n<meta property=\"article:modified_time\" content=\"2024-07-16T22:01:30+00:00\" \/>\n<meta property=\"og:image\" content=\"https:\/\/www.newsendip.com\/wp-content\/uploads\/2023\/09\/Final-Logo-V2-01-min-scaled.jpeg\" \/>\n\t<meta property=\"og:image:width\" content=\"2560\" \/>\n\t<meta property=\"og:image:height\" content=\"1650\" \/>\n\t<meta property=\"og:image:type\" content=\"image\/jpeg\" \/>\n<meta name=\"author\" content=\"Cl\u00e9ment V\u00e9rit\u00e9\" \/>\n<meta name=\"twitter:card\" content=\"summary_large_image\" \/>\n<meta name=\"twitter:image\" content=\"https:\/\/www.newsendip.com\/wp-content\/uploads\/2023\/09\/Final-Logo-V2-01-min-scaled.jpeg\" \/>\n<meta name=\"twitter:creator\" content=\"@https:\/\/twitter.com\/cverite\" \/>\n<meta name=\"twitter:site\" content=\"@newsendip\" \/>\n<meta name=\"twitter:label1\" content=\"\u00c9crit par\" \/>\n\t<meta name=\"twitter:data1\" content=\"Cl\u00e9ment V\u00e9rit\u00e9\" \/>\n\t<meta name=\"twitter:label2\" content=\"Dur\u00e9e de lecture estim\u00e9e\" \/>\n\t<meta name=\"twitter:data2\" content=\"2 minutes\" \/>\n<!-- \/ Yoast SEO Premium plugin. -->","yoast_head_json":{"title":"Br\u00e8ves d'actus internationales du 9 f\u00e9vrier 2022","description":"Br\u00e8ves d'actus internationales du 9 f\u00e9vrier 2022. Quelques actualit\u00e9s du monde, en bref.","robots":{"index":"index","follow":"follow","max-snippet":"max-snippet:-1","max-image-preview":"max-image-preview:large","max-video-preview":"max-video-preview:-1"},"canonical":"https:\/\/www.newsendip.com\/fr\/breves-dactus-internationales-du-9-fevrier-2022\/","og_locale":"fr_FR","og_type":"article","og_title":"Br\u00e8ves d'actus internationales du 9 f\u00e9vrier 2022","og_description":"Br\u00e8ves d'actus internationales du 9 f\u00e9vrier 2022. Quelques actualit\u00e9s du monde, en bref.","og_url":"https:\/\/www.newsendip.com\/fr\/breves-dactus-internationales-du-9-fevrier-2022\/","og_site_name":"Newsendip","article_publisher":"https:\/\/www.facebook.com\/newsendip","article_published_time":"2022-02-09T22:48:35+00:00","article_modified_time":"2024-07-16T22:01:30+00:00","og_image":[{"width":2560,"height":1650,"url":"https:\/\/www.newsendip.com\/wp-content\/uploads\/2023\/09\/Final-Logo-V2-01-min-scaled.jpeg","type":"image\/jpeg"}],"author":"Cl\u00e9ment V\u00e9rit\u00e9","twitter_card":"summary_large_image","twitter_image":"https:\/\/www.newsendip.com\/wp-content\/uploads\/2023\/09\/Final-Logo-V2-01-min-scaled.jpeg","twitter_creator":"@https:\/\/twitter.com\/cverite","twitter_site":"@newsendip","twitter_misc":{"\u00c9crit par":"Cl\u00e9ment V\u00e9rit\u00e9","Dur\u00e9e de lecture estim\u00e9e":"2 minutes"},"schema":{"@context":"https:\/\/schema.org","@graph":[{"@type":"NewsArticle","@id":"https:\/\/www.newsendip.com\/fr\/breves-dactus-internationales-du-9-fevrier-2022\/#article","isPartOf":{"@id":"https:\/\/www.newsendip.com\/fr\/breves-dactus-internationales-du-9-fevrier-2022\/"},"author":{"name":"Cl\u00e9ment V\u00e9rit\u00e9","@id":"https:\/\/www.newsendip.com\/fr\/#\/schema\/person\/ea22c01755f464a3cbc2c619584d6363"},"headline":"Br\u00e8ves d\u2019actus internationales du 9 f\u00e9vrier 2022","datePublished":"2022-02-09T22:48:35+00:00","dateModified":"2024-07-16T22:01:30+00:00","mainEntityOfPage":{"@id":"https:\/\/www.newsendip.com\/fr\/breves-dactus-internationales-du-9-fevrier-2022\/"},"wordCount":363,"publisher":{"@id":"https:\/\/www.newsendip.com\/fr\/#organization"},"image":{"@id":"https:\/\/www.newsendip.com\/fr\/breves-dactus-internationales-du-9-fevrier-2022\/#primaryimage"},"thumbnailUrl":"https:\/\/www.newsendip.com\/wp-content\/uploads\/2023\/09\/Final-Logo-V2-01-scaled.webp","keywords":["Afrique du Sud","Iran","Italie","Nigeria","Roumanie","Royaume-Uni","Su\u00e8de","Suisse"],"articleSection":["Br\u00e8ve actu internationale"],"inLanguage":"fr-FR","copyrightYear":"2022","copyrightHolder":{"@id":"https:\/\/www.newsendip.com\/#organization"}},{"@type":"WebPage","@id":"https:\/\/www.newsendip.com\/fr\/breves-dactus-internationales-du-9-fevrier-2022\/","url":"https:\/\/www.newsendip.com\/fr\/breves-dactus-internationales-du-9-fevrier-2022\/","name":"Br\u00e8ves d'actus internationales du 9 f\u00e9vrier 2022","isPartOf":{"@id":"https:\/\/www.newsendip.com\/fr\/#website"},"primaryImageOfPage":{"@id":"https:\/\/www.newsendip.com\/fr\/breves-dactus-internationales-du-9-fevrier-2022\/#primaryimage"},"image":{"@id":"https:\/\/www.newsendip.com\/fr\/breves-dactus-internationales-du-9-fevrier-2022\/#primaryimage"},"thumbnailUrl":"https:\/\/www.newsendip.com\/wp-content\/uploads\/2023\/09\/Final-Logo-V2-01-scaled.webp","datePublished":"2022-02-09T22:48:35+00:00","dateModified":"2024-07-16T22:01:30+00:00","description":"Br\u00e8ves d'actus internationales du 9 f\u00e9vrier 2022. Quelques actualit\u00e9s du monde, en bref.","breadcrumb":{"@id":"https:\/\/www.newsendip.com\/fr\/breves-dactus-internationales-du-9-fevrier-2022\/#breadcrumb"},"inLanguage":"fr-FR","potentialAction":[{"@type":"ReadAction","target":["https:\/\/www.newsendip.com\/fr\/breves-dactus-internationales-du-9-fevrier-2022\/"]}]},{"@type":"ImageObject","inLanguage":"fr-FR","@id":"https:\/\/www.newsendip.com\/fr\/breves-dactus-internationales-du-9-fevrier-2022\/#primaryimage","url":"https:\/\/www.newsendip.com\/wp-content\/uploads\/2023\/09\/Final-Logo-V2-01-scaled.webp","contentUrl":"https:\/\/www.newsendip.com\/wp-content\/uploads\/2023\/09\/Final-Logo-V2-01-scaled.webp","width":2560,"height":1650,"caption":"Logo Newsendip actualit\u00e9 internationale"},{"@type":"BreadcrumbList","@id":"https:\/\/www.newsendip.com\/fr\/breves-dactus-internationales-du-9-fevrier-2022\/#breadcrumb","itemListElement":[{"@type":"ListItem","position":1,"name":"Accueil","item":"https:\/\/www.newsendip.com\/fr\/"},{"@type":"ListItem","position":2,"name":"Br\u00e8ves d&#8217;actus internationales du 9 f\u00e9vrier 2022"}]},{"@type":"WebSite","@id":"https:\/\/www.newsendip.com\/fr\/#website","url":"https:\/\/www.newsendip.com\/fr\/","name":"Newsendip","description":"Red\u00e9couvrez l&#039;actualit\u00e9 internationale","publisher":{"@id":"https:\/\/www.newsendip.com\/fr\/#organization"},"potentialAction":[{"@type":"SearchAction","target":{"@type":"EntryPoint","urlTemplate":"https:\/\/www.newsendip.com\/fr\/?s={search_term_string}"},"query-input":{"@type":"PropertyValueSpecification","valueRequired":true,"valueName":"search_term_string"}}],"inLanguage":"fr-FR"},{"@type":"Organization","@id":"https:\/\/www.newsendip.com\/fr\/#organization","name":"Newsendip","url":"https:\/\/www.newsendip.com\/fr\/","logo":{"@type":"ImageObject","inLanguage":"fr-FR","@id":"https:\/\/www.newsendip.com\/fr\/#\/schema\/logo\/image\/","url":"https:\/\/www.newsendip.com\/wp-content\/uploads\/2023\/12\/512x512.svg","contentUrl":"https:\/\/www.newsendip.com\/wp-content\/uploads\/2023\/12\/512x512.svg","width":1,"height":1,"caption":"Newsendip"},"image":{"@id":"https:\/\/www.newsendip.com\/fr\/#\/schema\/logo\/image\/"},"sameAs":["https:\/\/www.facebook.com\/newsendip","https:\/\/x.com\/newsendip","https:\/\/mastodon.social\/@newsendip","https:\/\/www.linkedin.com\/company\/newsendip"],"description":"Newsendip est un site qui a pour mission de rendre l'actualit\u00e9 internationale accessible et diversifi\u00e9e","email":"contact@newsendip.com","legalName":"Newsendip SAS","foundingDate":"2022-11-04","vatID":"FR60921124723","numberOfEmployees":{"@type":"QuantitativeValue","minValue":"1","maxValue":"10"},"publishingPrinciples":"https:\/\/www.newsendip.com\/about-us\/","ownershipFundingInfo":"https:\/\/www.newsendip.com\/legal-notice\/","actionableFeedbackPolicy":"https:\/\/www.newsendip.com\/about-us\/","correctionsPolicy":"https:\/\/www.newsendip.com\/about-us\/","ethicsPolicy":"https:\/\/www.newsendip.com\/about-us\/","diversityPolicy":"https:\/\/www.newsendip.com\/about-us\/"},{"@type":"Person","@id":"https:\/\/www.newsendip.com\/fr\/#\/schema\/person\/ea22c01755f464a3cbc2c619584d6363","name":"Cl\u00e9ment V\u00e9rit\u00e9","description":"Cl\u00e9ment is the executive editor and founder of Newsendip. He started in the media industry as a freelance reporter at 16 for a local French newspaper after school and has never left it. He later worked for seven years at The New York Times, notably as a data analyst. He holds a Master of Management in France and a Master of Arts in the United Kingdom in International Marketing &amp; Communications Strategy. He has lived in France, the United Kingdom, and Italy.","sameAs":["https:\/\/www.newsendip.com\/","https:\/\/www.linkedin.com\/in\/clementverite\/","https:\/\/x.com\/https:\/\/twitter.com\/cverite"],"knowsAbout":["News","International","Business","Media monitoring"],"knowsLanguage":["English","French","Italian","Spanish"],"url":"https:\/\/www.newsendip.com\/fr\/author\/clement-verite\/"}]}},"_links":{"self":[{"href":"https:\/\/www.newsendip.com\/fr\/wp-json\/wp\/v2\/posts\/36824","targetHints":{"allow":["GET"]}}],"collection":[{"href":"https:\/\/www.newsendip.com\/fr\/wp-json\/wp\/v2\/posts"}],"about":[{"href":"https:\/\/www.newsendip.com\/fr\/wp-json\/wp\/v2\/types\/post"}],"author":[{"embeddable":true,"href":"https:\/\/www.newsendip.com\/fr\/wp-json\/wp\/v2\/users\/1"}],"replies":[{"embeddable":true,"href":"https:\/\/www.newsendip.com\/fr\/wp-json\/wp\/v2\/comments?post=36824"}],"version-history":[{"count":0,"href":"https:\/\/www.newsendip.com\/fr\/wp-json\/wp\/v2\/posts\/36824\/revisions"}],"wp:featuredmedia":[{"embeddable":true,"href":"https:\/\/www.newsendip.com\/fr\/wp-json\/wp\/v2\/media\/31343"}],"wp:attachment":[{"href":"https:\/\/www.newsendip.com\/fr\/wp-json\/wp\/v2\/media?parent=36824"}],"wp:term":[{"taxonomy":"category","embeddable":true,"href":"https:\/\/www.newsendip.com\/fr\/wp-json\/wp\/v2\/categories?post=36824"},{"taxonomy":"post_tag","embeddable":true,"href":"https:\/\/www.newsendip.com\/fr\/wp-json\/wp\/v2\/tags?post=36824"}],"curies":[{"name":"wp","href":"https:\/\/api.w.org\/{rel}","templated":true}]}}