{"id":36827,"date":"2022-02-14T14:04:52","date_gmt":"2022-02-14T13:04:52","guid":{"rendered":"https:\/\/www.newsendip.com\/?p=36827"},"modified":"2024-07-15T13:34:01","modified_gmt":"2024-07-15T11:34:01","slug":"breves-dactus-internationales-du-14-fevrier-2022","status":"publish","type":"post","link":"https:\/\/www.newsendip.com\/fr\/breves-dactus-internationales-du-14-fevrier-2022\/","title":{"rendered":"Br\u00e8ves d\u2019actus internationales du 14 f\u00e9vrier 2022"},"content":{"rendered":"<h2>Quelques actualit\u00e9s du monde, en&nbsp;bref&nbsp;:<\/h2>\n<ul>\n<li>Le minist\u00e8re indien de l\u2019Int\u00e9rieur a recommand\u00e9 l\u2019interdiction de 54 applications mobiles, pour la plupart chinoises. Garena Free Fire, une application de jeu bas\u00e9e \u00e0 Singapour et tr\u00e8s populaire en Inde, fait partie de la liste. L\u2019application a d\u00e9j\u00e0 \u00e9t\u00e9 supprim\u00e9e des magasins d\u2019applications. En 2020, l\u2019Inde avait d\u00e9j\u00e0 interdit TikTok, Xiaomi Mi Community, Clash of Kings, Weibo et un autre jeu mobile PUBG parmi une liste de 273 applications d\u00e9sormais interdites. Cela se produit g\u00e9n\u00e9ralement lorsque l\u2019Inde les consid\u00e8re comme une menace pour sa s\u00e9curit\u00e9 ou sa souverainet\u00e9.<\/li>\n<li>L\u2019ancienne directrice de la plus grande bourse indienne a \u00e9t\u00e9 condamn\u00e9e \u00e0 une amende de pr\u00e8s de 400 000 dollars apr\u00e8s qu\u2019une enqu\u00eate a r\u00e9v\u00e9l\u00e9 qu\u2019elle avait partag\u00e9 des informations confidentielles avec un gourou anonyme qui, selon les r\u00e9gulateurs, avait influenc\u00e9 ses d\u00e9cisions.<\/li>\n<li>Les autorit\u00e9s militaires soudanaises ont de nouveau arr\u00eat\u00e9 un ancien haut responsable du gouvernement, a d\u00e9clar\u00e9 son parti, alors que les groupes pro-d\u00e9mocratie se pr\u00e9paraient lundi \u00e0 de nouvelles manifestations contre un coup d\u2019\u00c9tat militaire qui a plong\u00e9 le pays dans la tourmente.<\/li>\n<li>Une foule enrag\u00e9e a lapid\u00e9 \u00e0 mort un homme pour avoir pr\u00e9tendument profan\u00e9 le Coran dans une mosqu\u00e9e d\u2019un village recul\u00e9 de l\u2019est du Pakistan, a annonc\u00e9 dimanche la police. Trois policiers ont \u00e9galement \u00e9t\u00e9 bless\u00e9s et plus de 80 hommes ont \u00e9t\u00e9 arr\u00eat\u00e9s.<\/li>\n<li>Le cabinet du pr\u00e9sident Cyril Ramaphosa a prolong\u00e9 l\u2019\u00e9tat de catastrophe nationale en Afrique du Sud, qui pourrait prendre fin le mois prochain.<\/li>\n<li>La police belge a filtr\u00e9 la circulation autour de Bruxelles pendant l\u2019heure de pointe de lundi matin pour tenter de contenir une manifestation de v\u00e9hicules en provenance de France inspir\u00e9e par le convoi de la libert\u00e9 du Canada contre les restrictions li\u00e9es au coronavirus.<\/li>\n<li>L\u2019\u00e9conomie colombienne a connu une croissance de 10,2% en 2021 selon le pr\u00e9sident Iv\u00e1n Duque. Ce serait le taux de croissance le plus \u00e9lev\u00e9 de l\u2019histoire de la Colombie. Le PIB a chut\u00e9 de 6,80\u202f% en 2020, mais l\u2019activit\u00e9 \u00e9conomique en 2021 pourrait \u00eatre sup\u00e9rieure \u00e0 celle de&nbsp;2019.<\/li>\n<li>Sept mois seulement apr\u00e8s son \u00e9lection \u00e0 la pr\u00e9sidence du P\u00e9rou, la cote de popularit\u00e9 de Pedro Castillo parmi la population est tomb\u00e9e \u00e0 25\u202f% en f\u00e9vrier, contre 33\u202f% en janvier, selon Ipsos P\u00e9rou. C\u2019est inf\u00e9rieur \u00e0 celui des quatre derniers pr\u00e9sidents au m\u00eame moment au cours des 20 derni\u00e8res ann\u00e9es.<\/li>\n<li>Pour lutter contre l\u2019inflation, la Turquie a r\u00e9duit la TVA sur les produits alimentaires de base de 8% \u00e0&nbsp;1%.<\/li>\n<\/ul>\n","protected":false},"excerpt":{"rendered":"<p>Br\u00e8ves d\u2019actus internationales du 14 f\u00e9vrier 2022. Quelques actualit\u00e9s du monde, en&nbsp;bref.<\/p>\n","protected":false},"author":1,"featured_media":31343,"comment_status":"closed","ping_status":"closed","sticky":false,"template":"","format":"standard","meta":{"wp_typography_post_enhancements_disabled":false,"footnotes":""},"categories":[1482],"tags":[420,464,440,446,1349,503,517],"class_list":["post-36827","post","type-post","status-publish","format-standard","has-post-thumbnail","hentry","category-breve-actualite-internationale","tag-afrique-sud","tag-belgique","tag-colombie","tag-inde","tag-pakistan-fr","tag-perou","tag-turquie"],"yoast_head":"<!-- This site is optimized with the Yoast SEO Premium plugin v27.4 (Yoast SEO v27.4) - https:\/\/yoast.com\/product\/yoast-seo-premium-wordpress\/ -->\n<title>Br\u00e8ves d&#039;actus internationales du 14 f\u00e9vrier 2022<\/title>\n<meta name=\"description\" content=\"Br\u00e8ves d&#039;actus internationales du 14 f\u00e9vrier 2022. Quelques actualit\u00e9s du monde, en bref.\" \/>\n<meta name=\"robots\" content=\"index, follow, max-snippet:-1, max-image-preview:large, max-video-preview:-1\" \/>\n<link rel=\"canonical\" href=\"https:\/\/www.newsendip.com\/fr\/breves-dactus-internationales-du-14-fevrier-2022\/\" \/>\n<meta property=\"og:locale\" content=\"fr_FR\" \/>\n<meta property=\"og:type\" content=\"article\" \/>\n<meta property=\"og:title\" content=\"Br\u00e8ves d&#039;actus internationales du 14 f\u00e9vrier 2022\" \/>\n<meta property=\"og:description\" content=\"Br\u00e8ves d&#039;actus internationales du 14 f\u00e9vrier 2022. Quelques actualit\u00e9s du monde, en bref.\" \/>\n<meta property=\"og:url\" content=\"https:\/\/www.newsendip.com\/fr\/breves-dactus-internationales-du-14-fevrier-2022\/\" \/>\n<meta property=\"og:site_name\" content=\"Newsendip\" \/>\n<meta property=\"article:publisher\" content=\"https:\/\/www.facebook.com\/newsendip\" \/>\n<meta property=\"article:published_time\" content=\"2022-02-14T13:04:52+00:00\" \/>\n<meta property=\"article:modified_time\" content=\"2024-07-15T11:34:01+00:00\" \/>\n<meta property=\"og:image\" content=\"https:\/\/www.newsendip.com\/wp-content\/uploads\/2023\/09\/Final-Logo-V2-01-min-scaled.jpeg\" \/>\n\t<meta property=\"og:image:width\" content=\"2560\" \/>\n\t<meta property=\"og:image:height\" content=\"1650\" \/>\n\t<meta property=\"og:image:type\" content=\"image\/jpeg\" \/>\n<meta name=\"author\" content=\"Cl\u00e9ment V\u00e9rit\u00e9\" \/>\n<meta name=\"twitter:card\" content=\"summary_large_image\" \/>\n<meta name=\"twitter:image\" content=\"https:\/\/www.newsendip.com\/wp-content\/uploads\/2023\/09\/Final-Logo-V2-01-min-scaled.jpeg\" \/>\n<meta name=\"twitter:creator\" content=\"@https:\/\/twitter.com\/cverite\" \/>\n<meta name=\"twitter:site\" content=\"@newsendip\" \/>\n<meta name=\"twitter:label1\" content=\"\u00c9crit par\" \/>\n\t<meta name=\"twitter:data1\" content=\"Cl\u00e9ment V\u00e9rit\u00e9\" \/>\n\t<meta name=\"twitter:label2\" content=\"Dur\u00e9e de lecture estim\u00e9e\" \/>\n\t<meta name=\"twitter:data2\" content=\"3 minutes\" \/>\n<!-- \/ Yoast SEO Premium plugin. -->","yoast_head_json":{"title":"Br\u00e8ves d'actus internationales du 14 f\u00e9vrier 2022","description":"Br\u00e8ves d'actus internationales du 14 f\u00e9vrier 2022. Quelques actualit\u00e9s du monde, en bref.","robots":{"index":"index","follow":"follow","max-snippet":"max-snippet:-1","max-image-preview":"max-image-preview:large","max-video-preview":"max-video-preview:-1"},"canonical":"https:\/\/www.newsendip.com\/fr\/breves-dactus-internationales-du-14-fevrier-2022\/","og_locale":"fr_FR","og_type":"article","og_title":"Br\u00e8ves d'actus internationales du 14 f\u00e9vrier 2022","og_description":"Br\u00e8ves d'actus internationales du 14 f\u00e9vrier 2022. Quelques actualit\u00e9s du monde, en bref.","og_url":"https:\/\/www.newsendip.com\/fr\/breves-dactus-internationales-du-14-fevrier-2022\/","og_site_name":"Newsendip","article_publisher":"https:\/\/www.facebook.com\/newsendip","article_published_time":"2022-02-14T13:04:52+00:00","article_modified_time":"2024-07-15T11:34:01+00:00","og_image":[{"width":2560,"height":1650,"url":"https:\/\/www.newsendip.com\/wp-content\/uploads\/2023\/09\/Final-Logo-V2-01-min-scaled.jpeg","type":"image\/jpeg"}],"author":"Cl\u00e9ment V\u00e9rit\u00e9","twitter_card":"summary_large_image","twitter_image":"https:\/\/www.newsendip.com\/wp-content\/uploads\/2023\/09\/Final-Logo-V2-01-min-scaled.jpeg","twitter_creator":"@https:\/\/twitter.com\/cverite","twitter_site":"@newsendip","twitter_misc":{"\u00c9crit par":"Cl\u00e9ment V\u00e9rit\u00e9","Dur\u00e9e de lecture estim\u00e9e":"3 minutes"},"schema":{"@context":"https:\/\/schema.org","@graph":[{"@type":"NewsArticle","@id":"https:\/\/www.newsendip.com\/fr\/breves-dactus-internationales-du-14-fevrier-2022\/#article","isPartOf":{"@id":"https:\/\/www.newsendip.com\/fr\/breves-dactus-internationales-du-14-fevrier-2022\/"},"author":{"name":"Cl\u00e9ment V\u00e9rit\u00e9","@id":"https:\/\/www.newsendip.com\/fr\/#\/schema\/person\/ea22c01755f464a3cbc2c619584d6363"},"headline":"Br\u00e8ves d\u2019actus internationales du 14 f\u00e9vrier 2022","datePublished":"2022-02-14T13:04:52+00:00","dateModified":"2024-07-15T11:34:01+00:00","mainEntityOfPage":{"@id":"https:\/\/www.newsendip.com\/fr\/breves-dactus-internationales-du-14-fevrier-2022\/"},"wordCount":464,"publisher":{"@id":"https:\/\/www.newsendip.com\/fr\/#organization"},"image":{"@id":"https:\/\/www.newsendip.com\/fr\/breves-dactus-internationales-du-14-fevrier-2022\/#primaryimage"},"thumbnailUrl":"https:\/\/www.newsendip.com\/wp-content\/uploads\/2023\/09\/Final-Logo-V2-01-scaled.webp","keywords":["Afrique du Sud","Belgique","Colombie","Inde","Pakistan","P\u00e9rou","Turquie"],"articleSection":["Br\u00e8ve actu internationale"],"inLanguage":"fr-FR","copyrightYear":"2022","copyrightHolder":{"@id":"https:\/\/www.newsendip.com\/#organization"}},{"@type":"WebPage","@id":"https:\/\/www.newsendip.com\/fr\/breves-dactus-internationales-du-14-fevrier-2022\/","url":"https:\/\/www.newsendip.com\/fr\/breves-dactus-internationales-du-14-fevrier-2022\/","name":"Br\u00e8ves d'actus internationales du 14 f\u00e9vrier 2022","isPartOf":{"@id":"https:\/\/www.newsendip.com\/fr\/#website"},"primaryImageOfPage":{"@id":"https:\/\/www.newsendip.com\/fr\/breves-dactus-internationales-du-14-fevrier-2022\/#primaryimage"},"image":{"@id":"https:\/\/www.newsendip.com\/fr\/breves-dactus-internationales-du-14-fevrier-2022\/#primaryimage"},"thumbnailUrl":"https:\/\/www.newsendip.com\/wp-content\/uploads\/2023\/09\/Final-Logo-V2-01-scaled.webp","datePublished":"2022-02-14T13:04:52+00:00","dateModified":"2024-07-15T11:34:01+00:00","description":"Br\u00e8ves d'actus internationales du 14 f\u00e9vrier 2022. Quelques actualit\u00e9s du monde, en bref.","breadcrumb":{"@id":"https:\/\/www.newsendip.com\/fr\/breves-dactus-internationales-du-14-fevrier-2022\/#breadcrumb"},"inLanguage":"fr-FR","potentialAction":[{"@type":"ReadAction","target":["https:\/\/www.newsendip.com\/fr\/breves-dactus-internationales-du-14-fevrier-2022\/"]}]},{"@type":"ImageObject","inLanguage":"fr-FR","@id":"https:\/\/www.newsendip.com\/fr\/breves-dactus-internationales-du-14-fevrier-2022\/#primaryimage","url":"https:\/\/www.newsendip.com\/wp-content\/uploads\/2023\/09\/Final-Logo-V2-01-scaled.webp","contentUrl":"https:\/\/www.newsendip.com\/wp-content\/uploads\/2023\/09\/Final-Logo-V2-01-scaled.webp","width":2560,"height":1650,"caption":"Logo Newsendip actualit\u00e9 internationale"},{"@type":"BreadcrumbList","@id":"https:\/\/www.newsendip.com\/fr\/breves-dactus-internationales-du-14-fevrier-2022\/#breadcrumb","itemListElement":[{"@type":"ListItem","position":1,"name":"Accueil","item":"https:\/\/www.newsendip.com\/fr\/"},{"@type":"ListItem","position":2,"name":"Br\u00e8ves d&#8217;actus internationales du 14 f\u00e9vrier 2022"}]},{"@type":"WebSite","@id":"https:\/\/www.newsendip.com\/fr\/#website","url":"https:\/\/www.newsendip.com\/fr\/","name":"Newsendip","description":"Red\u00e9couvrez l&#039;actualit\u00e9 internationale","publisher":{"@id":"https:\/\/www.newsendip.com\/fr\/#organization"},"potentialAction":[{"@type":"SearchAction","target":{"@type":"EntryPoint","urlTemplate":"https:\/\/www.newsendip.com\/fr\/?s={search_term_string}"},"query-input":{"@type":"PropertyValueSpecification","valueRequired":true,"valueName":"search_term_string"}}],"inLanguage":"fr-FR"},{"@type":"Organization","@id":"https:\/\/www.newsendip.com\/fr\/#organization","name":"Newsendip","url":"https:\/\/www.newsendip.com\/fr\/","logo":{"@type":"ImageObject","inLanguage":"fr-FR","@id":"https:\/\/www.newsendip.com\/fr\/#\/schema\/logo\/image\/","url":"https:\/\/www.newsendip.com\/wp-content\/uploads\/2023\/12\/512x512.svg","contentUrl":"https:\/\/www.newsendip.com\/wp-content\/uploads\/2023\/12\/512x512.svg","width":1,"height":1,"caption":"Newsendip"},"image":{"@id":"https:\/\/www.newsendip.com\/fr\/#\/schema\/logo\/image\/"},"sameAs":["https:\/\/www.facebook.com\/newsendip","https:\/\/x.com\/newsendip","https:\/\/mastodon.social\/@newsendip","https:\/\/www.linkedin.com\/company\/newsendip"],"description":"Newsendip est un site qui a pour mission de rendre l'actualit\u00e9 internationale accessible et diversifi\u00e9e","email":"contact@newsendip.com","legalName":"Newsendip SAS","foundingDate":"2022-11-04","vatID":"FR60921124723","numberOfEmployees":{"@type":"QuantitativeValue","minValue":"1","maxValue":"10"},"publishingPrinciples":"https:\/\/www.newsendip.com\/about-us\/","ownershipFundingInfo":"https:\/\/www.newsendip.com\/legal-notice\/","actionableFeedbackPolicy":"https:\/\/www.newsendip.com\/about-us\/","correctionsPolicy":"https:\/\/www.newsendip.com\/about-us\/","ethicsPolicy":"https:\/\/www.newsendip.com\/about-us\/","diversityPolicy":"https:\/\/www.newsendip.com\/about-us\/"},{"@type":"Person","@id":"https:\/\/www.newsendip.com\/fr\/#\/schema\/person\/ea22c01755f464a3cbc2c619584d6363","name":"Cl\u00e9ment V\u00e9rit\u00e9","description":"Cl\u00e9ment is the executive editor and founder of Newsendip. He started in the media industry as a freelance reporter at 16 for a local French newspaper after school and has never left it. He later worked for seven years at The New York Times, notably as a data analyst. He holds a Master of Management in France and a Master of Arts in the United Kingdom in International Marketing &amp; Communications Strategy. He has lived in France, the United Kingdom, and Italy.","sameAs":["https:\/\/www.newsendip.com\/","https:\/\/www.linkedin.com\/in\/clementverite\/","https:\/\/x.com\/https:\/\/twitter.com\/cverite"],"knowsAbout":["News","International","Business","Media monitoring"],"knowsLanguage":["English","French","Italian","Spanish"],"url":"https:\/\/www.newsendip.com\/fr\/author\/clement-verite\/"}]}},"_links":{"self":[{"href":"https:\/\/www.newsendip.com\/fr\/wp-json\/wp\/v2\/posts\/36827","targetHints":{"allow":["GET"]}}],"collection":[{"href":"https:\/\/www.newsendip.com\/fr\/wp-json\/wp\/v2\/posts"}],"about":[{"href":"https:\/\/www.newsendip.com\/fr\/wp-json\/wp\/v2\/types\/post"}],"author":[{"embeddable":true,"href":"https:\/\/www.newsendip.com\/fr\/wp-json\/wp\/v2\/users\/1"}],"replies":[{"embeddable":true,"href":"https:\/\/www.newsendip.com\/fr\/wp-json\/wp\/v2\/comments?post=36827"}],"version-history":[{"count":0,"href":"https:\/\/www.newsendip.com\/fr\/wp-json\/wp\/v2\/posts\/36827\/revisions"}],"wp:featuredmedia":[{"embeddable":true,"href":"https:\/\/www.newsendip.com\/fr\/wp-json\/wp\/v2\/media\/31343"}],"wp:attachment":[{"href":"https:\/\/www.newsendip.com\/fr\/wp-json\/wp\/v2\/media?parent=36827"}],"wp:term":[{"taxonomy":"category","embeddable":true,"href":"https:\/\/www.newsendip.com\/fr\/wp-json\/wp\/v2\/categories?post=36827"},{"taxonomy":"post_tag","embeddable":true,"href":"https:\/\/www.newsendip.com\/fr\/wp-json\/wp\/v2\/tags?post=36827"}],"curies":[{"name":"wp","href":"https:\/\/api.w.org\/{rel}","templated":true}]}}