{"id":37087,"date":"2024-02-12T17:30:59","date_gmt":"2024-02-12T16:30:59","guid":{"rendered":"https:\/\/www.newsendip.com\/?p=37087"},"modified":"2024-02-12T17:17:22","modified_gmt":"2024-02-12T16:17:22","slug":"solitude-en-espagne-1-jeune-sur-4-se-sent-seul","status":"publish","type":"post","link":"https:\/\/www.newsendip.com\/fr\/solitude-en-espagne-1-jeune-sur-4-se-sent-seul\/","title":{"rendered":"Solitude en Espagne&nbsp;: 1 jeune sur 4 se sent&nbsp;seul"},"content":{"rendered":"<p><strong>L\u2019\u00e9tude r\u00e9cente <em>d\u2019Ayuda en Acci\u00f3n<\/em> r\u00e9v\u00e8le un sentiment de solitude pr\u00e9occupant chez les jeunes Espagnols, mettant en lumi\u00e8re des disparit\u00e9s li\u00e9es au genre, \u00e0 l\u2019orientation sexuelle et \u00e0 l\u2019int\u00e9gration \u00e9conomique \u00e0 l\u2019\u00e8re des r\u00e9seaux sociaux. La solution propos\u00e9e met l\u2019accent sur la n\u00e9cessit\u00e9 d\u2019une r\u00e9forme de l\u2019\u00e9ducation et d\u2019un soutien en mati\u00e8re de sant\u00e9 mentale pendant la d\u00e9licate transition de l\u2019adolescence \u00e0 l\u2019\u00e2ge adulte.<\/strong><\/p>\n<figure id=\"attachment_37091\" aria-describedby=\"caption-attachment-37091\" style=\"width: 1024px\" class=\"wp-caption aligncenter\"><img decoding=\"async\" class=\"wp-image-37091 size-large\" src=\"https:\/\/www.newsendip.com\/wp-content\/uploads\/2024\/02\/Man-alone-Madrid-1024x631.webp\" alt=\"Un homme est assis seul sur les marches du parc Madrid R\u00edo. \" width=\"1024\" height=\"631\" srcset=\"https:\/\/www.newsendip.com\/wp-content\/uploads\/2024\/02\/Man-alone-Madrid-1024x631.webp 1024w, https:\/\/www.newsendip.com\/wp-content\/uploads\/2024\/02\/Man-alone-Madrid-60x37.webp 60w, https:\/\/www.newsendip.com\/wp-content\/uploads\/2024\/02\/Man-alone-Madrid-300x185.webp 300w, https:\/\/www.newsendip.com\/wp-content\/uploads\/2024\/02\/Man-alone-Madrid-768x473.webp 768w, https:\/\/www.newsendip.com\/wp-content\/uploads\/2024\/02\/Man-alone-Madrid-1536x946.webp 1536w, https:\/\/www.newsendip.com\/wp-content\/uploads\/2024\/02\/Man-alone-Madrid.webp 1920w\" sizes=\"(max-width: 1024px) 100vw, 1024px\"><figcaption id=\"caption-attachment-37091\" class=\"wp-caption-text\">Un homme assis seul \u00e0 Madrid | \u00a9 Mari Vlassi<\/figcaption><\/figure>\n<p>La solitude est devenue une crise de sant\u00e9 mentale chez les 16\u201329 ans en <a href=\"https:\/\/www.newsendip.com\/fr\/etiquette\/espagne\/\">Espagne<\/a>. En effet, <a href=\"https:\/\/ayudaenaccion.b-cdn.net\/uploads\/2024\/02\/Estudio-soledad-juvenil_V12.pdf\">un jeune sur quatre<\/a> dit se sentir seul et 77\u202f% affirment conna\u00eetre quelqu\u2019un de leur \u00e2ge qui souffre de solitude.<\/p>\n<p><em>Ayuda en Acci\u00f3n<\/em>, une ONG qui se consacre \u00e0 l\u2019am\u00e9lioration des conditions de vie des jeunes, a r\u00e9alis\u00e9 son \u00e9tude au moyen d\u2019entretiens t\u00e9l\u00e9phoniques avec 1 800 personnes \u00e2g\u00e9es de 16 \u00e0 29 ans. Elle a mis en \u00e9vidence ce ph\u00e9nom\u00e8ne d\u201d\u202f\u202f\u00bbisolement non d\u00e9sir\u00e9\u202f\u00bb, offrant une nouvelle perspective sur la sant\u00e9 mentale de la jeune g\u00e9n\u00e9ration en Espagne et sur l\u2019impact des in\u00e9galit\u00e9s socio-\u00e9conomiques sur la solitude.<\/p>\n<p>Sur les 25,5\u202f% de jeunes qui se sentent seuls, 45,7\u202f% d\u00e9clarent se sentir ainsi depuis trois ans, ce qui r\u00e9v\u00e8le que la pand\u00e9mie de COVID-19 est la premi\u00e8re cause du sentiment de solitude dans uniquement 20,4\u202f% des&nbsp;cas.<\/p>\n<p>L\u2019\u00e9tude attribue plut\u00f4t cette cause \u00e0 l\u2019augmentation du ch\u00f4mage chez les jeunes, au harc\u00e8lement et aux troubles psychologiques.<\/p>\n<p>Bien que l\u2019\u00e9tude n\u2019ait pas r\u00e9ussi \u00e0 \u00e9tablir un lien direct entre la solitude et les m\u00e9dias sociaux, elle a mis en lumi\u00e8re que la principale cause de la solitude, d\u2019apr\u00e8s ceux qui la ressentent, r\u00e9side dans la difficult\u00e9 \u00e0 \u00e9tablir des connexions avec autrui.<\/p>\n<p>Les individus qui ne ressentent pas cette solitude t\u00e9moigne d\u2019une confiance significativement plus \u00e9lev\u00e9e envers les autres que celles par rapport \u00e0 ceux qui se sentent seuls. Pour <em>Telva<\/em>, l\u2019un des magazines f\u00e9minins les plus importants d\u2019Espagne, les m\u00e9dias sociaux constituent l\u2019une des principales causes de cette incapacit\u00e9 \u00e0 d\u00e9velopper des relations personnelles.<\/p>\n<p>L\u2019\u00e9tude pr\u00e9cise que la solitude non d\u00e9sir\u00e9e atteint son pic chez la tranche d\u2019\u00e2ge entre 21 et 26 ans. En revanche, les jeunes plus \u00e2g\u00e9s, entre 27 et 29 ans, ainsi que les 16\u201320 ans, ressentent une solitude l\u00e9g\u00e8rement moins&nbsp;forte.<\/p>\n<p>La corr\u00e9lation entre la sant\u00e9 mentale et le ressenti de la solitude rev\u00eat une importance cruciale&nbsp;: un jeune sur trois \u00e9prouvant la solitude est aux prises avec des probl\u00e8mes de sant\u00e9 mentale, tandis que 51\u202f% de ceux qui se sentent seuls ont manifest\u00e9 des pens\u00e9es suicidaires.<\/p>\n<h2>La solitude ind\u00e9sirable li\u00e9e au passage \u00e0 l\u2019\u00e2ge adulte<\/h2>\n<p>Les femmes, la communaut\u00e9 LGBTI et les \u00e9trangers sont \u00e9galement plus susceptibles de souffrir de solitude en Espagne. Cependant, ce qui ce qui se d\u00e9marque le plus, c\u2019est la corr\u00e9lation directe entre l\u2019acc\u00e8s \u00e0 l\u2019emploi et l\u2019isolement involontaire, et a fortiori avec les in\u00e9galit\u00e9s et la pauvret\u00e9.<\/p>\n<p>Cette solitude non d\u00e9sir\u00e9e parmi les jeunes est deux fois plus grandes chez ceux issus de foyers en difficult\u00e9 \u00e9conomique. Dans une p\u00e9riode o\u00f9 l\u2019acc\u00e8s au logement est loin d\u2019\u00eatre assur\u00e9, les inqui\u00e9tudes concernant l\u2019avenir ont atteint des sommets&nbsp;: 83\u202f% des personnes souffrant de solitude expriment des pr\u00e9occupations quant \u00e0 leurs aspirations personnels et professionnels.<\/p>\n<p>Pour le quotidien espagnol <a href=\"https:\/\/www.elmundo.es\/espana\/2024\/02\/08\/65c3a72ffc6c830e218b459c.html\"><em>El Mundo<\/em><\/a>, la jeunesse espagnole a normalis\u00e9 l\u2019incertitude concernant l\u2019instabilit\u00e9 \u00e9conomique et le manque d\u2019acc\u00e8s \u00e0 l\u2019emploi, ce qui a un impact significatif sur les personnes qui entrent dans l\u2019\u00e2ge adulte.<\/p>\n<p>Selon un rapport r\u00e9alis\u00e9 par les <a href=\"https:\/\/www.mdpi.com\/journal\/sustainability\">d\u00e9partements d\u2019\u00e9conomie de deux universit\u00e9s polonaises<\/a>, une corr\u00e9lation \u00e9merge entre le sentiment de solitude et le ph\u00e9nom\u00e8ne de \u00ab\u202fnidification\u202f\u00bb, ou encore l\u201d\u202f\u202f\u00bbeffet cabane\u202f\u00bb. Aujourd\u2019hui, les jeunes adultes europ\u00e9ens rencontrent des difficult\u00e9s croissantes \u00e0 quitter le cocon familial, et c\u2019est particuli\u00e8rement dans les pays du sud de l\u2019Europe que l\u2019on observe la plus forte propension rester au domicile parental.<\/p>\n<p>En Espagne, les <a href=\"https:\/\/www.newsendip.com\/fr\/emancipation-de-la-jeunesse-espagnole-qui-quitte-le-foyer-a-pres-de-30-ans-devrait-rester-difficile-dans-les-annees-a-venir\/\">jeunes doivent \u00e9norm\u00e9ment d\u00e9pendre de leurs parents<\/a>. Par cons\u00e9quent, le pessimisme qu\u2019ils ressentent \u00e0 l\u2019\u00e9gard de la r\u00e9ussite \u00e9conomique et de l\u2019avenir contribue de mani\u00e8re significative \u00e0 leur bien-\u00eatre mental.<\/p>\n<h2>La solitude, un ph\u00e9nom\u00e8ne mondial&nbsp;: existe-t-il une solution\u202f?<\/h2>\n<p>Mais cette crise ne se limite pas \u00e0 l\u2019Espagne&nbsp;: une enqu\u00eate men\u00e9e par la <a href=\"https:\/\/www.fondationdefrance.org\/fr\/observatoire-de-la-philanthropie\/jeune-et-sans-amis-quand-la-solitude-frappe-les-15-30-ans\"><em>Fondation de France<\/em><\/a> a indiqu\u00e9 que 2 millions de jeunes en France d\u00e9clarent \u00e9galement avoir \u00e9t\u00e9 affect\u00e9s par la solitude. En \u00e9largissant la perspective, une \u00e9tude men\u00e9e sur 142 pays r\u00e9v\u00e8le <a href=\"https:\/\/news.gallup.com\/opinion\/gallup\/512618\/almost-quarter-world-feels-lonely.aspx\">qu\u2019un quart de la population mondiale<\/a> en souffre, les jeunes \u00e9tant davantage touch\u00e9s que les personnes \u00e2g\u00e9es, et situe ainsi l\u2019Espagne dans la moyenne mondiale.<\/p>\n<p>Un autre rapport sur la solitude des Espagnols de tous \u00e2ges, r\u00e9alis\u00e9 par l\u2019<a href=\"https:\/\/www.soledades.es\/sites\/default\/files\/contenidos\/Executive%20summary_The%20cost%20of%20loneliness%20in%20Spain.pdf\">Observatoire national de la solitude<\/a> (SoledadES) en 2021, a mis en \u00e9vidence les co\u00fbts \u00e9conomiques importants de la solitude pour le syst\u00e8me de sant\u00e9 et souligne que l\u2019attention de la soci\u00e9t\u00e9 dans son ensemble est n\u00e9cessaire pour la combattre.<\/p>\n<p>Cependant, <em>Ayuda en Acci\u00f3n<\/em> reconna\u00eet que la diversit\u00e9 des profils des jeunes rend difficile l\u2019\u00e9laboration d\u2019une solution universelle \u00e0 la solitude. Le rapport propose sept recommandations visant \u00e0 soutenir activement les jeunes adultes pendant cette p\u00e9riode de transition, en les guidant de mani\u00e8re plus efficace et en les aidant davantage au sein du milieu scolaire.<\/p>\n<p>Il s\u2019agit notamment l\u2019\u00e9tablissement d\u2019\u00e9coles inclusives offrant une \u00e9ducation sur la gestion des \u00e9motions, la promotion de relations sociales \u00e0 travers de loisirs bons pour la sant\u00e9, et la <a href=\"https:\/\/www.newsendip.com\/fr\/sante-mentale-jeunes-autrichiens-plus-de-la-moitie-souffre-symptomes-depressifs\/\">protection de la sant\u00e9 mentale<\/a> des adolescents et des jeunes.<\/p>\n","protected":false},"excerpt":{"rendered":"<p>L\u2019\u00e9tude r\u00e9cente d\u2019Ayuda en Acci\u00f3n r\u00e9v\u00e8le un sentiment de solitude pr\u00e9occupant chez les jeunes Espagnols, mettant en lumi\u00e8re des disparit\u00e9s li\u00e9es au genre, \u00e0 l\u2019orientation sexuelle et \u00e0 l\u2019int\u00e9gration \u00e9conomique \u00e0 l\u2019\u00e8re des r\u00e9seaux sociaux. La solution propos\u00e9e met l\u2019accent sur la n\u00e9cessit\u00e9 d\u2019une r\u00e9forme de l\u2019\u00e9ducation et d\u2019un soutien en mati\u00e8re de sant\u00e9 mentale pendant la d\u00e9licate transition de l\u2019adolescence \u00e0 l\u2019\u00e2ge adulte.<\/p>\n","protected":false},"author":260,"featured_media":37091,"comment_status":"closed","ping_status":"open","sticky":false,"template":"","format":"standard","meta":{"wp_typography_post_enhancements_disabled":false,"footnotes":""},"categories":[412],"tags":[433,1334],"class_list":["post-37087","post","type-post","status-publish","format-standard","has-post-thumbnail","hentry","category-sciences-et-sante","tag-espagne","tag-nouveau"],"yoast_head":"<!-- This site is optimized with the Yoast SEO Premium plugin v27.4 (Yoast SEO v27.4) - https:\/\/yoast.com\/product\/yoast-seo-premium-wordpress\/ -->\n<title>Solitude en Espagne\u00a0: 1 jeune sur 4 se sent seul<\/title>\n<meta name=\"description\" content=\"L&#039;\u00e9tude r\u00e9cente d&#039;Ayuda en Acci\u00f3n r\u00e9v\u00e8le un sentiment de solitude pr\u00e9occupant chez les jeunes Espagnols, mettant en lumi\u00e8re des disparit\u00e9s li\u00e9es au genre, \u00e0 l\u2019orientation sexuelle et \u00e0 l\u2019int\u00e9gration \u00e9conomique \u00e0 l&#039;\u00e8re des r\u00e9seaux sociaux. La solution propos\u00e9e met l&#039;accent sur la n\u00e9cessit\u00e9 d&#039;une r\u00e9forme de l&#039;\u00e9ducation et d&#039;un soutien en mati\u00e8re de sant\u00e9 mentale pendant la d\u00e9licate transition de l&#039;adolescence \u00e0 l&#039;\u00e2ge adulte.\" \/>\n<meta name=\"robots\" content=\"index, follow, max-snippet:-1, max-image-preview:large, max-video-preview:-1\" \/>\n<link rel=\"canonical\" href=\"https:\/\/www.newsendip.com\/fr\/solitude-en-espagne-1-jeune-sur-4-se-sent-seul\/\" \/>\n<meta property=\"og:locale\" content=\"fr_FR\" \/>\n<meta property=\"og:type\" content=\"article\" \/>\n<meta property=\"og:title\" content=\"Solitude en Espagne\u00a0: 1 jeune sur 4 se sent seul\" \/>\n<meta property=\"og:description\" content=\"L&#039;\u00e9tude r\u00e9cente d&#039;Ayuda en Acci\u00f3n r\u00e9v\u00e8le un sentiment de solitude pr\u00e9occupant chez les jeunes Espagnols, mettant en lumi\u00e8re des disparit\u00e9s li\u00e9es au genre, \u00e0 l\u2019orientation sexuelle et \u00e0 l\u2019int\u00e9gration \u00e9conomique \u00e0 l&#039;\u00e8re des r\u00e9seaux sociaux. La solution propos\u00e9e met l&#039;accent sur la n\u00e9cessit\u00e9 d&#039;une r\u00e9forme de l&#039;\u00e9ducation et d&#039;un soutien en mati\u00e8re de sant\u00e9 mentale pendant la d\u00e9licate transition de l&#039;adolescence \u00e0 l&#039;\u00e2ge adulte.\" \/>\n<meta property=\"og:url\" content=\"https:\/\/www.newsendip.com\/fr\/solitude-en-espagne-1-jeune-sur-4-se-sent-seul\/\" \/>\n<meta property=\"og:site_name\" content=\"Newsendip\" \/>\n<meta property=\"article:publisher\" content=\"https:\/\/www.facebook.com\/newsendip\" \/>\n<meta property=\"article:published_time\" content=\"2024-02-12T16:30:59+00:00\" \/>\n<meta property=\"og:image\" content=\"https:\/\/www.newsendip.com\/wp-content\/uploads\/2024\/02\/jpeg-optimizer_Man-alone-Madrid.jpeg\" \/>\n\t<meta property=\"og:image:width\" content=\"1408\" \/>\n\t<meta property=\"og:image:height\" content=\"866\" \/>\n\t<meta property=\"og:image:type\" content=\"image\/jpeg\" \/>\n<meta name=\"author\" content=\"Claire Rhea\" \/>\n<meta name=\"twitter:card\" content=\"summary_large_image\" \/>\n<meta name=\"twitter:image\" content=\"https:\/\/www.newsendip.com\/wp-content\/uploads\/2024\/02\/jpeg-optimizer_Man-alone-Madrid.jpeg\" \/>\n<meta name=\"twitter:creator\" content=\"@newsendip\" \/>\n<meta name=\"twitter:site\" content=\"@newsendip\" \/>\n<meta name=\"twitter:label1\" content=\"\u00c9crit par\" \/>\n\t<meta name=\"twitter:data1\" content=\"Claire Rhea\" \/>\n\t<meta name=\"twitter:label2\" content=\"Dur\u00e9e de lecture estim\u00e9e\" \/>\n\t<meta name=\"twitter:data2\" content=\"1 minute\" \/>\n<!-- \/ Yoast SEO Premium plugin. -->","yoast_head_json":{"title":"Solitude en Espagne\u00a0: 1 jeune sur 4 se sent seul","description":"L'\u00e9tude r\u00e9cente d'Ayuda en Acci\u00f3n r\u00e9v\u00e8le un sentiment de solitude pr\u00e9occupant chez les jeunes Espagnols, mettant en lumi\u00e8re des disparit\u00e9s li\u00e9es au genre, \u00e0 l\u2019orientation sexuelle et \u00e0 l\u2019int\u00e9gration \u00e9conomique \u00e0 l'\u00e8re des r\u00e9seaux sociaux. La solution propos\u00e9e met l'accent sur la n\u00e9cessit\u00e9 d'une r\u00e9forme de l'\u00e9ducation et d'un soutien en mati\u00e8re de sant\u00e9 mentale pendant la d\u00e9licate transition de l'adolescence \u00e0 l'\u00e2ge adulte.","robots":{"index":"index","follow":"follow","max-snippet":"max-snippet:-1","max-image-preview":"max-image-preview:large","max-video-preview":"max-video-preview:-1"},"canonical":"https:\/\/www.newsendip.com\/fr\/solitude-en-espagne-1-jeune-sur-4-se-sent-seul\/","og_locale":"fr_FR","og_type":"article","og_title":"Solitude en Espagne\u00a0: 1 jeune sur 4 se sent seul","og_description":"L'\u00e9tude r\u00e9cente d'Ayuda en Acci\u00f3n r\u00e9v\u00e8le un sentiment de solitude pr\u00e9occupant chez les jeunes Espagnols, mettant en lumi\u00e8re des disparit\u00e9s li\u00e9es au genre, \u00e0 l\u2019orientation sexuelle et \u00e0 l\u2019int\u00e9gration \u00e9conomique \u00e0 l'\u00e8re des r\u00e9seaux sociaux. La solution propos\u00e9e met l'accent sur la n\u00e9cessit\u00e9 d'une r\u00e9forme de l'\u00e9ducation et d'un soutien en mati\u00e8re de sant\u00e9 mentale pendant la d\u00e9licate transition de l'adolescence \u00e0 l'\u00e2ge adulte.","og_url":"https:\/\/www.newsendip.com\/fr\/solitude-en-espagne-1-jeune-sur-4-se-sent-seul\/","og_site_name":"Newsendip","article_publisher":"https:\/\/www.facebook.com\/newsendip","article_published_time":"2024-02-12T16:30:59+00:00","og_image":[{"width":1408,"height":866,"url":"https:\/\/www.newsendip.com\/wp-content\/uploads\/2024\/02\/jpeg-optimizer_Man-alone-Madrid.jpeg","type":"image\/jpeg"}],"author":"Claire Rhea","twitter_card":"summary_large_image","twitter_image":"https:\/\/www.newsendip.com\/wp-content\/uploads\/2024\/02\/jpeg-optimizer_Man-alone-Madrid.jpeg","twitter_creator":"@newsendip","twitter_site":"@newsendip","twitter_misc":{"\u00c9crit par":"Claire Rhea","Dur\u00e9e de lecture estim\u00e9e":"1 minute"},"schema":{"@context":"https:\/\/schema.org","@graph":[{"@type":"NewsArticle","@id":"https:\/\/www.newsendip.com\/fr\/solitude-en-espagne-1-jeune-sur-4-se-sent-seul\/#article","isPartOf":{"@id":"https:\/\/www.newsendip.com\/fr\/solitude-en-espagne-1-jeune-sur-4-se-sent-seul\/"},"author":{"name":"Claire Rhea","@id":"https:\/\/www.newsendip.com\/fr\/#\/schema\/person\/e2f1f831c2917545cdc6413974e67011"},"headline":"Solitude en Espagne&nbsp;: 1 jeune sur 4 se sent&nbsp;seul","datePublished":"2024-02-12T16:30:59+00:00","mainEntityOfPage":{"@id":"https:\/\/www.newsendip.com\/fr\/solitude-en-espagne-1-jeune-sur-4-se-sent-seul\/"},"wordCount":1025,"publisher":{"@id":"https:\/\/www.newsendip.com\/fr\/#organization"},"image":{"@id":"https:\/\/www.newsendip.com\/fr\/solitude-en-espagne-1-jeune-sur-4-se-sent-seul\/#primaryimage"},"thumbnailUrl":"https:\/\/www.newsendip.com\/wp-content\/uploads\/2024\/02\/Man-alone-Madrid.webp","keywords":["Espagne","R\u00e9cent"],"articleSection":["Sciences et sant\u00e9"],"inLanguage":"fr-FR","copyrightYear":"2024","copyrightHolder":{"@id":"https:\/\/www.newsendip.com\/#organization"}},{"@type":"WebPage","@id":"https:\/\/www.newsendip.com\/fr\/solitude-en-espagne-1-jeune-sur-4-se-sent-seul\/","url":"https:\/\/www.newsendip.com\/fr\/solitude-en-espagne-1-jeune-sur-4-se-sent-seul\/","name":"Solitude en Espagne\u00a0: 1 jeune sur 4 se sent seul","isPartOf":{"@id":"https:\/\/www.newsendip.com\/fr\/#website"},"primaryImageOfPage":{"@id":"https:\/\/www.newsendip.com\/fr\/solitude-en-espagne-1-jeune-sur-4-se-sent-seul\/#primaryimage"},"image":{"@id":"https:\/\/www.newsendip.com\/fr\/solitude-en-espagne-1-jeune-sur-4-se-sent-seul\/#primaryimage"},"thumbnailUrl":"https:\/\/www.newsendip.com\/wp-content\/uploads\/2024\/02\/Man-alone-Madrid.webp","datePublished":"2024-02-12T16:30:59+00:00","description":"L'\u00e9tude r\u00e9cente d'Ayuda en Acci\u00f3n r\u00e9v\u00e8le un sentiment de solitude pr\u00e9occupant chez les jeunes Espagnols, mettant en lumi\u00e8re des disparit\u00e9s li\u00e9es au genre, \u00e0 l\u2019orientation sexuelle et \u00e0 l\u2019int\u00e9gration \u00e9conomique \u00e0 l'\u00e8re des r\u00e9seaux sociaux. La solution propos\u00e9e met l'accent sur la n\u00e9cessit\u00e9 d'une r\u00e9forme de l'\u00e9ducation et d'un soutien en mati\u00e8re de sant\u00e9 mentale pendant la d\u00e9licate transition de l'adolescence \u00e0 l'\u00e2ge adulte.","breadcrumb":{"@id":"https:\/\/www.newsendip.com\/fr\/solitude-en-espagne-1-jeune-sur-4-se-sent-seul\/#breadcrumb"},"inLanguage":"fr-FR","potentialAction":[{"@type":"ReadAction","target":["https:\/\/www.newsendip.com\/fr\/solitude-en-espagne-1-jeune-sur-4-se-sent-seul\/"]}]},{"@type":"ImageObject","inLanguage":"fr-FR","@id":"https:\/\/www.newsendip.com\/fr\/solitude-en-espagne-1-jeune-sur-4-se-sent-seul\/#primaryimage","url":"https:\/\/www.newsendip.com\/wp-content\/uploads\/2024\/02\/Man-alone-Madrid.webp","contentUrl":"https:\/\/www.newsendip.com\/wp-content\/uploads\/2024\/02\/Man-alone-Madrid.webp","width":1920,"height":1183,"caption":"Un homme assis seul \u00e0 Madrid | \u00a9 Mari Vlassi"},{"@type":"BreadcrumbList","@id":"https:\/\/www.newsendip.com\/fr\/solitude-en-espagne-1-jeune-sur-4-se-sent-seul\/#breadcrumb","itemListElement":[{"@type":"ListItem","position":1,"name":"Accueil","item":"https:\/\/www.newsendip.com\/fr\/"},{"@type":"ListItem","position":2,"name":"Solitude en Espagne&nbsp;: 1 jeune sur 4 se sent&nbsp;seul"}]},{"@type":"WebSite","@id":"https:\/\/www.newsendip.com\/fr\/#website","url":"https:\/\/www.newsendip.com\/fr\/","name":"Newsendip","description":"Red\u00e9couvrez l&#039;actualit\u00e9 internationale","publisher":{"@id":"https:\/\/www.newsendip.com\/fr\/#organization"},"potentialAction":[{"@type":"SearchAction","target":{"@type":"EntryPoint","urlTemplate":"https:\/\/www.newsendip.com\/fr\/?s={search_term_string}"},"query-input":{"@type":"PropertyValueSpecification","valueRequired":true,"valueName":"search_term_string"}}],"inLanguage":"fr-FR"},{"@type":"Organization","@id":"https:\/\/www.newsendip.com\/fr\/#organization","name":"Newsendip","url":"https:\/\/www.newsendip.com\/fr\/","logo":{"@type":"ImageObject","inLanguage":"fr-FR","@id":"https:\/\/www.newsendip.com\/fr\/#\/schema\/logo\/image\/","url":"https:\/\/www.newsendip.com\/wp-content\/uploads\/2023\/12\/512x512.svg","contentUrl":"https:\/\/www.newsendip.com\/wp-content\/uploads\/2023\/12\/512x512.svg","width":1,"height":1,"caption":"Newsendip"},"image":{"@id":"https:\/\/www.newsendip.com\/fr\/#\/schema\/logo\/image\/"},"sameAs":["https:\/\/www.facebook.com\/newsendip","https:\/\/x.com\/newsendip","https:\/\/mastodon.social\/@newsendip","https:\/\/www.linkedin.com\/company\/newsendip"],"description":"Newsendip est un site qui a pour mission de rendre l'actualit\u00e9 internationale accessible et diversifi\u00e9e","email":"contact@newsendip.com","legalName":"Newsendip SAS","foundingDate":"2022-11-04","vatID":"FR60921124723","numberOfEmployees":{"@type":"QuantitativeValue","minValue":"1","maxValue":"10"},"publishingPrinciples":"https:\/\/www.newsendip.com\/about-us\/","ownershipFundingInfo":"https:\/\/www.newsendip.com\/legal-notice\/","actionableFeedbackPolicy":"https:\/\/www.newsendip.com\/about-us\/","correctionsPolicy":"https:\/\/www.newsendip.com\/about-us\/","ethicsPolicy":"https:\/\/www.newsendip.com\/about-us\/","diversityPolicy":"https:\/\/www.newsendip.com\/about-us\/"},{"@type":"Person","@id":"https:\/\/www.newsendip.com\/fr\/#\/schema\/person\/e2f1f831c2917545cdc6413974e67011","name":"Claire Rhea","description":"Claire is a journalist for Newsendip. She grew up in London but is a dual citizen of the United States and France. She graduated from McGill University in Montr\u00e9al, Canada, in political Science and economics. She also lived in Italy.","sameAs":["https:\/\/www.linkedin.com\/in\/claire-rhea-027428167\/"],"knowsAbout":["News"],"knowsLanguage":["English","French"],"url":"https:\/\/www.newsendip.com\/fr\/author\/claire-rhea\/"}]}},"_links":{"self":[{"href":"https:\/\/www.newsendip.com\/fr\/wp-json\/wp\/v2\/posts\/37087","targetHints":{"allow":["GET"]}}],"collection":[{"href":"https:\/\/www.newsendip.com\/fr\/wp-json\/wp\/v2\/posts"}],"about":[{"href":"https:\/\/www.newsendip.com\/fr\/wp-json\/wp\/v2\/types\/post"}],"author":[{"embeddable":true,"href":"https:\/\/www.newsendip.com\/fr\/wp-json\/wp\/v2\/users\/260"}],"replies":[{"embeddable":true,"href":"https:\/\/www.newsendip.com\/fr\/wp-json\/wp\/v2\/comments?post=37087"}],"version-history":[{"count":0,"href":"https:\/\/www.newsendip.com\/fr\/wp-json\/wp\/v2\/posts\/37087\/revisions"}],"wp:featuredmedia":[{"embeddable":true,"href":"https:\/\/www.newsendip.com\/fr\/wp-json\/wp\/v2\/media\/37091"}],"wp:attachment":[{"href":"https:\/\/www.newsendip.com\/fr\/wp-json\/wp\/v2\/media?parent=37087"}],"wp:term":[{"taxonomy":"category","embeddable":true,"href":"https:\/\/www.newsendip.com\/fr\/wp-json\/wp\/v2\/categories?post=37087"},{"taxonomy":"post_tag","embeddable":true,"href":"https:\/\/www.newsendip.com\/fr\/wp-json\/wp\/v2\/tags?post=37087"}],"curies":[{"name":"wp","href":"https:\/\/api.w.org\/{rel}","templated":true}]}}