{"id":37219,"date":"2024-02-16T19:15:43","date_gmt":"2024-02-16T18:15:43","guid":{"rendered":"https:\/\/www.newsendip.com\/?p=37219"},"modified":"2024-07-18T15:30:55","modified_gmt":"2024-07-18T13:30:55","slug":"la-therapie-de-choc-de-javier-milei-ralentit-linflation-mensuelle-en-argentine-mais-pour-combien-de-temps","status":"publish","type":"post","link":"https:\/\/www.newsendip.com\/fr\/la-therapie-de-choc-de-javier-milei-ralentit-linflation-mensuelle-en-argentine-mais-pour-combien-de-temps\/","title":{"rendered":"La th\u00e9rapie de choc de Javier Milei ralentit l\u2019inflation en Argentine. Mais pour combien de&nbsp;temps\u202f?"},"content":{"rendered":"<p><strong>La crise inflationniste en Argentine s\u2019est calm\u00e9e en janvier, ce que le pr\u00e9sident Javier Milei consid\u00e8re comme une r\u00e9ussite notable de son plan de r\u00e9formes \u00e9conomiques choc. Mais sa tentative controvers\u00e9e de remodeler l\u2019\u00e9conomie argentine est loin d\u2019\u00eatre simple, car il a du mal \u00e0 faire passer les r\u00e9formes en raison de la r\u00e9sistance du Congr\u00e8s. Le taux d\u2019inflation pourrait \u00e9galement conna\u00eetre un rebond significatif au cours des prochains mois.<\/strong><\/p>\n<figure id=\"attachment_37215\" aria-describedby=\"caption-attachment-37215\" style=\"width: 1024px\" class=\"wp-caption aligncenter\"><img decoding=\"async\" class=\"size-large wp-image-37215\" src=\"https:\/\/www.newsendip.com\/wp-content\/uploads\/2024\/02\/Javier_Milei_President-1024x683.webp\" alt=\"Javier Milei salue la foule d'Argentins alors qu'il prend ses fonctions en d\u00e9cembre 2023.\" width=\"1024\" height=\"683\" srcset=\"https:\/\/www.newsendip.com\/wp-content\/uploads\/2024\/02\/Javier_Milei_President-1024x683.webp 1024w, https:\/\/www.newsendip.com\/wp-content\/uploads\/2024\/02\/Javier_Milei_President-60x40.webp 60w, https:\/\/www.newsendip.com\/wp-content\/uploads\/2024\/02\/Javier_Milei_President-720x480.webp 720w, https:\/\/www.newsendip.com\/wp-content\/uploads\/2024\/02\/Javier_Milei_President-300x200.webp 300w, https:\/\/www.newsendip.com\/wp-content\/uploads\/2024\/02\/Javier_Milei_President-768x512.webp 768w, https:\/\/www.newsendip.com\/wp-content\/uploads\/2024\/02\/Javier_Milei_President-1536x1024.webp 1536w, https:\/\/www.newsendip.com\/wp-content\/uploads\/2024\/02\/Javier_Milei_President.webp 1620w\" sizes=\"(max-width: 1024px) 100vw, 1024px\"><figcaption id=\"caption-attachment-37215\" class=\"wp-caption-text\">Javier Milei prend ses fonctions en d\u00e9cembre 2023 | \u00a9 Casa Rosada<\/figcaption><\/figure>\n<p>L\u2019inflation mensuelle en <a href=\"https:\/\/www.newsendip.com\/fr\/etiquette\/argentine\/\">Argentine<\/a> a \u00e9t\u00e9 enregistr\u00e9e par <a href=\"https:\/\/www.indec.gob.ar\/indec\/web\/Institucional-Indec-InformesTecnicos\">l\u2019Institut national de la statistique et des recensements<\/a> \u00e0 20,6% en Janvier, en baisse par rapport aux 25,5% enregistr\u00e9s en d\u00e9cembre et juste en de\u00e7\u00e0 des pr\u00e9visions de l\u2019agence Reuters qui tablaient un taux \u00e0 21%. Cependant, selon <a href=\"https:\/\/www.reuters.com\/world\/americas\/more-more-hunger-argentinas-soup-kitchens-brink-collapse-high-inflation-2024-02-14\/\"><em>Reuters<\/em><\/a>, la pauvret\u00e9 pourrait continuer \u00e0 monter en fl\u00e8che avant que <a href=\"https:\/\/www.newsendip.com\/fr\/economie\/\">l\u2019\u00e9conomie<\/a> ne se stabilise.<\/p>\n<p>Entr\u00e9 en fonction en novembre dans un pays en proie \u00e0 des crises \u00e9conomiques r\u00e9currentes, o\u00f9 50\u202f% des Argentins vivent en dessous du seuil de pauvret\u00e9 et o\u00f9 l\u2019inflation a atteint en 2023 son niveau le plus \u00e9lev\u00e9 en 32 ans, le pr\u00e9sident d\u2019extr\u00eame droite a pr\u00e9sent\u00e9 des propositions politiques radicales pour rem\u00e9dier aux probl\u00e8mes \u00e9conomiques. Il a commenc\u00e9 son premier mandat en d\u00e9valuant le peso de plus de&nbsp;50%.<\/p>\n<p>Javier Milei attribue ce ralentissement de l\u2019inflation \u00e0 son plan de th\u00e9rapie \u00e9conomique de choc. Confront\u00e9 \u00e0 un taux d\u2019inflation annuel de plus de 250%, l\u2019\u00e9conomiste libertarien a r\u00e9duit les subventions de l\u2019\u00c9tat et a supprim\u00e9 le contr\u00f4le des prix, ce qui a entra\u00een\u00e9 une augmentation des prix de 26% pour les transports et de 44% pour les biens et services.<\/p>\n<p>Cependant, malgr\u00e9 ce d\u00e9but d\u2019am\u00e9lioration, l\u2019Organisation de coop\u00e9ration et de d\u00e9veloppement \u00e9conomiques (OCDE) pr\u00e9voir dans son <a href=\"https:\/\/doi.org\/10.1787\/0fd73462-en\">rapport interm\u00e9diaire sur les perspectives \u00e9conomiques de f\u00e9vrier 2024<\/a> que l\u2019inflation en Argentine augmentera de 251% en 2024, contre une pr\u00e9vision de 135% en novembre. L\u2019\u00e9conomie devrait \u00e9galement se contracter de 2,3%.<\/p>\n<h2>Le projet de loi omnibus<\/h2>\n<p>Le pr\u00e9sident a pr\u00e9sent\u00e9 au Congr\u00e8s un ensemble de r\u00e9formes visant \u00e0 transformer l\u2019\u00e9conomie et l\u2019\u00c9tat. Ce vaste programme, connu sous le nom de \u00ab\u202fprojet de loi omnibus\u202f\u00bb, int\u00e8gre des \u00e9l\u00e9ments de <a href=\"https:\/\/english.elpais.com\/international\/2023-12-29\/the-keys-to-argentinas-sweeping-reform-bill.html\">la vie publique et priv\u00e9e<\/a>. Il vise, entre autres, \u00e0 r\u00e9duire les ressources consacr\u00e9es \u00e0 l\u2019environnement et \u00e0 la culture, restreindre les mouvements sociaux sociales et changer les lois sur le divorce.<\/p>\n<p>Javier Milei a tent\u00e9 de faire passer plus de 300 r\u00e9formes dans ce seul paquet, ce qui a suscit\u00e9 des critiques et une r\u00e9sistance importante de la part des l\u00e9gislateurs et du public. Selon le <a href=\"https:\/\/www.batimes.com.ar\/news\/argentina\/useful-idiots-javier-milei-lashes-out-reform-critics.phtml\"><em>Buenos Aires Times<\/em><\/a>, les critiques ont estim\u00e9 le m\u00e9ga-projet de loi \u00ab\u202finconstitutionnelle\u202f\u00bb. M. Milei, cependant, ne voit aucune raison de faire des compromis et a r\u00e9agi de mani\u00e8re agressive, qualifiant ses opposants \u00ab\u202fd\u2019idiots utiles\u202f\u00bb et r\u00e9duisant de moiti\u00e9 le nombre de minist\u00e8res.<\/p>\n<p>En r\u00e9ponse, une s\u00e9rie de manifestations ont \u00e9clat\u00e9 contre Javier Milei depuis le 24 janvier, y compris une gr\u00e8ve nationale organis\u00e9e par la Conf\u00e9d\u00e9ration g\u00e9n\u00e9rale du travail, le plus grand syndicat du&nbsp;pays.<\/p>\n<h2>Tensions avec le Congr\u00e8s<\/h2>\n<p>Bien que le projet de loi omnibus ait \u00e9t\u00e9 approuv\u00e9 par le Congr\u00e8s le 2 f\u00e9vrier par 144 voix contre 109, il a ensuite \u00e9t\u00e9 rejet\u00e9 au cours d\u2019un processus d\u2019approbation et retir\u00e9 de la chambre basse. Le paquet attend actuellement d\u2019\u00eatre d\u00e9battu et r\u00e9\u00e9crit dans les commissions, mais le pr\u00e9sident estime que les dommages sont irr\u00e9versibles.<\/p>\n<p>Javier Milei a accus\u00e9 les gouverneurs d\u2019avoir d\u00e9truit le projet de loi et a <a href=\"https:\/\/www.cato.org\/blog\/argentinas-javier-milei-slashing-big-government-we-can-do-same-america\">renvoy\u00e9 des d\u00e9put\u00e9s<\/a>, les traitant de \u00ab\u202f<a href=\"https:\/\/www.diariouno.com.ar\/javier-milei-culpo-los-gobernadores-la-caida-la-ley-omnibus-y-los-acuso-traidores-n1289462\">tra\u00eetres<\/a>\u202f\u00bb. Dans une insulte d\u00e9lib\u00e9r\u00e9e au Congr\u00e8s, le pr\u00e9sident a menac\u00e9 de prononcer son discours du 1er mars sur les <a href=\"https:\/\/www.iprofesional.com\/politica\/399299-medida-de-alto-impacto-que-evalua-javier-milei-tras-fracaso-de-ley-omnibus\">marches du palais<\/a> plut\u00f4t que devant l\u2019Assembl\u00e9e l\u00e9gislative.<\/p>\n<p>La d\u00e9cision du pr\u00e9sident de faire fi du travail parlementaire et les inqui\u00e9tudes des l\u00e9gislateurs concernant le projet de loi omnibus a accru les tensions repr\u00e9sente un recul politique en raison de son manque de coop\u00e9ration. Le <a href=\"https:\/\/www.ft.com\/content\/3bee368d-6b02-4659-85dd-e63eb1f224b6\"><em>Financial Times<\/em><\/a> a soulign\u00e9 l\u2019importance de la confiance des march\u00e9s dans ses r\u00e9formes, et sans soutien l\u00e9gislatif pour un plan fiscal \u00e0 long terme, Milei sera confront\u00e9 \u00e0 des d\u00e9fis majeurs et devra s\u2019appuyer sur des d\u00e9crets pour gouverner, ce qui devrait tendre davantage ses relations avec le Congr\u00e8s.<\/p>\n<p>Toutefois, malgr\u00e9 ces critiques virulentes et les manifestations, le Fonds mon\u00e9taire international (FMI) a un regard positif sur le paquet fiscal de M. Milei. La directrice g\u00e9n\u00e9rale, Kristalina Georgieva, a salu\u00e9 les \u00ab\u202f<a href=\"https:\/\/twitter.com\/KGeorgieva\/status\/1734707392070181052\">mesures d\u00e9cisives<\/a>\u202f\u00bb comme un \u00ab\u202fpas important vers le r\u00e9tablissement de la stabilit\u00e9 et la reconstruction du potentiel \u00e9conomique du pays\u202f\u00bb. Le FMI a par cons\u00e9quent accept\u00e9 un d\u00e9boursement imm\u00e9diat de 4,7 milliards de dollars pour \u00ab\u202f<a href=\"https:\/\/www.imf.org\/en\/News\/Articles\/2024\/01\/31\/pr2431-argentina-imf-executive-board-completes-the-seventh-review-under-the-extended-fund-facility\">soutenir les efforts politiques importants des nouvelles autorit\u00e9s<\/a>\u202f\u00bb.<\/p>\n","protected":false},"excerpt":{"rendered":"<p>La crise inflationniste en Argentine s\u2019est calm\u00e9e en janvier, ce que le pr\u00e9sident Javier Milei consid\u00e8re comme une r\u00e9ussite notable de son plan de r\u00e9formes \u00e9conomiques choc. Mais sa tentative controvers\u00e9e de remodeler l\u2019\u00e9conomie argentine est loin d\u2019\u00eatre simple, car il a du mal \u00e0 faire passer les r\u00e9formes en raison de la r\u00e9sistance du Congr\u00e8s. Le taux d\u2019inflation pourrait \u00e9galement conna\u00eetre un rebond significatif au cours des prochains mois.<\/p>\n","protected":false},"author":260,"featured_media":37215,"comment_status":"closed","ping_status":"open","sticky":false,"template":"","format":"standard","meta":{"wp_typography_post_enhancements_disabled":false,"footnotes":""},"categories":[414],"tags":[452,421],"class_list":["post-37219","post","type-post","status-publish","format-standard","has-post-thumbnail","hentry","category-economie","tag-argentine","tag-vieux"],"yoast_head":"<!-- This site is optimized with the Yoast SEO Premium plugin v27.4 (Yoast SEO v27.4) - https:\/\/yoast.com\/product\/yoast-seo-premium-wordpress\/ -->\n<title>La th\u00e9rapie de choc de Javier Milei ralentit l&#039;inflation en Argentine. Mais pour combien de temps?<\/title>\n<meta name=\"description\" content=\"La crise inflationniste en Argentine s&#039;est calm\u00e9e en janvier, ce que le pr\u00e9sident Javier Milei consid\u00e8re comme une r\u00e9ussite notable de son plan de r\u00e9formes \u00e9conomiques choc. Mais sa tentative controvers\u00e9e de remodeler l&#039;\u00e9conomie argentine est loin d&#039;\u00eatre simple, car il a du mal \u00e0 faire passer les r\u00e9formes en raison de la r\u00e9sistance du Congr\u00e8s. Le taux d&#039;inflation pourrait \u00e9galement conna\u00eetre un rebond significatif au cours des prochains mois.\" \/>\n<meta name=\"robots\" content=\"index, follow, max-snippet:-1, max-image-preview:large, max-video-preview:-1\" \/>\n<link rel=\"canonical\" href=\"https:\/\/www.newsendip.com\/fr\/la-therapie-de-choc-de-javier-milei-ralentit-linflation-mensuelle-en-argentine-mais-pour-combien-de-temps\/\" \/>\n<meta property=\"og:locale\" content=\"fr_FR\" \/>\n<meta property=\"og:type\" content=\"article\" \/>\n<meta property=\"og:title\" content=\"La th\u00e9rapie de choc de Javier Milei ralentit l&#039;inflation en Argentine. Mais pour combien de temps?\" \/>\n<meta property=\"og:description\" content=\"La crise inflationniste en Argentine s&#039;est calm\u00e9e en janvier, ce que le pr\u00e9sident Javier Milei consid\u00e8re comme une r\u00e9ussite notable de son plan de r\u00e9formes \u00e9conomiques choc. Mais sa tentative controvers\u00e9e de remodeler l&#039;\u00e9conomie argentine est loin d&#039;\u00eatre simple, car il a du mal \u00e0 faire passer les r\u00e9formes en raison de la r\u00e9sistance du Congr\u00e8s. Le taux d&#039;inflation pourrait \u00e9galement conna\u00eetre un rebond significatif au cours des prochains mois.\" \/>\n<meta property=\"og:url\" content=\"https:\/\/www.newsendip.com\/fr\/la-therapie-de-choc-de-javier-milei-ralentit-linflation-mensuelle-en-argentine-mais-pour-combien-de-temps\/\" \/>\n<meta property=\"og:site_name\" content=\"Newsendip\" \/>\n<meta property=\"article:publisher\" content=\"https:\/\/www.facebook.com\/newsendip\" \/>\n<meta property=\"article:published_time\" content=\"2024-02-16T18:15:43+00:00\" \/>\n<meta property=\"article:modified_time\" content=\"2024-07-18T13:30:55+00:00\" \/>\n<meta property=\"og:image\" content=\"https:\/\/www.newsendip.com\/wp-content\/uploads\/2024\/02\/jpeg-optimizer_Javier_Milei_President.jpeg\" \/>\n\t<meta property=\"og:image:width\" content=\"1388\" \/>\n\t<meta property=\"og:image:height\" content=\"925\" \/>\n\t<meta property=\"og:image:type\" content=\"image\/jpeg\" \/>\n<meta name=\"author\" content=\"Claire Rhea\" \/>\n<meta name=\"twitter:card\" content=\"summary_large_image\" \/>\n<meta name=\"twitter:image\" content=\"https:\/\/www.newsendip.com\/wp-content\/uploads\/2024\/02\/jpeg-optimizer_Javier_Milei_President.jpeg\" \/>\n<meta name=\"twitter:creator\" content=\"@newsendip\" \/>\n<meta name=\"twitter:site\" content=\"@newsendip\" \/>\n<meta name=\"twitter:label1\" content=\"\u00c9crit par\" \/>\n\t<meta name=\"twitter:data1\" content=\"Claire Rhea\" \/>\n\t<meta name=\"twitter:label2\" content=\"Dur\u00e9e de lecture estim\u00e9e\" \/>\n\t<meta name=\"twitter:data2\" content=\"4 minutes\" \/>\n<!-- \/ Yoast SEO Premium plugin. -->","yoast_head_json":{"title":"La th\u00e9rapie de choc de Javier Milei ralentit l'inflation en Argentine. Mais pour combien de temps?","description":"La crise inflationniste en Argentine s'est calm\u00e9e en janvier, ce que le pr\u00e9sident Javier Milei consid\u00e8re comme une r\u00e9ussite notable de son plan de r\u00e9formes \u00e9conomiques choc. Mais sa tentative controvers\u00e9e de remodeler l'\u00e9conomie argentine est loin d'\u00eatre simple, car il a du mal \u00e0 faire passer les r\u00e9formes en raison de la r\u00e9sistance du Congr\u00e8s. Le taux d'inflation pourrait \u00e9galement conna\u00eetre un rebond significatif au cours des prochains mois.","robots":{"index":"index","follow":"follow","max-snippet":"max-snippet:-1","max-image-preview":"max-image-preview:large","max-video-preview":"max-video-preview:-1"},"canonical":"https:\/\/www.newsendip.com\/fr\/la-therapie-de-choc-de-javier-milei-ralentit-linflation-mensuelle-en-argentine-mais-pour-combien-de-temps\/","og_locale":"fr_FR","og_type":"article","og_title":"La th\u00e9rapie de choc de Javier Milei ralentit l'inflation en Argentine. Mais pour combien de temps?","og_description":"La crise inflationniste en Argentine s'est calm\u00e9e en janvier, ce que le pr\u00e9sident Javier Milei consid\u00e8re comme une r\u00e9ussite notable de son plan de r\u00e9formes \u00e9conomiques choc. Mais sa tentative controvers\u00e9e de remodeler l'\u00e9conomie argentine est loin d'\u00eatre simple, car il a du mal \u00e0 faire passer les r\u00e9formes en raison de la r\u00e9sistance du Congr\u00e8s. Le taux d'inflation pourrait \u00e9galement conna\u00eetre un rebond significatif au cours des prochains mois.","og_url":"https:\/\/www.newsendip.com\/fr\/la-therapie-de-choc-de-javier-milei-ralentit-linflation-mensuelle-en-argentine-mais-pour-combien-de-temps\/","og_site_name":"Newsendip","article_publisher":"https:\/\/www.facebook.com\/newsendip","article_published_time":"2024-02-16T18:15:43+00:00","article_modified_time":"2024-07-18T13:30:55+00:00","og_image":[{"width":1388,"height":925,"url":"https:\/\/www.newsendip.com\/wp-content\/uploads\/2024\/02\/jpeg-optimizer_Javier_Milei_President.jpeg","type":"image\/jpeg"}],"author":"Claire Rhea","twitter_card":"summary_large_image","twitter_image":"https:\/\/www.newsendip.com\/wp-content\/uploads\/2024\/02\/jpeg-optimizer_Javier_Milei_President.jpeg","twitter_creator":"@newsendip","twitter_site":"@newsendip","twitter_misc":{"\u00c9crit par":"Claire Rhea","Dur\u00e9e de lecture estim\u00e9e":"4 minutes"},"schema":{"@context":"https:\/\/schema.org","@graph":[{"@type":"NewsArticle","@id":"https:\/\/www.newsendip.com\/fr\/la-therapie-de-choc-de-javier-milei-ralentit-linflation-mensuelle-en-argentine-mais-pour-combien-de-temps\/#article","isPartOf":{"@id":"https:\/\/www.newsendip.com\/fr\/la-therapie-de-choc-de-javier-milei-ralentit-linflation-mensuelle-en-argentine-mais-pour-combien-de-temps\/"},"author":{"name":"Claire Rhea","@id":"https:\/\/www.newsendip.com\/fr\/#\/schema\/person\/e2f1f831c2917545cdc6413974e67011"},"headline":"La th\u00e9rapie de choc de Javier Milei ralentit l\u2019inflation en Argentine. Mais pour combien de&nbsp;temps\u202f?","datePublished":"2024-02-16T18:15:43+00:00","dateModified":"2024-07-18T13:30:55+00:00","mainEntityOfPage":{"@id":"https:\/\/www.newsendip.com\/fr\/la-therapie-de-choc-de-javier-milei-ralentit-linflation-mensuelle-en-argentine-mais-pour-combien-de-temps\/"},"wordCount":888,"publisher":{"@id":"https:\/\/www.newsendip.com\/fr\/#organization"},"image":{"@id":"https:\/\/www.newsendip.com\/fr\/la-therapie-de-choc-de-javier-milei-ralentit-linflation-mensuelle-en-argentine-mais-pour-combien-de-temps\/#primaryimage"},"thumbnailUrl":"https:\/\/www.newsendip.com\/wp-content\/uploads\/2024\/02\/Javier_Milei_President.webp","keywords":["Argentine","Vieux"],"articleSection":["\u00c9conomie"],"inLanguage":"fr-FR","copyrightYear":"2024","copyrightHolder":{"@id":"https:\/\/www.newsendip.com\/#organization"}},{"@type":"WebPage","@id":"https:\/\/www.newsendip.com\/fr\/la-therapie-de-choc-de-javier-milei-ralentit-linflation-mensuelle-en-argentine-mais-pour-combien-de-temps\/","url":"https:\/\/www.newsendip.com\/fr\/la-therapie-de-choc-de-javier-milei-ralentit-linflation-mensuelle-en-argentine-mais-pour-combien-de-temps\/","name":"La th\u00e9rapie de choc de Javier Milei ralentit l'inflation en Argentine. Mais pour combien de temps?","isPartOf":{"@id":"https:\/\/www.newsendip.com\/fr\/#website"},"primaryImageOfPage":{"@id":"https:\/\/www.newsendip.com\/fr\/la-therapie-de-choc-de-javier-milei-ralentit-linflation-mensuelle-en-argentine-mais-pour-combien-de-temps\/#primaryimage"},"image":{"@id":"https:\/\/www.newsendip.com\/fr\/la-therapie-de-choc-de-javier-milei-ralentit-linflation-mensuelle-en-argentine-mais-pour-combien-de-temps\/#primaryimage"},"thumbnailUrl":"https:\/\/www.newsendip.com\/wp-content\/uploads\/2024\/02\/Javier_Milei_President.webp","datePublished":"2024-02-16T18:15:43+00:00","dateModified":"2024-07-18T13:30:55+00:00","description":"La crise inflationniste en Argentine s'est calm\u00e9e en janvier, ce que le pr\u00e9sident Javier Milei consid\u00e8re comme une r\u00e9ussite notable de son plan de r\u00e9formes \u00e9conomiques choc. Mais sa tentative controvers\u00e9e de remodeler l'\u00e9conomie argentine est loin d'\u00eatre simple, car il a du mal \u00e0 faire passer les r\u00e9formes en raison de la r\u00e9sistance du Congr\u00e8s. Le taux d'inflation pourrait \u00e9galement conna\u00eetre un rebond significatif au cours des prochains mois.","breadcrumb":{"@id":"https:\/\/www.newsendip.com\/fr\/la-therapie-de-choc-de-javier-milei-ralentit-linflation-mensuelle-en-argentine-mais-pour-combien-de-temps\/#breadcrumb"},"inLanguage":"fr-FR","potentialAction":[{"@type":"ReadAction","target":["https:\/\/www.newsendip.com\/fr\/la-therapie-de-choc-de-javier-milei-ralentit-linflation-mensuelle-en-argentine-mais-pour-combien-de-temps\/"]}]},{"@type":"ImageObject","inLanguage":"fr-FR","@id":"https:\/\/www.newsendip.com\/fr\/la-therapie-de-choc-de-javier-milei-ralentit-linflation-mensuelle-en-argentine-mais-pour-combien-de-temps\/#primaryimage","url":"https:\/\/www.newsendip.com\/wp-content\/uploads\/2024\/02\/Javier_Milei_President.webp","contentUrl":"https:\/\/www.newsendip.com\/wp-content\/uploads\/2024\/02\/Javier_Milei_President.webp","width":1620,"height":1080,"caption":"Javier Milei prend ses fonctions en d\u00e9cembre 2023 | \u00a9 Casa Rosada"},{"@type":"BreadcrumbList","@id":"https:\/\/www.newsendip.com\/fr\/la-therapie-de-choc-de-javier-milei-ralentit-linflation-mensuelle-en-argentine-mais-pour-combien-de-temps\/#breadcrumb","itemListElement":[{"@type":"ListItem","position":1,"name":"Accueil","item":"https:\/\/www.newsendip.com\/fr\/"},{"@type":"ListItem","position":2,"name":"La th\u00e9rapie de choc de Javier Milei ralentit l&#8217;inflation en Argentine. Mais pour combien de temps?"}]},{"@type":"WebSite","@id":"https:\/\/www.newsendip.com\/fr\/#website","url":"https:\/\/www.newsendip.com\/fr\/","name":"Newsendip","description":"Red\u00e9couvrez l&#039;actualit\u00e9 internationale","publisher":{"@id":"https:\/\/www.newsendip.com\/fr\/#organization"},"potentialAction":[{"@type":"SearchAction","target":{"@type":"EntryPoint","urlTemplate":"https:\/\/www.newsendip.com\/fr\/?s={search_term_string}"},"query-input":{"@type":"PropertyValueSpecification","valueRequired":true,"valueName":"search_term_string"}}],"inLanguage":"fr-FR"},{"@type":"Organization","@id":"https:\/\/www.newsendip.com\/fr\/#organization","name":"Newsendip","url":"https:\/\/www.newsendip.com\/fr\/","logo":{"@type":"ImageObject","inLanguage":"fr-FR","@id":"https:\/\/www.newsendip.com\/fr\/#\/schema\/logo\/image\/","url":"https:\/\/www.newsendip.com\/wp-content\/uploads\/2023\/12\/512x512.svg","contentUrl":"https:\/\/www.newsendip.com\/wp-content\/uploads\/2023\/12\/512x512.svg","width":1,"height":1,"caption":"Newsendip"},"image":{"@id":"https:\/\/www.newsendip.com\/fr\/#\/schema\/logo\/image\/"},"sameAs":["https:\/\/www.facebook.com\/newsendip","https:\/\/x.com\/newsendip","https:\/\/mastodon.social\/@newsendip","https:\/\/www.linkedin.com\/company\/newsendip"],"description":"Newsendip est un site qui a pour mission de rendre l'actualit\u00e9 internationale accessible et diversifi\u00e9e","email":"contact@newsendip.com","legalName":"Newsendip SAS","foundingDate":"2022-11-04","vatID":"FR60921124723","numberOfEmployees":{"@type":"QuantitativeValue","minValue":"1","maxValue":"10"},"publishingPrinciples":"https:\/\/www.newsendip.com\/about-us\/","ownershipFundingInfo":"https:\/\/www.newsendip.com\/legal-notice\/","actionableFeedbackPolicy":"https:\/\/www.newsendip.com\/about-us\/","correctionsPolicy":"https:\/\/www.newsendip.com\/about-us\/","ethicsPolicy":"https:\/\/www.newsendip.com\/about-us\/","diversityPolicy":"https:\/\/www.newsendip.com\/about-us\/"},{"@type":"Person","@id":"https:\/\/www.newsendip.com\/fr\/#\/schema\/person\/e2f1f831c2917545cdc6413974e67011","name":"Claire Rhea","description":"Claire is a journalist for Newsendip. She grew up in London but is a dual citizen of the United States and France. She graduated from McGill University in Montr\u00e9al, Canada, in political Science and economics. She also lived in Italy.","sameAs":["https:\/\/www.linkedin.com\/in\/claire-rhea-027428167\/"],"knowsAbout":["News"],"knowsLanguage":["English","French"],"url":"https:\/\/www.newsendip.com\/fr\/author\/claire-rhea\/"}]}},"_links":{"self":[{"href":"https:\/\/www.newsendip.com\/fr\/wp-json\/wp\/v2\/posts\/37219","targetHints":{"allow":["GET"]}}],"collection":[{"href":"https:\/\/www.newsendip.com\/fr\/wp-json\/wp\/v2\/posts"}],"about":[{"href":"https:\/\/www.newsendip.com\/fr\/wp-json\/wp\/v2\/types\/post"}],"author":[{"embeddable":true,"href":"https:\/\/www.newsendip.com\/fr\/wp-json\/wp\/v2\/users\/260"}],"replies":[{"embeddable":true,"href":"https:\/\/www.newsendip.com\/fr\/wp-json\/wp\/v2\/comments?post=37219"}],"version-history":[{"count":0,"href":"https:\/\/www.newsendip.com\/fr\/wp-json\/wp\/v2\/posts\/37219\/revisions"}],"wp:featuredmedia":[{"embeddable":true,"href":"https:\/\/www.newsendip.com\/fr\/wp-json\/wp\/v2\/media\/37215"}],"wp:attachment":[{"href":"https:\/\/www.newsendip.com\/fr\/wp-json\/wp\/v2\/media?parent=37219"}],"wp:term":[{"taxonomy":"category","embeddable":true,"href":"https:\/\/www.newsendip.com\/fr\/wp-json\/wp\/v2\/categories?post=37219"},{"taxonomy":"post_tag","embeddable":true,"href":"https:\/\/www.newsendip.com\/fr\/wp-json\/wp\/v2\/tags?post=37219"}],"curies":[{"name":"wp","href":"https:\/\/api.w.org\/{rel}","templated":true}]}}