{"id":37291,"date":"2024-02-19T15:45:29","date_gmt":"2024-02-19T14:45:29","guid":{"rendered":"https:\/\/www.newsendip.com\/?p=37291"},"modified":"2024-02-19T15:42:54","modified_gmt":"2024-02-19T14:42:54","slug":"la-police-australienne-critiquee-pour-sa-gestion-du-cas-dun-enfant-autiste-accuse-de-terrorisme","status":"publish","type":"post","link":"https:\/\/www.newsendip.com\/fr\/la-police-australienne-critiquee-pour-sa-gestion-du-cas-dun-enfant-autiste-accuse-de-terrorisme\/","title":{"rendered":"La police australienne critiqu\u00e9e pour sa gestion du cas d\u2019un enfant autiste accus\u00e9 de terrorisme"},"content":{"rendered":"<p><strong>Une audition parlementaire en cours explore les \u00e9v\u00e9nements li\u00e9s \u00e0 une affaire datant de 2021\u202fen Australie qui a abouti \u00e0 des accusations de terrorisme contre un adolescent.<\/strong><\/p>\n<figure id=\"attachment_37287\" aria-describedby=\"caption-attachment-37287\" style=\"width: 1024px\" class=\"wp-caption aligncenter\"><img decoding=\"async\" class=\"size-large wp-image-37287\" src=\"https:\/\/www.newsendip.com\/wp-content\/uploads\/2024\/02\/zoe-askew-NU_OykXKqLI-unsplash-1024x731.webp\" alt=\"Une voiture de police avec ses phares allum\u00e9s dans une rue en Australie.\" width=\"1024\" height=\"731\" srcset=\"https:\/\/www.newsendip.com\/wp-content\/uploads\/2024\/02\/zoe-askew-NU_OykXKqLI-unsplash-1024x731.webp 1024w, https:\/\/www.newsendip.com\/wp-content\/uploads\/2024\/02\/zoe-askew-NU_OykXKqLI-unsplash-60x43.webp 60w, https:\/\/www.newsendip.com\/wp-content\/uploads\/2024\/02\/zoe-askew-NU_OykXKqLI-unsplash-300x214.webp 300w, https:\/\/www.newsendip.com\/wp-content\/uploads\/2024\/02\/zoe-askew-NU_OykXKqLI-unsplash-768x548.webp 768w, https:\/\/www.newsendip.com\/wp-content\/uploads\/2024\/02\/zoe-askew-NU_OykXKqLI-unsplash-1536x1097.webp 1536w, https:\/\/www.newsendip.com\/wp-content\/uploads\/2024\/02\/zoe-askew-NU_OykXKqLI-unsplash.webp 1920w\" sizes=\"(max-width: 1024px) 100vw, 1024px\"><figcaption id=\"caption-attachment-37287\" class=\"wp-caption-text\">Une voiture de police australienne | \u00a9 Zoe&nbsp;Askew<\/figcaption><\/figure>\n<p>Au cours d\u2019une audition parlementaire dans l\u2019\u00c9tat du Victoria, un s\u00e9nateur du troisi\u00e8me plus grand parti politique d\u2019<a href=\"https:\/\/www.newsendip.com\/fr\/etiquette\/australie\/\">Australie<\/a> a critiqu\u00e9 la police f\u00e9d\u00e9rale pour sa gestion des accusations de terrorisme port\u00e9es contre un adolescent autiste.<\/p>\n<p>David Shoebridge, s\u00e9nateur du parti Vert, a r\u00e9primand\u00e9 la police f\u00e9d\u00e9rale australienne (AFP) pour \u00ab\u202fl\u2019abus obsc\u00e8ne de pouvoir et d\u2019autorit\u00e9\u202f\u00bb dans cette affaire, appelant m\u00eame \u00e0 un examen ind\u00e9pendant pour que les personnes impliqu\u00e9es soient tenus responsables. \u00ab\u202fLa radicalisation \u00e9tait le r\u00e9sultat des actions de vos propres officiers\u202f\u00bb, a d\u00e9clar\u00e9 M. Shoebridge.<\/p>\n<p>L\u2019audience fait suite \u00e0 une s\u00e9rie d\u2019\u00e9v\u00e8nements qui ont d\u00e9but\u00e9 en 2020, lorsque le minist\u00e8re de la sant\u00e9 et des services sociaux du Victoria a signal\u00e9 qu\u2019un gar\u00e7on de 13 ans, connu sous le nom de Thomas Carrick, avait consult\u00e9 du mat\u00e9riel \u00e0 caract\u00e8re terroriste sur les ordinateurs de l\u2019\u00e9cole. Ils ont \u00e9galement all\u00e9gu\u00e9 dans un rapport qu\u2019il avait prof\u00e9r\u00e9 des menaces \u00e0 l\u2019encontre d\u2019une \u00e9l\u00e8ve et envoy\u00e9 une photo d\u2019un corps d\u00e9capit\u00e9 \u00e0 un camarade.<\/p>\n<p>Par la suite, ses parents ont demand\u00e9 de l\u2019aide \u00e0 la police de Victoria en raison de sa fixation continue sur les vid\u00e9os des dirigeants de l\u2019\u00c9tat islamique (EI). Ils ont expliqu\u00e9 qu\u2019il regardait continuellement de telles vid\u00e9os et qu\u2019il avait demand\u00e9 \u00e0 sa m\u00e8re d\u2019acheter des ingr\u00e9dients pour fabriquer des bombes. Le p\u00e8re a m\u00eame d\u00e9clar\u00e9 \u00e0 la police qu\u2019il \u00e9tait \u00ab\u202fpr\u00eat \u00e0 sacrifier [son] fils pour la s\u00e9curit\u00e9 de la communaut\u00e9 australienne.\u202f\u00bb<\/p>\n<p>La police de l\u2019\u00c9tat de Victoria a entam\u00e9 un processus th\u00e9rapeutique et de r\u00e9adaptation pour aider Thomas. \u00c9tant donn\u00e9 que son QI avait \u00e9t\u00e9 \u00e9valu\u00e9 \u00e0 71, un psychologue a estim\u00e9 que sa fixation sur l\u2019EI n\u2019\u00e9tait pas fond\u00e9e sur une id\u00e9ologie religieuse et qu\u2019il \u00ab\u202favait peu de connaissances sur l\u2019<a href=\"https:\/\/www.newsendip.com\/fr\/lagence-de-securite-australienne-arrete-les-references-a-lextremisme-islamique-ou-a-lextreme-droite\/\">islam<\/a>.\u202f\u00bb<\/p>\n<p>Les parents ont fourni \u00e0 l\u2019\u00c9quipe conjointe de lutte contre le terrorisme (JCTT) l\u2019acc\u00e8s \u00e0 son domicile, \u00e0 son t\u00e9l\u00e9phone et des informations sur son \u00e9cole et son psychologue. Un policier qui a r\u00e9dig\u00e9 un rapport apr\u00e8s avoir examin\u00e9 le t\u00e9l\u00e9phone de Thomas a d\u00e9termin\u00e9 qu\u2019il semblait \u00e9galement fascin\u00e9 par la Chine et le Parti communiste, mais qu\u2019il n\u2019avait pas t\u00e9l\u00e9charg\u00e9 d\u2019images religieuses ou de versets du Coran. La police a \u00e9galement organis\u00e9 des rencontres r\u00e9guli\u00e8res entre Thomas et un imam pour r\u00e9pondre \u00e0 ses questions.<\/p>\n<p>Moins d\u2019un mois apr\u00e8s le d\u00e9but de la collaboration avec la police, un psychologue ext\u00e9rieur a indiqu\u00e9 que les fixations de Thomas devaient \u00eatre consid\u00e9r\u00e9es dans le contexte de son trouble du spectre autistique et de sa d\u00e9ficience cognitive. \u00ab\u202fL\u2019un des principaux crit\u00e8res diagnostiques des TSA est l\u2019existence d\u2019int\u00e9r\u00eats tr\u00e8s restreints et fixes dont l\u2019intensit\u00e9 ou la focalisation est anormale,\u202f\u00bb a expliqu\u00e9 le psychologue \u00e0 l\u2019assistance sociale.<\/p>\n<p>Pourtant, trois mois apr\u00e8s que ses parents se sont adress\u00e9s \u00e0 la police, le JCTT, compos\u00e9e de la police f\u00e9d\u00e9rale australienne, de la police de l\u2019\u00c9tat de Victoria et de membres de l\u2019Australian Security Intelligence Organization, a \u00e9galement commenc\u00e9 \u00e0 rassembler des preuves et des informations pour l\u2019inculper d\u2019infractions terroristes dans le cadre d\u2019une op\u00e9ration appel\u00e9e \u00ab\u202fBourglinster\u202f\u00bb.<\/p>\n<p>\u00c0 son tour, la JCTT a utilis\u00e9 des agents infiltr\u00e9s pour communiquer et manipuler Thomas en ligne, l\u2019un d\u2019eux se faisant passer pour un musulman de 24 ans qui a discut\u00e9 avec lui pendant 55 jours, produisant 1 400 pages de discussions en ligne. L\u2019agent a finalement pr\u00e9sent\u00e9 Thomas \u00e0 un autre agent qui s\u2019est fait passer pour un extr\u00e9miste \u00e9tranger, ce qui a conduit Thomas \u00e0 lui envoyer une photo de lui en uniforme scolaire, portant un masque et tenant un couteau sur lequel \u00e9tait \u00e9crit \u00ab\u202fISIS\u202f\u00bb, l\u2019acronyme de l\u2019\u00c9tat islamique en anglais.<\/p>\n<p>Apr\u00e8s une perquisition \u00e0 son domicile, le jeune de 14 ans a \u00e9t\u00e9 inculp\u00e9 en octobre 2021 pour appartenance \u00e0 une organisation terroriste et incitation au terrorisme. Ces infractions \u00e9taient passibles respectivement jusqu\u2019\u00e0 10 ans et 5 ans d\u2019emprisonnement.<\/p>\n<p>Pourtant, lors d\u2019un jugement au tribunal pour enfants de Victoria fin de l\u2019ann\u00e9e derni\u00e8re, un sursis permanent a \u00e9t\u00e9 ordonn\u00e9 contre Thomas, la magistrate Lesley Fleming ayant d\u00e9termin\u00e9 que la conduite de la police \u00ab\u202f\u00e9tait loin de r\u00e9pondre aux normes minimales attendues des agents charg\u00e9s de l\u2019application de la loi\u202f\u00bb et que la r\u00e9habilitation de Thomas avait \u00e9t\u00e9 \u00ab\u202fcontrari\u00e9e\u202f\u00bb.<\/p>\n<p>Malgr\u00e9 ces critiques, le commissaire adjoint de l\u2019AFP, Ian McCartney, a d\u00e9clar\u00e9 aux participants \u00e0 l\u2019audition parlementaire qu\u2019il donnerait \u00e0 nouveau son accord \u00e0 l\u2019op\u00e9ration. \u00ab\u202fLa personne \u00e9tait sur le chemin de la radicalisation bien avant que nous n\u2019intervenions,\u202f\u00bb a\u2011t-il d\u00e9clar\u00e9. \u00ab\u202fCette radicalisation n\u2019\u00e9tait ni notre intention ni notre objectif.\u202f\u00bb Il n\u2019a pas non plus voulu confirmer si des mesures avaient \u00e9t\u00e9 prises contre les agents impliqu\u00e9s.<\/p>\n<p>Des groupes de d\u00e9fense des droits civils, dont des repr\u00e9sentants locaux du Conseil islamique de Victoria, ont demand\u00e9 au gouvernement f\u00e9d\u00e9ral d\u2019enqu\u00eater sur l\u2019affaire.<\/p>\n","protected":false},"excerpt":{"rendered":"<p>Une audition parlementaire en cours explore les \u00e9v\u00e9nements li\u00e9s \u00e0 une affaire datant de 2021\u202fen Australie qui a abouti \u00e0 des accusations de terrorisme contre un adolescent.<\/p>\n","protected":false},"author":239,"featured_media":37287,"comment_status":"closed","ping_status":"open","sticky":false,"template":"","format":"standard","meta":{"wp_typography_post_enhancements_disabled":false,"footnotes":""},"categories":[409],"tags":[413,1334],"class_list":["post-37291","post","type-post","status-publish","format-standard","has-post-thumbnail","hentry","category-societe","tag-australie","tag-nouveau"],"yoast_head":"<!-- This site is optimized with the Yoast SEO Premium plugin v27.4 (Yoast SEO v27.4) - https:\/\/yoast.com\/product\/yoast-seo-premium-wordpress\/ -->\n<title>La police australienne critiqu\u00e9e pour sa gestion du cas d&#039;un enfant autiste accus\u00e9 de terrorisme<\/title>\n<meta name=\"description\" content=\"Une audition parlementaire en cours explore les \u00e9v\u00e9nements li\u00e9s \u00e0 une affaire datant de 2021 en Australie qui a abouti \u00e0 des accusations de terrorisme contre un adolescent.\" \/>\n<meta name=\"robots\" content=\"index, follow, max-snippet:-1, max-image-preview:large, max-video-preview:-1\" \/>\n<link rel=\"canonical\" href=\"https:\/\/www.newsendip.com\/fr\/la-police-australienne-critiquee-pour-sa-gestion-du-cas-dun-enfant-autiste-accuse-de-terrorisme\/\" \/>\n<meta property=\"og:locale\" content=\"fr_FR\" \/>\n<meta property=\"og:type\" content=\"article\" \/>\n<meta property=\"og:title\" content=\"La police australienne critiqu\u00e9e pour sa gestion du cas d&#039;un enfant autiste accus\u00e9 de terrorisme\" \/>\n<meta property=\"og:description\" content=\"Une audition parlementaire en cours explore les \u00e9v\u00e9nements li\u00e9s \u00e0 une affaire datant de 2021 en Australie qui a abouti \u00e0 des accusations de terrorisme contre un adolescent.\" \/>\n<meta property=\"og:url\" content=\"https:\/\/www.newsendip.com\/fr\/la-police-australienne-critiquee-pour-sa-gestion-du-cas-dun-enfant-autiste-accuse-de-terrorisme\/\" \/>\n<meta property=\"og:site_name\" content=\"Newsendip\" \/>\n<meta property=\"article:publisher\" content=\"https:\/\/www.facebook.com\/newsendip\" \/>\n<meta property=\"article:published_time\" content=\"2024-02-19T14:45:29+00:00\" \/>\n<meta property=\"og:image\" content=\"https:\/\/www.newsendip.com\/wp-content\/uploads\/2024\/02\/jpeg-optimizer_zoe-askew-NU_OykXKqLI-unsplash.jpeg\" \/>\n\t<meta property=\"og:image:width\" content=\"1562\" \/>\n\t<meta property=\"og:image:height\" content=\"1115\" \/>\n\t<meta property=\"og:image:type\" content=\"image\/jpeg\" \/>\n<meta name=\"author\" content=\"Scott Murphy\" \/>\n<meta name=\"twitter:card\" content=\"summary_large_image\" \/>\n<meta name=\"twitter:image\" content=\"https:\/\/www.newsendip.com\/wp-content\/uploads\/2024\/02\/jpeg-optimizer_zoe-askew-NU_OykXKqLI-unsplash.jpeg\" \/>\n<meta name=\"twitter:creator\" content=\"@https:\/\/twitter.com\/scottkmurphy\" \/>\n<meta name=\"twitter:site\" content=\"@newsendip\" \/>\n<meta name=\"twitter:label1\" content=\"\u00c9crit par\" \/>\n\t<meta name=\"twitter:data1\" content=\"Scott Murphy\" \/>\n\t<meta name=\"twitter:label2\" content=\"Dur\u00e9e de lecture estim\u00e9e\" \/>\n\t<meta name=\"twitter:data2\" content=\"1 minute\" \/>\n<!-- \/ Yoast SEO Premium plugin. -->","yoast_head_json":{"title":"La police australienne critiqu\u00e9e pour sa gestion du cas d'un enfant autiste accus\u00e9 de terrorisme","description":"Une audition parlementaire en cours explore les \u00e9v\u00e9nements li\u00e9s \u00e0 une affaire datant de 2021 en Australie qui a abouti \u00e0 des accusations de terrorisme contre un adolescent.","robots":{"index":"index","follow":"follow","max-snippet":"max-snippet:-1","max-image-preview":"max-image-preview:large","max-video-preview":"max-video-preview:-1"},"canonical":"https:\/\/www.newsendip.com\/fr\/la-police-australienne-critiquee-pour-sa-gestion-du-cas-dun-enfant-autiste-accuse-de-terrorisme\/","og_locale":"fr_FR","og_type":"article","og_title":"La police australienne critiqu\u00e9e pour sa gestion du cas d'un enfant autiste accus\u00e9 de terrorisme","og_description":"Une audition parlementaire en cours explore les \u00e9v\u00e9nements li\u00e9s \u00e0 une affaire datant de 2021 en Australie qui a abouti \u00e0 des accusations de terrorisme contre un adolescent.","og_url":"https:\/\/www.newsendip.com\/fr\/la-police-australienne-critiquee-pour-sa-gestion-du-cas-dun-enfant-autiste-accuse-de-terrorisme\/","og_site_name":"Newsendip","article_publisher":"https:\/\/www.facebook.com\/newsendip","article_published_time":"2024-02-19T14:45:29+00:00","og_image":[{"width":1562,"height":1115,"url":"https:\/\/www.newsendip.com\/wp-content\/uploads\/2024\/02\/jpeg-optimizer_zoe-askew-NU_OykXKqLI-unsplash.jpeg","type":"image\/jpeg"}],"author":"Scott Murphy","twitter_card":"summary_large_image","twitter_image":"https:\/\/www.newsendip.com\/wp-content\/uploads\/2024\/02\/jpeg-optimizer_zoe-askew-NU_OykXKqLI-unsplash.jpeg","twitter_creator":"@https:\/\/twitter.com\/scottkmurphy","twitter_site":"@newsendip","twitter_misc":{"\u00c9crit par":"Scott Murphy","Dur\u00e9e de lecture estim\u00e9e":"1 minute"},"schema":{"@context":"https:\/\/schema.org","@graph":[{"@type":"NewsArticle","@id":"https:\/\/www.newsendip.com\/fr\/la-police-australienne-critiquee-pour-sa-gestion-du-cas-dun-enfant-autiste-accuse-de-terrorisme\/#article","isPartOf":{"@id":"https:\/\/www.newsendip.com\/fr\/la-police-australienne-critiquee-pour-sa-gestion-du-cas-dun-enfant-autiste-accuse-de-terrorisme\/"},"author":{"name":"Scott Murphy","@id":"https:\/\/www.newsendip.com\/fr\/#\/schema\/person\/9b0cb0163ce4586911db3c207008d22b"},"headline":"La police australienne critiqu\u00e9e pour sa gestion du cas d\u2019un enfant autiste accus\u00e9 de terrorisme","datePublished":"2024-02-19T14:45:29+00:00","mainEntityOfPage":{"@id":"https:\/\/www.newsendip.com\/fr\/la-police-australienne-critiquee-pour-sa-gestion-du-cas-dun-enfant-autiste-accuse-de-terrorisme\/"},"wordCount":952,"publisher":{"@id":"https:\/\/www.newsendip.com\/fr\/#organization"},"image":{"@id":"https:\/\/www.newsendip.com\/fr\/la-police-australienne-critiquee-pour-sa-gestion-du-cas-dun-enfant-autiste-accuse-de-terrorisme\/#primaryimage"},"thumbnailUrl":"https:\/\/www.newsendip.com\/wp-content\/uploads\/2024\/02\/zoe-askew-NU_OykXKqLI-unsplash.webp","keywords":["Australie","R\u00e9cent"],"articleSection":["Soci\u00e9t\u00e9"],"inLanguage":"fr-FR","copyrightYear":"2024","copyrightHolder":{"@id":"https:\/\/www.newsendip.com\/#organization"}},{"@type":"WebPage","@id":"https:\/\/www.newsendip.com\/fr\/la-police-australienne-critiquee-pour-sa-gestion-du-cas-dun-enfant-autiste-accuse-de-terrorisme\/","url":"https:\/\/www.newsendip.com\/fr\/la-police-australienne-critiquee-pour-sa-gestion-du-cas-dun-enfant-autiste-accuse-de-terrorisme\/","name":"La police australienne critiqu\u00e9e pour sa gestion du cas d'un enfant autiste accus\u00e9 de terrorisme","isPartOf":{"@id":"https:\/\/www.newsendip.com\/fr\/#website"},"primaryImageOfPage":{"@id":"https:\/\/www.newsendip.com\/fr\/la-police-australienne-critiquee-pour-sa-gestion-du-cas-dun-enfant-autiste-accuse-de-terrorisme\/#primaryimage"},"image":{"@id":"https:\/\/www.newsendip.com\/fr\/la-police-australienne-critiquee-pour-sa-gestion-du-cas-dun-enfant-autiste-accuse-de-terrorisme\/#primaryimage"},"thumbnailUrl":"https:\/\/www.newsendip.com\/wp-content\/uploads\/2024\/02\/zoe-askew-NU_OykXKqLI-unsplash.webp","datePublished":"2024-02-19T14:45:29+00:00","description":"Une audition parlementaire en cours explore les \u00e9v\u00e9nements li\u00e9s \u00e0 une affaire datant de 2021 en Australie qui a abouti \u00e0 des accusations de terrorisme contre un adolescent.","breadcrumb":{"@id":"https:\/\/www.newsendip.com\/fr\/la-police-australienne-critiquee-pour-sa-gestion-du-cas-dun-enfant-autiste-accuse-de-terrorisme\/#breadcrumb"},"inLanguage":"fr-FR","potentialAction":[{"@type":"ReadAction","target":["https:\/\/www.newsendip.com\/fr\/la-police-australienne-critiquee-pour-sa-gestion-du-cas-dun-enfant-autiste-accuse-de-terrorisme\/"]}]},{"@type":"ImageObject","inLanguage":"fr-FR","@id":"https:\/\/www.newsendip.com\/fr\/la-police-australienne-critiquee-pour-sa-gestion-du-cas-dun-enfant-autiste-accuse-de-terrorisme\/#primaryimage","url":"https:\/\/www.newsendip.com\/wp-content\/uploads\/2024\/02\/zoe-askew-NU_OykXKqLI-unsplash.webp","contentUrl":"https:\/\/www.newsendip.com\/wp-content\/uploads\/2024\/02\/zoe-askew-NU_OykXKqLI-unsplash.webp","width":1920,"height":1371,"caption":"Une voiture de police australienne | \u00a9 Zoe Askew"},{"@type":"BreadcrumbList","@id":"https:\/\/www.newsendip.com\/fr\/la-police-australienne-critiquee-pour-sa-gestion-du-cas-dun-enfant-autiste-accuse-de-terrorisme\/#breadcrumb","itemListElement":[{"@type":"ListItem","position":1,"name":"Accueil","item":"https:\/\/www.newsendip.com\/fr\/"},{"@type":"ListItem","position":2,"name":"La police australienne critiqu\u00e9e pour sa gestion du cas d\u2019un enfant autiste accus\u00e9 de terrorisme"}]},{"@type":"WebSite","@id":"https:\/\/www.newsendip.com\/fr\/#website","url":"https:\/\/www.newsendip.com\/fr\/","name":"Newsendip","description":"Red\u00e9couvrez l&#039;actualit\u00e9 internationale","publisher":{"@id":"https:\/\/www.newsendip.com\/fr\/#organization"},"potentialAction":[{"@type":"SearchAction","target":{"@type":"EntryPoint","urlTemplate":"https:\/\/www.newsendip.com\/fr\/?s={search_term_string}"},"query-input":{"@type":"PropertyValueSpecification","valueRequired":true,"valueName":"search_term_string"}}],"inLanguage":"fr-FR"},{"@type":"Organization","@id":"https:\/\/www.newsendip.com\/fr\/#organization","name":"Newsendip","url":"https:\/\/www.newsendip.com\/fr\/","logo":{"@type":"ImageObject","inLanguage":"fr-FR","@id":"https:\/\/www.newsendip.com\/fr\/#\/schema\/logo\/image\/","url":"https:\/\/www.newsendip.com\/wp-content\/uploads\/2023\/12\/512x512.svg","contentUrl":"https:\/\/www.newsendip.com\/wp-content\/uploads\/2023\/12\/512x512.svg","width":1,"height":1,"caption":"Newsendip"},"image":{"@id":"https:\/\/www.newsendip.com\/fr\/#\/schema\/logo\/image\/"},"sameAs":["https:\/\/www.facebook.com\/newsendip","https:\/\/x.com\/newsendip","https:\/\/mastodon.social\/@newsendip","https:\/\/www.linkedin.com\/company\/newsendip"],"description":"Newsendip est un site qui a pour mission de rendre l'actualit\u00e9 internationale accessible et diversifi\u00e9e","email":"contact@newsendip.com","legalName":"Newsendip SAS","foundingDate":"2022-11-04","vatID":"FR60921124723","numberOfEmployees":{"@type":"QuantitativeValue","minValue":"1","maxValue":"10"},"publishingPrinciples":"https:\/\/www.newsendip.com\/about-us\/","ownershipFundingInfo":"https:\/\/www.newsendip.com\/legal-notice\/","actionableFeedbackPolicy":"https:\/\/www.newsendip.com\/about-us\/","correctionsPolicy":"https:\/\/www.newsendip.com\/about-us\/","ethicsPolicy":"https:\/\/www.newsendip.com\/about-us\/","diversityPolicy":"https:\/\/www.newsendip.com\/about-us\/"},{"@type":"Person","@id":"https:\/\/www.newsendip.com\/fr\/#\/schema\/person\/9b0cb0163ce4586911db3c207008d22b","name":"Scott Murphy","description":"Scott is a journalist for Newsendip. He is American and has been living in Hong Kong for years. He has extensive experience as a lifestyle journalist, interviewer and TV producer. His stories also appeared in other media like CNN, Hollywood Reporter, or South China Morning Post.","sameAs":["https:\/\/www.linkedin.com\/in\/scottkmurphy\/","https:\/\/x.com\/https:\/\/twitter.com\/scottkmurphy"],"knowsAbout":["News"],"knowsLanguage":["English"],"url":"https:\/\/www.newsendip.com\/fr\/author\/scott-muprhy\/"}]}},"_links":{"self":[{"href":"https:\/\/www.newsendip.com\/fr\/wp-json\/wp\/v2\/posts\/37291","targetHints":{"allow":["GET"]}}],"collection":[{"href":"https:\/\/www.newsendip.com\/fr\/wp-json\/wp\/v2\/posts"}],"about":[{"href":"https:\/\/www.newsendip.com\/fr\/wp-json\/wp\/v2\/types\/post"}],"author":[{"embeddable":true,"href":"https:\/\/www.newsendip.com\/fr\/wp-json\/wp\/v2\/users\/239"}],"replies":[{"embeddable":true,"href":"https:\/\/www.newsendip.com\/fr\/wp-json\/wp\/v2\/comments?post=37291"}],"version-history":[{"count":0,"href":"https:\/\/www.newsendip.com\/fr\/wp-json\/wp\/v2\/posts\/37291\/revisions"}],"wp:featuredmedia":[{"embeddable":true,"href":"https:\/\/www.newsendip.com\/fr\/wp-json\/wp\/v2\/media\/37287"}],"wp:attachment":[{"href":"https:\/\/www.newsendip.com\/fr\/wp-json\/wp\/v2\/media?parent=37291"}],"wp:term":[{"taxonomy":"category","embeddable":true,"href":"https:\/\/www.newsendip.com\/fr\/wp-json\/wp\/v2\/categories?post=37291"},{"taxonomy":"post_tag","embeddable":true,"href":"https:\/\/www.newsendip.com\/fr\/wp-json\/wp\/v2\/tags?post=37291"}],"curies":[{"name":"wp","href":"https:\/\/api.w.org\/{rel}","templated":true}]}}