{"id":37372,"date":"2024-02-20T18:15:14","date_gmt":"2024-02-20T17:15:14","guid":{"rendered":"https:\/\/www.newsendip.com\/?p=37372"},"modified":"2024-07-18T15:30:49","modified_gmt":"2024-07-18T13:30:49","slug":"amnesty-international-ethiopie-loi-urgence-dissidents","status":"publish","type":"post","link":"https:\/\/www.newsendip.com\/fr\/amnesty-international-ethiopie-loi-urgence-dissidents\/","title":{"rendered":"Amnesty International demande aux autorit\u00e9s \u00e9thiopiennes de cesser de recourir \u00e0 la loi d\u2019urgence \u00ab\u202fpour r\u00e9duire au silence les dissidents pacifiques\u202f\u00bb"},"content":{"rendered":"<p><strong>Amnesty International a accus\u00e9 les autorit\u00e9s \u00e9thiopiennes d\u2019utiliser l\u2019\u00e9tat d\u2019urgence dans la r\u00e9gion d\u2019Amhara \u00ab\u202fpour r\u00e9duire au silence les dissidents pacifiques en d\u00e9tenant arbitrairement des personnalit\u00e9s politiques critiques \u00e0 l\u2019\u00e9gard du gouvernement et des journalistes\u202f\u00bb et a demand\u00e9 la fin de cette pratique.<\/strong><\/p>\n<figure id=\"attachment_37368\" aria-describedby=\"caption-attachment-37368\" style=\"width: 1024px\" class=\"wp-caption aligncenter\"><img decoding=\"async\" class=\"size-large wp-image-37368\" src=\"https:\/\/www.newsendip.com\/wp-content\/uploads\/2024\/02\/Amhara_activists-1024x683.webp\" alt=\"Une manifestation d'activistes Amhara devant le minist\u00e8re britannique des Affaires \u00e9trang\u00e8res contre la violence anti-Amhara en \u00c9thiopie.\" width=\"1024\" height=\"683\" srcset=\"https:\/\/www.newsendip.com\/wp-content\/uploads\/2024\/02\/Amhara_activists-1024x683.webp 1024w, https:\/\/www.newsendip.com\/wp-content\/uploads\/2024\/02\/Amhara_activists-60x40.webp 60w, https:\/\/www.newsendip.com\/wp-content\/uploads\/2024\/02\/Amhara_activists-720x480.webp 720w, https:\/\/www.newsendip.com\/wp-content\/uploads\/2024\/02\/Amhara_activists-300x200.webp 300w, https:\/\/www.newsendip.com\/wp-content\/uploads\/2024\/02\/Amhara_activists-768x512.webp 768w, https:\/\/www.newsendip.com\/wp-content\/uploads\/2024\/02\/Amhara_activists-1536x1024.webp 1536w, https:\/\/www.newsendip.com\/wp-content\/uploads\/2024\/02\/Amhara_activists.webp 1599w\" sizes=\"(max-width: 1024px) 100vw, 1024px\"><figcaption id=\"caption-attachment-37368\" class=\"wp-caption-text\">Manifestation de militants Amhara devant le minist\u00e8re britannique des Affaires \u00e9trang\u00e8res, juillet 2023 | \u00a9 Alisdare Hickson<\/figcaption><\/figure>\n<p>Dans un nouveau <a href=\"https:\/\/www.amnesty.org\/en\/latest\/news\/2024\/02\/ethiopia-authorities-must-stop-using-state-of-emergency-law-to-silence-peaceful-dissent\/\">rapport<\/a> publi\u00e9 hier, l\u2019organisation mondiale de surveillance des droits de l\u2019homme, Amnesty International, a demand\u00e9 au gouvernement \u00e9thiopien de <em>\u00ab\u202fcesser de recourir aux vieilles tactiques consistant \u00e0 nier les droits fondamentaux sous pr\u00e9texte de lois d\u2019urgence\u202f\u00bb.<\/em><\/p>\n<p>Le 2 f\u00e9vrier dernier, les l\u00e9gislateurs \u00e9thiopiens ont vot\u00e9 pour prolonger de quatre mois l\u2019\u00e9tat d\u2019urgence de six mois, d\u00e9cr\u00e9t\u00e9 en ao\u00fbt dernier dans la r\u00e9gion d\u2019Amhara, au Nord du pays. Cette d\u00e9cision a \u00e9t\u00e9 <a href=\"https:\/\/www.ena.et\/web\/eng\/w\/en_30090\">pr\u00e9sent\u00e9e par le ministre de la Justice<\/a>, Gedion Timothios, alors que la r\u00e9gion continue d\u2019\u00eatre aux prises avec un conflit militaire impliquant les forces f\u00e9d\u00e9rales et r\u00e9gionales d\u2019une part et la milice Fano d\u2019autre part.<\/p>\n<p>Le <a href=\"https:\/\/www.newsendip.com\/fr\/etiquette\/ethiopie\/\">gouvernement \u00e9thiopien<\/a> a initialement annonc\u00e9 l\u2019imposition d\u2019un \u00e9tat d\u2019urgence de six mois en ao\u00fbt 2023, d\u00e9clarant que cette d\u00e9cision \u00e9tait <em>\u00ab\u202fessentielle pour mettre en \u0153uvre des mesures d\u2019urgence visant \u00e0 pr\u00e9server la paix et la s\u00e9curit\u00e9 publiques et \u00e0 faire respecter la loi et l\u2019ordre\u202f\u00bb.<\/em><\/p>\n<h2>Une s\u00e9rie d\u2019instabilit\u00e9s<\/h2>\n<p>Cette d\u00e9cision a \u00e9t\u00e9 pr\u00e9c\u00e9d\u00e9e d\u2019une s\u00e9rie d\u2019instabilit\u00e9s dans le pays qui ont commenc\u00e9 par des manifestations de masse dans plusieurs grandes villes contre la d\u00e9cision du gouvernement de r\u00e9organiser les forces sp\u00e9ciales r\u00e9gionales en police r\u00e9guli\u00e8re et en arm\u00e9e nationale.<\/p>\n<p>En outre, peu avant la prorogation de l\u2019\u00e9tat d\u2019urgence, <em>\u00ab\u202fles forces de s\u00e9curit\u00e9 f\u00e9d\u00e9rales ont arr\u00eat\u00e9 Desalegn Chane, un membre du parti d\u2019opposition du Parlement f\u00e9d\u00e9ral \u00e9galement connu pour ses critiques \u00e0 l\u2019\u00e9gard du Premier ministre\u202f\u00bb<\/em>, a confirm\u00e9 Amnesty en se r\u00e9f\u00e9rant \u00e0 des rapports de presse ant\u00e9rieurs. L\u2019organisation a \u00e9galement cit\u00e9 des informations selon lesquelles, depuis la proclamation de l\u2019\u00e9tat d\u2019urgence en ao\u00fbt 2023, <em>\u00ab\u202fdes arrestations massives ont eu lieu dans la capitale Addis-Abeba et dans la r\u00e9gion d\u2019Amhara\u202f\u00bb.<\/em><\/p>\n<p><em>\u00ab\u202fLes autorit\u00e9s \u00e9thiopiennes doivent cesser de d\u00e9tenir des personnes en masse au m\u00e9pris des proc\u00e9dures r\u00e9guli\u00e8res pr\u00e9vues par la loi sur l\u2019\u00e9tat d\u2019urgence. Elles doivent respecter la l\u00e9gislation nationale et les obligations internationales en mati\u00e8re de droits humains en inculpant ou en lib\u00e9rant toutes les personnes d\u00e9tenues dans le cadre de l\u2019\u00e9tat d\u2019urgence, y compris les personnalit\u00e9s politiques et les journalistes\u202f\u00bb<\/em>, peut-on lire dans le communiqu\u00e9 d\u2019Amnesty International.<\/p>\n<h2>De nombreux civils tu\u00e9s<\/h2>\n<p>De nombreux civils ont \u00e9t\u00e9 tu\u00e9s par les troupes de l\u2019\u00c9tat \u00e9thiopien dans la r\u00e9gion d\u2019Amhara le mois dernier comme rapport\u00e9 par <a href=\"https:\/\/www.theguardian.com\/global-development\/2024\/feb\/12\/dozens-of-civilians-killed-by-ethiopian-state-troops-in-amhara-region-say-reports\"><em>The Guardian.<\/em><\/a> Les troupes gouvernementales \u00e9thiopiennes sont accus\u00e9es d\u2019avoir fait du porte-\u00e0-porte dans la ville de Merawi pour tuer des dizaines de civils, selon les habitants qui ont d\u00e9clar\u00e9 que l\u2019effusion de sang avait eu lieu \u00e0 la suite d\u2019affrontements avec des milices locales.<\/p>\n<p>Les Fano ont combattu aux c\u00f4t\u00e9s de l\u2019arm\u00e9e f\u00e9d\u00e9rale \u00e9thiopienne dans la guerre civile de deux ans contre le <a href=\"https:\/\/www.newsendip.com\/fr\/lethiopie-expulse-7-responsables-de-lonu-pour-ingerence-dans-les-affaires-interieures\/\">Front de lib\u00e9ration du peuple du Tigr\u00e9<\/a> (TPLF), qui s\u2019est achev\u00e9e en novembre 2022. Cependant, le gouvernement en est venu \u00e0 consid\u00e9rer ce groupe et d\u2019autres forces r\u00e9gionales comme une menace pour son autorit\u00e9.<\/p>\n<p>Les forces r\u00e9gionales Amhara, dont les Fano, sont \u00e9galement accus\u00e9es de mener une campagne sanglante de nettoyage ethnique depuis novembre 2020 dans l\u2019ouest du Tigr\u00e9, une r\u00e9gion qu\u2019elles revendiquent comme leur appartenant et qu\u2019elles se sont efforc\u00e9es d\u2019annexer pendant la guerre contre le&nbsp;TPLF.<\/p>\n<h2>Pas de journalistes, ni d\u2019acc\u00e8s \u00e0 internet<\/h2>\n<p>Les milices locales Amhara ont bri\u00e8vement contr\u00f4l\u00e9 un grand a\u00e9roport et ont pris le contr\u00f4le de la plupart des grandes villes de la r\u00e9gion. L\u2019arm\u00e9e a depuis repris le contr\u00f4le des plus grandes villes, mais des combats continuent d\u2019\u00eatre signal\u00e9s dans les villages ruraux et les petites villes comme Merawi.<\/p>\n<p>Le gouvernement \u00e9thiopien a interdit aux journalistes de se rendre dans la r\u00e9gion d\u2019Amhara et coup\u00e9 l\u2019acc\u00e8s \u00e0 Internet.<\/p>\n<p>La <a href=\"https:\/\/twitter.com\/EthioHRC\/status\/1757332480154312843\">commission \u00e9thiopienne des droits de l\u2019homme<\/a>, la plus ancienne organisation de la soci\u00e9t\u00e9 civile du pays, a quant \u00e0 elle estim\u00e9 le nombre total de victimes \u00e0 plus de 80 civils, publiant une d\u00e9claration appelant \u00e0 un compl\u00e9ment d\u2019enqu\u00eate et appelant le gouvernement \u00e0<em> \u00ab\u202ffaire en sorte que les parties responsables r\u00e9pondent l\u00e9galement de leurs&nbsp;actes\u202f\u00bb.<\/em><\/p>\n<p>Au d\u00e9but du mois, le premier ministre \u00e9thiopien, Abiy Ahmed, avait appel\u00e9 les<em> \u00ab\u202fextr\u00e9mistes op\u00e9rant dans la r\u00e9gion Amhara&nbsp; et les rebelles de l\u2019\u00c9tat voisin d\u2019Oromia \u00e0 d\u00e9poser les armes et \u00e0 prendre part \u00e0 une lutte politique pacifique\u202f\u00bb.<\/em> Des milliers de personnes arr\u00eat\u00e9es dans le cadre de l\u2019\u00e9tat d\u2019urgence <em>\u00ab\u202f<\/em>ont \u00e9t\u00e9 lib\u00e9r\u00e9es <em>\u00bb<\/em>, avait-il ajout\u00e9.<\/p>\n","protected":false},"excerpt":{"rendered":"<p>Amnesty International a accus\u00e9 les autorit\u00e9s \u00e9thiopiennes d\u2019utiliser l\u2019\u00e9tat d\u2019urgence dans la r\u00e9gion d\u2019Amhara \u00ab\u202fpour r\u00e9duire au silence les dissidents pacifiques en d\u00e9tenant arbitrairement des personnalit\u00e9s politiques critiques \u00e0 l\u2019\u00e9gard du gouvernement et des journalistes\u202f\u00bb et a demand\u00e9 la fin de cette pratique.<\/p>\n","protected":false},"author":237,"featured_media":37368,"comment_status":"closed","ping_status":"open","sticky":false,"template":"","format":"standard","meta":{"wp_typography_post_enhancements_disabled":false,"footnotes":""},"categories":[416],"tags":[442,421],"class_list":["post-37372","post","type-post","status-publish","format-standard","has-post-thumbnail","hentry","category-politique","tag-ethiopie","tag-vieux"],"yoast_head":"<!-- This site is optimized with the Yoast SEO Premium plugin v27.4 (Yoast SEO v27.4) - https:\/\/yoast.com\/product\/yoast-seo-premium-wordpress\/ -->\n<title>Amnesty International demande aux autorit\u00e9s \u00e9thiopiennes de cesser de recourir \u00e0 la loi d&#039;urgence \u00ab pour r\u00e9duire au silence les dissidents pacifiques \u00bb<\/title>\n<meta name=\"description\" content=\"Amnesty International a accus\u00e9 les autorit\u00e9s \u00e9thiopiennes d&#039;utiliser l&#039;\u00e9tat d&#039;urgence dans la r\u00e9gion d&#039;Amhara \u00ab pour r\u00e9duire au silence les dissidents pacifiques en d\u00e9tenant arbitrairement des personnalit\u00e9s politiques critiques \u00e0 l&#039;\u00e9gard du gouvernement et des journalistes \u00bb et a demand\u00e9 la fin de cette pratique.\" \/>\n<meta name=\"robots\" content=\"index, follow, max-snippet:-1, max-image-preview:large, max-video-preview:-1\" \/>\n<link rel=\"canonical\" href=\"https:\/\/www.newsendip.com\/fr\/amnesty-international-ethiopie-loi-urgence-dissidents\/\" \/>\n<meta property=\"og:locale\" content=\"fr_FR\" \/>\n<meta property=\"og:type\" content=\"article\" \/>\n<meta property=\"og:title\" content=\"Amnesty International demande aux autorit\u00e9s \u00e9thiopiennes de cesser de recourir \u00e0 la loi d&#039;urgence \u00ab pour r\u00e9duire au silence les dissidents pacifiques \u00bb\" \/>\n<meta property=\"og:description\" content=\"Amnesty International a accus\u00e9 les autorit\u00e9s \u00e9thiopiennes d&#039;utiliser l&#039;\u00e9tat d&#039;urgence dans la r\u00e9gion d&#039;Amhara \u00ab pour r\u00e9duire au silence les dissidents pacifiques en d\u00e9tenant arbitrairement des personnalit\u00e9s politiques critiques \u00e0 l&#039;\u00e9gard du gouvernement et des journalistes \u00bb et a demand\u00e9 la fin de cette pratique.\" \/>\n<meta property=\"og:url\" content=\"https:\/\/www.newsendip.com\/fr\/amnesty-international-ethiopie-loi-urgence-dissidents\/\" \/>\n<meta property=\"og:site_name\" content=\"Newsendip\" \/>\n<meta property=\"article:publisher\" content=\"https:\/\/www.facebook.com\/newsendip\" \/>\n<meta property=\"article:published_time\" content=\"2024-02-20T17:15:14+00:00\" \/>\n<meta property=\"article:modified_time\" content=\"2024-07-18T13:30:49+00:00\" \/>\n<meta property=\"og:image\" content=\"https:\/\/www.newsendip.com\/wp-content\/uploads\/2024\/02\/jpeg-optimizer_Amhara_activists.jpeg\" \/>\n\t<meta property=\"og:image:width\" content=\"1301\" \/>\n\t<meta property=\"og:image:height\" content=\"866\" \/>\n\t<meta property=\"og:image:type\" content=\"image\/jpeg\" \/>\n<meta name=\"author\" content=\"Julie Carballo\" \/>\n<meta name=\"twitter:card\" content=\"summary_large_image\" \/>\n<meta name=\"twitter:image\" content=\"https:\/\/www.newsendip.com\/wp-content\/uploads\/2024\/02\/jpeg-optimizer_Amhara_activists.jpeg\" \/>\n<meta name=\"twitter:creator\" content=\"@https:\/\/twitter.com\/JulieCarballo\" \/>\n<meta name=\"twitter:site\" content=\"@newsendip\" \/>\n<meta name=\"twitter:label1\" content=\"\u00c9crit par\" \/>\n\t<meta name=\"twitter:data1\" content=\"Julie Carballo\" \/>\n\t<meta name=\"twitter:label2\" content=\"Dur\u00e9e de lecture estim\u00e9e\" \/>\n\t<meta name=\"twitter:data2\" content=\"4 minutes\" \/>\n<!-- \/ Yoast SEO Premium plugin. -->","yoast_head_json":{"title":"Amnesty International demande aux autorit\u00e9s \u00e9thiopiennes de cesser de recourir \u00e0 la loi d'urgence \u00ab pour r\u00e9duire au silence les dissidents pacifiques \u00bb","description":"Amnesty International a accus\u00e9 les autorit\u00e9s \u00e9thiopiennes d'utiliser l'\u00e9tat d'urgence dans la r\u00e9gion d'Amhara \u00ab pour r\u00e9duire au silence les dissidents pacifiques en d\u00e9tenant arbitrairement des personnalit\u00e9s politiques critiques \u00e0 l'\u00e9gard du gouvernement et des journalistes \u00bb et a demand\u00e9 la fin de cette pratique.","robots":{"index":"index","follow":"follow","max-snippet":"max-snippet:-1","max-image-preview":"max-image-preview:large","max-video-preview":"max-video-preview:-1"},"canonical":"https:\/\/www.newsendip.com\/fr\/amnesty-international-ethiopie-loi-urgence-dissidents\/","og_locale":"fr_FR","og_type":"article","og_title":"Amnesty International demande aux autorit\u00e9s \u00e9thiopiennes de cesser de recourir \u00e0 la loi d'urgence \u00ab pour r\u00e9duire au silence les dissidents pacifiques \u00bb","og_description":"Amnesty International a accus\u00e9 les autorit\u00e9s \u00e9thiopiennes d'utiliser l'\u00e9tat d'urgence dans la r\u00e9gion d'Amhara \u00ab pour r\u00e9duire au silence les dissidents pacifiques en d\u00e9tenant arbitrairement des personnalit\u00e9s politiques critiques \u00e0 l'\u00e9gard du gouvernement et des journalistes \u00bb et a demand\u00e9 la fin de cette pratique.","og_url":"https:\/\/www.newsendip.com\/fr\/amnesty-international-ethiopie-loi-urgence-dissidents\/","og_site_name":"Newsendip","article_publisher":"https:\/\/www.facebook.com\/newsendip","article_published_time":"2024-02-20T17:15:14+00:00","article_modified_time":"2024-07-18T13:30:49+00:00","og_image":[{"width":1301,"height":866,"url":"https:\/\/www.newsendip.com\/wp-content\/uploads\/2024\/02\/jpeg-optimizer_Amhara_activists.jpeg","type":"image\/jpeg"}],"author":"Julie Carballo","twitter_card":"summary_large_image","twitter_image":"https:\/\/www.newsendip.com\/wp-content\/uploads\/2024\/02\/jpeg-optimizer_Amhara_activists.jpeg","twitter_creator":"@https:\/\/twitter.com\/JulieCarballo","twitter_site":"@newsendip","twitter_misc":{"\u00c9crit par":"Julie Carballo","Dur\u00e9e de lecture estim\u00e9e":"4 minutes"},"schema":{"@context":"https:\/\/schema.org","@graph":[{"@type":"NewsArticle","@id":"https:\/\/www.newsendip.com\/fr\/amnesty-international-ethiopie-loi-urgence-dissidents\/#article","isPartOf":{"@id":"https:\/\/www.newsendip.com\/fr\/amnesty-international-ethiopie-loi-urgence-dissidents\/"},"author":{"name":"Julie Carballo","@id":"https:\/\/www.newsendip.com\/fr\/#\/schema\/person\/4fd26e598eb9518ae499a7bbc3538f1e"},"headline":"Amnesty International demande aux autorit\u00e9s \u00e9thiopiennes de cesser de recourir \u00e0 la loi d\u2019urgence \u00ab\u202fpour r\u00e9duire au silence les dissidents pacifiques\u202f\u00bb","datePublished":"2024-02-20T17:15:14+00:00","dateModified":"2024-07-18T13:30:49+00:00","mainEntityOfPage":{"@id":"https:\/\/www.newsendip.com\/fr\/amnesty-international-ethiopie-loi-urgence-dissidents\/"},"wordCount":933,"publisher":{"@id":"https:\/\/www.newsendip.com\/fr\/#organization"},"image":{"@id":"https:\/\/www.newsendip.com\/fr\/amnesty-international-ethiopie-loi-urgence-dissidents\/#primaryimage"},"thumbnailUrl":"https:\/\/www.newsendip.com\/wp-content\/uploads\/2024\/02\/Amhara_activists.webp","keywords":["\u00c9thiopie","Vieux"],"articleSection":["Politique"],"inLanguage":"fr-FR","copyrightYear":"2024","copyrightHolder":{"@id":"https:\/\/www.newsendip.com\/#organization"}},{"@type":"WebPage","@id":"https:\/\/www.newsendip.com\/fr\/amnesty-international-ethiopie-loi-urgence-dissidents\/","url":"https:\/\/www.newsendip.com\/fr\/amnesty-international-ethiopie-loi-urgence-dissidents\/","name":"Amnesty International demande aux autorit\u00e9s \u00e9thiopiennes de cesser de recourir \u00e0 la loi d'urgence \u00ab pour r\u00e9duire au silence les dissidents pacifiques \u00bb","isPartOf":{"@id":"https:\/\/www.newsendip.com\/fr\/#website"},"primaryImageOfPage":{"@id":"https:\/\/www.newsendip.com\/fr\/amnesty-international-ethiopie-loi-urgence-dissidents\/#primaryimage"},"image":{"@id":"https:\/\/www.newsendip.com\/fr\/amnesty-international-ethiopie-loi-urgence-dissidents\/#primaryimage"},"thumbnailUrl":"https:\/\/www.newsendip.com\/wp-content\/uploads\/2024\/02\/Amhara_activists.webp","datePublished":"2024-02-20T17:15:14+00:00","dateModified":"2024-07-18T13:30:49+00:00","description":"Amnesty International a accus\u00e9 les autorit\u00e9s \u00e9thiopiennes d'utiliser l'\u00e9tat d'urgence dans la r\u00e9gion d'Amhara \u00ab pour r\u00e9duire au silence les dissidents pacifiques en d\u00e9tenant arbitrairement des personnalit\u00e9s politiques critiques \u00e0 l'\u00e9gard du gouvernement et des journalistes \u00bb et a demand\u00e9 la fin de cette pratique.","breadcrumb":{"@id":"https:\/\/www.newsendip.com\/fr\/amnesty-international-ethiopie-loi-urgence-dissidents\/#breadcrumb"},"inLanguage":"fr-FR","potentialAction":[{"@type":"ReadAction","target":["https:\/\/www.newsendip.com\/fr\/amnesty-international-ethiopie-loi-urgence-dissidents\/"]}]},{"@type":"ImageObject","inLanguage":"fr-FR","@id":"https:\/\/www.newsendip.com\/fr\/amnesty-international-ethiopie-loi-urgence-dissidents\/#primaryimage","url":"https:\/\/www.newsendip.com\/wp-content\/uploads\/2024\/02\/Amhara_activists.webp","contentUrl":"https:\/\/www.newsendip.com\/wp-content\/uploads\/2024\/02\/Amhara_activists.webp","width":1599,"height":1066,"caption":"Manifestation de militants Amhara devant le minist\u00e8re britannique des Affaires \u00e9trang\u00e8res, juillet 2023 | \u00a9 Alisdare Hickson"},{"@type":"BreadcrumbList","@id":"https:\/\/www.newsendip.com\/fr\/amnesty-international-ethiopie-loi-urgence-dissidents\/#breadcrumb","itemListElement":[{"@type":"ListItem","position":1,"name":"Accueil","item":"https:\/\/www.newsendip.com\/fr\/"},{"@type":"ListItem","position":2,"name":"Amnesty International demande aux autorit\u00e9s \u00e9thiopiennes de cesser de recourir \u00e0 la loi d&#8217;urgence \u00ab pour r\u00e9duire au silence les dissidents pacifiques \u00bb"}]},{"@type":"WebSite","@id":"https:\/\/www.newsendip.com\/fr\/#website","url":"https:\/\/www.newsendip.com\/fr\/","name":"Newsendip","description":"Red\u00e9couvrez l&#039;actualit\u00e9 internationale","publisher":{"@id":"https:\/\/www.newsendip.com\/fr\/#organization"},"potentialAction":[{"@type":"SearchAction","target":{"@type":"EntryPoint","urlTemplate":"https:\/\/www.newsendip.com\/fr\/?s={search_term_string}"},"query-input":{"@type":"PropertyValueSpecification","valueRequired":true,"valueName":"search_term_string"}}],"inLanguage":"fr-FR"},{"@type":"Organization","@id":"https:\/\/www.newsendip.com\/fr\/#organization","name":"Newsendip","url":"https:\/\/www.newsendip.com\/fr\/","logo":{"@type":"ImageObject","inLanguage":"fr-FR","@id":"https:\/\/www.newsendip.com\/fr\/#\/schema\/logo\/image\/","url":"https:\/\/www.newsendip.com\/wp-content\/uploads\/2023\/12\/512x512.svg","contentUrl":"https:\/\/www.newsendip.com\/wp-content\/uploads\/2023\/12\/512x512.svg","width":1,"height":1,"caption":"Newsendip"},"image":{"@id":"https:\/\/www.newsendip.com\/fr\/#\/schema\/logo\/image\/"},"sameAs":["https:\/\/www.facebook.com\/newsendip","https:\/\/x.com\/newsendip","https:\/\/mastodon.social\/@newsendip","https:\/\/www.linkedin.com\/company\/newsendip"],"description":"Newsendip est un site qui a pour mission de rendre l'actualit\u00e9 internationale accessible et diversifi\u00e9e","email":"contact@newsendip.com","legalName":"Newsendip SAS","foundingDate":"2022-11-04","vatID":"FR60921124723","numberOfEmployees":{"@type":"QuantitativeValue","minValue":"1","maxValue":"10"},"publishingPrinciples":"https:\/\/www.newsendip.com\/about-us\/","ownershipFundingInfo":"https:\/\/www.newsendip.com\/legal-notice\/","actionableFeedbackPolicy":"https:\/\/www.newsendip.com\/about-us\/","correctionsPolicy":"https:\/\/www.newsendip.com\/about-us\/","ethicsPolicy":"https:\/\/www.newsendip.com\/about-us\/","diversityPolicy":"https:\/\/www.newsendip.com\/about-us\/"},{"@type":"Person","@id":"https:\/\/www.newsendip.com\/fr\/#\/schema\/person\/4fd26e598eb9518ae499a7bbc3538f1e","name":"Julie Carballo","description":"Julie Carballo is a journalist for Newsendip. She used to work for the French newspaper Le Figaro and at the Italian bureau of the international press agency AFP.","sameAs":["https:\/\/www.linkedin.com\/in\/julie-carballo12\/","https:\/\/x.com\/https:\/\/twitter.com\/JulieCarballo"],"knowsAbout":["News"],"knowsLanguage":["French","English","German"],"jobTitle":"Journalist","worksFor":"Newsendip","url":"https:\/\/www.newsendip.com\/fr\/author\/julie-carballo\/"}]}},"_links":{"self":[{"href":"https:\/\/www.newsendip.com\/fr\/wp-json\/wp\/v2\/posts\/37372","targetHints":{"allow":["GET"]}}],"collection":[{"href":"https:\/\/www.newsendip.com\/fr\/wp-json\/wp\/v2\/posts"}],"about":[{"href":"https:\/\/www.newsendip.com\/fr\/wp-json\/wp\/v2\/types\/post"}],"author":[{"embeddable":true,"href":"https:\/\/www.newsendip.com\/fr\/wp-json\/wp\/v2\/users\/237"}],"replies":[{"embeddable":true,"href":"https:\/\/www.newsendip.com\/fr\/wp-json\/wp\/v2\/comments?post=37372"}],"version-history":[{"count":0,"href":"https:\/\/www.newsendip.com\/fr\/wp-json\/wp\/v2\/posts\/37372\/revisions"}],"wp:featuredmedia":[{"embeddable":true,"href":"https:\/\/www.newsendip.com\/fr\/wp-json\/wp\/v2\/media\/37368"}],"wp:attachment":[{"href":"https:\/\/www.newsendip.com\/fr\/wp-json\/wp\/v2\/media?parent=37372"}],"wp:term":[{"taxonomy":"category","embeddable":true,"href":"https:\/\/www.newsendip.com\/fr\/wp-json\/wp\/v2\/categories?post=37372"},{"taxonomy":"post_tag","embeddable":true,"href":"https:\/\/www.newsendip.com\/fr\/wp-json\/wp\/v2\/tags?post=37372"}],"curies":[{"name":"wp","href":"https:\/\/api.w.org\/{rel}","templated":true}]}}