{"id":37390,"date":"2024-02-21T18:45:18","date_gmt":"2024-02-21T17:45:18","guid":{"rendered":"https:\/\/www.newsendip.com\/?p=37390"},"modified":"2024-02-21T18:33:33","modified_gmt":"2024-02-21T17:33:33","slug":"chercheurs-suedois-directives-excessives-ecran-enfants","status":"publish","type":"post","link":"https:\/\/www.newsendip.com\/fr\/chercheurs-suedois-directives-excessives-ecran-enfants\/","title":{"rendered":"Des chercheurs su\u00e9dois jugent \u00ab\u202firr\u00e9alistes\u202f\u00bb les directives sur le temps pass\u00e9 devant un \u00e9cran par les enfants"},"content":{"rendered":"<p><strong>Les lignes directrices publi\u00e9es par l\u2019Organisation mondiale de la sant\u00e9 (OMS) recommandent de limiter fortement le temps d\u2019\u00e9cran des enfants afin de promouvoir leur sant\u00e9. Mais des chercheurs su\u00e9dois sp\u00e9cialis\u00e9s dans les m\u00e9dias qualifient toutefois ces directives d\u201d\u202f\u202f\u00bbirr\u00e9alistes\u202f\u00bb et ont contribu\u00e9 au d\u00e9bat en r\u00e9alisant une \u00e9tude au quotidien sur le rapport au num\u00e9rique des familles ayant de jeunes enfants.<\/strong><\/p>\n<figure id=\"attachment_37385\" aria-describedby=\"caption-attachment-37385\" style=\"width: 1024px\" class=\"wp-caption aligncenter\"><img decoding=\"async\" class=\"size-full wp-image-37385\" src=\"https:\/\/www.newsendip.com\/wp-content\/uploads\/2024\/02\/Sweden-screen-time.webp\" alt=\"Un enfant su\u00e9dois dans une poussette avec une tablette dans les mains.\" width=\"1024\" height=\"576\" srcset=\"https:\/\/www.newsendip.com\/wp-content\/uploads\/2024\/02\/Sweden-screen-time.webp 1024w, https:\/\/www.newsendip.com\/wp-content\/uploads\/2024\/02\/Sweden-screen-time-60x34.webp 60w, https:\/\/www.newsendip.com\/wp-content\/uploads\/2024\/02\/Sweden-screen-time-300x169.webp 300w, https:\/\/www.newsendip.com\/wp-content\/uploads\/2024\/02\/Sweden-screen-time-768x432.webp 768w\" sizes=\"(max-width: 1024px) 100vw, 1024px\"><figcaption id=\"caption-attachment-37385\" class=\"wp-caption-text\">Un enfant su\u00e9dois avec une tablette | \u00a9 Kristina Alexanderson<\/figcaption><\/figure>\n<p>En 2019, l\u2019OMS a publi\u00e9 des <a href=\"https:\/\/www.who.int\/news\/item\/24-04-2019-to-grow-up-healthy-children-need-to-sit-less-and-play-more\">lignes directrices<\/a> sugg\u00e9rant que les enfants de moins de 2 ans ne devraient pas du tout \u00eatre expos\u00e9s \u00e0 des activit\u00e9s sur \u00e9cran, et que le temps pass\u00e9 devant un \u00e9cran ne devrait pas d\u00e9passer une heure par jour pour les enfants \u00e2g\u00e9s de 2 \u00e0 5 ans. L\u2019Association su\u00e9doise de p\u00e9diatrie a fait \u00e9cho \u00e0 cette opinion avec ses propres <a href=\"https:\/\/www.barnlakarforeningen.se\/wp-content\/uploads\/2023\/11\/Barnlakarforeningen_till_professionen_nov2023-HA_UA.pdf\">recommandations g\u00e9n\u00e9rales<\/a> en octobre 2023. Et l\u2019Agence de sant\u00e9 publique, charg\u00e9e par le gouvernement d\u2019enqu\u00eater sur la sant\u00e9 des enfants, devrait \u00e9galement publier des lignes directrices d\u2019ici \u00e0&nbsp;2025.<\/p>\n<p>Mais dans un rapport publi\u00e9 ce mois-ci, des professeurs de m\u00e9dias et de communication des universit\u00e9s de Lund, Malm\u00f6 et Ebba qualifient cette politique de tol\u00e9rance z\u00e9ro d\u2019irr\u00e9aliste et de d\u00e9connect\u00e9e de la r\u00e9alit\u00e9 quotidienne.<\/p>\n<h2>Une vision \u00ab\u202falarmiste\u202f\u00bb du temps pass\u00e9 devant les \u00e9crans<\/h2>\n<p>L\u2019\u00e9tude, nomm\u00e9e <a href=\"https:\/\/mau.diva-portal.org\/smash\/get\/diva2:1838737\/FULLTEXT01.pdf\">DIGIKIDS Su\u00e8de<\/a>, a consist\u00e9 \u00e0 observer et \u00e0 interroger 16 familles avec des enfants en bas \u00e2ge afin de comprendre les effets de la consommation de m\u00e9dias num\u00e9riques et des restrictions sur les enfants \u00e2g\u00e9s de 0 \u00e0 3 ans. Lors des visites aux familles, un enfant \u00e9tait film\u00e9 pendant toute une journ\u00e9e, de son r\u00e9veil \u00e0 son coucher.<\/p>\n<p>Helena Sanberg, qui a dirig\u00e9 l\u2019\u00e9tude, a affirm\u00e9 que les conseils de l\u2019OMS et des m\u00e9decins su\u00e9dois manquent de preuves et exag\u00e8rent les dommages caus\u00e9s par l\u2019exposition num\u00e9rique \u00e0 un jeune \u00e2ge, ce qui entra\u00eene une \u00ab\u202fpanique morale et un alarmisme\u202f\u00bb qui n\u2019aide pas les parents \u00e0 la recherche des conseils.<\/p>\n<p>Par exemple, <a href=\"https:\/\/lakartidningen.se\/klinik-och-vetenskap-1\/kommentar\/2013\/01\/mycket-tid-framfor-skarm-splittrar-barns-liv\/\">l\u2019avertissement<\/a> du p\u00e9diatre su\u00e9dois Hugo Lagercrantz selon lequel le temps pass\u00e9 devant l\u2019\u00e9cran est li\u00e9 \u00e0 l\u2019ob\u00e9sit\u00e9, au d\u00e9veloppement inhib\u00e9 du langage et aux probl\u00e8mes de concentration, est <a href=\"https:\/\/www.expressen.se\/debatt\/barns-skarmtid-ar-inte--lika-farligt-som-rokning\/\">critiqu\u00e9<\/a> par Mme Sandberg comme \u00e9tant du langage incendiaire aliment\u00e9 par des preuves peu convaincantes.<\/p>\n<p>D\u2019apr\u00e8s DIGIKIDS, les lignes directrices de l\u2019OMS ne tiennent pas compte du contexte social et culturel. Mme Sandberg souligne qu\u2019il n\u2019est pas utile de comparer la Su\u00e8de aux \u00c9tats-Unis, un pays dont le taux d\u2019ob\u00e9sit\u00e9 est l\u2019un des plus \u00e9lev\u00e9s au monde et qui a donc plus de raisons de s\u2019inqui\u00e9ter d\u2019un mode de vie s\u00e9dentaire qu\u2019entra\u00eene une consommation excessive de m\u00e9dias num\u00e9riques.<\/p>\n<h2>Le retour des manuels dans les \u00e9coles<\/h2>\n<p>La <a href=\"https:\/\/www.newsendip.com\/fr\/etiquette\/suede\/\">Su\u00e8de<\/a> a des comportements sociaux et culturels diff\u00e9rents \u00e0 l\u2019\u00e9gard de l\u2019\u00e9ducation des enfants, ce qui doit \u00eatre pris en compte lors du contr\u00f4le de l\u2019utilisation des m\u00e9dias num\u00e9riques selon les professeurs. L\u2019\u00e9tude montre que de nombreux enfants sont d\u00e9j\u00e0 expos\u00e9s aux m\u00e9dias num\u00e9riques dans les \u00e9coles maternelles, que les parents introduisent ou non la technologie \u00e0 la maison.<\/p>\n<p>Cependant, des mesures ont \u00e9t\u00e9 prises r\u00e9cemment pour r\u00e9duire le <a href=\"https:\/\/www.newsendip.com\/fr\/les-adolescents-italiens-accros-aux-smartphones-et-avec-des-risques-de-revenge-porn\/\">temps pass\u00e9 devant un \u00e9cran<\/a> dans ces environnements r\u00e9glement\u00e9s. Le gouvernement de centre-droit a en effet r\u00e9introduit les manuels scolaires depuis ao\u00fbt 2023, un retour en arri\u00e8re apr\u00e8s des tentatives de num\u00e9risation depuis octobre 2022.<\/p>\n<p>L\u2019\u00e9tude observe que de nombreux parents, conscients des dangers de la surexposition et de l\u2019inactivit\u00e9 li\u00e9s \u00e0 la consommation de m\u00e9dias, supervisent d\u00e9j\u00e0 l\u2019utilisation des m\u00e9dias num\u00e9riques. La technologie des m\u00e9dias num\u00e9riques apparait d\u00e9sormais comme un \u00e9l\u00e9ment fondamental de la vie familiale moderne. Mme Sanberg souligne que l\u2019OMS ne fait pas la distinction entre les diff\u00e9rents m\u00e9dias que les enfants consomment et leurs avantages potentiels pour le d\u00e9veloppement des enfants.<\/p>\n<p>Les professeurs ont \u00e9galement constat\u00e9 que les enfants utilisent des applications \u00e9ducatives ainsi que des jeux. Imposer des recommandations strictes \u00ab\u202fsuscite des sentiments de culpabilit\u00e9 et de honte\u202f\u00bb au lieu de favoriser le soutien n\u00e9cessaire aux parents qui s\u2019efforcent de g\u00e9rer le r\u00f4le de la technologie en tant qu\u2019outil \u00e9ducatif pr\u00e9cieux selon eux. Ils pr\u00f4nent donc des lignes directrices plus nuanc\u00e9es ainsi que des conseils aux parents qui introduisent la technologie, ce pourrait am\u00e9liorer l\u2019impact positif sur les exp\u00e9riences d\u2019apprentissage des enfants.<\/p>\n<p>N\u00e9anmoins, des rapports r\u00e9cents sur la sant\u00e9 physique des enfants en Su\u00e8de soulignent la n\u00e9cessit\u00e9 d\u2019agir pour pr\u00e9venir l\u2019augmentation des modes de vie s\u00e9dentaires.<\/p>\n<p>En 2022, un <a href=\"https:\/\/www.activehealthykids.org\/get.php?file=sweden-report-card-long-form-2022.pdf\">rapport<\/a> a constat\u00e9 un manque de progr\u00e8s dans les niveaux d\u2019activit\u00e9 physique des enfants su\u00e9dois, avec seulement 12 \u00e0 32\u202f% des 11\u201317 ans respectant la limite recommand\u00e9e de moins de deux heures par jour de temps pass\u00e9 devant un \u00e9cran. Cette constatation sugg\u00e8re que bien que l\u2019\u00e9tude DIGIKIDS d\u00e9montre les capacit\u00e9s des parents \u00e0 surveiller la consommation de m\u00e9dias num\u00e9riques chez les enfants de 0 \u00e0 3 ans, des mesures plus importantes sont n\u00e9cessaires pour r\u00e9duire le temps excessif pass\u00e9 devant un \u00e9cran chez les enfants plus&nbsp;\u00e2g\u00e9s.<\/p>\n","protected":false},"excerpt":{"rendered":"<p>Les lignes directrices publi\u00e9es par l\u2019Organisation mondiale de la sant\u00e9 (OMS) recommandent de limiter fortement le temps d\u2019\u00e9cran des enfants afin de promouvoir leur sant\u00e9. Mais des chercheurs su\u00e9dois sp\u00e9cialis\u00e9s dans les m\u00e9dias qualifient toutefois ces directives d\u201d\u202f\u202f\u00bbirr\u00e9alistes\u202f\u00bb et ont contribu\u00e9 au d\u00e9bat en r\u00e9alisant une \u00e9tude au quotidien sur le rapport au num\u00e9rique des familles ayant de jeunes enfants.<\/p>\n","protected":false},"author":260,"featured_media":37385,"comment_status":"closed","ping_status":"open","sticky":false,"template":"","format":"standard","meta":{"wp_typography_post_enhancements_disabled":false,"footnotes":""},"categories":[412],"tags":[1334,513],"class_list":["post-37390","post","type-post","status-publish","format-standard","has-post-thumbnail","hentry","category-sciences-et-sante","tag-nouveau","tag-suede"],"yoast_head":"<!-- This site is optimized with the Yoast SEO Premium plugin v27.4 (Yoast SEO v27.4) - https:\/\/yoast.com\/product\/yoast-seo-premium-wordpress\/ -->\n<title>Des chercheurs su\u00e9dois jugent &quot;irr\u00e9alistes&quot; les directives sur le temps pass\u00e9 devant un \u00e9cran par les enfants<\/title>\n<meta name=\"description\" content=\"Les lignes directrices publi\u00e9es par l&#039;Organisation mondiale de la sant\u00e9 (OMS) recommandent de limiter fortement le temps d&#039;\u00e9cran des enfants afin de promouvoir leur sant\u00e9. Mais des chercheurs su\u00e9dois sp\u00e9cialis\u00e9s dans les m\u00e9dias qualifient toutefois ces directives d&#039;&quot;irr\u00e9alistes&quot; et ont contribu\u00e9 au d\u00e9bat en r\u00e9alisant une \u00e9tude au quotidien sur le rapport au num\u00e9rique des familles ayant de jeunes enfants.\" \/>\n<meta name=\"robots\" content=\"index, follow, max-snippet:-1, max-image-preview:large, max-video-preview:-1\" \/>\n<link rel=\"canonical\" href=\"https:\/\/www.newsendip.com\/fr\/chercheurs-suedois-directives-excessives-ecran-enfants\/\" \/>\n<meta property=\"og:locale\" content=\"fr_FR\" \/>\n<meta property=\"og:type\" content=\"article\" \/>\n<meta property=\"og:title\" content=\"Des chercheurs su\u00e9dois jugent &quot;irr\u00e9alistes&quot; les directives sur le temps pass\u00e9 devant un \u00e9cran par les enfants\" \/>\n<meta property=\"og:description\" content=\"Les lignes directrices publi\u00e9es par l&#039;Organisation mondiale de la sant\u00e9 (OMS) recommandent de limiter fortement le temps d&#039;\u00e9cran des enfants afin de promouvoir leur sant\u00e9. Mais des chercheurs su\u00e9dois sp\u00e9cialis\u00e9s dans les m\u00e9dias qualifient toutefois ces directives d&#039;&quot;irr\u00e9alistes&quot; et ont contribu\u00e9 au d\u00e9bat en r\u00e9alisant une \u00e9tude au quotidien sur le rapport au num\u00e9rique des familles ayant de jeunes enfants.\" \/>\n<meta property=\"og:url\" content=\"https:\/\/www.newsendip.com\/fr\/chercheurs-suedois-directives-excessives-ecran-enfants\/\" \/>\n<meta property=\"og:site_name\" content=\"Newsendip\" \/>\n<meta property=\"article:publisher\" content=\"https:\/\/www.facebook.com\/newsendip\" \/>\n<meta property=\"article:published_time\" content=\"2024-02-21T17:45:18+00:00\" \/>\n<meta property=\"og:image\" content=\"https:\/\/www.newsendip.com\/wp-content\/uploads\/2024\/02\/jpeg-optimizer_Sweden-screen-time.jpeg\" \/>\n\t<meta property=\"og:image:width\" content=\"1024\" \/>\n\t<meta property=\"og:image:height\" content=\"576\" \/>\n\t<meta property=\"og:image:type\" content=\"image\/jpeg\" \/>\n<meta name=\"author\" content=\"Claire Rhea\" \/>\n<meta name=\"twitter:card\" content=\"summary_large_image\" \/>\n<meta name=\"twitter:image\" content=\"https:\/\/www.newsendip.com\/wp-content\/uploads\/2024\/02\/jpeg-optimizer_Sweden-screen-time.jpeg\" \/>\n<meta name=\"twitter:creator\" content=\"@newsendip\" \/>\n<meta name=\"twitter:site\" content=\"@newsendip\" \/>\n<meta name=\"twitter:label1\" content=\"\u00c9crit par\" \/>\n\t<meta name=\"twitter:data1\" content=\"Claire Rhea\" \/>\n<!-- \/ Yoast SEO Premium plugin. -->","yoast_head_json":{"title":"Des chercheurs su\u00e9dois jugent \"irr\u00e9alistes\" les directives sur le temps pass\u00e9 devant un \u00e9cran par les enfants","description":"Les lignes directrices publi\u00e9es par l'Organisation mondiale de la sant\u00e9 (OMS) recommandent de limiter fortement le temps d'\u00e9cran des enfants afin de promouvoir leur sant\u00e9. Mais des chercheurs su\u00e9dois sp\u00e9cialis\u00e9s dans les m\u00e9dias qualifient toutefois ces directives d'\"irr\u00e9alistes\" et ont contribu\u00e9 au d\u00e9bat en r\u00e9alisant une \u00e9tude au quotidien sur le rapport au num\u00e9rique des familles ayant de jeunes enfants.","robots":{"index":"index","follow":"follow","max-snippet":"max-snippet:-1","max-image-preview":"max-image-preview:large","max-video-preview":"max-video-preview:-1"},"canonical":"https:\/\/www.newsendip.com\/fr\/chercheurs-suedois-directives-excessives-ecran-enfants\/","og_locale":"fr_FR","og_type":"article","og_title":"Des chercheurs su\u00e9dois jugent \"irr\u00e9alistes\" les directives sur le temps pass\u00e9 devant un \u00e9cran par les enfants","og_description":"Les lignes directrices publi\u00e9es par l'Organisation mondiale de la sant\u00e9 (OMS) recommandent de limiter fortement le temps d'\u00e9cran des enfants afin de promouvoir leur sant\u00e9. Mais des chercheurs su\u00e9dois sp\u00e9cialis\u00e9s dans les m\u00e9dias qualifient toutefois ces directives d'\"irr\u00e9alistes\" et ont contribu\u00e9 au d\u00e9bat en r\u00e9alisant une \u00e9tude au quotidien sur le rapport au num\u00e9rique des familles ayant de jeunes enfants.","og_url":"https:\/\/www.newsendip.com\/fr\/chercheurs-suedois-directives-excessives-ecran-enfants\/","og_site_name":"Newsendip","article_publisher":"https:\/\/www.facebook.com\/newsendip","article_published_time":"2024-02-21T17:45:18+00:00","og_image":[{"width":1024,"height":576,"url":"https:\/\/www.newsendip.com\/wp-content\/uploads\/2024\/02\/jpeg-optimizer_Sweden-screen-time.jpeg","type":"image\/jpeg"}],"author":"Claire Rhea","twitter_card":"summary_large_image","twitter_image":"https:\/\/www.newsendip.com\/wp-content\/uploads\/2024\/02\/jpeg-optimizer_Sweden-screen-time.jpeg","twitter_creator":"@newsendip","twitter_site":"@newsendip","twitter_misc":{"\u00c9crit par":"Claire Rhea"},"schema":{"@context":"https:\/\/schema.org","@graph":[{"@type":"NewsArticle","@id":"https:\/\/www.newsendip.com\/fr\/chercheurs-suedois-directives-excessives-ecran-enfants\/#article","isPartOf":{"@id":"https:\/\/www.newsendip.com\/fr\/chercheurs-suedois-directives-excessives-ecran-enfants\/"},"author":{"name":"Claire Rhea","@id":"https:\/\/www.newsendip.com\/fr\/#\/schema\/person\/e2f1f831c2917545cdc6413974e67011"},"headline":"Des chercheurs su\u00e9dois jugent \u00ab\u202firr\u00e9alistes\u202f\u00bb les directives sur le temps pass\u00e9 devant un \u00e9cran par les enfants","datePublished":"2024-02-21T17:45:18+00:00","mainEntityOfPage":{"@id":"https:\/\/www.newsendip.com\/fr\/chercheurs-suedois-directives-excessives-ecran-enfants\/"},"wordCount":953,"publisher":{"@id":"https:\/\/www.newsendip.com\/fr\/#organization"},"image":{"@id":"https:\/\/www.newsendip.com\/fr\/chercheurs-suedois-directives-excessives-ecran-enfants\/#primaryimage"},"thumbnailUrl":"https:\/\/www.newsendip.com\/wp-content\/uploads\/2024\/02\/Sweden-screen-time.webp","keywords":["R\u00e9cent","Su\u00e8de"],"articleSection":["Sciences et sant\u00e9"],"inLanguage":"fr-FR","copyrightYear":"2024","copyrightHolder":{"@id":"https:\/\/www.newsendip.com\/#organization"}},{"@type":"WebPage","@id":"https:\/\/www.newsendip.com\/fr\/chercheurs-suedois-directives-excessives-ecran-enfants\/","url":"https:\/\/www.newsendip.com\/fr\/chercheurs-suedois-directives-excessives-ecran-enfants\/","name":"Des chercheurs su\u00e9dois jugent \"irr\u00e9alistes\" les directives sur le temps pass\u00e9 devant un \u00e9cran par les enfants","isPartOf":{"@id":"https:\/\/www.newsendip.com\/fr\/#website"},"primaryImageOfPage":{"@id":"https:\/\/www.newsendip.com\/fr\/chercheurs-suedois-directives-excessives-ecran-enfants\/#primaryimage"},"image":{"@id":"https:\/\/www.newsendip.com\/fr\/chercheurs-suedois-directives-excessives-ecran-enfants\/#primaryimage"},"thumbnailUrl":"https:\/\/www.newsendip.com\/wp-content\/uploads\/2024\/02\/Sweden-screen-time.webp","datePublished":"2024-02-21T17:45:18+00:00","description":"Les lignes directrices publi\u00e9es par l'Organisation mondiale de la sant\u00e9 (OMS) recommandent de limiter fortement le temps d'\u00e9cran des enfants afin de promouvoir leur sant\u00e9. Mais des chercheurs su\u00e9dois sp\u00e9cialis\u00e9s dans les m\u00e9dias qualifient toutefois ces directives d'\"irr\u00e9alistes\" et ont contribu\u00e9 au d\u00e9bat en r\u00e9alisant une \u00e9tude au quotidien sur le rapport au num\u00e9rique des familles ayant de jeunes enfants.","breadcrumb":{"@id":"https:\/\/www.newsendip.com\/fr\/chercheurs-suedois-directives-excessives-ecran-enfants\/#breadcrumb"},"inLanguage":"fr-FR","potentialAction":[{"@type":"ReadAction","target":["https:\/\/www.newsendip.com\/fr\/chercheurs-suedois-directives-excessives-ecran-enfants\/"]}]},{"@type":"ImageObject","inLanguage":"fr-FR","@id":"https:\/\/www.newsendip.com\/fr\/chercheurs-suedois-directives-excessives-ecran-enfants\/#primaryimage","url":"https:\/\/www.newsendip.com\/wp-content\/uploads\/2024\/02\/Sweden-screen-time.webp","contentUrl":"https:\/\/www.newsendip.com\/wp-content\/uploads\/2024\/02\/Sweden-screen-time.webp","width":1024,"height":576,"caption":"Un enfant su\u00e9dois avec une tablette | \u00a9 Kristina Alexanderson"},{"@type":"BreadcrumbList","@id":"https:\/\/www.newsendip.com\/fr\/chercheurs-suedois-directives-excessives-ecran-enfants\/#breadcrumb","itemListElement":[{"@type":"ListItem","position":1,"name":"Accueil","item":"https:\/\/www.newsendip.com\/fr\/"},{"@type":"ListItem","position":2,"name":"Des chercheurs su\u00e9dois jugent \u201cirr\u00e9alistes\u201d les directives sur le temps pass\u00e9 devant un \u00e9cran par les enfants"}]},{"@type":"WebSite","@id":"https:\/\/www.newsendip.com\/fr\/#website","url":"https:\/\/www.newsendip.com\/fr\/","name":"Newsendip","description":"Red\u00e9couvrez l&#039;actualit\u00e9 internationale","publisher":{"@id":"https:\/\/www.newsendip.com\/fr\/#organization"},"potentialAction":[{"@type":"SearchAction","target":{"@type":"EntryPoint","urlTemplate":"https:\/\/www.newsendip.com\/fr\/?s={search_term_string}"},"query-input":{"@type":"PropertyValueSpecification","valueRequired":true,"valueName":"search_term_string"}}],"inLanguage":"fr-FR"},{"@type":"Organization","@id":"https:\/\/www.newsendip.com\/fr\/#organization","name":"Newsendip","url":"https:\/\/www.newsendip.com\/fr\/","logo":{"@type":"ImageObject","inLanguage":"fr-FR","@id":"https:\/\/www.newsendip.com\/fr\/#\/schema\/logo\/image\/","url":"https:\/\/www.newsendip.com\/wp-content\/uploads\/2023\/12\/512x512.svg","contentUrl":"https:\/\/www.newsendip.com\/wp-content\/uploads\/2023\/12\/512x512.svg","width":1,"height":1,"caption":"Newsendip"},"image":{"@id":"https:\/\/www.newsendip.com\/fr\/#\/schema\/logo\/image\/"},"sameAs":["https:\/\/www.facebook.com\/newsendip","https:\/\/x.com\/newsendip","https:\/\/mastodon.social\/@newsendip","https:\/\/www.linkedin.com\/company\/newsendip"],"description":"Newsendip est un site qui a pour mission de rendre l'actualit\u00e9 internationale accessible et diversifi\u00e9e","email":"contact@newsendip.com","legalName":"Newsendip SAS","foundingDate":"2022-11-04","vatID":"FR60921124723","numberOfEmployees":{"@type":"QuantitativeValue","minValue":"1","maxValue":"10"},"publishingPrinciples":"https:\/\/www.newsendip.com\/about-us\/","ownershipFundingInfo":"https:\/\/www.newsendip.com\/legal-notice\/","actionableFeedbackPolicy":"https:\/\/www.newsendip.com\/about-us\/","correctionsPolicy":"https:\/\/www.newsendip.com\/about-us\/","ethicsPolicy":"https:\/\/www.newsendip.com\/about-us\/","diversityPolicy":"https:\/\/www.newsendip.com\/about-us\/"},{"@type":"Person","@id":"https:\/\/www.newsendip.com\/fr\/#\/schema\/person\/e2f1f831c2917545cdc6413974e67011","name":"Claire Rhea","description":"Claire is a journalist for Newsendip. She grew up in London but is a dual citizen of the United States and France. She graduated from McGill University in Montr\u00e9al, Canada, in political Science and economics. She also lived in Italy.","sameAs":["https:\/\/www.linkedin.com\/in\/claire-rhea-027428167\/"],"knowsAbout":["News"],"knowsLanguage":["English","French"],"url":"https:\/\/www.newsendip.com\/fr\/author\/claire-rhea\/"}]}},"_links":{"self":[{"href":"https:\/\/www.newsendip.com\/fr\/wp-json\/wp\/v2\/posts\/37390","targetHints":{"allow":["GET"]}}],"collection":[{"href":"https:\/\/www.newsendip.com\/fr\/wp-json\/wp\/v2\/posts"}],"about":[{"href":"https:\/\/www.newsendip.com\/fr\/wp-json\/wp\/v2\/types\/post"}],"author":[{"embeddable":true,"href":"https:\/\/www.newsendip.com\/fr\/wp-json\/wp\/v2\/users\/260"}],"replies":[{"embeddable":true,"href":"https:\/\/www.newsendip.com\/fr\/wp-json\/wp\/v2\/comments?post=37390"}],"version-history":[{"count":0,"href":"https:\/\/www.newsendip.com\/fr\/wp-json\/wp\/v2\/posts\/37390\/revisions"}],"wp:featuredmedia":[{"embeddable":true,"href":"https:\/\/www.newsendip.com\/fr\/wp-json\/wp\/v2\/media\/37385"}],"wp:attachment":[{"href":"https:\/\/www.newsendip.com\/fr\/wp-json\/wp\/v2\/media?parent=37390"}],"wp:term":[{"taxonomy":"category","embeddable":true,"href":"https:\/\/www.newsendip.com\/fr\/wp-json\/wp\/v2\/categories?post=37390"},{"taxonomy":"post_tag","embeddable":true,"href":"https:\/\/www.newsendip.com\/fr\/wp-json\/wp\/v2\/tags?post=37390"}],"curies":[{"name":"wp","href":"https:\/\/api.w.org\/{rel}","templated":true}]}}