{"id":37441,"date":"2024-02-26T01:00:00","date_gmt":"2024-02-26T00:00:00","guid":{"rendered":"https:\/\/www.newsendip.com\/?p=37441"},"modified":"2024-02-29T09:30:35","modified_gmt":"2024-02-29T08:30:35","slug":"newsletter-actualites-internationales-26-fevrier-2024","status":"publish","type":"post","link":"https:\/\/www.newsendip.com\/fr\/newsletter-actualites-internationales-26-fevrier-2024\/","title":{"rendered":"Newsletter d\u2019actualit\u00e9s internationales \u2013 26 f\u00e9vrier 2024"},"content":{"rendered":"<p><strong>Un r\u00e9sum\u00e9 d\u2019articles de Newsendip&nbsp;: l\u2019avenir du camembert menac\u00e9, le cartel du lait en Espagne, une \u00eele chilienne \u00e0 vendre, et plus encore.<br>\n<\/strong><\/p>\n<ol>\n<li><a href=\"#1\">Menace g\u00e9n\u00e9tique sur le camembert<\/a><\/li>\n<li><a href=\"#2\">Un \u00ab\u202fcartel du lait\u202f\u00bb en Espagne<\/a><\/li>\n<li><a href=\"#3\">Le droit de s\u2019asseoir pour les travailleurs mexicains<\/a><\/li>\n<li><a href=\"#4\">Une r\u00e9forme italienne sur la saisie des smartphones inqui\u00e8te<\/a><\/li>\n<li><a href=\"#5\">Une \u00eele \u00e0 pr\u00e9server \u00e0 vendre<\/a><\/li>\n<li><a href=\"#6\">La police australienne critiqu\u00e9e pour sa gestion d\u2019un enfant autiste suspect\u00e9 de terrorisme<\/a><\/li>\n<li><a href=\"#7\">Un appel \u00e0 arr\u00eater l\u2019\u00c9thiopie de \u00ab\u202fr\u00e9duire au silence les dissidents pacifiques\u202f\u00bb<\/a><\/li>\n<li><a href=\"#8\">Les directives sur le temps devant les \u00e9crans sont-elles alarmistes\u202f?<\/a><\/li>\n<\/ol>\n<h2 id=\"1\">La baisse de diversit\u00e9 g\u00e9n\u00e9tique menace-t-elle l\u2019avenir du Camembert et du Roquefort\u202f?<\/h2>\n<p>Les deux fromages fran\u00e7ais sont menac\u00e9s par un <a href=\"https:\/\/www.newsendip.com\/fr\/baisse-diversite-genetique-penicillium-camemberti-menace-avenir-camembert-et-roquefort\/\">manque de diversit\u00e9 g\u00e9n\u00e9tique<\/a> d\u00fb \u00e0 des ann\u00e9es de production standardis\u00e9e. Pour que le camembert survive, les consommateurs devront s\u2019habituer \u00e0 des variations de texture, de go\u00fbt et de couleur.<\/p>\n<hr>\n<h2 id=\"2\">La justice espagnole confirme les amendes contre le \u00ab\u202fcartel du&nbsp;lait\u202f\u00bb<\/h2>\n<p>La justice espagnole a confirm\u00e9 que <a href=\"https:\/\/www.newsendip.com\/fr\/espagne-le-cartel-du-lait-des-industriels-entente-prix-achat-amendes\/\">l\u2019industrie laiti\u00e8re s\u2019est entendue pendant des ann\u00e9es<\/a> pour fixer des prix bas au lait qu\u2019elle achetait aux agriculteurs du pays. En 2019, neuf entreprises, dont les branches espagnoles de Lactalis, de Nestl\u00e9 ou encore de Danone, ont \u00e9t\u00e9 condamn\u00e9es \u00e0 une amende de 81 millions d\u2019euros pour entrave aux r\u00e8gles de la concurrence. La nouvelle d\u00e9cision pourrait permettre \u00e0 quelque 50 000 exploitations agricoles espagnoles de r\u00e9clamer une compensation financi\u00e8re qui pourrait s\u2019\u00e9lever \u00e0 plusieurs centaines de millions d\u2019euros.<\/p>\n<hr>\n<h2 id=\"3\">Les travailleurs mexicains ont d\u00e9sormais le droit de s\u2019asseoir<\/h2>\n<p>Le S\u00e9nat mexicain a approuv\u00e9 \u00e0 l\u2019unanimit\u00e9 une loi stipulant que les employeurs ne peuvent pas forcer leurs employ\u00e9s \u00e0 rester debout toute la journ\u00e9e et qu\u2019ils doivent leur fournir suffisamment de <a href=\"https:\/\/www.newsendip.com\/fr\/le-senat-mexicain-a-approuve-le-droit-aux-travailleurs-a-sasseoir\/\">si\u00e8ges avec dossier pour pouvoir s\u2019asseoir<\/a>. Cette loi, qui doit \u00eatre encore vot\u00e9e par la Chambre des d\u00e9put\u00e9s, vise en particulier \u00e0 soulager les travailleurs de l\u2019industrie de la mode et dans le commerce, o\u00f9 certains peuvent travailler dans des \u00ab\u202fconditions proches de l\u2019esclavage\u202f\u00bb selon la s\u00e9natrice \u00e0 l\u2019initiative du texte dit \u00ab\u202fLoi de la chaise\u202f\u00bb. L\u2019Indice mondial de l\u2019esclavage estime que 850 000 personnes \u00e9taient soumises \u00e0 une forme ou une autre d\u2019esclavage moderne au Mexique en&nbsp;2021.<\/p>\n<hr>\n<h2 id=\"4\">Une r\u00e9forme italienne pour rendre plus difficile la saisie des t\u00e9l\u00e9phones<\/h2>\n<p>Un projet de loi en Italie limiterait la saisie et l\u2019<a href=\"https:\/\/www.newsendip.com\/fr\/une-reforme-italienne-sur-la-saisie-des-telephones-suscite-des-inquietudes-judiciaires\/\">utilisation des informations contenues dans les t\u00e9l\u00e9phones portables<\/a>, les ordinateurs et autres dispositifs informatiques au nom de la protection de la vie priv\u00e9e. L\u2019opposition au gouvernement met en garde contre le risque d\u2019entraver des enqu\u00eates li\u00e9es \u00e0 la mafia. Alors que l\u2019une des principales priorit\u00e9s de la premi\u00e8re ministre Georgia Meloni est d\u2019am\u00e9liorer l\u2019efficacit\u00e9 du syst\u00e8me judiciaire italien, la r\u00e9forme risque d\u2019allonger les proc\u00e9dures. La proposition fait partie d\u2019une s\u00e9rie de mesures critiqu\u00e9es pour diminuer le pouvoir du syst\u00e8me judiciaire et son autonomie par rapport \u00e0 la politique.<\/p>\n<hr>\n<h2 id=\"5\">Une \u00eele \u00ab\u202fvierge\u202f\u00bb \u00e0 vendre<\/h2>\n<p>Au Chili, l\u2019<a href=\"https:\/\/www.newsendip.com\/fr\/une-ile-chilienne-a-vendre-pour-35-millions-de-dollars\/\">\u00eele patagonienne de Traigu\u00e9n<\/a>, 7 fois plus grande que l\u2019\u00eele de Manhattan, est \u00e0 vendre pour 35 millions de dollars. Le propri\u00e9taire, Eduardo Ergas, directeur d\u2019une entreprise chilienne d\u2019h\u00e9licopt\u00e8res, a achet\u00e9 l\u2019\u00eele en 2008 pour prot\u00e9ger la grenouille de Darwin, une esp\u00e8ce proche de l\u2019extinction qui avait \u00e9t\u00e9 d\u00e9couverte dans la r\u00e9gion. L\u2019argent de la vente devait \u00eatre r\u00e9investi dans la protection de l\u2019environnement. Les Nahuelqu\u00edn-Delgado, une communaut\u00e9 indig\u00e8ne locale d\u2019environ 40 personnes, vivent aussi sur&nbsp;l\u2019\u00eele.<\/p>\n<hr>\n<h2 id=\"6\">La police australienne critiqu\u00e9e pour sa gestion d\u2019un enfant autiste accus\u00e9 de terrorisme<\/h2>\n<p>La police f\u00e9d\u00e9rale australienne est critiqu\u00e9e pour avoir <a href=\"https:\/\/www.newsendip.com\/fr\/la-police-australienne-critiquee-pour-sa-gestion-du-cas-dun-enfant-autiste-accuse-de-terrorisme\/\">accus\u00e9 de terrorisme un jeune autiste de 13 ans<\/a>. Ses parents avaient demand\u00e9 de l\u2019aide \u00e0 la police \u00e0 cause de l\u2019obsession de leur fils pour des vid\u00e9os de l\u2019\u00c9tat islamique. Un psychologue, tenant compte du fait qu\u2019il a un QI de 71, a estim\u00e9 que sa fixation pour l\u2019EI n\u2019\u00e9tait pas bas\u00e9e sur une id\u00e9ologie religieuse et qu\u2019il \u00ab\u202fd\u00e9montrait peu de connaissances sur l\u2019islam\u202f\u00bb. Pourtant, trois mois plus tard, l\u2019\u00e9quipe conjointe de lutte contre le terrorisme a commenc\u00e9 \u00e0 rassembler des preuves et des informations et a utilis\u00e9 des agents infiltr\u00e9s pour communiquer avec le gar\u00e7on, ce qui a finalement conduit \u00e0 l\u2019accuser d\u2019\u00eatre membre d\u2019une organisation terroriste et de faire l\u2019apologie du terrorisme. Toutefois, lors d\u2019une audition parlementaire, le commissaire adjoint de la police f\u00e9d\u00e9rale, Ian McCartney, a d\u00e9clar\u00e9 qu\u2019il approuverait \u00e0 nouveau l\u2019op\u00e9ration.<\/p>\n<hr>\n<h2 id=\"7\">L\u2019\u00c9thiopie appel\u00e9e \u00e0 cesser de \u00ab\u202fr\u00e9duire au silence les dissidents pacifiques\u202f\u00bb<\/h2>\n<p>Amnesty International a accus\u00e9 les autorit\u00e9s \u00e9thiopiennes d\u2019utiliser l\u2019\u00e9tat d\u2019urgence dans la r\u00e9gion d\u2019Amhara \u00ab\u202fpour <a href=\"https:\/\/www.newsendip.com\/fr\/amnesty-international-ethiopie-loi-urgence-dissidents\/\">r\u00e9duire au silence les dissidents<\/a> pacifiques en d\u00e9tenant arbitrairement des personnalit\u00e9s politiques critiques \u00e0 l\u2019\u00e9gard du gouvernement et des journalistes\u202f\u00bb et a demand\u00e9 qu\u2019il soit mis fin \u00e0 cette pratique. Le gouvernement \u00e9thiopien a interdit aux journalistes de se rendre dans la r\u00e9gion Amhara et a coup\u00e9 l\u2019acc\u00e8s \u00e0 Internet. La r\u00e9gion est en proie \u00e0 un conflit militaire entre les forces f\u00e9d\u00e9rales et r\u00e9gionales, d\u2019un c\u00f4t\u00e9, et la milice Fano, de l\u2019autre. Les Fano ont combattu aux c\u00f4t\u00e9s de l\u2019arm\u00e9e f\u00e9d\u00e9rale \u00e9thiopienne dans la guerre civile contre le Front de lib\u00e9ration du peuple du Tigr\u00e9 (TPLF) qui s\u2019est achev\u00e9e en novembre 2022. Toutefois, le gouvernement consid\u00e8re d\u00e9sormais ce groupe et d\u2019autres forces r\u00e9gionales comme des menaces pour son autorit\u00e9.<\/p>\n<hr>\n<h2 id=\"8\">Les directives sur le temps pass\u00e9 devant un \u00e9cran par les enfants sont-elles r\u00e9alistes\u202f?<\/h2>\n<p>En 2019, l\u2019Organisation mondiale de la sant\u00e9 a publi\u00e9 des recommandations sugg\u00e9rant que les enfants de moins de deux ans ne devraient pas du tout \u00eatre expos\u00e9s \u00e0 des activit\u00e9s sur \u00e9cran, et que le temps d\u2019\u00e9cran ne devrait pas d\u00e9passer une heure par jour pour les enfants \u00e2g\u00e9s de deux \u00e0 cinq ans. La Su\u00e8de, pionni\u00e8re dans l\u2019utilisation des outils num\u00e9riques \u00e0 l\u2019\u00e9cole, a d\u00e9cid\u00e9 de r\u00e9introduire les manuels scolaires l\u2019\u00e9t\u00e9 dernier. Mais des professeurs de m\u00e9dias et de communication de trois universit\u00e9s su\u00e9doises d\u00e9noncent dans une \u00e9tude une politique \u00ab\u202firr\u00e9aliste\u202f\u00bb qui \u00ab\u202fsuscite des <a href=\"https:\/\/www.newsendip.com\/fr\/chercheurs-suedois-directives-excessives-ecran-enfants\/\">sentiments de culpabilit\u00e9 et de honte<\/a>\u202f\u00bb au lieu de favoriser le soutien n\u00e9cessaire aux parents pour g\u00e9rer la technologie qui entoure leurs enfants.<\/p>\n","protected":false},"excerpt":{"rendered":"<p>Un r\u00e9sum\u00e9 d\u2019articles de Newsendip&nbsp;: le camembert et le roquefort menac\u00e9s, le cartel du lait en Espagne, a \u00eele chilienne \u00e0 vendre, et plus encore.<\/p>\n","protected":false},"author":1,"featured_media":31343,"comment_status":"closed","ping_status":"open","sticky":false,"template":"","format":"standard","meta":{"wp_typography_post_enhancements_disabled":false,"footnotes":""},"categories":[2788],"tags":[1233],"class_list":["post-37441","post","type-post","status-publish","format-standard","has-post-thumbnail","hentry","category-newsletter-fr","tag-newsletter-fr"],"yoast_head":"<!-- This site is optimized with the Yoast SEO Premium plugin v27.4 (Yoast SEO v27.4) - https:\/\/yoast.com\/product\/yoast-seo-premium-wordpress\/ -->\n<title>Newsletter d&#039;actualit\u00e9s internationales - 26 f\u00e9vrier 2024<\/title>\n<meta name=\"description\" content=\"Un r\u00e9sum\u00e9 d&#039;articles de Newsendip: le camembert et le roquefort menac\u00e9s, le cartel du lait en Espagne, a \u00eele chilienne \u00e0 vendre, et plus encore.\" \/>\n<meta name=\"robots\" content=\"index, follow, max-snippet:-1, max-image-preview:large, max-video-preview:-1\" \/>\n<link rel=\"canonical\" href=\"https:\/\/www.newsendip.com\/fr\/newsletter-actualites-internationales-26-fevrier-2024\/\" \/>\n<meta property=\"og:locale\" content=\"fr_FR\" \/>\n<meta property=\"og:type\" content=\"article\" \/>\n<meta property=\"og:title\" content=\"Newsletter d&#039;actualit\u00e9s internationales - 26 f\u00e9vrier 2024\" \/>\n<meta property=\"og:description\" content=\"Un r\u00e9sum\u00e9 d&#039;articles de Newsendip: le camembert et le roquefort menac\u00e9s, le cartel du lait en Espagne, a \u00eele chilienne \u00e0 vendre, et plus encore.\" \/>\n<meta property=\"og:url\" content=\"https:\/\/www.newsendip.com\/fr\/newsletter-actualites-internationales-26-fevrier-2024\/\" \/>\n<meta property=\"og:site_name\" content=\"Newsendip\" \/>\n<meta property=\"article:publisher\" content=\"https:\/\/www.facebook.com\/newsendip\" \/>\n<meta property=\"article:published_time\" content=\"2024-02-26T00:00:00+00:00\" \/>\n<meta property=\"article:modified_time\" content=\"2024-02-29T08:30:35+00:00\" \/>\n<meta property=\"og:image\" content=\"https:\/\/www.newsendip.com\/wp-content\/uploads\/2023\/09\/Final-Logo-V2-01-min-scaled.jpeg\" \/>\n\t<meta property=\"og:image:width\" content=\"2560\" \/>\n\t<meta property=\"og:image:height\" content=\"1650\" \/>\n\t<meta property=\"og:image:type\" content=\"image\/jpeg\" \/>\n<meta name=\"author\" content=\"Cl\u00e9ment V\u00e9rit\u00e9\" \/>\n<meta name=\"twitter:card\" content=\"summary_large_image\" \/>\n<meta name=\"twitter:image\" content=\"https:\/\/www.newsendip.com\/wp-content\/uploads\/2023\/09\/Final-Logo-V2-01-min-scaled.jpeg\" \/>\n<meta name=\"twitter:creator\" content=\"@https:\/\/twitter.com\/cverite\" \/>\n<meta name=\"twitter:site\" content=\"@newsendip\" \/>\n<meta name=\"twitter:label1\" content=\"\u00c9crit par\" \/>\n\t<meta name=\"twitter:data1\" content=\"Cl\u00e9ment V\u00e9rit\u00e9\" \/>\n\t<meta name=\"twitter:label2\" content=\"Dur\u00e9e de lecture estim\u00e9e\" \/>\n\t<meta name=\"twitter:data2\" content=\"5 minutes\" \/>\n<!-- \/ Yoast SEO Premium plugin. -->","yoast_head_json":{"title":"Newsletter d'actualit\u00e9s internationales - 26 f\u00e9vrier 2024","description":"Un r\u00e9sum\u00e9 d'articles de Newsendip: le camembert et le roquefort menac\u00e9s, le cartel du lait en Espagne, a \u00eele chilienne \u00e0 vendre, et plus encore.","robots":{"index":"index","follow":"follow","max-snippet":"max-snippet:-1","max-image-preview":"max-image-preview:large","max-video-preview":"max-video-preview:-1"},"canonical":"https:\/\/www.newsendip.com\/fr\/newsletter-actualites-internationales-26-fevrier-2024\/","og_locale":"fr_FR","og_type":"article","og_title":"Newsletter d'actualit\u00e9s internationales - 26 f\u00e9vrier 2024","og_description":"Un r\u00e9sum\u00e9 d'articles de Newsendip: le camembert et le roquefort menac\u00e9s, le cartel du lait en Espagne, a \u00eele chilienne \u00e0 vendre, et plus encore.","og_url":"https:\/\/www.newsendip.com\/fr\/newsletter-actualites-internationales-26-fevrier-2024\/","og_site_name":"Newsendip","article_publisher":"https:\/\/www.facebook.com\/newsendip","article_published_time":"2024-02-26T00:00:00+00:00","article_modified_time":"2024-02-29T08:30:35+00:00","og_image":[{"width":2560,"height":1650,"url":"https:\/\/www.newsendip.com\/wp-content\/uploads\/2023\/09\/Final-Logo-V2-01-min-scaled.jpeg","type":"image\/jpeg"}],"author":"Cl\u00e9ment V\u00e9rit\u00e9","twitter_card":"summary_large_image","twitter_image":"https:\/\/www.newsendip.com\/wp-content\/uploads\/2023\/09\/Final-Logo-V2-01-min-scaled.jpeg","twitter_creator":"@https:\/\/twitter.com\/cverite","twitter_site":"@newsendip","twitter_misc":{"\u00c9crit par":"Cl\u00e9ment V\u00e9rit\u00e9","Dur\u00e9e de lecture estim\u00e9e":"5 minutes"},"schema":{"@context":"https:\/\/schema.org","@graph":[{"@type":"NewsArticle","@id":"https:\/\/www.newsendip.com\/fr\/newsletter-actualites-internationales-26-fevrier-2024\/#article","isPartOf":{"@id":"https:\/\/www.newsendip.com\/fr\/newsletter-actualites-internationales-26-fevrier-2024\/"},"author":{"name":"Cl\u00e9ment V\u00e9rit\u00e9","@id":"https:\/\/www.newsendip.com\/fr\/#\/schema\/person\/ea22c01755f464a3cbc2c619584d6363"},"headline":"Newsletter d\u2019actualit\u00e9s internationales \u2013 26 f\u00e9vrier 2024","datePublished":"2024-02-26T00:00:00+00:00","dateModified":"2024-02-29T08:30:35+00:00","mainEntityOfPage":{"@id":"https:\/\/www.newsendip.com\/fr\/newsletter-actualites-internationales-26-fevrier-2024\/"},"wordCount":1142,"publisher":{"@id":"https:\/\/www.newsendip.com\/fr\/#organization"},"image":{"@id":"https:\/\/www.newsendip.com\/fr\/newsletter-actualites-internationales-26-fevrier-2024\/#primaryimage"},"thumbnailUrl":"https:\/\/www.newsendip.com\/wp-content\/uploads\/2023\/09\/Final-Logo-V2-01-scaled.webp","keywords":["Newsletter"],"articleSection":["Newsletter"],"inLanguage":"fr-FR","copyrightYear":"2024","copyrightHolder":{"@id":"https:\/\/www.newsendip.com\/#organization"}},{"@type":"WebPage","@id":"https:\/\/www.newsendip.com\/fr\/newsletter-actualites-internationales-26-fevrier-2024\/","url":"https:\/\/www.newsendip.com\/fr\/newsletter-actualites-internationales-26-fevrier-2024\/","name":"Newsletter d'actualit\u00e9s internationales - 26 f\u00e9vrier 2024","isPartOf":{"@id":"https:\/\/www.newsendip.com\/fr\/#website"},"primaryImageOfPage":{"@id":"https:\/\/www.newsendip.com\/fr\/newsletter-actualites-internationales-26-fevrier-2024\/#primaryimage"},"image":{"@id":"https:\/\/www.newsendip.com\/fr\/newsletter-actualites-internationales-26-fevrier-2024\/#primaryimage"},"thumbnailUrl":"https:\/\/www.newsendip.com\/wp-content\/uploads\/2023\/09\/Final-Logo-V2-01-scaled.webp","datePublished":"2024-02-26T00:00:00+00:00","dateModified":"2024-02-29T08:30:35+00:00","description":"Un r\u00e9sum\u00e9 d'articles de Newsendip: le camembert et le roquefort menac\u00e9s, le cartel du lait en Espagne, a \u00eele chilienne \u00e0 vendre, et plus encore.","breadcrumb":{"@id":"https:\/\/www.newsendip.com\/fr\/newsletter-actualites-internationales-26-fevrier-2024\/#breadcrumb"},"inLanguage":"fr-FR","potentialAction":[{"@type":"ReadAction","target":["https:\/\/www.newsendip.com\/fr\/newsletter-actualites-internationales-26-fevrier-2024\/"]}]},{"@type":"ImageObject","inLanguage":"fr-FR","@id":"https:\/\/www.newsendip.com\/fr\/newsletter-actualites-internationales-26-fevrier-2024\/#primaryimage","url":"https:\/\/www.newsendip.com\/wp-content\/uploads\/2023\/09\/Final-Logo-V2-01-scaled.webp","contentUrl":"https:\/\/www.newsendip.com\/wp-content\/uploads\/2023\/09\/Final-Logo-V2-01-scaled.webp","width":2560,"height":1650,"caption":"Logo Newsendip actualit\u00e9 internationale"},{"@type":"BreadcrumbList","@id":"https:\/\/www.newsendip.com\/fr\/newsletter-actualites-internationales-26-fevrier-2024\/#breadcrumb","itemListElement":[{"@type":"ListItem","position":1,"name":"Accueil","item":"https:\/\/www.newsendip.com\/fr\/"},{"@type":"ListItem","position":2,"name":"Newsletter d&#8217;actualit\u00e9s internationales &#8211; 26 f\u00e9vrier 2024"}]},{"@type":"WebSite","@id":"https:\/\/www.newsendip.com\/fr\/#website","url":"https:\/\/www.newsendip.com\/fr\/","name":"Newsendip","description":"Red\u00e9couvrez l&#039;actualit\u00e9 internationale","publisher":{"@id":"https:\/\/www.newsendip.com\/fr\/#organization"},"potentialAction":[{"@type":"SearchAction","target":{"@type":"EntryPoint","urlTemplate":"https:\/\/www.newsendip.com\/fr\/?s={search_term_string}"},"query-input":{"@type":"PropertyValueSpecification","valueRequired":true,"valueName":"search_term_string"}}],"inLanguage":"fr-FR"},{"@type":"Organization","@id":"https:\/\/www.newsendip.com\/fr\/#organization","name":"Newsendip","url":"https:\/\/www.newsendip.com\/fr\/","logo":{"@type":"ImageObject","inLanguage":"fr-FR","@id":"https:\/\/www.newsendip.com\/fr\/#\/schema\/logo\/image\/","url":"https:\/\/www.newsendip.com\/wp-content\/uploads\/2023\/12\/512x512.svg","contentUrl":"https:\/\/www.newsendip.com\/wp-content\/uploads\/2023\/12\/512x512.svg","width":1,"height":1,"caption":"Newsendip"},"image":{"@id":"https:\/\/www.newsendip.com\/fr\/#\/schema\/logo\/image\/"},"sameAs":["https:\/\/www.facebook.com\/newsendip","https:\/\/x.com\/newsendip","https:\/\/mastodon.social\/@newsendip","https:\/\/www.linkedin.com\/company\/newsendip"],"description":"Newsendip est un site qui a pour mission de rendre l'actualit\u00e9 internationale accessible et diversifi\u00e9e","email":"contact@newsendip.com","legalName":"Newsendip SAS","foundingDate":"2022-11-04","vatID":"FR60921124723","numberOfEmployees":{"@type":"QuantitativeValue","minValue":"1","maxValue":"10"},"publishingPrinciples":"https:\/\/www.newsendip.com\/about-us\/","ownershipFundingInfo":"https:\/\/www.newsendip.com\/legal-notice\/","actionableFeedbackPolicy":"https:\/\/www.newsendip.com\/about-us\/","correctionsPolicy":"https:\/\/www.newsendip.com\/about-us\/","ethicsPolicy":"https:\/\/www.newsendip.com\/about-us\/","diversityPolicy":"https:\/\/www.newsendip.com\/about-us\/"},{"@type":"Person","@id":"https:\/\/www.newsendip.com\/fr\/#\/schema\/person\/ea22c01755f464a3cbc2c619584d6363","name":"Cl\u00e9ment V\u00e9rit\u00e9","description":"Cl\u00e9ment is the executive editor and founder of Newsendip. He started in the media industry as a freelance reporter at 16 for a local French newspaper after school and has never left it. He later worked for seven years at The New York Times, notably as a data analyst. He holds a Master of Management in France and a Master of Arts in the United Kingdom in International Marketing &amp; Communications Strategy. He has lived in France, the United Kingdom, and Italy.","sameAs":["https:\/\/www.newsendip.com\/","https:\/\/www.linkedin.com\/in\/clementverite\/","https:\/\/x.com\/https:\/\/twitter.com\/cverite"],"knowsAbout":["News","International","Business","Media monitoring"],"knowsLanguage":["English","French","Italian","Spanish"],"url":"https:\/\/www.newsendip.com\/fr\/author\/clement-verite\/"}]}},"_links":{"self":[{"href":"https:\/\/www.newsendip.com\/fr\/wp-json\/wp\/v2\/posts\/37441","targetHints":{"allow":["GET"]}}],"collection":[{"href":"https:\/\/www.newsendip.com\/fr\/wp-json\/wp\/v2\/posts"}],"about":[{"href":"https:\/\/www.newsendip.com\/fr\/wp-json\/wp\/v2\/types\/post"}],"author":[{"embeddable":true,"href":"https:\/\/www.newsendip.com\/fr\/wp-json\/wp\/v2\/users\/1"}],"replies":[{"embeddable":true,"href":"https:\/\/www.newsendip.com\/fr\/wp-json\/wp\/v2\/comments?post=37441"}],"version-history":[{"count":0,"href":"https:\/\/www.newsendip.com\/fr\/wp-json\/wp\/v2\/posts\/37441\/revisions"}],"wp:featuredmedia":[{"embeddable":true,"href":"https:\/\/www.newsendip.com\/fr\/wp-json\/wp\/v2\/media\/31343"}],"wp:attachment":[{"href":"https:\/\/www.newsendip.com\/fr\/wp-json\/wp\/v2\/media?parent=37441"}],"wp:term":[{"taxonomy":"category","embeddable":true,"href":"https:\/\/www.newsendip.com\/fr\/wp-json\/wp\/v2\/categories?post=37441"},{"taxonomy":"post_tag","embeddable":true,"href":"https:\/\/www.newsendip.com\/fr\/wp-json\/wp\/v2\/tags?post=37441"}],"curies":[{"name":"wp","href":"https:\/\/api.w.org\/{rel}","templated":true}]}}