{"id":37498,"date":"2024-02-26T00:09:53","date_gmt":"2024-02-25T23:09:53","guid":{"rendered":"https:\/\/www.newsendip.com\/?p=37498"},"modified":"2024-07-05T11:20:28","modified_gmt":"2024-07-05T09:20:28","slug":"le-senat-mexicain-a-approuve-le-droit-aux-travailleurs-a-sasseoir","status":"publish","type":"post","link":"https:\/\/www.newsendip.com\/fr\/le-senat-mexicain-a-approuve-le-droit-aux-travailleurs-a-sasseoir\/","title":{"rendered":"Le S\u00e9nat mexicain a approuv\u00e9 le droit de s\u2019asseoir pendant sa journ\u00e9e de travail"},"content":{"rendered":"<p><strong>Le S\u00e9nat mexicain a approuv\u00e9 la \u00ab\u202floi Silla\u202f\u00bb, une l\u00e9gislation destin\u00e9e \u00e0 prot\u00e9ger les travailleurs de l\u2019exploitation en garantissant leur droit sans \u00e9quivoque \u00e0 des pauses p\u00e9riodiques au cours de la journ\u00e9e de travail. Mais si cette loi peut repr\u00e9senter une avanc\u00e9e significative dans le droit des travailleurs au Mexique, elle ne fait qu\u2019effleurer un probl\u00e8me omnipr\u00e9sent de l\u2019exploitation dans le&nbsp;pays.<\/strong><\/p>\n<figure id=\"attachment_37480\" aria-describedby=\"caption-attachment-37480\" style=\"width: 1024px\" class=\"wp-caption aligncenter\"><img decoding=\"async\" class=\"wp-image-37480 size-large\" src=\"https:\/\/www.newsendip.com\/wp-content\/uploads\/2024\/02\/jezael-melgoza-HYQvV8wWX18-unsplash-1024x638.webp\" alt=\"March\u00e9 int\u00e9rieur \u00e0 Guanajuato au Mexique\" width=\"1024\" height=\"638\" srcset=\"https:\/\/www.newsendip.com\/wp-content\/uploads\/2024\/02\/jezael-melgoza-HYQvV8wWX18-unsplash-1024x638.webp 1024w, https:\/\/www.newsendip.com\/wp-content\/uploads\/2024\/02\/jezael-melgoza-HYQvV8wWX18-unsplash-60x37.webp 60w, https:\/\/www.newsendip.com\/wp-content\/uploads\/2024\/02\/jezael-melgoza-HYQvV8wWX18-unsplash-300x187.webp 300w, https:\/\/www.newsendip.com\/wp-content\/uploads\/2024\/02\/jezael-melgoza-HYQvV8wWX18-unsplash-768x479.webp 768w, https:\/\/www.newsendip.com\/wp-content\/uploads\/2024\/02\/jezael-melgoza-HYQvV8wWX18-unsplash-1536x958.webp 1536w, https:\/\/www.newsendip.com\/wp-content\/uploads\/2024\/02\/jezael-melgoza-HYQvV8wWX18-unsplash.webp 1920w\" sizes=\"(max-width: 1024px) 100vw, 1024px\"><figcaption id=\"caption-attachment-37480\" class=\"wp-caption-text\">March\u00e9 \u00e0 Guanajuato au Mexique | \u00a9 Jezael Melgoza<\/figcaption><\/figure>\n<p>La <a href=\"https:\/\/comunicacionsocial.senado.gob.mx\/informacion\/comunicados\/8203-camara-de-senadores-aprueba-la-llamada-ley-silla\">loi Silla<\/a>, approuv\u00e9e \u00e0 l\u2019unanimit\u00e9 par le S\u00e9nat mexicain le 20 f\u00e9vrier, avec 82 voix pour et aucune contre, stipule que les employeurs ne peuvent pas forcer leurs employ\u00e9s \u00e0 rester debout toute la journ\u00e9e et doivent fournir suffisamment de si\u00e8ges avec dossier pour tenir compte de ce nouveau droit.<\/p>\n<p>Si la t\u00e2che ne peut \u00eatre accomplie en position assise, l\u2019employeur doit alors garantir des \u00ab\u202fp\u00e9riodes de repos obligatoires au cours de la journ\u00e9e\u202f\u00bb.<\/p>\n<p>Le projet de loi, connu sous le nom de \u00ab\u202floi de la chaise\u202f\u00bb, reconna\u00eet la p\u00e9nibilit\u00e9 du travail dans le secteur des services en r\u00e9formant la loi f\u00e9d\u00e9rale sur le travail, qui n\u2019a pas \u00e9t\u00e9 mise \u00e0 jour depuis 1970.<\/p>\n<p>Il concerne en particulier les travailleurs de l\u2019industrie de la mode et du commerce, o\u00f9, selon le s\u00e9nateur Napole\u00f3n G\u00f3mez Urrutia, membre du parti politique de gauche au pouvoir Morena, les conditions de travail pr\u00e9caires sont plus accentu\u00e9es.<\/p>\n<p>Selon les donn\u00e9es de la <a href=\"https:\/\/www.ncbi.nlm.nih.gov\/pmc\/articles\/PMC4591921\/\">Biblioth\u00e8que nationale de m\u00e9decine des \u00c9tats-Unis<\/a>, les probl\u00e8mes de sant\u00e9 li\u00e9s \u00e0 la position debout tout au long de la journ\u00e9e au travail vont de \u00ab\u202fdouleurs au bas du dos et aux jambes, probl\u00e8mes cardiovasculaires, fatigue, malaise, naissance pr\u00e9matur\u00e9e \u00e0 des avortements spontan\u00e9s\u202f\u00bb.<\/p>\n<p>Bien que le <a href=\"https:\/\/www.senado.cl\/a-106-anos-del-derecho-a-una-silla\">Chili<\/a> et l\u2019<a href=\"https:\/\/servicios.infoleg.gob.ar\/infolegInternet\/anexos\/190000-194999\/194137\/norma.htm#:~:text=no%20lo%20impide.-,Art.,Art.\">Argentine<\/a> avaient octroy\u00e9 ce droit pour les travailleurs en 1914 et 1935, cette loi est un premier pas du Mexique pour assurer la protection des travailleurs, d\u2019autant plus importante que beaucoup de ces travailleurs travaillent dans ce que la s\u00e9natrice Patricia Mercado d\u00e9crit comme des \u00ab\u202fconditions proches de l\u2019esclavage\u202f\u00bb.<\/p>\n<p>La loi pr\u00e9voit des sanctions strictes pour les employeurs qui ne respectent pas les r\u00e8gles. Des amendes allant de 27 000 \u00e0 270 000 pesos (1 500 \u00e0 15 000 euros) peuvent \u00eatre appliqu\u00e9es et, en cas de r\u00e9cidive, une suspension temporaire de l\u2019activit\u00e9 peut \u00eatre ordonn\u00e9e. Une p\u00e9riode transitoire de 180 jours a \u00e9t\u00e9 \u00e9tablie pour permettre aux employeurs de s\u2019adapter \u00e0 la nouvelle r\u00e9glementation si elle entre en vigueur.<\/p>\n<p>La loi, qui a \u00e9t\u00e9 envoy\u00e9e \u00e0 la Chambre des d\u00e9put\u00e9s, marquerait un progr\u00e8s significatif dans la protection des minorit\u00e9s vuln\u00e9rables et des femmes, qui sont plus susceptibles de travailler dans des industries o\u00f9 les conditions de travail sont difficiles.<\/p>\n<p>Jorge \u00c1lvarez M\u00e1ynez, candidat \u00e0 la pr\u00e9sidence du Mexique aux \u00e9lections f\u00e9d\u00e9rales en juin prochain pour le Mouvement citoyen, un petit parti <a href=\"https:\/\/www.newsendip.com\/fr\/politique\/\">politique<\/a> de centre-gauche, a f\u00e9licit\u00e9 les s\u00e9nateurs Patricia Mercado et Rodrigo Cordera, instigateurs de la proposition de loi&nbsp;Silla.<\/p>\n<p>Sur son <a href=\"https:\/\/twitter.com\/AlvarezMaynez\/status\/1760320650382626882?ref_src=twsrc%5Etfw%7Ctwcamp%5Etweetembed%7Ctwterm%5E1760320650382626882%7Ctwgr%5E4d67059a48df1f817c926d912b2e6afea8f86841%7Ctwcon%5Es1_&amp;ref_url=https%3A%2F%2Fgamavision.com%2Fnoticias%2Fjorge-alvarez-maynez-celebra-ley-silla\">compte X<\/a>, il a fait l\u2019\u00e9loge de la loi en d\u00e9clarant&nbsp;: \u00ab\u202fLa #LeySilla d\u00e9montre une fois de plus que les bonnes id\u00e9es, avec la t\u00e9nacit\u00e9 et un sens du service public, sont la formule d\u2019une bonne politique. F\u00e9licitations \u00e0 Rodrigo Cordera et Patricia Mercado pour cette r\u00e9ussite.\u202f\u00bb<\/p>\n<h2>850 000 personnes victimes d\u2019esclavage moderne au Mexique<\/h2>\n<p>Depuis 2012, les travailleurs mexicains sont prot\u00e9g\u00e9s par la Loi g\u00e9n\u00e9rale visant \u00e0 pr\u00e9venir et \u00e0 r\u00e9primer les d\u00e9lits de traite des \u00eatres humains, qui remplace les protocoles de Palerme des Nations unies. En outre, l\u2019article 123 de la <a href=\"https:\/\/warwick.ac.uk\/fac\/arts\/history\/ecc\/events\/writingrights\/workshopprogramme\/mexican_constitution_article_123.pdf\">Constitution mexicaine<\/a> pr\u00e9voit de solides protections en mati\u00e8re d\u2019horaires, de conditions de travail et de salaires.<\/p>\n<p>Toutefois, selon un rapport r\u00e9alis\u00e9 par <a href=\"https:\/\/polarisproject.org\/wp-content\/uploads\/2019\/09\/Landscape-Analysis-Human-Trafficking-for-the-Purpose-of-Labor-Exploitation-in-Mexico.pdf\">Polaris<\/a>, une organisation \u00e0 but non lucratif qui engag\u00e9e contre la traite des \u00eatres humains et l\u2019esclavage moderne, les protections constitutionnelles en mati\u00e8re de travail sont rarement appliqu\u00e9es au Mexique en raison d\u2019un manque de ressources et de clart\u00e9.<\/p>\n<p>La loi g\u00e9n\u00e9rale ne d\u00e9finit pas pr\u00e9cis\u00e9ment la traite des \u00eatres humains, ce qui limite la capacit\u00e9 des autorit\u00e9s \u00e0 surveiller les conditions de travail. Par cons\u00e9quent, les entreprises violent r\u00e9guli\u00e8rement le droit du travail, et les autorit\u00e9s gouvernementales et polici\u00e8res ont normalis\u00e9 cette situation.<\/p>\n<p>En effet, l\u2019<a href=\"https:\/\/cdn.walkfree.org\/content\/uploads\/2023\/09\/28135105\/GSI-Snapshot-Mexico.pdf\">Indice mondial de l\u2019esclavage<\/a> estime que 850 000 personnes \u00e9taient soumises \u00e0 une forme ou une autre d\u2019esclavage moderne au Mexique en&nbsp;2021.<\/p>\n<p>Bien que la s\u00e9natrice Patricia Mercardo du Mouvement citoyen <a href=\"https:\/\/twitter.com\/Pat_MercadoC\/status\/1761112099546103920\">assure<\/a> que cette nouvelle loi aura un \u00ab\u202fdes r\u00e9percussions tr\u00e8s importantes pour les travailleurs,\u202f\u00bb elle ne s\u2019attaque qu\u2019\u00e0 une petite partie de l\u2019exploitation dans le&nbsp;pays.<\/p>\n<p>Pour \u00e9radiquer compl\u00e8tement le vaste probl\u00e8me de la traite des \u00eatres humains, le rapport de Polaris souligne que \u00ab\u202fune coop\u00e9ration transnationale et multidimensionnelle entre les gouvernements, la soci\u00e9t\u00e9 civile et le secteur public\u202f\u00bb est n\u00e9cessaire. Cette coop\u00e9ration est d\u2019ailleurs particuli\u00e8rement importante en raison de la situation pr\u00e9caire des nombreux travailleurs migrants vuln\u00e9rables de la r\u00e9gion.<\/p>\n<p>L\u2019<a href=\"https:\/\/www.ilo.org\/wcmsp5\/groups\/public\/---ed_norm\/---declaration\/documents\/publication\/wcms_182004.pdf\">Organisation internationale du travail<\/a> (OIT) estime que le taux de travail forc\u00e9 en Am\u00e9rique latine et dans les Cara\u00efbes est de 3,1 personnes pour 1 000 habitants.<\/p>\n","protected":false},"excerpt":{"rendered":"<p>Le S\u00e9nat mexicain a approuv\u00e9 la \u00ab\u202floi Silla\u202f\u00bb, une l\u00e9gislation destin\u00e9e \u00e0 prot\u00e9ger les travailleurs de l\u2019exploitation en garantissant leur droit sans \u00e9quivoque \u00e0 des pauses p\u00e9riodiques au cours de la journ\u00e9e de travail. Mais si cette loi peut repr\u00e9senter une avanc\u00e9e significative dans le droit des travailleurs au Mexique, elle ne fait qu\u2019effleurer un probl\u00e8me omnipr\u00e9sent de l\u2019exploitation dans le&nbsp;pays.<\/p>\n","protected":false},"author":260,"featured_media":37480,"comment_status":"closed","ping_status":"open","sticky":false,"template":"","format":"standard","meta":{"wp_typography_post_enhancements_disabled":false,"footnotes":""},"categories":[416],"tags":[419,1334],"class_list":["post-37498","post","type-post","status-publish","format-standard","has-post-thumbnail","hentry","category-politique","tag-mexique","tag-nouveau"],"yoast_head":"<!-- This site is optimized with the Yoast SEO Premium plugin v27.4 (Yoast SEO v27.4) - https:\/\/yoast.com\/product\/yoast-seo-premium-wordpress\/ -->\n<title>Le S\u00e9nat mexicain a approuv\u00e9 le droit de s&#039;asseoir pendant sa journ\u00e9e de travail<\/title>\n<meta name=\"description\" content=\"Le S\u00e9nat mexicain a approuv\u00e9 la &quot;loi Silla&quot;, une l\u00e9gislation destin\u00e9e \u00e0 prot\u00e9ger les travailleurs de l&#039;exploitation en garantissant leur droit sans \u00e9quivoque \u00e0 des pauses p\u00e9riodiques au cours de la journ\u00e9e de travail. Mais si cette loi peut repr\u00e9senter une avanc\u00e9e significative dans le droit des travailleurs au Mexique, elle ne fait qu&#039;effleurer un probl\u00e8me omnipr\u00e9sent de l&#039;exploitation dans le pays.\" \/>\n<meta name=\"robots\" content=\"index, follow, max-snippet:-1, max-image-preview:large, max-video-preview:-1\" \/>\n<link rel=\"canonical\" href=\"https:\/\/www.newsendip.com\/fr\/le-senat-mexicain-a-approuve-le-droit-aux-travailleurs-a-sasseoir\/\" \/>\n<meta property=\"og:locale\" content=\"fr_FR\" \/>\n<meta property=\"og:type\" content=\"article\" \/>\n<meta property=\"og:title\" content=\"Le S\u00e9nat mexicain a approuv\u00e9 le droit de s&#039;asseoir pendant sa journ\u00e9e de travail\" \/>\n<meta property=\"og:description\" content=\"Le S\u00e9nat mexicain a approuv\u00e9 la &quot;loi Silla&quot;, une l\u00e9gislation destin\u00e9e \u00e0 prot\u00e9ger les travailleurs de l&#039;exploitation en garantissant leur droit sans \u00e9quivoque \u00e0 des pauses p\u00e9riodiques au cours de la journ\u00e9e de travail. Mais si cette loi peut repr\u00e9senter une avanc\u00e9e significative dans le droit des travailleurs au Mexique, elle ne fait qu&#039;effleurer un probl\u00e8me omnipr\u00e9sent de l&#039;exploitation dans le pays.\" \/>\n<meta property=\"og:url\" content=\"https:\/\/www.newsendip.com\/fr\/le-senat-mexicain-a-approuve-le-droit-aux-travailleurs-a-sasseoir\/\" \/>\n<meta property=\"og:site_name\" content=\"Newsendip\" \/>\n<meta property=\"article:publisher\" content=\"https:\/\/www.facebook.com\/newsendip\" \/>\n<meta property=\"article:published_time\" content=\"2024-02-25T23:09:53+00:00\" \/>\n<meta property=\"article:modified_time\" content=\"2024-07-05T09:20:28+00:00\" \/>\n<meta property=\"og:image\" content=\"https:\/\/www.newsendip.com\/wp-content\/uploads\/2024\/02\/jpeg-optimizer_jezael-melgoza-HYQvV8wWX18-unsplash.jpeg\" \/>\n\t<meta property=\"og:image:width\" content=\"1337\" \/>\n\t<meta property=\"og:image:height\" content=\"834\" \/>\n\t<meta property=\"og:image:type\" content=\"image\/jpeg\" \/>\n<meta name=\"author\" content=\"Claire Rhea\" \/>\n<meta name=\"twitter:card\" content=\"summary_large_image\" \/>\n<meta name=\"twitter:image\" content=\"https:\/\/www.newsendip.com\/wp-content\/uploads\/2024\/02\/jpeg-optimizer_jezael-melgoza-HYQvV8wWX18-unsplash.jpeg\" \/>\n<meta name=\"twitter:creator\" content=\"@newsendip\" \/>\n<meta name=\"twitter:site\" content=\"@newsendip\" \/>\n<meta name=\"twitter:label1\" content=\"\u00c9crit par\" \/>\n\t<meta name=\"twitter:data1\" content=\"Claire Rhea\" \/>\n\t<meta name=\"twitter:label2\" content=\"Dur\u00e9e de lecture estim\u00e9e\" \/>\n\t<meta name=\"twitter:data2\" content=\"5 minutes\" \/>\n<!-- \/ Yoast SEO Premium plugin. -->","yoast_head_json":{"title":"Le S\u00e9nat mexicain a approuv\u00e9 le droit de s'asseoir pendant sa journ\u00e9e de travail","description":"Le S\u00e9nat mexicain a approuv\u00e9 la \"loi Silla\", une l\u00e9gislation destin\u00e9e \u00e0 prot\u00e9ger les travailleurs de l'exploitation en garantissant leur droit sans \u00e9quivoque \u00e0 des pauses p\u00e9riodiques au cours de la journ\u00e9e de travail. Mais si cette loi peut repr\u00e9senter une avanc\u00e9e significative dans le droit des travailleurs au Mexique, elle ne fait qu'effleurer un probl\u00e8me omnipr\u00e9sent de l'exploitation dans le pays.","robots":{"index":"index","follow":"follow","max-snippet":"max-snippet:-1","max-image-preview":"max-image-preview:large","max-video-preview":"max-video-preview:-1"},"canonical":"https:\/\/www.newsendip.com\/fr\/le-senat-mexicain-a-approuve-le-droit-aux-travailleurs-a-sasseoir\/","og_locale":"fr_FR","og_type":"article","og_title":"Le S\u00e9nat mexicain a approuv\u00e9 le droit de s'asseoir pendant sa journ\u00e9e de travail","og_description":"Le S\u00e9nat mexicain a approuv\u00e9 la \"loi Silla\", une l\u00e9gislation destin\u00e9e \u00e0 prot\u00e9ger les travailleurs de l'exploitation en garantissant leur droit sans \u00e9quivoque \u00e0 des pauses p\u00e9riodiques au cours de la journ\u00e9e de travail. Mais si cette loi peut repr\u00e9senter une avanc\u00e9e significative dans le droit des travailleurs au Mexique, elle ne fait qu'effleurer un probl\u00e8me omnipr\u00e9sent de l'exploitation dans le pays.","og_url":"https:\/\/www.newsendip.com\/fr\/le-senat-mexicain-a-approuve-le-droit-aux-travailleurs-a-sasseoir\/","og_site_name":"Newsendip","article_publisher":"https:\/\/www.facebook.com\/newsendip","article_published_time":"2024-02-25T23:09:53+00:00","article_modified_time":"2024-07-05T09:20:28+00:00","og_image":[{"width":1337,"height":834,"url":"https:\/\/www.newsendip.com\/wp-content\/uploads\/2024\/02\/jpeg-optimizer_jezael-melgoza-HYQvV8wWX18-unsplash.jpeg","type":"image\/jpeg"}],"author":"Claire Rhea","twitter_card":"summary_large_image","twitter_image":"https:\/\/www.newsendip.com\/wp-content\/uploads\/2024\/02\/jpeg-optimizer_jezael-melgoza-HYQvV8wWX18-unsplash.jpeg","twitter_creator":"@newsendip","twitter_site":"@newsendip","twitter_misc":{"\u00c9crit par":"Claire Rhea","Dur\u00e9e de lecture estim\u00e9e":"5 minutes"},"schema":{"@context":"https:\/\/schema.org","@graph":[{"@type":"NewsArticle","@id":"https:\/\/www.newsendip.com\/fr\/le-senat-mexicain-a-approuve-le-droit-aux-travailleurs-a-sasseoir\/#article","isPartOf":{"@id":"https:\/\/www.newsendip.com\/fr\/le-senat-mexicain-a-approuve-le-droit-aux-travailleurs-a-sasseoir\/"},"author":{"name":"Claire Rhea","@id":"https:\/\/www.newsendip.com\/fr\/#\/schema\/person\/e2f1f831c2917545cdc6413974e67011"},"headline":"Le S\u00e9nat mexicain a approuv\u00e9 le droit de s\u2019asseoir pendant sa journ\u00e9e de travail","datePublished":"2024-02-25T23:09:53+00:00","dateModified":"2024-07-05T09:20:28+00:00","mainEntityOfPage":{"@id":"https:\/\/www.newsendip.com\/fr\/le-senat-mexicain-a-approuve-le-droit-aux-travailleurs-a-sasseoir\/"},"wordCount":932,"publisher":{"@id":"https:\/\/www.newsendip.com\/fr\/#organization"},"image":{"@id":"https:\/\/www.newsendip.com\/fr\/le-senat-mexicain-a-approuve-le-droit-aux-travailleurs-a-sasseoir\/#primaryimage"},"thumbnailUrl":"https:\/\/www.newsendip.com\/wp-content\/uploads\/2024\/02\/jezael-melgoza-HYQvV8wWX18-unsplash.webp","keywords":["Mexique","R\u00e9cent"],"articleSection":["Politique"],"inLanguage":"fr-FR","copyrightYear":"2024","copyrightHolder":{"@id":"https:\/\/www.newsendip.com\/#organization"}},{"@type":"WebPage","@id":"https:\/\/www.newsendip.com\/fr\/le-senat-mexicain-a-approuve-le-droit-aux-travailleurs-a-sasseoir\/","url":"https:\/\/www.newsendip.com\/fr\/le-senat-mexicain-a-approuve-le-droit-aux-travailleurs-a-sasseoir\/","name":"Le S\u00e9nat mexicain a approuv\u00e9 le droit de s'asseoir pendant sa journ\u00e9e de travail","isPartOf":{"@id":"https:\/\/www.newsendip.com\/fr\/#website"},"primaryImageOfPage":{"@id":"https:\/\/www.newsendip.com\/fr\/le-senat-mexicain-a-approuve-le-droit-aux-travailleurs-a-sasseoir\/#primaryimage"},"image":{"@id":"https:\/\/www.newsendip.com\/fr\/le-senat-mexicain-a-approuve-le-droit-aux-travailleurs-a-sasseoir\/#primaryimage"},"thumbnailUrl":"https:\/\/www.newsendip.com\/wp-content\/uploads\/2024\/02\/jezael-melgoza-HYQvV8wWX18-unsplash.webp","datePublished":"2024-02-25T23:09:53+00:00","dateModified":"2024-07-05T09:20:28+00:00","description":"Le S\u00e9nat mexicain a approuv\u00e9 la \"loi Silla\", une l\u00e9gislation destin\u00e9e \u00e0 prot\u00e9ger les travailleurs de l'exploitation en garantissant leur droit sans \u00e9quivoque \u00e0 des pauses p\u00e9riodiques au cours de la journ\u00e9e de travail. Mais si cette loi peut repr\u00e9senter une avanc\u00e9e significative dans le droit des travailleurs au Mexique, elle ne fait qu'effleurer un probl\u00e8me omnipr\u00e9sent de l'exploitation dans le pays.","breadcrumb":{"@id":"https:\/\/www.newsendip.com\/fr\/le-senat-mexicain-a-approuve-le-droit-aux-travailleurs-a-sasseoir\/#breadcrumb"},"inLanguage":"fr-FR","potentialAction":[{"@type":"ReadAction","target":["https:\/\/www.newsendip.com\/fr\/le-senat-mexicain-a-approuve-le-droit-aux-travailleurs-a-sasseoir\/"]}]},{"@type":"ImageObject","inLanguage":"fr-FR","@id":"https:\/\/www.newsendip.com\/fr\/le-senat-mexicain-a-approuve-le-droit-aux-travailleurs-a-sasseoir\/#primaryimage","url":"https:\/\/www.newsendip.com\/wp-content\/uploads\/2024\/02\/jezael-melgoza-HYQvV8wWX18-unsplash.webp","contentUrl":"https:\/\/www.newsendip.com\/wp-content\/uploads\/2024\/02\/jezael-melgoza-HYQvV8wWX18-unsplash.webp","width":1920,"height":1197,"caption":"March\u00e9 \u00e0 Guanajuato au Mexique | \u00a9 Jezael Melgoza"},{"@type":"BreadcrumbList","@id":"https:\/\/www.newsendip.com\/fr\/le-senat-mexicain-a-approuve-le-droit-aux-travailleurs-a-sasseoir\/#breadcrumb","itemListElement":[{"@type":"ListItem","position":1,"name":"Accueil","item":"https:\/\/www.newsendip.com\/fr\/"},{"@type":"ListItem","position":2,"name":"Le S\u00e9nat mexicain a approuv\u00e9 le droit de s&#8217;asseoir pendant sa journ\u00e9e de travail"}]},{"@type":"WebSite","@id":"https:\/\/www.newsendip.com\/fr\/#website","url":"https:\/\/www.newsendip.com\/fr\/","name":"Newsendip","description":"Red\u00e9couvrez l&#039;actualit\u00e9 internationale","publisher":{"@id":"https:\/\/www.newsendip.com\/fr\/#organization"},"potentialAction":[{"@type":"SearchAction","target":{"@type":"EntryPoint","urlTemplate":"https:\/\/www.newsendip.com\/fr\/?s={search_term_string}"},"query-input":{"@type":"PropertyValueSpecification","valueRequired":true,"valueName":"search_term_string"}}],"inLanguage":"fr-FR"},{"@type":"Organization","@id":"https:\/\/www.newsendip.com\/fr\/#organization","name":"Newsendip","url":"https:\/\/www.newsendip.com\/fr\/","logo":{"@type":"ImageObject","inLanguage":"fr-FR","@id":"https:\/\/www.newsendip.com\/fr\/#\/schema\/logo\/image\/","url":"https:\/\/www.newsendip.com\/wp-content\/uploads\/2023\/12\/512x512.svg","contentUrl":"https:\/\/www.newsendip.com\/wp-content\/uploads\/2023\/12\/512x512.svg","width":1,"height":1,"caption":"Newsendip"},"image":{"@id":"https:\/\/www.newsendip.com\/fr\/#\/schema\/logo\/image\/"},"sameAs":["https:\/\/www.facebook.com\/newsendip","https:\/\/x.com\/newsendip","https:\/\/mastodon.social\/@newsendip","https:\/\/www.linkedin.com\/company\/newsendip"],"description":"Newsendip est un site qui a pour mission de rendre l'actualit\u00e9 internationale accessible et diversifi\u00e9e","email":"contact@newsendip.com","legalName":"Newsendip SAS","foundingDate":"2022-11-04","vatID":"FR60921124723","numberOfEmployees":{"@type":"QuantitativeValue","minValue":"1","maxValue":"10"},"publishingPrinciples":"https:\/\/www.newsendip.com\/about-us\/","ownershipFundingInfo":"https:\/\/www.newsendip.com\/legal-notice\/","actionableFeedbackPolicy":"https:\/\/www.newsendip.com\/about-us\/","correctionsPolicy":"https:\/\/www.newsendip.com\/about-us\/","ethicsPolicy":"https:\/\/www.newsendip.com\/about-us\/","diversityPolicy":"https:\/\/www.newsendip.com\/about-us\/"},{"@type":"Person","@id":"https:\/\/www.newsendip.com\/fr\/#\/schema\/person\/e2f1f831c2917545cdc6413974e67011","name":"Claire Rhea","description":"Claire is a journalist for Newsendip. She grew up in London but is a dual citizen of the United States and France. She graduated from McGill University in Montr\u00e9al, Canada, in political Science and economics. She also lived in Italy.","sameAs":["https:\/\/www.linkedin.com\/in\/claire-rhea-027428167\/"],"knowsAbout":["News"],"knowsLanguage":["English","French"],"url":"https:\/\/www.newsendip.com\/fr\/author\/claire-rhea\/"}]}},"_links":{"self":[{"href":"https:\/\/www.newsendip.com\/fr\/wp-json\/wp\/v2\/posts\/37498","targetHints":{"allow":["GET"]}}],"collection":[{"href":"https:\/\/www.newsendip.com\/fr\/wp-json\/wp\/v2\/posts"}],"about":[{"href":"https:\/\/www.newsendip.com\/fr\/wp-json\/wp\/v2\/types\/post"}],"author":[{"embeddable":true,"href":"https:\/\/www.newsendip.com\/fr\/wp-json\/wp\/v2\/users\/260"}],"replies":[{"embeddable":true,"href":"https:\/\/www.newsendip.com\/fr\/wp-json\/wp\/v2\/comments?post=37498"}],"version-history":[{"count":0,"href":"https:\/\/www.newsendip.com\/fr\/wp-json\/wp\/v2\/posts\/37498\/revisions"}],"wp:featuredmedia":[{"embeddable":true,"href":"https:\/\/www.newsendip.com\/fr\/wp-json\/wp\/v2\/media\/37480"}],"wp:attachment":[{"href":"https:\/\/www.newsendip.com\/fr\/wp-json\/wp\/v2\/media?parent=37498"}],"wp:term":[{"taxonomy":"category","embeddable":true,"href":"https:\/\/www.newsendip.com\/fr\/wp-json\/wp\/v2\/categories?post=37498"},{"taxonomy":"post_tag","embeddable":true,"href":"https:\/\/www.newsendip.com\/fr\/wp-json\/wp\/v2\/tags?post=37498"}],"curies":[{"name":"wp","href":"https:\/\/api.w.org\/{rel}","templated":true}]}}