{"id":37618,"date":"2024-03-01T16:30:39","date_gmt":"2024-03-01T15:30:39","guid":{"rendered":"https:\/\/www.newsendip.com\/?p=37618"},"modified":"2024-07-18T15:30:41","modified_gmt":"2024-07-18T13:30:41","slug":"larrestation-dune-figure-du-syndicalisme-militaire-en-serbie-dans-un-contexte-de-militarisation","status":"publish","type":"post","link":"https:\/\/www.newsendip.com\/fr\/larrestation-dune-figure-du-syndicalisme-militaire-en-serbie-dans-un-contexte-de-militarisation\/","title":{"rendered":"L\u2019arrestation d\u2019une figure du syndicalisme militaire en Serbie dans un contexte de militarisation"},"content":{"rendered":"<p><strong>Novica Anti\u0107, pr\u00e9sident de l\u2019Union militaire serbe, a \u00e9t\u00e9 mis en garde \u00e0 vue pendant 48 heures lors d\u2019une perquisition de sa r\u00e9sidence. L\u2019arrestation de Novica Anti\u0107, qui critique ouvertement la direction de l\u2019arm\u00e9e serbe, met en lumi\u00e8re les tensions qui se d\u00e9veloppent entre les syndicalistes et l\u2019Agence de s\u00e9curit\u00e9 militaire, dans un contexte de militarisation accrue du&nbsp;pays.<\/strong><\/p>\n<figure id=\"attachment_37613\" aria-describedby=\"caption-attachment-37613\" style=\"width: 1024px\" class=\"wp-caption aligncenter\"><img decoding=\"async\" class=\"size-full wp-image-37613\" src=\"https:\/\/www.newsendip.com\/wp-content\/uploads\/2024\/03\/Serbian-soldiers-2019.webp\" alt=\"D\u00e9fil\u00e9 militaire des soldats serbes en 2014.\" width=\"1024\" height=\"692\" srcset=\"https:\/\/www.newsendip.com\/wp-content\/uploads\/2024\/03\/Serbian-soldiers-2019.webp 1024w, https:\/\/www.newsendip.com\/wp-content\/uploads\/2024\/03\/Serbian-soldiers-2019-60x41.webp 60w, https:\/\/www.newsendip.com\/wp-content\/uploads\/2024\/03\/Serbian-soldiers-2019-300x203.webp 300w, https:\/\/www.newsendip.com\/wp-content\/uploads\/2024\/03\/Serbian-soldiers-2019-768x519.webp 768w\" sizes=\"(max-width: 1024px) 100vw, 1024px\"><figcaption id=\"caption-attachment-37613\" class=\"wp-caption-text\">D\u00e9fil\u00e9 militaire \u00e0 Belgrade en 2014 | \u00a9 Marko Vucicevic<\/figcaption><\/figure>\n<p>Mardi, la Direction de la police criminelle de <a href=\"https:\/\/www.newsendip.com\/fr\/etiquette\/serbie\/\">Serbie<\/a> a arr\u00eat\u00e9 et fouill\u00e9 la maison de Novica Anti\u0107, deux semaines apr\u00e8s que Milo\u0161 Vu\u010devi\u0107, le ministre de la D\u00e9fense, a r\u00e9v\u00e9l\u00e9 son objectif de dissoudre les syndicats pour les militaires. Il a \u00e9t\u00e9 lib\u00e9r\u00e9 hier en m\u00eame temps que deux autres responsables du syndicat, Predrag Jevtic et Du\u0161ko Tolma\u010d, niant les accusations de d\u00e9tournement de fonds en attendant leur proc\u00e8s.<\/p>\n<p>Selon le fr\u00e8re de M. Anti\u0107, Vaso Anti\u0107, le nombre exact de personnes arr\u00eat\u00e9es n\u2019est pas connu \u00e0 ce jour, mais il soutient que de nombreux membres du syndicat \u00e0 travers le pays ont \u00e9t\u00e9 vis\u00e9s par des perquisitions. Il \u00e9voque une \u00ab\u202fpression classique sur le syndicat militaire\u202f\u00bb, tandis que l\u2019avocat de M. Anti\u0107, M. Luni\u0107, affirme qu\u2019il s\u2019agit d\u2019une arrestation politique avec une justification limit\u00e9e.<\/p>\n<p>Ce n\u2019est pas la premi\u00e8re fois qu\u2019Anti\u0107 fait du bruit, ayant d\u00e9j\u00e0 \u00e9t\u00e9 renvoy\u00e9 deux fois de l\u2019arm\u00e9e ces derni\u00e8res ann\u00e9es. <a href=\"https:\/\/balkaninsight.com\/2024\/02\/27\/serbian-military-trade-union-leader-detained-after-ministers-criticism\/\">La semaine derni\u00e8re<\/a>, le pr\u00e9sident du syndicat a d\u00e9clar\u00e9 publiquement que la direction actuelle du minist\u00e8re de la d\u00e9fense avait davantage endommag\u00e9 l\u2019arm\u00e9e serbe au cours des cinq derni\u00e8res ann\u00e9es que n\u2019importe quelle guerre \u00e0 laquelle la Serbie avait particip\u00e9.<\/p>\n<p>L\u2019arrestation de mardi intervient deux semaines apr\u00e8s que le ministre de la d\u00e9fense a qualifi\u00e9 les syndicats militaires de \u00ab\u202fplus grande stupidit\u00e9 du monde\u202f\u00bb dans <a href=\"https:\/\/www.youtube.com\/watch?v=kRI13mE81aU\">une interview<\/a> accord\u00e9e \u00e0 Euronews Serbie et a exprim\u00e9 son intention de les dissoudre. Selon lui, le r\u00f4le de l\u2019arm\u00e9e est de d\u00e9fendre le pays et ne n\u00e9cessite pas de repr\u00e9sentation publique. L\u2019Organisation europ\u00e9enne des associations et syndicats militaires (EUROMIL) a toutefois affirm\u00e9 que le droit \u00e0 l\u2019activit\u00e9 syndicale dans les forces arm\u00e9es \u00e9tait un droit constitutionnel en Serbie.<\/p>\n<p>EUROMIL est une organisation d\u2019associations d\u00e9mocratiques de personnel militaire provenant de 20 pays europ\u00e9ens. En contact officiel avec l\u2019Union europ\u00e9enne et l\u2019OTAN, elle s\u2019occupe de d\u00e9fendre les conditions de travail et les droits des soldats.<\/p>\n<p>En France, les syndicats sont interdits dans l\u2019arm\u00e9e fran\u00e7aise par l\u2019article L.4121\u20134 du code de la d\u00e9fense. Mais en 2014, la Cour europ\u00e9enne a <a href=\"https:\/\/hudoc.echr.coe.int\/app\/conversion\/pdf\/?library=ECHR&amp;id=003-4888449-5976407&amp;filename=Judgments%20Matelly%20v.%20France%20and%20%20ADEFDROMIL%20v.%20France%20-%20ban%20on%20trade%20unions%20within%20the%20armed%20forces.pdf\">condamn\u00e9 la France<\/a>, estimant que cette interdiction absolue des syndicats au sein de l\u2019arm\u00e9e fran\u00e7aise contrevient \u00e0 l\u2019article 11 de la Convention europ\u00e9enne des droits de l\u2019homme.<\/p>\n<p>De nos jours, les militaires fran\u00e7ais ont effectivement le droit de former des associations professionnelles, mais les syndicats leur restent toujours interdits. L\u2019Association de d\u00e9fense des droits des militaires (Adefdromil) ne se pr\u00e9sente pas en tant que syndicat, mais existe n\u00e9anmoins dans le but d\u2019assurer la protection des int\u00e9r\u00eats des militaires fran\u00e7ais.<\/p>\n<p>En Allemagne, en Belgique et aux Pays-Bas, les personnels militaires peuvent librement adh\u00e9rer \u00e0 n\u2019importe quel syndicat, qu\u2019il s\u2019agisse d\u2019une organisation strictement professionnelle ou affili\u00e9e \u00e0 une centrale civile m\u00eame si dans leur grande majorit\u00e9, les militaires allemands adh\u00e8rent \u00e0 une association professionnelle.<\/p>\n<h2>Qui est Novica Anti\u0107\u202f?<\/h2>\n<p>Novica Anti\u0107 a fond\u00e9 l\u2019Union militaire de Serbie (VSS) en 2012 avec un groupe de coll\u00e8gues apr\u00e8s avoir servi dans l\u2019unit\u00e9 criminelle pour une formation sp\u00e9ciale, puis dans le service de pr\u00e9vention de la criminalit\u00e9 de la police militaire.<\/p>\n<p>Il a re\u00e7u de nombreux prix et reconnaissances en Serbie, ainsi que de la part d\u2019organisations publiques et militaires russes, notamment la m\u00e9daille d\u2019<a href=\"https:\/\/www.oficery.ru\/medal-za-oficzerskuyu-chest\/\">Officiers de russie<\/a>. Les organisations d\u2019anciens combattants en Russie et la VSS ont sign\u00e9 des accords de coop\u00e9ration officiels en 2018 pour assurer la protection des droits et des int\u00e9r\u00eats l\u00e9gitimes des anciens combattants.<\/p>\n<p>Mais fin 2018, le pr\u00e9sident du syndicat a perdu son grade et sa fonction dans l\u2019arm\u00e9e serbe en raison des d\u00e9clarations publiques qu\u2019il a faites au nom de l\u2019Union militaire, critiquant la gestion du minist\u00e8re de la D\u00e9fense. La r\u00e9trogradation \u00e9tait justifi\u00e9e par sa \u00ab\u202f<a href=\"https:\/\/www.danas.rs\/vesti\/drustvo\/novica-antic-vojni-sindikat-srbije-biografija\/\">violation du principe d\u2019impartialit\u00e9 et de neutralit\u00e9 politique<\/a>.\u202f\u00bb M. Anti\u0107, en r\u00e9ponse, a qualifi\u00e9 cette r\u00e9trogradation publique d\u2019acte de \u00ab\u202fviolence et de comportement criminel\u202f\u00bb, et l\u2019a utilis\u00e9e pour mieux faire conna\u00eetre les objectifs du&nbsp;VSS.<\/p>\n<p>En 2020, Anti\u0107 a de nouveau accus\u00e9 l\u2019arm\u00e9e de politisation et de subordination compl\u00e8te \u00e0 Aleksandar Vu\u010di\u0107, le pr\u00e9sident de la Serbie. Ses d\u00e9clarations controvers\u00e9es se sont poursuivies en 2022 lorsqu\u2019il a d\u00e9clar\u00e9 que l\u2019arm\u00e9e \u00e9tait confront\u00e9e \u00e0 la plus grande crise de management du personnel de l\u2019histoire.<\/p>\n<p>Bien que le tribunal administratif de Serbie ait d\u00e9clar\u00e9 ill\u00e9gale la d\u00e9cision de mettre fin \u00e0 ses fonctions en f\u00e9vrier 2023, et que le syndicat de la police l\u2019ait lou\u00e9 en tant que \u00ab\u202f<a href=\"https:\/\/n1info.rs\/vesti\/a245532-policijski-sindikat-srbije-pisao-ministru-odbrane-osudjujemo-progon-predsednika-vojnog-sindikata\/\">lanceur d\u2019alerte<\/a>\u202f\u00bb, Anti\u0107 a n\u00e9anmoins fait face \u00e0 son deuxi\u00e8me licenciement de l\u2019arm\u00e9e en 2023. Avec son arrestation cette semaine, la trajectoire de sa carri\u00e8re est d\u00e9sormais incertaine.<\/p>\n<h2>Droits syndicaux des militaires dans les Balkans<\/h2>\n<p>La premi\u00e8re confrontation avec le minist\u00e8re de la D\u00e9fense a co\u00efncid\u00e9 avec une prise de conscience r\u00e9gionale sur les conditions des officiers servant dans les arm\u00e9es des Balkans. En octobre 2018, l\u2019<a href=\"https:\/\/euromil.org\/roundtable-military-trade-unionism-advancing-social-dialogue-belgrade\/\">EUROMIL<\/a> avait organis\u00e9 une table ronde sur le syndicalisme militaire.<\/p>\n<p>Des membres des syndicats militaires serbes, ainsi que des repr\u00e9sentants du minist\u00e8re serbe de la D\u00e9fense, ont discut\u00e9 des droits fondamentaux du personnel militaire. Le VSS a d\u00e9nonc\u00e9 \u00ab\u202fune grave violation des droits\u202f\u00bb et a soulign\u00e9 la r\u00e9ticence des autorit\u00e9s \u00e0 r\u00e9agir en cons\u00e9quence. Les syndicats militaires du Mont\u00e9n\u00e9gro, de Mac\u00e9doine et de Hongrie ont \u00e9galement particip\u00e9 \u00e0 la discussion sur la sauvegarde des droits de l\u2019homme dans l\u2019arm\u00e9e, identifiant des probl\u00e8mes similaires \u00e0 ceux de l\u2019arm\u00e9e serbe.<\/p>\n<p>Alors que la Serbie insiste actuellement sur sa neutralit\u00e9 militaire et n\u2019a pas l\u2019intention de rejoindre l\u2019OTAN, l\u2019adh\u00e9sion \u00e0 l\u2019UE reste un objectif d\u00e9clar\u00e9 pour le pays. L\u2019organisation de telles r\u00e9unions et les critiques accrues d\u2019Anti\u0107 soulignent \u00e9galement l\u2019int\u00e9gration des normes et valeurs euro-atlantiques en mati\u00e8re de d\u00e9mocratisation et de responsabilit\u00e9. Pour Rajkovcevski Rade, chercheur \u00e0 la Facult\u00e9 des \u00e9tudes de s\u00e9curit\u00e9 de Skopje en Mac\u00e9doine, estimait dans un <a href=\"https:\/\/www.jstor.org\/stable\/26326236\">article<\/a> publi\u00e9 dans la biblioth\u00e8que universitaire JSTOR que cela montrait un changement important dans la culture militaire du&nbsp;pays.<\/p>\n<h2>La militarisation au d\u00e9triment de la d\u00e9mocratisation<\/h2>\n<p>Cependant, l\u2019arrestation d\u2019Anti\u0107 cette semaine implique que la critique concernant le leadership et la culture militaires ne sont toujours pas facilement tol\u00e9r\u00e9es. L\u2019occidentalisation de la Serbie n\u2019est peut-\u00eatre pas aussi \u00e9vidente qu\u2019il n\u2019y para\u00eet, car le pr\u00e9sident serbe maintient \u00e9galement ses relations avec la Russie, refusant d\u2019adh\u00e9rer aux sanctions de l\u2019UE et continuant \u00e0 s\u2019appuyer sur l\u2019armement et les services de renseignement russes.<\/p>\n<p>Sur fond d\u2019accusations d\u2019abus de pouvoir et de privation des droits fondamentaux, l\u2019arm\u00e9e serbe conna\u00eet une militarisation accrue sous l\u2019administration d\u2019Aleksandar Vu\u010di\u0107.<\/p>\n<p>Malgr\u00e9 une importante opposition publique, le pr\u00e9sident Vu\u010di\u0107 a tent\u00e9 de r\u00e9tablir le service militaire obligatoire en 2022. M\u00eame des personnalit\u00e9s de droite comme Anti\u0107 ont per\u00e7u cette d\u00e9marche comme un \u00ab\u202feffort de bas niveau\u202f\u00bb pour aborder des probl\u00e8mes du pays sous un angle nationaliste. Les organisations non gouvernementales <a href=\"https:\/\/balkaninsight.com\/2022\/05\/12\/serbian-ngos-condemn-vucics-call-for-compulsory-military-service\/\">ont critiqu\u00e9<\/a> cette politique, la qualifiant de r\u00e9gressive li\u00e9e \u00e0 des valeurs patriarcales et militaristes.<\/p>\n<p>Le 14 janvier, le pr\u00e9sident a \u00e9galement annonc\u00e9 une augmentation des d\u00e9penses militaires alors que la Serbie poursuit son bras de fer avec le Kosovo, refusant de reconna\u00eetre le pays apr\u00e8s sa d\u00e9claration unilat\u00e9rale d\u2019ind\u00e9pendance en 2008. Selon les donn\u00e9es de l\u2019<a href=\"https:\/\/www.sipri.org\/databases\/milex\">Institut international de recherche sur la paix de Stockholm<\/a> (SIPRI), les d\u00e9penses militaires serbes ont connu une hausse significative, passant de 710 millions de dollars en 2016 \u00e0 1,4 milliard de dollars en&nbsp;2022.<\/p>\n<p>Ces changements dans les d\u00e9penses de d\u00e9fense co\u00efncident avec un effacement des valeurs d\u00e9mocratiques dans le pays. Freedom House, une organisation \u00e0 but non lucratif ax\u00e9e sur la d\u00e9fense de la d\u00e9mocratie, a indiqu\u00e9 que la Serbie avait connu le plus grand d\u00e9clin de la d\u00e9mocratie en Europe au cours de la derni\u00e8re d\u00e9cennie, le Parti progressiste serbe (SNS) au pouvoir violant r\u00e9guli\u00e8rement les libert\u00e9s politiques et civiles.<\/p>\n<p>L\u2019ONG a fait \u00e9tat d\u2019une manipulation des r\u00e9sultats \u00e9lectoraux en d\u00e9cembre et d\u2019une augmentation de la \u00ab\u202f<a href=\"https:\/\/freedomhouse.org\/country\/serbia\/freedom-world\/2023\">pression sur les m\u00e9dias ind\u00e9pendants, l\u2019opposition politique et les organisations de la soci\u00e9t\u00e9 civile<\/a>\u202f\u00bb.<\/p>\n<p>Novica Anti\u0107 avait d\u00e9cri\u00e9 les menaces du pr\u00e9sident et du ministre Vu\u010devi\u0107 \u00e0 l\u2019encontre des syndicats militaires comme une \u00ab\u202f<a href=\"https:\/\/www.danas.rs\/vesti\/ekonomija\/milos-vucevic-sindikati-vojska-policija\/\">attaque s\u00e9rieuse contre la d\u00e9mocratie et les droits du travail<\/a>.\u202f\u00bb La VSS, avec Anti\u0107 \u00e0 sa t\u00eate, n\u2019a cess\u00e9 de souligner la n\u00e9cessit\u00e9 d\u2019une <a href=\"https:\/\/bnnbreaking.com\/world\/serbia\/serbian-military-union-president-demands-transparency-in-officers-death-case-amid-election-protests\/\">transparence et d\u2019une responsabilit\u00e9<\/a> accrues en r\u00e9ponse aux r\u00e9centes fraudes \u00e9lectorales.<\/p>\n","protected":false},"excerpt":{"rendered":"<p>Novica Anti\u0107, pr\u00e9sident de l\u2019Union militaire serbe, a \u00e9t\u00e9 mis en garde \u00e0 vue pendant 48 heures lors d\u2019une perquisition de sa r\u00e9sidence. L\u2019arrestation de Novica Anti\u0107, qui critique ouvertement la direction de l\u2019arm\u00e9e serbe, met en lumi\u00e8re les tensions qui se d\u00e9veloppent entre les syndicalistes et l\u2019Agence de s\u00e9curit\u00e9 militaire, dans un contexte de militarisation accrue du&nbsp;pays.<\/p>\n","protected":false},"author":260,"featured_media":37613,"comment_status":"closed","ping_status":"open","sticky":false,"template":"","format":"standard","meta":{"wp_typography_post_enhancements_disabled":false,"footnotes":""},"categories":[416],"tags":[915,421],"class_list":["post-37618","post","type-post","status-publish","format-standard","has-post-thumbnail","hentry","category-politique","tag-serbie","tag-vieux"],"yoast_head":"<!-- This site is optimized with the Yoast SEO Premium plugin v27.4 (Yoast SEO v27.4) - https:\/\/yoast.com\/product\/yoast-seo-premium-wordpress\/ -->\n<title>L&#039;arrestation d&#039;une figure du syndicalisme militaire en Serbie dans un contexte de militarisation<\/title>\n<meta name=\"description\" content=\"Novica Anti\u0107, pr\u00e9sident de l&#039;Union militaire serbe, a \u00e9t\u00e9 mis en garde \u00e0 vue pendant 48 heures lors d\u2019une perquisition de sa r\u00e9sidence. L&#039;arrestation de Novica Anti\u0107, qui critique ouvertement la direction de l&#039;arm\u00e9e serbe, met en lumi\u00e8re les tensions qui se d\u00e9veloppent entre les syndicalistes et l&#039;Agence de s\u00e9curit\u00e9 militaire, dans un contexte de militarisation accrue du pays.\" \/>\n<meta name=\"robots\" content=\"index, follow, max-snippet:-1, max-image-preview:large, max-video-preview:-1\" \/>\n<link rel=\"canonical\" href=\"https:\/\/www.newsendip.com\/fr\/larrestation-dune-figure-du-syndicalisme-militaire-en-serbie-dans-un-contexte-de-militarisation\/\" \/>\n<meta property=\"og:locale\" content=\"fr_FR\" \/>\n<meta property=\"og:type\" content=\"article\" \/>\n<meta property=\"og:title\" content=\"L&#039;arrestation d&#039;une figure du syndicalisme militaire en Serbie dans un contexte de militarisation\" \/>\n<meta property=\"og:description\" content=\"Novica Anti\u0107, pr\u00e9sident de l&#039;Union militaire serbe, a \u00e9t\u00e9 mis en garde \u00e0 vue pendant 48 heures lors d\u2019une perquisition de sa r\u00e9sidence. L&#039;arrestation de Novica Anti\u0107, qui critique ouvertement la direction de l&#039;arm\u00e9e serbe, met en lumi\u00e8re les tensions qui se d\u00e9veloppent entre les syndicalistes et l&#039;Agence de s\u00e9curit\u00e9 militaire, dans un contexte de militarisation accrue du pays.\" \/>\n<meta property=\"og:url\" content=\"https:\/\/www.newsendip.com\/fr\/larrestation-dune-figure-du-syndicalisme-militaire-en-serbie-dans-un-contexte-de-militarisation\/\" \/>\n<meta property=\"og:site_name\" content=\"Newsendip\" \/>\n<meta property=\"article:publisher\" content=\"https:\/\/www.facebook.com\/newsendip\" \/>\n<meta property=\"article:published_time\" content=\"2024-03-01T15:30:39+00:00\" \/>\n<meta property=\"article:modified_time\" content=\"2024-07-18T13:30:41+00:00\" \/>\n<meta property=\"og:image\" content=\"https:\/\/www.newsendip.com\/wp-content\/uploads\/2024\/03\/Serbian-soldiers-2014.jpeg\" \/>\n\t<meta property=\"og:image:width\" content=\"972\" \/>\n\t<meta property=\"og:image:height\" content=\"657\" \/>\n\t<meta property=\"og:image:type\" content=\"image\/jpeg\" \/>\n<meta name=\"author\" content=\"Claire Rhea\" \/>\n<meta name=\"twitter:card\" content=\"summary_large_image\" \/>\n<meta name=\"twitter:image\" content=\"https:\/\/www.newsendip.com\/wp-content\/uploads\/2024\/03\/Serbian-soldiers-2014.jpeg\" \/>\n<meta name=\"twitter:creator\" content=\"@newsendip\" \/>\n<meta name=\"twitter:site\" content=\"@newsendip\" \/>\n<meta name=\"twitter:label1\" content=\"\u00c9crit par\" \/>\n\t<meta name=\"twitter:data1\" content=\"Claire Rhea\" \/>\n\t<meta name=\"twitter:label2\" content=\"Dur\u00e9e de lecture estim\u00e9e\" \/>\n\t<meta name=\"twitter:data2\" content=\"7 minutes\" \/>\n<!-- \/ Yoast SEO Premium plugin. -->","yoast_head_json":{"title":"L'arrestation d'une figure du syndicalisme militaire en Serbie dans un contexte de militarisation","description":"Novica Anti\u0107, pr\u00e9sident de l'Union militaire serbe, a \u00e9t\u00e9 mis en garde \u00e0 vue pendant 48 heures lors d\u2019une perquisition de sa r\u00e9sidence. L'arrestation de Novica Anti\u0107, qui critique ouvertement la direction de l'arm\u00e9e serbe, met en lumi\u00e8re les tensions qui se d\u00e9veloppent entre les syndicalistes et l'Agence de s\u00e9curit\u00e9 militaire, dans un contexte de militarisation accrue du pays.","robots":{"index":"index","follow":"follow","max-snippet":"max-snippet:-1","max-image-preview":"max-image-preview:large","max-video-preview":"max-video-preview:-1"},"canonical":"https:\/\/www.newsendip.com\/fr\/larrestation-dune-figure-du-syndicalisme-militaire-en-serbie-dans-un-contexte-de-militarisation\/","og_locale":"fr_FR","og_type":"article","og_title":"L'arrestation d'une figure du syndicalisme militaire en Serbie dans un contexte de militarisation","og_description":"Novica Anti\u0107, pr\u00e9sident de l'Union militaire serbe, a \u00e9t\u00e9 mis en garde \u00e0 vue pendant 48 heures lors d\u2019une perquisition de sa r\u00e9sidence. L'arrestation de Novica Anti\u0107, qui critique ouvertement la direction de l'arm\u00e9e serbe, met en lumi\u00e8re les tensions qui se d\u00e9veloppent entre les syndicalistes et l'Agence de s\u00e9curit\u00e9 militaire, dans un contexte de militarisation accrue du pays.","og_url":"https:\/\/www.newsendip.com\/fr\/larrestation-dune-figure-du-syndicalisme-militaire-en-serbie-dans-un-contexte-de-militarisation\/","og_site_name":"Newsendip","article_publisher":"https:\/\/www.facebook.com\/newsendip","article_published_time":"2024-03-01T15:30:39+00:00","article_modified_time":"2024-07-18T13:30:41+00:00","og_image":[{"width":972,"height":657,"url":"https:\/\/www.newsendip.com\/wp-content\/uploads\/2024\/03\/Serbian-soldiers-2014.jpeg","type":"image\/jpeg"}],"author":"Claire Rhea","twitter_card":"summary_large_image","twitter_image":"https:\/\/www.newsendip.com\/wp-content\/uploads\/2024\/03\/Serbian-soldiers-2014.jpeg","twitter_creator":"@newsendip","twitter_site":"@newsendip","twitter_misc":{"\u00c9crit par":"Claire Rhea","Dur\u00e9e de lecture estim\u00e9e":"7 minutes"},"schema":{"@context":"https:\/\/schema.org","@graph":[{"@type":"NewsArticle","@id":"https:\/\/www.newsendip.com\/fr\/larrestation-dune-figure-du-syndicalisme-militaire-en-serbie-dans-un-contexte-de-militarisation\/#article","isPartOf":{"@id":"https:\/\/www.newsendip.com\/fr\/larrestation-dune-figure-du-syndicalisme-militaire-en-serbie-dans-un-contexte-de-militarisation\/"},"author":{"name":"Claire Rhea","@id":"https:\/\/www.newsendip.com\/fr\/#\/schema\/person\/e2f1f831c2917545cdc6413974e67011"},"headline":"L\u2019arrestation d\u2019une figure du syndicalisme militaire en Serbie dans un contexte de militarisation","datePublished":"2024-03-01T15:30:39+00:00","dateModified":"2024-07-18T13:30:41+00:00","mainEntityOfPage":{"@id":"https:\/\/www.newsendip.com\/fr\/larrestation-dune-figure-du-syndicalisme-militaire-en-serbie-dans-un-contexte-de-militarisation\/"},"wordCount":1674,"publisher":{"@id":"https:\/\/www.newsendip.com\/fr\/#organization"},"image":{"@id":"https:\/\/www.newsendip.com\/fr\/larrestation-dune-figure-du-syndicalisme-militaire-en-serbie-dans-un-contexte-de-militarisation\/#primaryimage"},"thumbnailUrl":"https:\/\/www.newsendip.com\/wp-content\/uploads\/2024\/03\/Serbian-soldiers-2019.webp","keywords":["Serbie","Vieux"],"articleSection":["Politique"],"inLanguage":"fr-FR","copyrightYear":"2024","copyrightHolder":{"@id":"https:\/\/www.newsendip.com\/#organization"}},{"@type":"WebPage","@id":"https:\/\/www.newsendip.com\/fr\/larrestation-dune-figure-du-syndicalisme-militaire-en-serbie-dans-un-contexte-de-militarisation\/","url":"https:\/\/www.newsendip.com\/fr\/larrestation-dune-figure-du-syndicalisme-militaire-en-serbie-dans-un-contexte-de-militarisation\/","name":"L'arrestation d'une figure du syndicalisme militaire en Serbie dans un contexte de militarisation","isPartOf":{"@id":"https:\/\/www.newsendip.com\/fr\/#website"},"primaryImageOfPage":{"@id":"https:\/\/www.newsendip.com\/fr\/larrestation-dune-figure-du-syndicalisme-militaire-en-serbie-dans-un-contexte-de-militarisation\/#primaryimage"},"image":{"@id":"https:\/\/www.newsendip.com\/fr\/larrestation-dune-figure-du-syndicalisme-militaire-en-serbie-dans-un-contexte-de-militarisation\/#primaryimage"},"thumbnailUrl":"https:\/\/www.newsendip.com\/wp-content\/uploads\/2024\/03\/Serbian-soldiers-2019.webp","datePublished":"2024-03-01T15:30:39+00:00","dateModified":"2024-07-18T13:30:41+00:00","description":"Novica Anti\u0107, pr\u00e9sident de l'Union militaire serbe, a \u00e9t\u00e9 mis en garde \u00e0 vue pendant 48 heures lors d\u2019une perquisition de sa r\u00e9sidence. L'arrestation de Novica Anti\u0107, qui critique ouvertement la direction de l'arm\u00e9e serbe, met en lumi\u00e8re les tensions qui se d\u00e9veloppent entre les syndicalistes et l'Agence de s\u00e9curit\u00e9 militaire, dans un contexte de militarisation accrue du pays.","breadcrumb":{"@id":"https:\/\/www.newsendip.com\/fr\/larrestation-dune-figure-du-syndicalisme-militaire-en-serbie-dans-un-contexte-de-militarisation\/#breadcrumb"},"inLanguage":"fr-FR","potentialAction":[{"@type":"ReadAction","target":["https:\/\/www.newsendip.com\/fr\/larrestation-dune-figure-du-syndicalisme-militaire-en-serbie-dans-un-contexte-de-militarisation\/"]}]},{"@type":"ImageObject","inLanguage":"fr-FR","@id":"https:\/\/www.newsendip.com\/fr\/larrestation-dune-figure-du-syndicalisme-militaire-en-serbie-dans-un-contexte-de-militarisation\/#primaryimage","url":"https:\/\/www.newsendip.com\/wp-content\/uploads\/2024\/03\/Serbian-soldiers-2019.webp","contentUrl":"https:\/\/www.newsendip.com\/wp-content\/uploads\/2024\/03\/Serbian-soldiers-2019.webp","width":1024,"height":692,"caption":"D\u00e9fil\u00e9 militaire \u00e0 Belgrade en 2014 | \u00a9 Marko Vucicevic"},{"@type":"BreadcrumbList","@id":"https:\/\/www.newsendip.com\/fr\/larrestation-dune-figure-du-syndicalisme-militaire-en-serbie-dans-un-contexte-de-militarisation\/#breadcrumb","itemListElement":[{"@type":"ListItem","position":1,"name":"Accueil","item":"https:\/\/www.newsendip.com\/fr\/"},{"@type":"ListItem","position":2,"name":"L&#8217;arrestation d&#8217;une figure du syndicalisme militaire en Serbie dans un contexte de militarisation"}]},{"@type":"WebSite","@id":"https:\/\/www.newsendip.com\/fr\/#website","url":"https:\/\/www.newsendip.com\/fr\/","name":"Newsendip","description":"Red\u00e9couvrez l&#039;actualit\u00e9 internationale","publisher":{"@id":"https:\/\/www.newsendip.com\/fr\/#organization"},"potentialAction":[{"@type":"SearchAction","target":{"@type":"EntryPoint","urlTemplate":"https:\/\/www.newsendip.com\/fr\/?s={search_term_string}"},"query-input":{"@type":"PropertyValueSpecification","valueRequired":true,"valueName":"search_term_string"}}],"inLanguage":"fr-FR"},{"@type":"Organization","@id":"https:\/\/www.newsendip.com\/fr\/#organization","name":"Newsendip","url":"https:\/\/www.newsendip.com\/fr\/","logo":{"@type":"ImageObject","inLanguage":"fr-FR","@id":"https:\/\/www.newsendip.com\/fr\/#\/schema\/logo\/image\/","url":"https:\/\/www.newsendip.com\/wp-content\/uploads\/2023\/12\/512x512.svg","contentUrl":"https:\/\/www.newsendip.com\/wp-content\/uploads\/2023\/12\/512x512.svg","width":1,"height":1,"caption":"Newsendip"},"image":{"@id":"https:\/\/www.newsendip.com\/fr\/#\/schema\/logo\/image\/"},"sameAs":["https:\/\/www.facebook.com\/newsendip","https:\/\/x.com\/newsendip","https:\/\/mastodon.social\/@newsendip","https:\/\/www.linkedin.com\/company\/newsendip"],"description":"Newsendip est un site qui a pour mission de rendre l'actualit\u00e9 internationale accessible et diversifi\u00e9e","email":"contact@newsendip.com","legalName":"Newsendip SAS","foundingDate":"2022-11-04","vatID":"FR60921124723","numberOfEmployees":{"@type":"QuantitativeValue","minValue":"1","maxValue":"10"},"publishingPrinciples":"https:\/\/www.newsendip.com\/about-us\/","ownershipFundingInfo":"https:\/\/www.newsendip.com\/legal-notice\/","actionableFeedbackPolicy":"https:\/\/www.newsendip.com\/about-us\/","correctionsPolicy":"https:\/\/www.newsendip.com\/about-us\/","ethicsPolicy":"https:\/\/www.newsendip.com\/about-us\/","diversityPolicy":"https:\/\/www.newsendip.com\/about-us\/"},{"@type":"Person","@id":"https:\/\/www.newsendip.com\/fr\/#\/schema\/person\/e2f1f831c2917545cdc6413974e67011","name":"Claire Rhea","description":"Claire is a journalist for Newsendip. She grew up in London but is a dual citizen of the United States and France. She graduated from McGill University in Montr\u00e9al, Canada, in political Science and economics. She also lived in Italy.","sameAs":["https:\/\/www.linkedin.com\/in\/claire-rhea-027428167\/"],"knowsAbout":["News"],"knowsLanguage":["English","French"],"url":"https:\/\/www.newsendip.com\/fr\/author\/claire-rhea\/"}]}},"_links":{"self":[{"href":"https:\/\/www.newsendip.com\/fr\/wp-json\/wp\/v2\/posts\/37618","targetHints":{"allow":["GET"]}}],"collection":[{"href":"https:\/\/www.newsendip.com\/fr\/wp-json\/wp\/v2\/posts"}],"about":[{"href":"https:\/\/www.newsendip.com\/fr\/wp-json\/wp\/v2\/types\/post"}],"author":[{"embeddable":true,"href":"https:\/\/www.newsendip.com\/fr\/wp-json\/wp\/v2\/users\/260"}],"replies":[{"embeddable":true,"href":"https:\/\/www.newsendip.com\/fr\/wp-json\/wp\/v2\/comments?post=37618"}],"version-history":[{"count":0,"href":"https:\/\/www.newsendip.com\/fr\/wp-json\/wp\/v2\/posts\/37618\/revisions"}],"wp:featuredmedia":[{"embeddable":true,"href":"https:\/\/www.newsendip.com\/fr\/wp-json\/wp\/v2\/media\/37613"}],"wp:attachment":[{"href":"https:\/\/www.newsendip.com\/fr\/wp-json\/wp\/v2\/media?parent=37618"}],"wp:term":[{"taxonomy":"category","embeddable":true,"href":"https:\/\/www.newsendip.com\/fr\/wp-json\/wp\/v2\/categories?post=37618"},{"taxonomy":"post_tag","embeddable":true,"href":"https:\/\/www.newsendip.com\/fr\/wp-json\/wp\/v2\/tags?post=37618"}],"curies":[{"name":"wp","href":"https:\/\/api.w.org\/{rel}","templated":true}]}}