{"id":37877,"date":"2024-03-15T11:32:24","date_gmt":"2024-03-15T10:32:24","guid":{"rendered":"https:\/\/www.newsendip.com\/?p=37877"},"modified":"2024-07-05T12:29:50","modified_gmt":"2024-07-05T10:29:50","slug":"la-communication-de-joe-biden-pour-defendre-son-bilan-economique-face-a-donald-trump","status":"publish","type":"post","link":"https:\/\/www.newsendip.com\/fr\/la-communication-de-joe-biden-pour-defendre-son-bilan-economique-face-a-donald-trump\/","title":{"rendered":"La communication de Joe Biden pour d\u00e9fendre son bilan \u00e9conomique face \u00e0 Donald Trump"},"content":{"rendered":"<p><strong>Malgr\u00e9 les preuves d\u2019une \u00e9conomie robuste sous le pr\u00e9sident Joe Biden, une nostalgie persistante de la p\u00e9riode d\u2019avant la pand\u00e9mie de Covid-19 sous l\u2019ancien pr\u00e9sident Donald Trump persiste. Biden cherche donc \u00e0 inverser cette perception en mettant l\u2019accent sur les succ\u00e8s de son administration dans un contexte \u00e9conomique difficile.<\/strong><\/p>\n<figure id=\"attachment_37871\" aria-describedby=\"caption-attachment-37871\" style=\"width: 1024px\" class=\"wp-caption aligncenter\"><img decoding=\"async\" class=\"size-large wp-image-37871\" src=\"https:\/\/www.newsendip.com\/wp-content\/uploads\/2024\/03\/Biden-state-of-the-union-address-1024x574.webp\" alt=\"Le pr\u00e9sident Joe Biden prononce son discours sur l\u2019\u00e9tat de l\u2019Union le 7 mars 2024.\" width=\"1024\" height=\"574\" srcset=\"https:\/\/www.newsendip.com\/wp-content\/uploads\/2024\/03\/Biden-state-of-the-union-address-1024x574.webp 1024w, https:\/\/www.newsendip.com\/wp-content\/uploads\/2024\/03\/Biden-state-of-the-union-address-60x34.webp 60w, https:\/\/www.newsendip.com\/wp-content\/uploads\/2024\/03\/Biden-state-of-the-union-address-300x168.webp 300w, https:\/\/www.newsendip.com\/wp-content\/uploads\/2024\/03\/Biden-state-of-the-union-address-768x430.webp 768w, https:\/\/www.newsendip.com\/wp-content\/uploads\/2024\/03\/Biden-state-of-the-union-address-1536x861.webp 1536w, https:\/\/www.newsendip.com\/wp-content\/uploads\/2024\/03\/Biden-state-of-the-union-address.webp 1988w\" sizes=\"(max-width: 1024px) 100vw, 1024px\"><figcaption id=\"caption-attachment-37871\" class=\"wp-caption-text\">Le pr\u00e9sident Joe Biden a prononc\u00e9 le discours sur l\u2019\u00e9tat de l\u2019Union 2024 le 7 mars | \u00a9 whitehouse.gov\/sotu<\/figcaption><\/figure>\n<p>Un nouveau match pr\u00e9sidentiel entre l\u2019ancien pr\u00e9sident Donald Trump et le pr\u00e9sident Joe Biden en novembre semble bel et bien se profiler apr\u00e8s que les deux candidats ont remport\u00e9 de larges victoires dans les \u00c9tats o\u00f9 se sont d\u00e9roul\u00e9es les primaires pour l\u2019investiture au sein de leurs partis respectifs en vue de la prochaine \u00e9lection pr\u00e9sidentielle qui se d\u00e9roulera en novembre prochain.<\/p>\n<p>Et la <a href=\"https:\/\/www.newsendip.com\/fr\/economie\/\">croissance \u00e9conomique<\/a> semble \u00eatre l\u2019un des enjeux centraux des prochaines \u00e9lections, les potentiels votants citant r\u00e9guli\u00e8rement <a href=\"https:\/\/www.dataforprogress.org\/blog\/2024\/3\/6\/inflation-and-the-economy-consistently-rank-as-top-issues-among-likely-voters-and-heres-our-new-way-to-ask-issue-importance\">l\u2019\u00e9conomie et l\u2019inflation comme leurs principaux probl\u00e8mes<\/a>.<\/p>\n<p>Mais il existe un paradoxe dont le pr\u00e9sident Biden aimerait se d\u00e9faire&nbsp;: malgr\u00e9 des donn\u00e9es montrant une croissance \u00e9conomique solide et que les \u00c9tats-Unis ont r\u00e9ussi \u00e0 <a href=\"https:\/\/www.bloomberg.com\/news\/articles\/2022-10-17\/forecast-for-us-recession-within-year-hits-100-in-blow-to-biden?embedded-checkout=true\">\u00e9viter la r\u00e9cession pr\u00e9dite par les experts \u00e9conomiques<\/a>, les Am\u00e9ricains restent dubitatifs par les capacit\u00e9s \u00e9conomiques de l\u2019actuel pr\u00e9sident.<\/p>\n<p>Avant la pand\u00e9mie de Covid-19, l\u2019administration Trump a connu une expansion \u00e9conomique avec une croissance constante du produit int\u00e9rieur brut et un march\u00e9 boursier \u00e0 la hausse ce dont elle attribuait \u00e0 sa politique.<\/p>\n<p>Mais alors que les administrations Trump et Biden ont toutes deux connu une croissance relativement stable et d\u2019une reprise apr\u00e8s la r\u00e9cession mondiale provoqu\u00e9e par le Covid-19, un seul pr\u00e9sident semble en r\u00e9colter les fruits. Dans ses derni\u00e8res communications, Joe Biden a tent\u00e9 de contrecarrer cette perception.<\/p>\n<h2>Une confiance qui s\u2019effrite<\/h2>\n<p>La confiance du public dans l\u2019\u00e9conomie de M. Biden s\u2019effrite.<\/p>\n<p>Les <a href=\"https:\/\/www.ipsos.com\/en-us\/registered-voters-are-feeling-pessimistic-about-state-us-economy\">sondages montrent<\/a> que les Am\u00e9ricains restent pessimistes quant aux perspectives \u00e9conomiques et consid\u00e8rent que <a href=\"https:\/\/www.ft.com\/content\/1e5421cb-5013-420b-823d-9227f5fcba0e?accessToken=zwAAAY7JWltXkc8eVCHLUBNCC9OCPZIn9fy6DgE.MEQCIDXaJ5N3kIMDPD7ZPMrX9fbyUDg66df8195YYKler1qcAiBOcM_TKgGxj2Q-oMIQ_0Pl9xJX0Pqz-47-1MYw2nbNjA&amp;segmentId=1e5421cb-5013-420b-823d-9227f5fcba0e\">M. Biden est moins digne de confiance<\/a> que son adversaire r\u00e9publicain pour g\u00e9rer l\u2019\u00e9conomie. Le <em><a href=\"https:\/\/www.conference-board.org\/topics\/consumer-confidence\">Conference Board<\/a><\/em>, un think tank \u00e9conomique am\u00e9ricain, fait \u00e9tat d\u2019une disparit\u00e9 importante entre la situation actuelle et les attentes \u00e9conomiques.<\/p>\n<p>Le doute est omnipr\u00e9sent parmi les \u00e9lecteurs, quel que soit leur bord politique, comme le montre un sondage r\u00e9alis\u00e9 par <em><a href=\"https:\/\/www.nbcnews.com\/politics\/2024-election\/voters-are-rating-trumps-presidency-better-expected-hindsight-rcna137971\">NBC News<\/a><\/em>. Il indique que les \u00e9lecteurs sont largement critiques dans leur \u00e9valuation de la performance du pr\u00e9sident Biden.<\/p>\n<p>En effet, 40% des personnes interrog\u00e9es estiment que Trump a d\u00e9pass\u00e9 les attentes, contre seulement 14% pour Biden. \u00c0 l\u2019inverse, 29% des personnes interrog\u00e9es pensent que Trump a sous-perform\u00e9, contre 42% pour&nbsp;Biden.<\/p>\n<p>Les <a href=\"https:\/\/www.jec.senate.gov\/public\/_cache\/files\/2c298bda-8aee-4923-84a3-95a54f7f6e6f\/did-trump-create-or-inherit-the-strong-economy.pdf\">d\u00e9tracteurs de l\u2019ancien pr\u00e9sident soulignent<\/a> qu\u2019il a h\u00e9rit\u00e9 d\u2019une \u00e9conomie qui connaissait d\u00e9j\u00e0 une trajectoire ascendante. Dans le m\u00eame temps, le Pr\u00e9sident Biden est critiqu\u00e9 pour le climat \u00e9conomique incertain.<\/p>\n<h2>Le Pr\u00e9sident Biden insiste sur son bilan \u00e9conomique<\/h2>\n<p>Lors de son discours sur l\u2019\u00e9tat de l\u2019Union, jeudi dernier, Joe Biden a soulign\u00e9 les succ\u00e8s \u00e9conomiques de son administration. Avec un taux de ch\u00f4mage au plus bas depuis 1969 et un nombre record de 7,27 millions d\u2019emplois cr\u00e9\u00e9s, il a proclam\u00e9 que l\u2019\u00e9conomie am\u00e9ricaine \u00ab\u202ffaisait envie au&nbsp;monde\u202f\u00bb.<\/p>\n<p>Si l\u2019\u00e9conomie am\u00e9ricaine fait preuve d\u2019une <a href=\"https:\/\/www.bea.gov\/sites\/default\/files\/2024-01\/gdp4q23-adv.pdf\">r\u00e9silience surprenante<\/a>, elle ne s\u2019est pas encore totalement remise du choc de la pand\u00e9mie. L\u2019inflation reste un probl\u00e8me persistant pour l\u2019administration Biden quand l\u2019administration Trump a \u00e9t\u00e9 marqu\u00e9e par une faible inflation et des taux d\u2019int\u00e9r\u00eat bas.<\/p>\n<p>Et pourtant, bien que les taux d\u2019inflation ne soient pas revenus aux ann\u00e9es pr\u00e9-Covid, la hausse des prix a \u00e9t\u00e9 plus lente que dans n\u2019importe quel autre pays au cours de la p\u00e9riode post-pand\u00e9mique et les salaires augmentent d\u00e9sormais plus vites que l\u2019inflation.<\/p>\n<p>Le probl\u00e8me est que ses augmentations ne sont pas ressenties uniform\u00e9ment par tout le monde et que la p\u00e9riode d\u2019une forte hausse des prix reste vive, ce qui provoque un ressentiment \u00e0 l\u2019\u00e9gard de la pr\u00e9sidence d\u00e9mocrate. Le pr\u00e9sident Biden a reconnu la disparit\u00e9 des richesses dans son discours sur l\u2019\u00e9tat de l\u2019Union, promettant d\u2019aider tous les Am\u00e9ricains.<\/p>\n<p>Toutefois, confront\u00e9es \u00e0 l\u2019ancien pr\u00e9sident Trump, les donn\u00e9es ne font pas le poids face \u00e0 l\u2019attrait de l\u2019exub\u00e9rance. Le personnage de Trump n\u2019a pas chang\u00e9 et les \u00e9lecteurs continuent d\u2019\u00eatre attir\u00e9s par son autorit\u00e9 charismatique, son anticonformisme, son influence et sa richesse, n\u00e9gligeant ses probl\u00e8mes juridiques \u2013 Trump fait face \u00e0 91 chefs d\u2019accusation dans quatre affaires p\u00e9nales \u2013 et les transgressions morales.<\/p>\n<p>R\u00e9cemment, il s\u2019est attribu\u00e9 sur la plateforme sociale alternative <em>Truth Social <\/em>le m\u00e9rite des r\u00e9cents sommets atteints par le march\u00e9 boursier, le qualifiant de \u00ab\u202f<a href=\"https:\/\/truthsocial.com\/@realDonaldTrump\/posts\/111840568643216314\">Trump Stock Market<\/a>\u202f\u00bb, en affirmant que c\u2019est parce que les investisseurs pr\u00e9voient sa victoire.<\/p>\n<p>Si Biden peut encore esp\u00e9rer changer les avis en s\u2019appuyant sur la croissance \u00e9conomique et la baisse de l\u2019inflation, ses d\u00e9fis subsistent \u00e9tant donn\u00e9 son taux d\u2019approbation \u00e0 seulement 36%.<\/p>\n","protected":false},"excerpt":{"rendered":"<p>Malgr\u00e9 les preuves d\u2019une \u00e9conomie robuste sous le pr\u00e9sident Joe Biden, une nostalgie persistante de la p\u00e9riode d\u2019avant la pand\u00e9mie de Covid-19 sous l\u2019ancien pr\u00e9sident Donald Trump persiste. Biden cherche donc \u00e0 inverser cette perception en mettant l\u2019accent sur les succ\u00e8s de son administration dans un contexte \u00e9conomique difficile.<\/p>\n","protected":false},"author":260,"featured_media":37871,"comment_status":"closed","ping_status":"open","sticky":false,"template":"","format":"standard","meta":{"wp_typography_post_enhancements_disabled":false,"footnotes":""},"categories":[416],"tags":[417,1334],"class_list":["post-37877","post","type-post","status-publish","format-standard","has-post-thumbnail","hentry","category-politique","tag-etats-unis","tag-nouveau"],"yoast_head":"<!-- This site is optimized with the Yoast SEO Premium plugin v27.4 (Yoast SEO v27.4) - https:\/\/yoast.com\/product\/yoast-seo-premium-wordpress\/ -->\n<title>La communication de Joe Biden pour d\u00e9fendre son bilan \u00e9conomique face \u00e0 Donald Trump<\/title>\n<meta name=\"description\" content=\"Malgr\u00e9 les preuves d&#039;une \u00e9conomie robuste sous le pr\u00e9sident Joe Biden, une nostalgie persistante de la p\u00e9riode d&#039;avant la pand\u00e9mie de Covid-19 sous l&#039;ancien pr\u00e9sident Donald Trump persiste. Biden cherche donc \u00e0 inverser cette perception en mettant l&#039;accent sur les succ\u00e8s de son administration dans un contexte \u00e9conomique difficile.\" \/>\n<meta name=\"robots\" content=\"index, follow, max-snippet:-1, max-image-preview:large, max-video-preview:-1\" \/>\n<link rel=\"canonical\" href=\"https:\/\/www.newsendip.com\/fr\/la-communication-de-joe-biden-pour-defendre-son-bilan-economique-face-a-donald-trump\/\" \/>\n<meta property=\"og:locale\" content=\"fr_FR\" \/>\n<meta property=\"og:type\" content=\"article\" \/>\n<meta property=\"og:title\" content=\"La communication de Joe Biden pour d\u00e9fendre son bilan \u00e9conomique face \u00e0 Donald Trump\" \/>\n<meta property=\"og:description\" content=\"Malgr\u00e9 les preuves d&#039;une \u00e9conomie robuste sous le pr\u00e9sident Joe Biden, une nostalgie persistante de la p\u00e9riode d&#039;avant la pand\u00e9mie de Covid-19 sous l&#039;ancien pr\u00e9sident Donald Trump persiste. Biden cherche donc \u00e0 inverser cette perception en mettant l&#039;accent sur les succ\u00e8s de son administration dans un contexte \u00e9conomique difficile.\" \/>\n<meta property=\"og:url\" content=\"https:\/\/www.newsendip.com\/fr\/la-communication-de-joe-biden-pour-defendre-son-bilan-economique-face-a-donald-trump\/\" \/>\n<meta property=\"og:site_name\" content=\"Newsendip\" \/>\n<meta property=\"article:publisher\" content=\"https:\/\/www.facebook.com\/newsendip\" \/>\n<meta property=\"article:published_time\" content=\"2024-03-15T10:32:24+00:00\" \/>\n<meta property=\"article:modified_time\" content=\"2024-07-05T10:29:50+00:00\" \/>\n<meta property=\"og:image\" content=\"https:\/\/www.newsendip.com\/wp-content\/uploads\/2024\/03\/Biden-state-of-the-union-address.jpeg\" \/>\n\t<meta property=\"og:image:width\" content=\"1793\" \/>\n\t<meta property=\"og:image:height\" content=\"1005\" \/>\n\t<meta property=\"og:image:type\" content=\"image\/jpeg\" \/>\n<meta name=\"author\" content=\"Claire Rhea\" \/>\n<meta name=\"twitter:card\" content=\"summary_large_image\" \/>\n<meta name=\"twitter:image\" content=\"https:\/\/www.newsendip.com\/wp-content\/uploads\/2024\/03\/Biden-state-of-the-union-address.jpeg\" \/>\n<meta name=\"twitter:creator\" content=\"@newsendip\" \/>\n<meta name=\"twitter:site\" content=\"@newsendip\" \/>\n<meta name=\"twitter:label1\" content=\"\u00c9crit par\" \/>\n\t<meta name=\"twitter:data1\" content=\"Claire Rhea\" \/>\n\t<meta name=\"twitter:label2\" content=\"Dur\u00e9e de lecture estim\u00e9e\" \/>\n\t<meta name=\"twitter:data2\" content=\"4 minutes\" \/>\n<!-- \/ Yoast SEO Premium plugin. -->","yoast_head_json":{"title":"La communication de Joe Biden pour d\u00e9fendre son bilan \u00e9conomique face \u00e0 Donald Trump","description":"Malgr\u00e9 les preuves d'une \u00e9conomie robuste sous le pr\u00e9sident Joe Biden, une nostalgie persistante de la p\u00e9riode d'avant la pand\u00e9mie de Covid-19 sous l'ancien pr\u00e9sident Donald Trump persiste. Biden cherche donc \u00e0 inverser cette perception en mettant l'accent sur les succ\u00e8s de son administration dans un contexte \u00e9conomique difficile.","robots":{"index":"index","follow":"follow","max-snippet":"max-snippet:-1","max-image-preview":"max-image-preview:large","max-video-preview":"max-video-preview:-1"},"canonical":"https:\/\/www.newsendip.com\/fr\/la-communication-de-joe-biden-pour-defendre-son-bilan-economique-face-a-donald-trump\/","og_locale":"fr_FR","og_type":"article","og_title":"La communication de Joe Biden pour d\u00e9fendre son bilan \u00e9conomique face \u00e0 Donald Trump","og_description":"Malgr\u00e9 les preuves d'une \u00e9conomie robuste sous le pr\u00e9sident Joe Biden, une nostalgie persistante de la p\u00e9riode d'avant la pand\u00e9mie de Covid-19 sous l'ancien pr\u00e9sident Donald Trump persiste. Biden cherche donc \u00e0 inverser cette perception en mettant l'accent sur les succ\u00e8s de son administration dans un contexte \u00e9conomique difficile.","og_url":"https:\/\/www.newsendip.com\/fr\/la-communication-de-joe-biden-pour-defendre-son-bilan-economique-face-a-donald-trump\/","og_site_name":"Newsendip","article_publisher":"https:\/\/www.facebook.com\/newsendip","article_published_time":"2024-03-15T10:32:24+00:00","article_modified_time":"2024-07-05T10:29:50+00:00","og_image":[{"width":1793,"height":1005,"url":"https:\/\/www.newsendip.com\/wp-content\/uploads\/2024\/03\/Biden-state-of-the-union-address.jpeg","type":"image\/jpeg"}],"author":"Claire Rhea","twitter_card":"summary_large_image","twitter_image":"https:\/\/www.newsendip.com\/wp-content\/uploads\/2024\/03\/Biden-state-of-the-union-address.jpeg","twitter_creator":"@newsendip","twitter_site":"@newsendip","twitter_misc":{"\u00c9crit par":"Claire Rhea","Dur\u00e9e de lecture estim\u00e9e":"4 minutes"},"schema":{"@context":"https:\/\/schema.org","@graph":[{"@type":"NewsArticle","@id":"https:\/\/www.newsendip.com\/fr\/la-communication-de-joe-biden-pour-defendre-son-bilan-economique-face-a-donald-trump\/#article","isPartOf":{"@id":"https:\/\/www.newsendip.com\/fr\/la-communication-de-joe-biden-pour-defendre-son-bilan-economique-face-a-donald-trump\/"},"author":{"name":"Claire Rhea","@id":"https:\/\/www.newsendip.com\/fr\/#\/schema\/person\/e2f1f831c2917545cdc6413974e67011"},"headline":"La communication de Joe Biden pour d\u00e9fendre son bilan \u00e9conomique face \u00e0 Donald Trump","datePublished":"2024-03-15T10:32:24+00:00","dateModified":"2024-07-05T10:29:50+00:00","mainEntityOfPage":{"@id":"https:\/\/www.newsendip.com\/fr\/la-communication-de-joe-biden-pour-defendre-son-bilan-economique-face-a-donald-trump\/"},"wordCount":924,"publisher":{"@id":"https:\/\/www.newsendip.com\/fr\/#organization"},"image":{"@id":"https:\/\/www.newsendip.com\/fr\/la-communication-de-joe-biden-pour-defendre-son-bilan-economique-face-a-donald-trump\/#primaryimage"},"thumbnailUrl":"https:\/\/www.newsendip.com\/wp-content\/uploads\/2024\/03\/Biden-state-of-the-union-address.webp","keywords":["\u00c9tats-Unis","R\u00e9cent"],"articleSection":["Politique"],"inLanguage":"fr-FR","copyrightYear":"2024","copyrightHolder":{"@id":"https:\/\/www.newsendip.com\/#organization"}},{"@type":"WebPage","@id":"https:\/\/www.newsendip.com\/fr\/la-communication-de-joe-biden-pour-defendre-son-bilan-economique-face-a-donald-trump\/","url":"https:\/\/www.newsendip.com\/fr\/la-communication-de-joe-biden-pour-defendre-son-bilan-economique-face-a-donald-trump\/","name":"La communication de Joe Biden pour d\u00e9fendre son bilan \u00e9conomique face \u00e0 Donald Trump","isPartOf":{"@id":"https:\/\/www.newsendip.com\/fr\/#website"},"primaryImageOfPage":{"@id":"https:\/\/www.newsendip.com\/fr\/la-communication-de-joe-biden-pour-defendre-son-bilan-economique-face-a-donald-trump\/#primaryimage"},"image":{"@id":"https:\/\/www.newsendip.com\/fr\/la-communication-de-joe-biden-pour-defendre-son-bilan-economique-face-a-donald-trump\/#primaryimage"},"thumbnailUrl":"https:\/\/www.newsendip.com\/wp-content\/uploads\/2024\/03\/Biden-state-of-the-union-address.webp","datePublished":"2024-03-15T10:32:24+00:00","dateModified":"2024-07-05T10:29:50+00:00","description":"Malgr\u00e9 les preuves d'une \u00e9conomie robuste sous le pr\u00e9sident Joe Biden, une nostalgie persistante de la p\u00e9riode d'avant la pand\u00e9mie de Covid-19 sous l'ancien pr\u00e9sident Donald Trump persiste. Biden cherche donc \u00e0 inverser cette perception en mettant l'accent sur les succ\u00e8s de son administration dans un contexte \u00e9conomique difficile.","breadcrumb":{"@id":"https:\/\/www.newsendip.com\/fr\/la-communication-de-joe-biden-pour-defendre-son-bilan-economique-face-a-donald-trump\/#breadcrumb"},"inLanguage":"fr-FR","potentialAction":[{"@type":"ReadAction","target":["https:\/\/www.newsendip.com\/fr\/la-communication-de-joe-biden-pour-defendre-son-bilan-economique-face-a-donald-trump\/"]}]},{"@type":"ImageObject","inLanguage":"fr-FR","@id":"https:\/\/www.newsendip.com\/fr\/la-communication-de-joe-biden-pour-defendre-son-bilan-economique-face-a-donald-trump\/#primaryimage","url":"https:\/\/www.newsendip.com\/wp-content\/uploads\/2024\/03\/Biden-state-of-the-union-address.webp","contentUrl":"https:\/\/www.newsendip.com\/wp-content\/uploads\/2024\/03\/Biden-state-of-the-union-address.webp","width":1988,"height":1114,"caption":"Le pr\u00e9sident Joe Biden a prononc\u00e9 le discours sur l\u2019\u00e9tat de l\u2019Union 2024 le 7 mars | \u00a9 whitehouse.gov\/sotu"},{"@type":"BreadcrumbList","@id":"https:\/\/www.newsendip.com\/fr\/la-communication-de-joe-biden-pour-defendre-son-bilan-economique-face-a-donald-trump\/#breadcrumb","itemListElement":[{"@type":"ListItem","position":1,"name":"Accueil","item":"https:\/\/www.newsendip.com\/fr\/"},{"@type":"ListItem","position":2,"name":"La communication de Joe Biden pour d\u00e9fendre son bilan \u00e9conomique face \u00e0 Donald Trump"}]},{"@type":"WebSite","@id":"https:\/\/www.newsendip.com\/fr\/#website","url":"https:\/\/www.newsendip.com\/fr\/","name":"Newsendip","description":"Red\u00e9couvrez l&#039;actualit\u00e9 internationale","publisher":{"@id":"https:\/\/www.newsendip.com\/fr\/#organization"},"potentialAction":[{"@type":"SearchAction","target":{"@type":"EntryPoint","urlTemplate":"https:\/\/www.newsendip.com\/fr\/?s={search_term_string}"},"query-input":{"@type":"PropertyValueSpecification","valueRequired":true,"valueName":"search_term_string"}}],"inLanguage":"fr-FR"},{"@type":"Organization","@id":"https:\/\/www.newsendip.com\/fr\/#organization","name":"Newsendip","url":"https:\/\/www.newsendip.com\/fr\/","logo":{"@type":"ImageObject","inLanguage":"fr-FR","@id":"https:\/\/www.newsendip.com\/fr\/#\/schema\/logo\/image\/","url":"https:\/\/www.newsendip.com\/wp-content\/uploads\/2023\/12\/512x512.svg","contentUrl":"https:\/\/www.newsendip.com\/wp-content\/uploads\/2023\/12\/512x512.svg","width":1,"height":1,"caption":"Newsendip"},"image":{"@id":"https:\/\/www.newsendip.com\/fr\/#\/schema\/logo\/image\/"},"sameAs":["https:\/\/www.facebook.com\/newsendip","https:\/\/x.com\/newsendip","https:\/\/mastodon.social\/@newsendip","https:\/\/www.linkedin.com\/company\/newsendip"],"description":"Newsendip est un site qui a pour mission de rendre l'actualit\u00e9 internationale accessible et diversifi\u00e9e","email":"contact@newsendip.com","legalName":"Newsendip SAS","foundingDate":"2022-11-04","vatID":"FR60921124723","numberOfEmployees":{"@type":"QuantitativeValue","minValue":"1","maxValue":"10"},"publishingPrinciples":"https:\/\/www.newsendip.com\/about-us\/","ownershipFundingInfo":"https:\/\/www.newsendip.com\/legal-notice\/","actionableFeedbackPolicy":"https:\/\/www.newsendip.com\/about-us\/","correctionsPolicy":"https:\/\/www.newsendip.com\/about-us\/","ethicsPolicy":"https:\/\/www.newsendip.com\/about-us\/","diversityPolicy":"https:\/\/www.newsendip.com\/about-us\/"},{"@type":"Person","@id":"https:\/\/www.newsendip.com\/fr\/#\/schema\/person\/e2f1f831c2917545cdc6413974e67011","name":"Claire Rhea","description":"Claire is a journalist for Newsendip. She grew up in London but is a dual citizen of the United States and France. She graduated from McGill University in Montr\u00e9al, Canada, in political Science and economics. She also lived in Italy.","sameAs":["https:\/\/www.linkedin.com\/in\/claire-rhea-027428167\/"],"knowsAbout":["News"],"knowsLanguage":["English","French"],"url":"https:\/\/www.newsendip.com\/fr\/author\/claire-rhea\/"}]}},"_links":{"self":[{"href":"https:\/\/www.newsendip.com\/fr\/wp-json\/wp\/v2\/posts\/37877","targetHints":{"allow":["GET"]}}],"collection":[{"href":"https:\/\/www.newsendip.com\/fr\/wp-json\/wp\/v2\/posts"}],"about":[{"href":"https:\/\/www.newsendip.com\/fr\/wp-json\/wp\/v2\/types\/post"}],"author":[{"embeddable":true,"href":"https:\/\/www.newsendip.com\/fr\/wp-json\/wp\/v2\/users\/260"}],"replies":[{"embeddable":true,"href":"https:\/\/www.newsendip.com\/fr\/wp-json\/wp\/v2\/comments?post=37877"}],"version-history":[{"count":0,"href":"https:\/\/www.newsendip.com\/fr\/wp-json\/wp\/v2\/posts\/37877\/revisions"}],"wp:featuredmedia":[{"embeddable":true,"href":"https:\/\/www.newsendip.com\/fr\/wp-json\/wp\/v2\/media\/37871"}],"wp:attachment":[{"href":"https:\/\/www.newsendip.com\/fr\/wp-json\/wp\/v2\/media?parent=37877"}],"wp:term":[{"taxonomy":"category","embeddable":true,"href":"https:\/\/www.newsendip.com\/fr\/wp-json\/wp\/v2\/categories?post=37877"},{"taxonomy":"post_tag","embeddable":true,"href":"https:\/\/www.newsendip.com\/fr\/wp-json\/wp\/v2\/tags?post=37877"}],"curies":[{"name":"wp","href":"https:\/\/api.w.org\/{rel}","templated":true}]}}