{"id":37956,"date":"2024-03-20T17:00:00","date_gmt":"2024-03-20T16:00:00","guid":{"rendered":"https:\/\/www.newsendip.com\/?p=37956"},"modified":"2024-07-18T15:30:35","modified_gmt":"2024-07-18T13:30:35","slug":"croatie-annonce-choc-president-zoran-milanovic-devenir-premier-ministre-election","status":"publish","type":"post","link":"https:\/\/www.newsendip.com\/fr\/croatie-annonce-choc-president-zoran-milanovic-devenir-premier-ministre-election\/","title":{"rendered":"En Croatie, l\u2019annonce choc du pr\u00e9sident Zoran Milanovi\u0107 qui veut devenir premier ministre"},"content":{"rendered":"<p><strong>Le pr\u00e9sident de la Croatie a annonc\u00e9 publiquement son intention de se pr\u00e9senter comme candidat du SDP au poste de premier ministre afin de contester la mainmise de Andrej Plenkovi\u0107 au pouvoir. Malgr\u00e9 les avertissements de sanctions de la Cour constitutionnelle, Zoran Milanovi\u0107 persiste dans sa candidature, risquant ainsi de provoquer un chaos politique en Croatie.<\/strong><\/p>\n<figure id=\"attachment_37952\" aria-describedby=\"caption-attachment-37952\" style=\"width: 1024px\" class=\"wp-caption aligncenter\"><img decoding=\"async\" class=\"size-large wp-image-37952\" src=\"https:\/\/www.newsendip.com\/wp-content\/uploads\/2024\/03\/Milanovic-SDP-1024x683.webp\" alt=\"Zoran Milanovi\u0107 prononce un discours lorsqu'il \u00e9tait Premier ministre en 2015.\" width=\"1024\" height=\"683\" srcset=\"https:\/\/www.newsendip.com\/wp-content\/uploads\/2024\/03\/Milanovic-SDP-1024x683.webp 1024w, https:\/\/www.newsendip.com\/wp-content\/uploads\/2024\/03\/Milanovic-SDP-60x40.webp 60w, https:\/\/www.newsendip.com\/wp-content\/uploads\/2024\/03\/Milanovic-SDP-720x480.webp 720w, https:\/\/www.newsendip.com\/wp-content\/uploads\/2024\/03\/Milanovic-SDP-300x200.webp 300w, https:\/\/www.newsendip.com\/wp-content\/uploads\/2024\/03\/Milanovic-SDP-768x512.webp 768w, https:\/\/www.newsendip.com\/wp-content\/uploads\/2024\/03\/Milanovic-SDP-1536x1024.webp 1536w, https:\/\/www.newsendip.com\/wp-content\/uploads\/2024\/03\/Milanovic-SDP.webp 1900w\" sizes=\"(max-width: 1024px) 100vw, 1024px\"><figcaption id=\"caption-attachment-37952\" class=\"wp-caption-text\">Zoran Milanovi\u0107 a \u00e9t\u00e9 Premier ministre de 2011 \u00e0 2016 | \u00a9 SDP Hrvatske<\/figcaption><\/figure>\n<p>Le pr\u00e9sident croate Zoran Milanovi\u0107 a pris une d\u00e9cision controvers\u00e9e et sans pr\u00e9c\u00e9dent dimanche en annon\u00e7ant sa candidature au poste de premier ministre sans d\u00e9missionner de son poste pr\u00e9sidentiel, une d\u00e9cision jug\u00e9e inconstitutionnelle par la Cour constitutionnelle.<\/p>\n<p>Mais il a \u00e9galement d\u00e9clar\u00e9 que l\u2019\u00e9lection l\u00e9gislative auraient lieu le mercredi 17 avril, d\u00e9viant ainsi de la proc\u00e9dure habituelle d\u2019un vote le dimanche, ce qui ne manque pas d\u2019appuyer les nombreuses interrogations que ce scrutin soul\u00e8ve.<\/p>\n<p>Milanovi\u0107, homme politique nationaliste populiste, a d\u00e9j\u00e0 occup\u00e9 le poste de premier ministre de 2011 \u00e0 2016. Son mandat pr\u00e9sidentiel doit se terminer en 2025 mais il r\u00e9p\u00e8te qu\u2019il ne d\u00e9missionnera qu\u2019apr\u00e8s avoir remport\u00e9 l\u2019\u00e9lection.<\/p>\n<p>Le Premier ministre actuel, Andrej Plenkovi\u0107, au pouvoir depuis huit ans, a approuv\u00e9 la d\u00e9cision du tribunal de d\u00e9clarer inconstitutionnelles les actions de son adversaire, les d\u00e9non\u00e7ant comme un \u00ab\u202f<a href=\"https:\/\/glashrvatske.hrt.hr\/en\/politics\/plenkovic-this-is-an-attempt-at-a-mini-coup-11420971\">mini-coup d\u2019\u00c9tat<\/a>\u202f\u00bb. Il a \u00e9galement d\u00e9crit le pass\u00e9 de Milanovi\u0107 comme le \u00ab\u202fpire gouvernement de l\u2019histoire de la Croatie\u202f\u00bb. N\u00e9anmoins, il n\u2019est pas rest\u00e9 insensible au choc qui a saisi la nation \u00e0 la suite de la d\u00e9cision de Milanovi\u0107.<\/p>\n<h2>Une violation constitutionnelle\u202f?<\/h2>\n<p>Il n\u2019est pas explicitement interdit au pr\u00e9sident de participer aux \u00e9lections l\u00e9gislatives, mais de telles actions sont consid\u00e9r\u00e9es comme une violation de la Constitution qui stipule que le r\u00f4le du pr\u00e9sident reste strictement non partisan et c\u00e9r\u00e9moniel, contrairement \u00e0 celui du premier ministre, qui exerce la majeure partie du <a href=\"https:\/\/www.newsendip.com\/fr\/politique\/\">pouvoir politique<\/a> dans le&nbsp;pays.<\/p>\n<p>\u00c0 l\u2019issue d\u2019un d\u00e9bat de deux heures lundi, neuf des onze juges de la Cour constitutionnelle ont conclu que la participation de Milanovi\u0107 \u00e0 l\u2019\u00e9lection, compte tenu de son impossibilit\u00e9 de s\u2019affilier \u00e0 un parti politique, constituerait une violation de la Constitution.<\/p>\n<p>Bien que les Sociaux-d\u00e9mocrates croates (SDP) aient respect\u00e9 la d\u00e9cision et s\u2019abstiennent d\u00e9sormais d\u2019investir Milanovi\u0107 en tant que candidat, ce dernier a personnellement qualifi\u00e9 la d\u00e9cision de la Cour de \u00ab\u202fcoup d\u2019\u00c9tat constitutionnel\u202f\u00bb.<\/p>\n<p>Le tribunal a ordonn\u00e9 qu\u2019il d\u00e9missionne avant de participer \u00e0 l\u2019\u00e9lection, mais Milanovi\u0107 a jusqu\u2019\u00e0 pr\u00e9sent ignor\u00e9 la d\u00e9cision, ne souhaitant pas c\u00e9der la pr\u00e9sidence \u00e0 l\u2019Union d\u00e9mocratique croate (HDZ).<\/p>\n<p>Dans la p\u00e9riode entre l\u2019\u00e9lection et la prise de fonction, le pr\u00e9sident du Parlement croate, Gordan Jandrokovi\u0107, du HDZ prendrait en effet sa place en tant que pr\u00e9sident. Mais Milanovi\u0107 s\u2019y est oppos\u00e9&nbsp;: \u00ab\u202f<a href=\"https:\/\/siol.net\/novice\/svet\/rdeca-luc-za-milanovica-629511\">Je ne pense pas qu\u2019il soit un gangster, mais c\u2019est se rendre au HDZ<\/a>\u202f\u00bb.<\/p>\n<p>La Cour a averti que s\u2019\u00e9carter de sa d\u00e9cision entra\u00eenerait des sanctions et a sugg\u00e9r\u00e9 que l\u2019\u00e9lection pourrait \u00eatre annul\u00e9e.<\/p>\n<h2>Les partis politiques en Croatie&nbsp;:<\/h2>\n<p>Le SDP est le plus grand parti d\u2019opposition en <a href=\"https:\/\/www.newsendip.com\/fr\/etiquette\/croatie\/\">Croatie<\/a>, mais il n\u2019a pas r\u00e9ussi r\u00e9cemment \u00e0 galvaniser ses partisans et \u00e0 convaincre les \u00e9lecteurs. Le HDZ est au pouvoir sans interruption depuis 2014. Sa domination n\u2019a \u00e9t\u00e9 interrompue que deux fois par le SDP depuis la cr\u00e9ation du pays en&nbsp;1991.<\/p>\n<p>L\u2019ancienne premi\u00e8re ministre, Jadranka Kosor du HDZ, a soulign\u00e9 le d\u00e9fi sur la mainmise de Plenkovi\u0107 sur le pouvoir, en d\u00e9clarant&nbsp;: \u00ab\u202fPlenkovi\u0107 sait tr\u00e8s bien que la seule personne qui pourrait le surpasser est Zoran Milanovi\u0107.\u202f\u00bb<\/p>\n<p>Cependant, se pr\u00e9senter sans le soutien du SDP conduirait \u00e0 moins de visibilit\u00e9 \u00e0 la t\u00e9l\u00e9vision et \u00e0 peu de chances d\u2019un d\u00e9bat public avec Plenkovi\u0107. Mobiliser les \u00e9lecteurs sans ces formes traditionnelles de campagne serait nettement plus difficile. Ainsi, Milanovi\u0107 a d\u00e9clar\u00e9 son intention de d\u00e9fier la d\u00e9cision de la cour et de maintenir son r\u00f4le en tant que figure de proue du parti&nbsp;SDP.<\/p>\n<p>La strat\u00e9gie de Milanovi\u0107 a \u00e9t\u00e9 un \u00ab\u202f<a href=\"https:\/\/n1info.si\/novice\/svet\/jadranka-kosor-to-je-trenutek-splosnega-soka-o-tem-se-bo-govorilo-se-leta\/\">choc universel<\/a>\u202f\u00bb selon Kosor. Ignorer la d\u00e9cision de la Cour constitutionnelle risque d\u2019entra\u00eener un sc\u00e9nario chaotique pour l\u2019\u00e9lection, qui pourraient ainsi \u00eatre annul\u00e9es.<\/p>\n<h2>Normes antid\u00e9mocratiques sous le&nbsp;HDZ<\/h2>\n<p>Mais le parti au pouvoir est \u00e9galement accus\u00e9 de violer les normes d\u00e9mocratiques.<\/p>\n<p>En nommant Turudi\u0107 au poste de procureur g\u00e9n\u00e9ral de l\u2019\u00c9tat, le HDZ a ignor\u00e9 ses liens avec des personnes faisant l\u2019objet de poursuites p\u00e9nales pour corruption. Stipe Mesi\u00e7, l\u2019ancien pr\u00e9sident de la Croatie de 2000 \u00e0 2010, consid\u00e8re le climat politique comme une \u00ab\u202ftrag\u00e9die croate\u202f\u00bb et a salu\u00e9 la d\u00e9sob\u00e9issance de Milanovi\u0107 comme un acte h\u00e9ro\u00efque \u00ab\u202f<a href=\"https:\/\/n1info.si\/novice\/svet\/pri-hrvatih-udaril-pravi-cunami-v-meni-so-se-prebudili-instinkti-divje-macke\/\">qui remet la Croatie sur la voie de la d\u00e9mocratie<\/a>.\u202f\u00bb<\/p>\n<p>Milanovi\u0107 a fait \u00e9cho lui-m\u00eame \u00e0 ce point de vue dans une <a href=\"https:\/\/vecer.com\/svet\/politicna-kriza-na-hrvaskem-maske-pijanci-in-ples-vampirjev-10352644\">d\u00e9claration publique<\/a>, qualifiant l\u2019administration de Plenkovi\u0107 comme \u00e9tant la \u00ab\u202fplus corrompue de l\u2019histoire de la Croatie\u202f\u00bb, et d\u00e9clarant de mani\u00e8re alarmante que le pays \u00ab\u202fest en danger.\u202f\u00bb<\/p>\n<p>Bien que le SDP ait publiquement d\u00e9clar\u00e9 qu\u2019il respectait la d\u00e9cision du tribunal, refusant de soutenir Milanovi\u0107 en tant que candidat jusqu\u2019\u00e0 la fin de l\u2019\u00e9lection, Milanovi\u0107 refuse toujours de renoncer \u00e0 la pr\u00e9sidence.<\/p>\n<p>Kosor a soulign\u00e9 les profondes implications pour la politique croate, affirmant qu\u2019on \u00ab\u202fparlera pendant des d\u00e9cennies d\u2019un mouvement politique sans pr\u00e9c\u00e9dent\u202f\u00bb et que le retrait potentiel du candidat du SDP du scrutin est le pire des sc\u00e9narios, susceptible de provoquer le&nbsp;chaos.<\/p>\n<p>Il est certain en revanche que la campagne sera houleuse. Milanovi\u0107 a donn\u00e9 le ton en comparant ses adversaires \u00e0 des \u00ab\u202fvoyous et des ivrognes\u202f\u00bb qui doivent \u00eatre \u00ab\u202fchass\u00e9s du pouvoir avec un&nbsp;balai.\u202f\u00bb<\/p>\n","protected":false},"excerpt":{"rendered":"<p>Le pr\u00e9sident a annonc\u00e9 publiquement son intention de se pr\u00e9senter comme candidat du SDP au poste de premier ministre afin de contester la mainmise de Plenkovi\u0107 sur le pouvoir. Malgr\u00e9 les avertissements de sanctions de la Cour constitutionnelle, Milanovi\u0107 persiste dans sa candidature, risquant ainsi de provoquer un chaos politique en Croatie.<\/p>\n","protected":false},"author":260,"featured_media":37952,"comment_status":"closed","ping_status":"open","sticky":false,"template":"","format":"standard","meta":{"wp_typography_post_enhancements_disabled":false,"footnotes":""},"categories":[416],"tags":[914,421],"class_list":["post-37956","post","type-post","status-publish","format-standard","has-post-thumbnail","hentry","category-politique","tag-croatie","tag-vieux"],"yoast_head":"<!-- This site is optimized with the Yoast SEO Premium plugin v27.4 (Yoast SEO v27.4) - https:\/\/yoast.com\/product\/yoast-seo-premium-wordpress\/ -->\n<title>En Croatie, l&#039;annonce choc du pr\u00e9sident Zoran Milanovi\u0107 qui veut devenir premier ministre<\/title>\n<meta name=\"description\" content=\"Le pr\u00e9sident a annonc\u00e9 publiquement son intention de se pr\u00e9senter comme candidat du SDP au poste de premier ministre afin de contester la mainmise de Plenkovi\u0107 sur le pouvoir. Malgr\u00e9 les avertissements de sanctions de la Cour constitutionnelle, Milanovi\u0107 persiste dans sa candidature, risquant ainsi de provoquer un chaos politique en Croatie.\" \/>\n<meta name=\"robots\" content=\"index, follow, max-snippet:-1, max-image-preview:large, max-video-preview:-1\" \/>\n<link rel=\"canonical\" href=\"https:\/\/www.newsendip.com\/fr\/croatie-annonce-choc-president-zoran-milanovic-devenir-premier-ministre-election\/\" \/>\n<meta property=\"og:locale\" content=\"fr_FR\" \/>\n<meta property=\"og:type\" content=\"article\" \/>\n<meta property=\"og:title\" content=\"En Croatie, l&#039;annonce choc du pr\u00e9sident Zoran Milanovi\u0107 qui veut devenir premier ministre\" \/>\n<meta property=\"og:description\" content=\"Le pr\u00e9sident a annonc\u00e9 publiquement son intention de se pr\u00e9senter comme candidat du SDP au poste de premier ministre afin de contester la mainmise de Plenkovi\u0107 sur le pouvoir. Malgr\u00e9 les avertissements de sanctions de la Cour constitutionnelle, Milanovi\u0107 persiste dans sa candidature, risquant ainsi de provoquer un chaos politique en Croatie.\" \/>\n<meta property=\"og:url\" content=\"https:\/\/www.newsendip.com\/fr\/croatie-annonce-choc-president-zoran-milanovic-devenir-premier-ministre-election\/\" \/>\n<meta property=\"og:site_name\" content=\"Newsendip\" \/>\n<meta property=\"article:publisher\" content=\"https:\/\/www.facebook.com\/newsendip\" \/>\n<meta property=\"article:published_time\" content=\"2024-03-20T16:00:00+00:00\" \/>\n<meta property=\"article:modified_time\" content=\"2024-07-18T13:30:35+00:00\" \/>\n<meta property=\"og:image\" content=\"https:\/\/www.newsendip.com\/wp-content\/uploads\/2024\/03\/Milanovic-SDP.jpeg\" \/>\n\t<meta property=\"og:image:width\" content=\"1628\" \/>\n\t<meta property=\"og:image:height\" content=\"1084\" \/>\n\t<meta property=\"og:image:type\" content=\"image\/jpeg\" \/>\n<meta name=\"author\" content=\"Claire Rhea\" \/>\n<meta name=\"twitter:card\" content=\"summary_large_image\" \/>\n<meta name=\"twitter:image\" content=\"https:\/\/www.newsendip.com\/wp-content\/uploads\/2024\/03\/Milanovic-SDP.jpeg\" \/>\n<meta name=\"twitter:creator\" content=\"@newsendip\" \/>\n<meta name=\"twitter:site\" content=\"@newsendip\" \/>\n<meta name=\"twitter:label1\" content=\"\u00c9crit par\" \/>\n\t<meta name=\"twitter:data1\" content=\"Claire Rhea\" \/>\n\t<meta name=\"twitter:label2\" content=\"Dur\u00e9e de lecture estim\u00e9e\" \/>\n\t<meta name=\"twitter:data2\" content=\"5 minutes\" \/>\n<!-- \/ Yoast SEO Premium plugin. -->","yoast_head_json":{"title":"En Croatie, l'annonce choc du pr\u00e9sident Zoran Milanovi\u0107 qui veut devenir premier ministre","description":"Le pr\u00e9sident a annonc\u00e9 publiquement son intention de se pr\u00e9senter comme candidat du SDP au poste de premier ministre afin de contester la mainmise de Plenkovi\u0107 sur le pouvoir. Malgr\u00e9 les avertissements de sanctions de la Cour constitutionnelle, Milanovi\u0107 persiste dans sa candidature, risquant ainsi de provoquer un chaos politique en Croatie.","robots":{"index":"index","follow":"follow","max-snippet":"max-snippet:-1","max-image-preview":"max-image-preview:large","max-video-preview":"max-video-preview:-1"},"canonical":"https:\/\/www.newsendip.com\/fr\/croatie-annonce-choc-president-zoran-milanovic-devenir-premier-ministre-election\/","og_locale":"fr_FR","og_type":"article","og_title":"En Croatie, l'annonce choc du pr\u00e9sident Zoran Milanovi\u0107 qui veut devenir premier ministre","og_description":"Le pr\u00e9sident a annonc\u00e9 publiquement son intention de se pr\u00e9senter comme candidat du SDP au poste de premier ministre afin de contester la mainmise de Plenkovi\u0107 sur le pouvoir. Malgr\u00e9 les avertissements de sanctions de la Cour constitutionnelle, Milanovi\u0107 persiste dans sa candidature, risquant ainsi de provoquer un chaos politique en Croatie.","og_url":"https:\/\/www.newsendip.com\/fr\/croatie-annonce-choc-president-zoran-milanovic-devenir-premier-ministre-election\/","og_site_name":"Newsendip","article_publisher":"https:\/\/www.facebook.com\/newsendip","article_published_time":"2024-03-20T16:00:00+00:00","article_modified_time":"2024-07-18T13:30:35+00:00","og_image":[{"width":1628,"height":1084,"url":"https:\/\/www.newsendip.com\/wp-content\/uploads\/2024\/03\/Milanovic-SDP.jpeg","type":"image\/jpeg"}],"author":"Claire Rhea","twitter_card":"summary_large_image","twitter_image":"https:\/\/www.newsendip.com\/wp-content\/uploads\/2024\/03\/Milanovic-SDP.jpeg","twitter_creator":"@newsendip","twitter_site":"@newsendip","twitter_misc":{"\u00c9crit par":"Claire Rhea","Dur\u00e9e de lecture estim\u00e9e":"5 minutes"},"schema":{"@context":"https:\/\/schema.org","@graph":[{"@type":"NewsArticle","@id":"https:\/\/www.newsendip.com\/fr\/croatie-annonce-choc-president-zoran-milanovic-devenir-premier-ministre-election\/#article","isPartOf":{"@id":"https:\/\/www.newsendip.com\/fr\/croatie-annonce-choc-president-zoran-milanovic-devenir-premier-ministre-election\/"},"author":{"name":"Claire Rhea","@id":"https:\/\/www.newsendip.com\/fr\/#\/schema\/person\/e2f1f831c2917545cdc6413974e67011"},"headline":"En Croatie, l\u2019annonce choc du pr\u00e9sident Zoran Milanovi\u0107 qui veut devenir premier ministre","datePublished":"2024-03-20T16:00:00+00:00","dateModified":"2024-07-18T13:30:35+00:00","mainEntityOfPage":{"@id":"https:\/\/www.newsendip.com\/fr\/croatie-annonce-choc-president-zoran-milanovic-devenir-premier-ministre-election\/"},"wordCount":1034,"publisher":{"@id":"https:\/\/www.newsendip.com\/fr\/#organization"},"image":{"@id":"https:\/\/www.newsendip.com\/fr\/croatie-annonce-choc-president-zoran-milanovic-devenir-premier-ministre-election\/#primaryimage"},"thumbnailUrl":"https:\/\/www.newsendip.com\/wp-content\/uploads\/2024\/03\/Milanovic-SDP.webp","keywords":["Croatie","Vieux"],"articleSection":["Politique"],"inLanguage":"fr-FR","copyrightYear":"2024","copyrightHolder":{"@id":"https:\/\/www.newsendip.com\/#organization"}},{"@type":"WebPage","@id":"https:\/\/www.newsendip.com\/fr\/croatie-annonce-choc-president-zoran-milanovic-devenir-premier-ministre-election\/","url":"https:\/\/www.newsendip.com\/fr\/croatie-annonce-choc-president-zoran-milanovic-devenir-premier-ministre-election\/","name":"En Croatie, l'annonce choc du pr\u00e9sident Zoran Milanovi\u0107 qui veut devenir premier ministre","isPartOf":{"@id":"https:\/\/www.newsendip.com\/fr\/#website"},"primaryImageOfPage":{"@id":"https:\/\/www.newsendip.com\/fr\/croatie-annonce-choc-president-zoran-milanovic-devenir-premier-ministre-election\/#primaryimage"},"image":{"@id":"https:\/\/www.newsendip.com\/fr\/croatie-annonce-choc-president-zoran-milanovic-devenir-premier-ministre-election\/#primaryimage"},"thumbnailUrl":"https:\/\/www.newsendip.com\/wp-content\/uploads\/2024\/03\/Milanovic-SDP.webp","datePublished":"2024-03-20T16:00:00+00:00","dateModified":"2024-07-18T13:30:35+00:00","description":"Le pr\u00e9sident a annonc\u00e9 publiquement son intention de se pr\u00e9senter comme candidat du SDP au poste de premier ministre afin de contester la mainmise de Plenkovi\u0107 sur le pouvoir. Malgr\u00e9 les avertissements de sanctions de la Cour constitutionnelle, Milanovi\u0107 persiste dans sa candidature, risquant ainsi de provoquer un chaos politique en Croatie.","breadcrumb":{"@id":"https:\/\/www.newsendip.com\/fr\/croatie-annonce-choc-president-zoran-milanovic-devenir-premier-ministre-election\/#breadcrumb"},"inLanguage":"fr-FR","potentialAction":[{"@type":"ReadAction","target":["https:\/\/www.newsendip.com\/fr\/croatie-annonce-choc-president-zoran-milanovic-devenir-premier-ministre-election\/"]}]},{"@type":"ImageObject","inLanguage":"fr-FR","@id":"https:\/\/www.newsendip.com\/fr\/croatie-annonce-choc-president-zoran-milanovic-devenir-premier-ministre-election\/#primaryimage","url":"https:\/\/www.newsendip.com\/wp-content\/uploads\/2024\/03\/Milanovic-SDP.webp","contentUrl":"https:\/\/www.newsendip.com\/wp-content\/uploads\/2024\/03\/Milanovic-SDP.webp","width":1900,"height":1267,"caption":"Zoran Milanovi\u0107 a \u00e9t\u00e9 Premier ministre de 2011 \u00e0 2016 | \u00a9 SDP Hrvatske"},{"@type":"BreadcrumbList","@id":"https:\/\/www.newsendip.com\/fr\/croatie-annonce-choc-president-zoran-milanovic-devenir-premier-ministre-election\/#breadcrumb","itemListElement":[{"@type":"ListItem","position":1,"name":"Accueil","item":"https:\/\/www.newsendip.com\/fr\/"},{"@type":"ListItem","position":2,"name":"En Croatie, l&#8217;annonce choc du pr\u00e9sident Zoran Milanovi\u0107 qui veut devenir premier ministre"}]},{"@type":"WebSite","@id":"https:\/\/www.newsendip.com\/fr\/#website","url":"https:\/\/www.newsendip.com\/fr\/","name":"Newsendip","description":"Red\u00e9couvrez l&#039;actualit\u00e9 internationale","publisher":{"@id":"https:\/\/www.newsendip.com\/fr\/#organization"},"potentialAction":[{"@type":"SearchAction","target":{"@type":"EntryPoint","urlTemplate":"https:\/\/www.newsendip.com\/fr\/?s={search_term_string}"},"query-input":{"@type":"PropertyValueSpecification","valueRequired":true,"valueName":"search_term_string"}}],"inLanguage":"fr-FR"},{"@type":"Organization","@id":"https:\/\/www.newsendip.com\/fr\/#organization","name":"Newsendip","url":"https:\/\/www.newsendip.com\/fr\/","logo":{"@type":"ImageObject","inLanguage":"fr-FR","@id":"https:\/\/www.newsendip.com\/fr\/#\/schema\/logo\/image\/","url":"https:\/\/www.newsendip.com\/wp-content\/uploads\/2023\/12\/512x512.svg","contentUrl":"https:\/\/www.newsendip.com\/wp-content\/uploads\/2023\/12\/512x512.svg","width":1,"height":1,"caption":"Newsendip"},"image":{"@id":"https:\/\/www.newsendip.com\/fr\/#\/schema\/logo\/image\/"},"sameAs":["https:\/\/www.facebook.com\/newsendip","https:\/\/x.com\/newsendip","https:\/\/mastodon.social\/@newsendip","https:\/\/www.linkedin.com\/company\/newsendip"],"description":"Newsendip est un site qui a pour mission de rendre l'actualit\u00e9 internationale accessible et diversifi\u00e9e","email":"contact@newsendip.com","legalName":"Newsendip SAS","foundingDate":"2022-11-04","vatID":"FR60921124723","numberOfEmployees":{"@type":"QuantitativeValue","minValue":"1","maxValue":"10"},"publishingPrinciples":"https:\/\/www.newsendip.com\/about-us\/","ownershipFundingInfo":"https:\/\/www.newsendip.com\/legal-notice\/","actionableFeedbackPolicy":"https:\/\/www.newsendip.com\/about-us\/","correctionsPolicy":"https:\/\/www.newsendip.com\/about-us\/","ethicsPolicy":"https:\/\/www.newsendip.com\/about-us\/","diversityPolicy":"https:\/\/www.newsendip.com\/about-us\/"},{"@type":"Person","@id":"https:\/\/www.newsendip.com\/fr\/#\/schema\/person\/e2f1f831c2917545cdc6413974e67011","name":"Claire Rhea","description":"Claire is a journalist for Newsendip. She grew up in London but is a dual citizen of the United States and France. She graduated from McGill University in Montr\u00e9al, Canada, in political Science and economics. She also lived in Italy.","sameAs":["https:\/\/www.linkedin.com\/in\/claire-rhea-027428167\/"],"knowsAbout":["News"],"knowsLanguage":["English","French"],"url":"https:\/\/www.newsendip.com\/fr\/author\/claire-rhea\/"}]}},"_links":{"self":[{"href":"https:\/\/www.newsendip.com\/fr\/wp-json\/wp\/v2\/posts\/37956","targetHints":{"allow":["GET"]}}],"collection":[{"href":"https:\/\/www.newsendip.com\/fr\/wp-json\/wp\/v2\/posts"}],"about":[{"href":"https:\/\/www.newsendip.com\/fr\/wp-json\/wp\/v2\/types\/post"}],"author":[{"embeddable":true,"href":"https:\/\/www.newsendip.com\/fr\/wp-json\/wp\/v2\/users\/260"}],"replies":[{"embeddable":true,"href":"https:\/\/www.newsendip.com\/fr\/wp-json\/wp\/v2\/comments?post=37956"}],"version-history":[{"count":0,"href":"https:\/\/www.newsendip.com\/fr\/wp-json\/wp\/v2\/posts\/37956\/revisions"}],"wp:featuredmedia":[{"embeddable":true,"href":"https:\/\/www.newsendip.com\/fr\/wp-json\/wp\/v2\/media\/37952"}],"wp:attachment":[{"href":"https:\/\/www.newsendip.com\/fr\/wp-json\/wp\/v2\/media?parent=37956"}],"wp:term":[{"taxonomy":"category","embeddable":true,"href":"https:\/\/www.newsendip.com\/fr\/wp-json\/wp\/v2\/categories?post=37956"},{"taxonomy":"post_tag","embeddable":true,"href":"https:\/\/www.newsendip.com\/fr\/wp-json\/wp\/v2\/tags?post=37956"}],"curies":[{"name":"wp","href":"https:\/\/api.w.org\/{rel}","templated":true}]}}