{"id":38117,"date":"2024-03-26T17:25:41","date_gmt":"2024-03-26T16:25:41","guid":{"rendered":"https:\/\/www.newsendip.com\/?p=38117"},"modified":"2024-07-18T16:16:19","modified_gmt":"2024-07-18T14:16:19","slug":"en-colombie-une-nouvelle-ecole-rend-hommage-a-un-commandant-de-guerilla","status":"publish","type":"post","link":"https:\/\/www.newsendip.com\/fr\/en-colombie-une-nouvelle-ecole-rend-hommage-a-un-commandant-de-guerilla\/","title":{"rendered":"En Colombie, une nouvelle \u00e9cole rend hommage \u00e0 un commandant de gu\u00e9rilla"},"content":{"rendered":"<p><strong>L\u2019inauguration de l\u2019internat \u00ab\u202fGentil Duarte\u202f\u00bb est pr\u00e9vue pour les 12 et 13 avril prochain dans une zone de la r\u00e9gion de Caquet\u00e1 contr\u00f4l\u00e9e par des dissidents des Forces arm\u00e9es r\u00e9volutionnaires de Colombie (FARC).<\/strong><\/p>\n<figure id=\"attachment_38120\" aria-describedby=\"caption-attachment-38120\" style=\"width: 1024px\" class=\"wp-caption aligncenter\"><img decoding=\"async\" class=\"size-large wp-image-38120\" src=\"https:\/\/www.newsendip.com\/wp-content\/uploads\/2024\/03\/Colombia-AntiFARC-protest-1024x678.webp\" alt=\"Une d\u00e9monstration pour la paix en Colombie en 2016.\" width=\"1024\" height=\"678\" srcset=\"https:\/\/www.newsendip.com\/wp-content\/uploads\/2024\/03\/Colombia-AntiFARC-protest-1024x678.webp 1024w, https:\/\/www.newsendip.com\/wp-content\/uploads\/2024\/03\/Colombia-AntiFARC-protest-60x40.webp 60w, https:\/\/www.newsendip.com\/wp-content\/uploads\/2024\/03\/Colombia-AntiFARC-protest-300x199.webp 300w, https:\/\/www.newsendip.com\/wp-content\/uploads\/2024\/03\/Colombia-AntiFARC-protest-768x509.webp 768w, https:\/\/www.newsendip.com\/wp-content\/uploads\/2024\/03\/Colombia-AntiFARC-protest-1536x1017.webp 1536w, https:\/\/www.newsendip.com\/wp-content\/uploads\/2024\/03\/Colombia-AntiFARC-protest.webp 2048w\" sizes=\"(max-width: 1024px) 100vw, 1024px\"><figcaption id=\"caption-attachment-38120\" class=\"wp-caption-text\">L\u2019accord de paix final entre le gouvernement colombien et les FARC a \u00e9t\u00e9 ratifi\u00e9 par le Congr\u00e8s en novembre 2016, marquant la fin du conflit. Mais la violence a depuis pris d\u2019autres formes, perp\u00e9tr\u00e9es par des groupes arm\u00e9s. | \u00a9 Leon Hernandez<\/figcaption><\/figure>\n<p>C\u2019est \u00e0 172 kilom\u00e8tres de San Vicente del Cagu\u00e1n, dans une r\u00e9gion du sud-ouest de la <a href=\"https:\/\/www.newsendip.com\/fr\/etiquette\/colombie\/\">Colombie<\/a>, sous contr\u00f4le absolu des FARC-EP (Forces arm\u00e9es r\u00e9volutionnaires de Colombie \u2013 Arm\u00e9e du peuple) d\u2019Iv\u00e1n Mordisco, qu\u2019ouvriront bient\u00f4t les portes de l\u2019internat \u00ab\u202f<em>Gentil Duarte<\/em>\u202f\u00bb<em>.<\/em><\/p>\n<p>Pseudonyme de Miguel Botache Santillana, Gentil Duarte \u00e9tait l\u2019un des criminels les plus recherch\u00e9s de Colombie et principal dirigeant des forces arm\u00e9es r\u00e9volutionnaires dissidentes. Il est d\u00e9c\u00e9d\u00e9 le 31 mai 2022 dans une zone frontali\u00e8re proche du Venezuela.<\/p>\n<h2><strong>\u00ab\u202f<\/strong>C\u2019\u00e9tait une grande personne<strong>\u202f\u00bb<\/strong><\/h2>\n<p>Salud Hern\u00e1ndez-Mora, journaliste pour le quotidien colombien<a href=\"https:\/\/www.semana.com\/politica\/articulo\/semana-el-primer-medio-en-llegar-hasta-el-imponente-y-controvertido-internado-gentil-duarte-en-medio-de-la-selva-entre-caqueta-y-meta\/202452\/\"> <em>Semana<\/em><\/a>, s\u2019est rendue sur place pour interroger la communaut\u00e9 quant \u00e0 ce choix de nom pour le moins controvers\u00e9. <em><strong>\u00ab\u202f<\/strong>Notre camarade \u00e9tait de cette r\u00e9gion et il a aid\u00e9 beaucoup de gens. C\u2019\u00e9tait une grande personne, <\/em>lui r\u00e9torque un habitant qui s\u2019identifie comme membre du groupe dissident.<em> Cet \u00e9tablissement \u00e9ducatif aurait d\u00fb \u00eatre r\u00e9alis\u00e9 par le gouvernement et non par les communaut\u00e9s, mais ils ne font rien, <\/em>d\u00e9clare-t-il,<em> l\u2019internat est un besoin urgent dans cette zone tr\u00e8s recul\u00e9e.<\/em>\u202f\u00bb<\/p>\n<p>En effet, les habitants de la zone expliquent avoir financ\u00e9 l\u2019\u00e9cole avec l\u2019argent des p\u00e9ages et des taxes pay\u00e9es par les \u00e9leveurs et les propri\u00e9taires agricoles en guise de contributions au Comit\u00e9 d\u2019action communautaire qui, entre autres, maintient les routes en parfait \u00e9tat. Mais officiellement, on ne sait pas qui a financ\u00e9 ces travaux et pourquoi la communaut\u00e9 a permis de la baptiser <strong>\u00ab\u202f<\/strong><em>Gentil Duarte<\/em>\u202f\u00bb.<\/p>\n<p>Ces interrogations ont conduit diff\u00e9rents acteurs politiques \u00e0 penser que l\u2019\u00e9cole avait peut-\u00eatre le soutien des dissidents.<em>&nbsp;<\/em><\/p>\n<p>Quelques jours apr\u00e8s avoir publiquement soutenu le mouvement et diffus\u00e9 une <a href=\"https:\/\/www.facebook.com\/watch\/?v=304552605706196\">vid\u00e9o<\/a> invitant \u00e0 se rendre \u00e0 l\u2019inauguration de l\u2019\u00e9tablissement, le maire de San Vicente de Cagu\u00e1n, <a href=\"https:\/\/www.facebook.com\/watch\/?v=1334791220539415\">a fait marche arri\u00e8re<\/a>. En effet, Luis Trujillo a d\u00e9clar\u00e9 qu\u2019il ne savait pas que l\u2019institution portait le nom de l\u2019ancien commandant de gu\u00e9rilla et qu\u2019il \u00e9tait dispos\u00e9 \u00e0 en discuter avec les communaut\u00e9s pour proposer une alternative. \u00ab\u202f<em>J\u2019ai \u00e9t\u00e9 surpris par la vid\u00e9o qui indique que le pensionnat portera le nom d\u2019un chef de gu\u00e9rilla. Si l\u2019on veut que cela fonctionne l\u00e9galement, l\u2019\u00e9cole ne peut pas \u00eatre une apologie du crime<\/em>\u202f\u00bb<em>,<\/em> a\u2011t-il expliqu\u00e9.<\/p>\n<p>Le gouvernement colombien a quant \u00e0 lui ni\u00e9 la viabilit\u00e9 de l\u2019infrastructure, notamment parce que son financement n\u2019est pas clair. Le D\u00e9fenseur des Droits, Carlos Camargo, <a href=\"https:\/\/twitter.com\/elmeridiano_co\/status\/1769404489901981874\">a exig\u00e9<\/a> la transparence sur l\u2019origine du nom de l\u2019\u00e9cole et les ressources utilis\u00e9es pour sa construction.<\/p>\n<p>En outre, il a demand\u00e9 que des param\u00e8tres clairs soient \u00e9tablis avant d\u2019envisager son ouverture. \u00ab\u202f<em>Nous rejetons cat\u00e9goriquement la c\u00e9l\u00e9bration de membres de groupes arm\u00e9s ill\u00e9gaux, qui ont commis de graves violations des droits de l\u2019homme. Les acteurs des groupes arm\u00e9s ill\u00e9gaux continuent de violer syst\u00e9matiquement les droits des enfants et des adolescents<\/em>\u202f\u00bb<em>,<\/em> a d\u00e9clar\u00e9 Camargo.<\/p>\n<h2>Revendications d\u2019attentats<\/h2>\n<p>Que va-t-il arriver \u00e0 l\u2019internat\u202f? Personne ne le sait car, sans reconnaissance nationale, on ne peut pas y envoyer d\u2019enseignants. Et m\u00eame si les communaut\u00e9s s\u2019octroient les services de professeurs priv\u00e9s de la primaire au lyc\u00e9e, les enfants ne pourraient pas rejoindre le syst\u00e8me acad\u00e9mique officiel \u00e0 la fin de leur cursus.<\/p>\n<p>En 2016, les combattants des <a href=\"https:\/\/www.newsendip.com\/fr\/les-etats-unis-ont-officiellement-retire-les-farc-de-la-liste-des-organisations-terroristes\/\">Forces arm\u00e9es r\u00e9volutionnaires de Colombie<\/a> (FARC) achevaient officiellement leur d\u00e9mobilisation, marquant la fin d\u2019un conflit de 53 ans avec le gouvernement colombien. Plus de 10 000 membres des FARC ont rendu les armes dans le cadre d\u2019un processus v\u00e9rifi\u00e9 par une mission des Nations Unies dans le&nbsp;pays.<\/p>\n<p>N\u00e9anmoins, certains combattants des FARC ont rejet\u00e9 le processus de paix. Une myriade de groupes arm\u00e9s, souvent appel\u00e9s <strong>\u00ab\u202f<\/strong>groupes dissidents des FARC<strong>\u202f\u00bb<\/strong>, ont \u00e9merg\u00e9.<\/p>\n<p>Au cours de ces derni\u00e8res ann\u00e9es, ces groupes ont revendiqu\u00e9 la responsabilit\u00e9 d\u2019un attentat \u00e0 la bombe contre une base militaire, ainsi que d\u2019une fusillade contre un h\u00e9licopt\u00e8re transportant l\u2019ancien pr\u00e9sident colombien Iv\u00e1n&nbsp;Duque.<\/p>\n","protected":false},"excerpt":{"rendered":"<p>L\u2019inauguration de l\u2019internat \u00ab\u202fGentil Duarte\u202f\u00bb est pr\u00e9vue pour les 12 et 13 avril prochain dans une zone de la r\u00e9gion de Caquet\u00e1 contr\u00f4l\u00e9e par des dissidents des Forces arm\u00e9es r\u00e9volutionnaires de Colombie (FARC).<\/p>\n","protected":false},"author":237,"featured_media":38120,"comment_status":"closed","ping_status":"open","sticky":false,"template":"","format":"standard","meta":{"wp_typography_post_enhancements_disabled":false,"footnotes":""},"categories":[409],"tags":[440,421],"class_list":["post-38117","post","type-post","status-publish","format-standard","has-post-thumbnail","hentry","category-societe","tag-colombie","tag-vieux"],"yoast_head":"<!-- This site is optimized with the Yoast SEO Premium plugin v27.4 (Yoast SEO v27.4) - https:\/\/yoast.com\/product\/yoast-seo-premium-wordpress\/ -->\n<title>En Colombie, une nouvelle \u00e9cole rend hommage \u00e0 un commandant de gu\u00e9rilla<\/title>\n<meta name=\"description\" content=\"L\u2019inauguration de l\u2019internat &quot;Gentil Duarte&quot; est pr\u00e9vue pour les 12 et 13 avril prochain dans une zone de la r\u00e9gion de Caquet\u00e1 contr\u00f4l\u00e9e par des dissidents des Forces arm\u00e9es r\u00e9volutionnaires de Colombie (FARC).\" \/>\n<meta name=\"robots\" content=\"index, follow, max-snippet:-1, max-image-preview:large, max-video-preview:-1\" \/>\n<link rel=\"canonical\" href=\"https:\/\/www.newsendip.com\/fr\/en-colombie-une-nouvelle-ecole-rend-hommage-a-un-commandant-de-guerilla\/\" \/>\n<meta property=\"og:locale\" content=\"fr_FR\" \/>\n<meta property=\"og:type\" content=\"article\" \/>\n<meta property=\"og:title\" content=\"En Colombie, une nouvelle \u00e9cole rend hommage \u00e0 un commandant de gu\u00e9rilla\" \/>\n<meta property=\"og:description\" content=\"L\u2019inauguration de l\u2019internat &quot;Gentil Duarte&quot; est pr\u00e9vue pour les 12 et 13 avril prochain dans une zone de la r\u00e9gion de Caquet\u00e1 contr\u00f4l\u00e9e par des dissidents des Forces arm\u00e9es r\u00e9volutionnaires de Colombie (FARC).\" \/>\n<meta property=\"og:url\" content=\"https:\/\/www.newsendip.com\/fr\/en-colombie-une-nouvelle-ecole-rend-hommage-a-un-commandant-de-guerilla\/\" \/>\n<meta property=\"og:site_name\" content=\"Newsendip\" \/>\n<meta property=\"article:publisher\" content=\"https:\/\/www.facebook.com\/newsendip\" \/>\n<meta property=\"article:published_time\" content=\"2024-03-26T16:25:41+00:00\" \/>\n<meta property=\"article:modified_time\" content=\"2024-07-18T14:16:19+00:00\" \/>\n<meta property=\"og:image\" content=\"https:\/\/www.newsendip.com\/wp-content\/uploads\/2024\/03\/Colombia-AntiFARC-protest.jpeg\" \/>\n\t<meta property=\"og:image:width\" content=\"1945\" \/>\n\t<meta property=\"og:image:height\" content=\"1288\" \/>\n\t<meta property=\"og:image:type\" content=\"image\/jpeg\" \/>\n<meta name=\"author\" content=\"Julie Carballo\" \/>\n<meta name=\"twitter:card\" content=\"summary_large_image\" \/>\n<meta name=\"twitter:image\" content=\"https:\/\/www.newsendip.com\/wp-content\/uploads\/2024\/03\/Colombia-AntiFARC-protest.jpeg\" \/>\n<meta name=\"twitter:creator\" content=\"@https:\/\/twitter.com\/JulieCarballo\" \/>\n<meta name=\"twitter:site\" content=\"@newsendip\" \/>\n<meta name=\"twitter:label1\" content=\"\u00c9crit par\" \/>\n\t<meta name=\"twitter:data1\" content=\"Julie Carballo\" \/>\n\t<meta name=\"twitter:label2\" content=\"Dur\u00e9e de lecture estim\u00e9e\" \/>\n\t<meta name=\"twitter:data2\" content=\"4 minutes\" \/>\n<!-- \/ Yoast SEO Premium plugin. -->","yoast_head_json":{"title":"En Colombie, une nouvelle \u00e9cole rend hommage \u00e0 un commandant de gu\u00e9rilla","description":"L\u2019inauguration de l\u2019internat \"Gentil Duarte\" est pr\u00e9vue pour les 12 et 13 avril prochain dans une zone de la r\u00e9gion de Caquet\u00e1 contr\u00f4l\u00e9e par des dissidents des Forces arm\u00e9es r\u00e9volutionnaires de Colombie (FARC).","robots":{"index":"index","follow":"follow","max-snippet":"max-snippet:-1","max-image-preview":"max-image-preview:large","max-video-preview":"max-video-preview:-1"},"canonical":"https:\/\/www.newsendip.com\/fr\/en-colombie-une-nouvelle-ecole-rend-hommage-a-un-commandant-de-guerilla\/","og_locale":"fr_FR","og_type":"article","og_title":"En Colombie, une nouvelle \u00e9cole rend hommage \u00e0 un commandant de gu\u00e9rilla","og_description":"L\u2019inauguration de l\u2019internat \"Gentil Duarte\" est pr\u00e9vue pour les 12 et 13 avril prochain dans une zone de la r\u00e9gion de Caquet\u00e1 contr\u00f4l\u00e9e par des dissidents des Forces arm\u00e9es r\u00e9volutionnaires de Colombie (FARC).","og_url":"https:\/\/www.newsendip.com\/fr\/en-colombie-une-nouvelle-ecole-rend-hommage-a-un-commandant-de-guerilla\/","og_site_name":"Newsendip","article_publisher":"https:\/\/www.facebook.com\/newsendip","article_published_time":"2024-03-26T16:25:41+00:00","article_modified_time":"2024-07-18T14:16:19+00:00","og_image":[{"width":1945,"height":1288,"url":"https:\/\/www.newsendip.com\/wp-content\/uploads\/2024\/03\/Colombia-AntiFARC-protest.jpeg","type":"image\/jpeg"}],"author":"Julie Carballo","twitter_card":"summary_large_image","twitter_image":"https:\/\/www.newsendip.com\/wp-content\/uploads\/2024\/03\/Colombia-AntiFARC-protest.jpeg","twitter_creator":"@https:\/\/twitter.com\/JulieCarballo","twitter_site":"@newsendip","twitter_misc":{"\u00c9crit par":"Julie Carballo","Dur\u00e9e de lecture estim\u00e9e":"4 minutes"},"schema":{"@context":"https:\/\/schema.org","@graph":[{"@type":"NewsArticle","@id":"https:\/\/www.newsendip.com\/fr\/en-colombie-une-nouvelle-ecole-rend-hommage-a-un-commandant-de-guerilla\/#article","isPartOf":{"@id":"https:\/\/www.newsendip.com\/fr\/en-colombie-une-nouvelle-ecole-rend-hommage-a-un-commandant-de-guerilla\/"},"author":{"name":"Julie Carballo","@id":"https:\/\/www.newsendip.com\/fr\/#\/schema\/person\/4fd26e598eb9518ae499a7bbc3538f1e"},"headline":"En Colombie, une nouvelle \u00e9cole rend hommage \u00e0 un commandant de gu\u00e9rilla","datePublished":"2024-03-26T16:25:41+00:00","dateModified":"2024-07-18T14:16:19+00:00","mainEntityOfPage":{"@id":"https:\/\/www.newsendip.com\/fr\/en-colombie-une-nouvelle-ecole-rend-hommage-a-un-commandant-de-guerilla\/"},"wordCount":808,"publisher":{"@id":"https:\/\/www.newsendip.com\/fr\/#organization"},"image":{"@id":"https:\/\/www.newsendip.com\/fr\/en-colombie-une-nouvelle-ecole-rend-hommage-a-un-commandant-de-guerilla\/#primaryimage"},"thumbnailUrl":"https:\/\/www.newsendip.com\/wp-content\/uploads\/2024\/03\/Colombia-AntiFARC-protest.webp","keywords":["Colombie","Vieux"],"articleSection":["Soci\u00e9t\u00e9"],"inLanguage":"fr-FR","copyrightYear":"2024","copyrightHolder":{"@id":"https:\/\/www.newsendip.com\/#organization"}},{"@type":"WebPage","@id":"https:\/\/www.newsendip.com\/fr\/en-colombie-une-nouvelle-ecole-rend-hommage-a-un-commandant-de-guerilla\/","url":"https:\/\/www.newsendip.com\/fr\/en-colombie-une-nouvelle-ecole-rend-hommage-a-un-commandant-de-guerilla\/","name":"En Colombie, une nouvelle \u00e9cole rend hommage \u00e0 un commandant de gu\u00e9rilla","isPartOf":{"@id":"https:\/\/www.newsendip.com\/fr\/#website"},"primaryImageOfPage":{"@id":"https:\/\/www.newsendip.com\/fr\/en-colombie-une-nouvelle-ecole-rend-hommage-a-un-commandant-de-guerilla\/#primaryimage"},"image":{"@id":"https:\/\/www.newsendip.com\/fr\/en-colombie-une-nouvelle-ecole-rend-hommage-a-un-commandant-de-guerilla\/#primaryimage"},"thumbnailUrl":"https:\/\/www.newsendip.com\/wp-content\/uploads\/2024\/03\/Colombia-AntiFARC-protest.webp","datePublished":"2024-03-26T16:25:41+00:00","dateModified":"2024-07-18T14:16:19+00:00","description":"L\u2019inauguration de l\u2019internat \"Gentil Duarte\" est pr\u00e9vue pour les 12 et 13 avril prochain dans une zone de la r\u00e9gion de Caquet\u00e1 contr\u00f4l\u00e9e par des dissidents des Forces arm\u00e9es r\u00e9volutionnaires de Colombie (FARC).","breadcrumb":{"@id":"https:\/\/www.newsendip.com\/fr\/en-colombie-une-nouvelle-ecole-rend-hommage-a-un-commandant-de-guerilla\/#breadcrumb"},"inLanguage":"fr-FR","potentialAction":[{"@type":"ReadAction","target":["https:\/\/www.newsendip.com\/fr\/en-colombie-une-nouvelle-ecole-rend-hommage-a-un-commandant-de-guerilla\/"]}]},{"@type":"ImageObject","inLanguage":"fr-FR","@id":"https:\/\/www.newsendip.com\/fr\/en-colombie-une-nouvelle-ecole-rend-hommage-a-un-commandant-de-guerilla\/#primaryimage","url":"https:\/\/www.newsendip.com\/wp-content\/uploads\/2024\/03\/Colombia-AntiFARC-protest.webp","contentUrl":"https:\/\/www.newsendip.com\/wp-content\/uploads\/2024\/03\/Colombia-AntiFARC-protest.webp","width":2048,"height":1356,"caption":"L\u2019accord de paix final entre le gouvernement colombien et les FARC a \u00e9t\u00e9 ratifi\u00e9 par le Congr\u00e8s en novembre 2016, marquant la fin du conflit. Mais la violence a depuis pris d\u2019autres formes, perp\u00e9tr\u00e9es par des groupes arm\u00e9s. | \u00a9 Leon Hernandez"},{"@type":"BreadcrumbList","@id":"https:\/\/www.newsendip.com\/fr\/en-colombie-une-nouvelle-ecole-rend-hommage-a-un-commandant-de-guerilla\/#breadcrumb","itemListElement":[{"@type":"ListItem","position":1,"name":"Accueil","item":"https:\/\/www.newsendip.com\/fr\/"},{"@type":"ListItem","position":2,"name":"En Colombie, une nouvelle \u00e9cole rend hommage \u00e0 un commandant de gu\u00e9rilla"}]},{"@type":"WebSite","@id":"https:\/\/www.newsendip.com\/fr\/#website","url":"https:\/\/www.newsendip.com\/fr\/","name":"Newsendip","description":"Red\u00e9couvrez l&#039;actualit\u00e9 internationale","publisher":{"@id":"https:\/\/www.newsendip.com\/fr\/#organization"},"potentialAction":[{"@type":"SearchAction","target":{"@type":"EntryPoint","urlTemplate":"https:\/\/www.newsendip.com\/fr\/?s={search_term_string}"},"query-input":{"@type":"PropertyValueSpecification","valueRequired":true,"valueName":"search_term_string"}}],"inLanguage":"fr-FR"},{"@type":"Organization","@id":"https:\/\/www.newsendip.com\/fr\/#organization","name":"Newsendip","url":"https:\/\/www.newsendip.com\/fr\/","logo":{"@type":"ImageObject","inLanguage":"fr-FR","@id":"https:\/\/www.newsendip.com\/fr\/#\/schema\/logo\/image\/","url":"https:\/\/www.newsendip.com\/wp-content\/uploads\/2023\/12\/512x512.svg","contentUrl":"https:\/\/www.newsendip.com\/wp-content\/uploads\/2023\/12\/512x512.svg","width":1,"height":1,"caption":"Newsendip"},"image":{"@id":"https:\/\/www.newsendip.com\/fr\/#\/schema\/logo\/image\/"},"sameAs":["https:\/\/www.facebook.com\/newsendip","https:\/\/x.com\/newsendip","https:\/\/mastodon.social\/@newsendip","https:\/\/www.linkedin.com\/company\/newsendip"],"description":"Newsendip est un site qui a pour mission de rendre l'actualit\u00e9 internationale accessible et diversifi\u00e9e","email":"contact@newsendip.com","legalName":"Newsendip SAS","foundingDate":"2022-11-04","vatID":"FR60921124723","numberOfEmployees":{"@type":"QuantitativeValue","minValue":"1","maxValue":"10"},"publishingPrinciples":"https:\/\/www.newsendip.com\/about-us\/","ownershipFundingInfo":"https:\/\/www.newsendip.com\/legal-notice\/","actionableFeedbackPolicy":"https:\/\/www.newsendip.com\/about-us\/","correctionsPolicy":"https:\/\/www.newsendip.com\/about-us\/","ethicsPolicy":"https:\/\/www.newsendip.com\/about-us\/","diversityPolicy":"https:\/\/www.newsendip.com\/about-us\/"},{"@type":"Person","@id":"https:\/\/www.newsendip.com\/fr\/#\/schema\/person\/4fd26e598eb9518ae499a7bbc3538f1e","name":"Julie Carballo","description":"Julie Carballo is a journalist for Newsendip. She used to work for the French newspaper Le Figaro and at the Italian bureau of the international press agency AFP.","sameAs":["https:\/\/www.linkedin.com\/in\/julie-carballo12\/","https:\/\/x.com\/https:\/\/twitter.com\/JulieCarballo"],"knowsAbout":["News"],"knowsLanguage":["French","English","German"],"jobTitle":"Journalist","worksFor":"Newsendip","url":"https:\/\/www.newsendip.com\/fr\/author\/julie-carballo\/"}]}},"_links":{"self":[{"href":"https:\/\/www.newsendip.com\/fr\/wp-json\/wp\/v2\/posts\/38117","targetHints":{"allow":["GET"]}}],"collection":[{"href":"https:\/\/www.newsendip.com\/fr\/wp-json\/wp\/v2\/posts"}],"about":[{"href":"https:\/\/www.newsendip.com\/fr\/wp-json\/wp\/v2\/types\/post"}],"author":[{"embeddable":true,"href":"https:\/\/www.newsendip.com\/fr\/wp-json\/wp\/v2\/users\/237"}],"replies":[{"embeddable":true,"href":"https:\/\/www.newsendip.com\/fr\/wp-json\/wp\/v2\/comments?post=38117"}],"version-history":[{"count":0,"href":"https:\/\/www.newsendip.com\/fr\/wp-json\/wp\/v2\/posts\/38117\/revisions"}],"wp:featuredmedia":[{"embeddable":true,"href":"https:\/\/www.newsendip.com\/fr\/wp-json\/wp\/v2\/media\/38120"}],"wp:attachment":[{"href":"https:\/\/www.newsendip.com\/fr\/wp-json\/wp\/v2\/media?parent=38117"}],"wp:term":[{"taxonomy":"category","embeddable":true,"href":"https:\/\/www.newsendip.com\/fr\/wp-json\/wp\/v2\/categories?post=38117"},{"taxonomy":"post_tag","embeddable":true,"href":"https:\/\/www.newsendip.com\/fr\/wp-json\/wp\/v2\/tags?post=38117"}],"curies":[{"name":"wp","href":"https:\/\/api.w.org\/{rel}","templated":true}]}}