{"id":38595,"date":"2024-04-10T15:00:00","date_gmt":"2024-04-10T13:00:00","guid":{"rendered":"https:\/\/www.newsendip.com\/?p=38595"},"modified":"2024-04-10T13:52:51","modified_gmt":"2024-04-10T11:52:51","slug":"lallemagne-doit-elargir-son-concept-de-parentalite","status":"publish","type":"post","link":"https:\/\/www.newsendip.com\/fr\/lallemagne-doit-elargir-son-concept-de-parentalite\/","title":{"rendered":"L\u2019Allemagne doit \u00e9largir son concept de parentalit\u00e9"},"content":{"rendered":"<p><strong>La plus haute juridiction du pays a statu\u00e9 sur la plainte d\u2019un homme qui voulait faire valoir son droit \u00e0 la paternit\u00e9, accordant ainsi le statut de parent \u00e0 deux&nbsp;p\u00e8res.<\/strong><\/p>\n<figure id=\"attachment_38593\" aria-describedby=\"caption-attachment-38593\" style=\"width: 1024px\" class=\"wp-caption aligncenter\"><img decoding=\"async\" class=\"wp-image-38593 size-large\" src=\"https:\/\/www.newsendip.com\/wp-content\/uploads\/2024\/04\/famille-allemagne-julia-M-cameron-1024x683.webp\" alt=\"famille recompos\u00e9e\" width=\"1024\" height=\"683\" srcset=\"https:\/\/www.newsendip.com\/wp-content\/uploads\/2024\/04\/famille-allemagne-julia-M-cameron-1024x683.webp 1024w, https:\/\/www.newsendip.com\/wp-content\/uploads\/2024\/04\/famille-allemagne-julia-M-cameron-60x40.webp 60w, https:\/\/www.newsendip.com\/wp-content\/uploads\/2024\/04\/famille-allemagne-julia-M-cameron-720x480.webp 720w, https:\/\/www.newsendip.com\/wp-content\/uploads\/2024\/04\/famille-allemagne-julia-M-cameron-300x200.webp 300w, https:\/\/www.newsendip.com\/wp-content\/uploads\/2024\/04\/famille-allemagne-julia-M-cameron-768x512.webp 768w, https:\/\/www.newsendip.com\/wp-content\/uploads\/2024\/04\/famille-allemagne-julia-M-cameron-1536x1024.webp 1536w, https:\/\/www.newsendip.com\/wp-content\/uploads\/2024\/04\/famille-allemagne-julia-M-cameron.webp 1920w\" sizes=\"(max-width: 1024px) 100vw, 1024px\"><figcaption id=\"caption-attachment-38593\" class=\"wp-caption-text\">Un projet de loi pour prot\u00e9ger les p\u00e8res biologiques est en cours d\u2019\u00e9laboration en Allemagne. | \u00a9 Julia M Cameron<\/figcaption><\/figure>\n<p>Mardi, la Cour constitutionnelle allemande a finalement donn\u00e9 raison \u00e0 un p\u00e8re de <a href=\"https:\/\/www.newsendip.com\/fr\/etiquette\/allemagne\/\">Saxe-Anhalt<\/a> qui revendiquait le statut de repr\u00e9sentant l\u00e9gal de son enfant.<\/p>\n<p>En septembre dernier, le p\u00e8re biologique d\u2019un fils aujourd\u2019hui \u00e2g\u00e9 de trois ans a d\u00e9pos\u00e9 une plainte pour \u00eatre l\u00e9galement reconnu dans son r\u00f4le. Quelques mois apr\u00e8s la naissance, la m\u00e8re de l\u2019enfant avait enregistr\u00e9 son nouveau partenaire en tant que p\u00e8re l\u00e9gal de l\u2019enfant.<\/p>\n<p>Le p\u00e8re a tent\u00e9 de contester la paternit\u00e9 du nouveau partenaire devant les tribunaux, mais n\u2019a pas obtenu gain de cause. La Cour d\u2019appel de Naumburg a jug\u00e9 qu\u2019il n\u2019avait pas le droit de contester et a d\u00e9clar\u00e9 qu\u2019une relation \u00e9troite s\u2019\u00e9tait d\u00e9velopp\u00e9e entre l\u2019enfant et son p\u00e8re&nbsp;l\u00e9gal.<\/p>\n<p>La loi actuelle, bas\u00e9e sur l\u2019article 1600, paragraphes 2 et 3, du code civil allemand, stipule qu\u2019un p\u00e8re biologique n\u2019a pas le droit de contester si une \u00ab\u202f<em>relation socio-familiale<\/em>\u202f\u00bb s\u2019est d\u00e9j\u00e0 d\u00e9velopp\u00e9e entre l\u2019enfant et son p\u00e8re&nbsp;l\u00e9gal.<\/p>\n<p>Il y a quelques semaines, le p\u00e8re biologique a introduit un recours constitutionnel contre cette d\u00e9cision, estimant que la disposition l\u00e9gale viole son droit fondamental de parent, conform\u00e9ment \u00e0 l\u2019article 6 de la Constitution allemande&nbsp;: \u00ab\u202f<em>\u00e9lever et \u00e9duquer les enfants sont des droits naturels des parents et une obligation qui leur incombe en priorit\u00e9<\/em>\u202f\u00bb.<\/p>\n<h2>Deux p\u00e8res l\u00e9gaux<\/h2>\n<p>La d\u00e9cision de la Cour constitutionnelle a donc renforc\u00e9 la position des p\u00e8res biologiques dans leur lutte pour obtenir la paternit\u00e9 l\u00e9gale de <a href=\"https:\/\/www.newsendip.com\/fr\/en-autriche-les-deux-parents-doivent-simpliquer-pour-beneficier-du-conge-parental-entier\/\">leurs enfants biologiques<\/a>, en autorisant trois repr\u00e9sentants l\u00e9gaux&nbsp;: le p\u00e8re et la m\u00e8re biologique, ainsi que le partenaire de cette derni\u00e8re.<\/p>\n<p>\u00ab\u202f<em>Le droit de la famille actuel ne prend pas suffisamment en compte les droits parentaux fondamentaux des p\u00e8res biologiques<\/em>\u202f\u00bb, a d\u00e9clar\u00e9 le pr\u00e9sident de la Cour constitutionnelle, Stephan Harbarth, lors de l\u2019annonce de l\u2019arr\u00eat, qui d\u00e9clare la r\u00e9glementation actuelle sur la contestation de la paternit\u00e9 l\u00e9gale incompatible avec la Loi fondamentale (Constitution allemande).<\/p>\n<p>La nouvelle l\u00e9gislation doit prendre en compte la paternit\u00e9 l\u00e9gale du p\u00e8re biologique \u00e0 c\u00f4t\u00e9 de celle de la m\u00e8re et du p\u00e8re l\u00e9gal enregistr\u00e9, selon l\u2019arr\u00eat. Le l\u00e9gislateur pourrait donc reconna\u00eetre deux p\u00e8res l\u00e9gaux s\u2019il le souhaite.<\/p>\n<p>\u00ab\u202f<em>Si, en revanche, il s\u2019en tient \u00e0 une limitation de la parent\u00e9 l\u00e9gale \u00e0 deux parents, il doit exister en faveur du p\u00e8re biologique une proc\u00e9dure suffisamment efficace qui lui permette de devenir lui-m\u00eame le p\u00e8re l\u00e9gal de son enfant \u00e0 la place de l\u2019actuel p\u00e8re l\u00e9gal<\/em>\u202f\u00bb, \u00e9crit la Cour. La r\u00e9glementation actuelle est insuffisante \u00e0 cet&nbsp;\u00e9gard.<\/p>\n<p>La loi actuelle reste en vigueur jusqu\u2019\u00e0 l\u2019adoption d\u2019une nouvelle r\u00e9glementation, au plus tard le 30 juin 2025. Les proc\u00e9dures engag\u00e9es pourront alors \u00eatre suspendues sur demande, a pr\u00e9cis\u00e9 M. Harbarth.<\/p>\n<h2>Modification de la loi en&nbsp;cours<\/h2>\n<p>Des sp\u00e9cialistes de la justice et de la psychologie se sont exprim\u00e9s en faveur d\u2019une modification de la loi lors de l\u2019audition \u00e0 Karlsruhe.<\/p>\n<p>Le ministre f\u00e9d\u00e9ral de la justice, Marco Buschmann (FDP), avait annonc\u00e9 une r\u00e9forme de la loi avant m\u00eame le jugement. Bien qu\u2019il dit vouloir renforcer les droits des parents biologiques, le principe selon lequel un enfant ne peut avoir plus de deux parents l\u00e9gaux doit \u00eatre maintenu selon lui. Une affirmation qui penche en faveur d\u2019une l\u00e9gislation qui prot\u00e8ge mieux les parents biologiques, sans ouvrir la voie \u00e0 un cadre juridique pour l\u2019attribution de deux p\u00e8res ou de deux&nbsp;m\u00e8res.<\/p>\n<p>La question de savoir si de tels conflits ne pourraient pas \u00eatre r\u00e9solus en permettant \u00e0 l\u2019enfant d\u2019avoir deux p\u00e8res ou deux m\u00e8res l\u00e9gaux a \u00e9t\u00e9 une mesure largement d\u00e9battue lors de l\u2019audition constitutionnelle. Le projet de loi devrait suivre avant la fin du premier semestre 2024.<\/p>\n","protected":false},"excerpt":{"rendered":"<p>La plus haute juridiction d\u2019Allemagne s a statu\u00e9 sur la plainte d\u2019un homme qui voulait faire valoir son droit \u00e0 la paternit\u00e9, accordant ainsi le statut de parent \u00e0 deux&nbsp;p\u00e8res.<\/p>\n","protected":false},"author":237,"featured_media":38593,"comment_status":"closed","ping_status":"open","sticky":false,"template":"","format":"standard","meta":{"wp_typography_post_enhancements_disabled":false,"footnotes":""},"categories":[409],"tags":[478,1334],"class_list":["post-38595","post","type-post","status-publish","format-standard","has-post-thumbnail","hentry","category-societe","tag-allemagne","tag-nouveau"],"yoast_head":"<!-- This site is optimized with the Yoast SEO Premium plugin v27.4 (Yoast SEO v27.4) - https:\/\/yoast.com\/product\/yoast-seo-premium-wordpress\/ -->\n<title>L&#039;Allemagne doit \u00e9largir son concept de parentalit\u00e9<\/title>\n<meta name=\"description\" content=\"La plus haute juridiction d&#039;Allemagne s a statu\u00e9 sur la plainte d&#039;un homme qui voulait faire valoir son droit \u00e0 la paternit\u00e9, accordant ainsi le statut de parent \u00e0 deux p\u00e8res.\" \/>\n<meta name=\"robots\" content=\"index, follow, max-snippet:-1, max-image-preview:large, max-video-preview:-1\" \/>\n<link rel=\"canonical\" href=\"https:\/\/www.newsendip.com\/fr\/lallemagne-doit-elargir-son-concept-de-parentalite\/\" \/>\n<meta property=\"og:locale\" content=\"fr_FR\" \/>\n<meta property=\"og:type\" content=\"article\" \/>\n<meta property=\"og:title\" content=\"L&#039;Allemagne doit \u00e9largir son concept de parentalit\u00e9\" \/>\n<meta property=\"og:description\" content=\"La plus haute juridiction d&#039;Allemagne s a statu\u00e9 sur la plainte d&#039;un homme qui voulait faire valoir son droit \u00e0 la paternit\u00e9, accordant ainsi le statut de parent \u00e0 deux p\u00e8res.\" \/>\n<meta property=\"og:url\" content=\"https:\/\/www.newsendip.com\/fr\/lallemagne-doit-elargir-son-concept-de-parentalite\/\" \/>\n<meta property=\"og:site_name\" content=\"Newsendip\" \/>\n<meta property=\"article:publisher\" content=\"https:\/\/www.facebook.com\/newsendip\" \/>\n<meta property=\"article:published_time\" content=\"2024-04-10T13:00:00+00:00\" \/>\n<meta property=\"og:image\" content=\"https:\/\/www.newsendip.com\/wp-content\/uploads\/2024\/04\/famille-allemagne-julia-M-cameron-3-1024x683.jpg\" \/>\n<meta name=\"author\" content=\"Julie Carballo\" \/>\n<meta name=\"twitter:card\" content=\"summary_large_image\" \/>\n<meta name=\"twitter:image\" content=\"https:\/\/www.newsendip.com\/wp-content\/uploads\/2024\/04\/famille-allemagne-julia-M-cameron-3-1024x683.jpg\" \/>\n<meta name=\"twitter:creator\" content=\"@https:\/\/twitter.com\/JulieCarballo\" \/>\n<meta name=\"twitter:site\" content=\"@newsendip\" \/>\n<meta name=\"twitter:label1\" content=\"\u00c9crit par\" \/>\n\t<meta name=\"twitter:data1\" content=\"Julie Carballo\" \/>\n\t<meta name=\"twitter:label2\" content=\"Dur\u00e9e de lecture estim\u00e9e\" \/>\n\t<meta name=\"twitter:data2\" content=\"4 minutes\" \/>\n<!-- \/ Yoast SEO Premium plugin. -->","yoast_head_json":{"title":"L'Allemagne doit \u00e9largir son concept de parentalit\u00e9","description":"La plus haute juridiction d'Allemagne s a statu\u00e9 sur la plainte d'un homme qui voulait faire valoir son droit \u00e0 la paternit\u00e9, accordant ainsi le statut de parent \u00e0 deux p\u00e8res.","robots":{"index":"index","follow":"follow","max-snippet":"max-snippet:-1","max-image-preview":"max-image-preview:large","max-video-preview":"max-video-preview:-1"},"canonical":"https:\/\/www.newsendip.com\/fr\/lallemagne-doit-elargir-son-concept-de-parentalite\/","og_locale":"fr_FR","og_type":"article","og_title":"L'Allemagne doit \u00e9largir son concept de parentalit\u00e9","og_description":"La plus haute juridiction d'Allemagne s a statu\u00e9 sur la plainte d'un homme qui voulait faire valoir son droit \u00e0 la paternit\u00e9, accordant ainsi le statut de parent \u00e0 deux p\u00e8res.","og_url":"https:\/\/www.newsendip.com\/fr\/lallemagne-doit-elargir-son-concept-de-parentalite\/","og_site_name":"Newsendip","article_publisher":"https:\/\/www.facebook.com\/newsendip","article_published_time":"2024-04-10T13:00:00+00:00","og_image":[{"url":"https:\/\/www.newsendip.com\/wp-content\/uploads\/2024\/04\/famille-allemagne-julia-M-cameron-3-1024x683.jpg","type":"","width":"","height":""}],"author":"Julie Carballo","twitter_card":"summary_large_image","twitter_image":"https:\/\/www.newsendip.com\/wp-content\/uploads\/2024\/04\/famille-allemagne-julia-M-cameron-3-1024x683.jpg","twitter_creator":"@https:\/\/twitter.com\/JulieCarballo","twitter_site":"@newsendip","twitter_misc":{"\u00c9crit par":"Julie Carballo","Dur\u00e9e de lecture estim\u00e9e":"4 minutes"},"schema":{"@context":"https:\/\/schema.org","@graph":[{"@type":"NewsArticle","@id":"https:\/\/www.newsendip.com\/fr\/lallemagne-doit-elargir-son-concept-de-parentalite\/#article","isPartOf":{"@id":"https:\/\/www.newsendip.com\/fr\/lallemagne-doit-elargir-son-concept-de-parentalite\/"},"author":{"name":"Julie Carballo","@id":"https:\/\/www.newsendip.com\/fr\/#\/schema\/person\/4fd26e598eb9518ae499a7bbc3538f1e"},"headline":"L\u2019Allemagne doit \u00e9largir son concept de parentalit\u00e9","datePublished":"2024-04-10T13:00:00+00:00","mainEntityOfPage":{"@id":"https:\/\/www.newsendip.com\/fr\/lallemagne-doit-elargir-son-concept-de-parentalite\/"},"wordCount":763,"publisher":{"@id":"https:\/\/www.newsendip.com\/fr\/#organization"},"image":{"@id":"https:\/\/www.newsendip.com\/fr\/lallemagne-doit-elargir-son-concept-de-parentalite\/#primaryimage"},"thumbnailUrl":"https:\/\/www.newsendip.com\/wp-content\/uploads\/2024\/04\/famille-allemagne-julia-M-cameron.webp","keywords":["Allemagne","R\u00e9cent"],"articleSection":["Soci\u00e9t\u00e9"],"inLanguage":"fr-FR","copyrightYear":"2024","copyrightHolder":{"@id":"https:\/\/www.newsendip.com\/#organization"}},{"@type":"WebPage","@id":"https:\/\/www.newsendip.com\/fr\/lallemagne-doit-elargir-son-concept-de-parentalite\/","url":"https:\/\/www.newsendip.com\/fr\/lallemagne-doit-elargir-son-concept-de-parentalite\/","name":"L'Allemagne doit \u00e9largir son concept de parentalit\u00e9","isPartOf":{"@id":"https:\/\/www.newsendip.com\/fr\/#website"},"primaryImageOfPage":{"@id":"https:\/\/www.newsendip.com\/fr\/lallemagne-doit-elargir-son-concept-de-parentalite\/#primaryimage"},"image":{"@id":"https:\/\/www.newsendip.com\/fr\/lallemagne-doit-elargir-son-concept-de-parentalite\/#primaryimage"},"thumbnailUrl":"https:\/\/www.newsendip.com\/wp-content\/uploads\/2024\/04\/famille-allemagne-julia-M-cameron.webp","datePublished":"2024-04-10T13:00:00+00:00","description":"La plus haute juridiction d'Allemagne s a statu\u00e9 sur la plainte d'un homme qui voulait faire valoir son droit \u00e0 la paternit\u00e9, accordant ainsi le statut de parent \u00e0 deux p\u00e8res.","breadcrumb":{"@id":"https:\/\/www.newsendip.com\/fr\/lallemagne-doit-elargir-son-concept-de-parentalite\/#breadcrumb"},"inLanguage":"fr-FR","potentialAction":[{"@type":"ReadAction","target":["https:\/\/www.newsendip.com\/fr\/lallemagne-doit-elargir-son-concept-de-parentalite\/"]}]},{"@type":"ImageObject","inLanguage":"fr-FR","@id":"https:\/\/www.newsendip.com\/fr\/lallemagne-doit-elargir-son-concept-de-parentalite\/#primaryimage","url":"https:\/\/www.newsendip.com\/wp-content\/uploads\/2024\/04\/famille-allemagne-julia-M-cameron.webp","contentUrl":"https:\/\/www.newsendip.com\/wp-content\/uploads\/2024\/04\/famille-allemagne-julia-M-cameron.webp","width":1920,"height":1280,"caption":"Un projet de loi pour prot\u00e9ger les p\u00e8res biologiques est en cours d'\u00e9laboration en Allemagne. | \u00a9 Julia M Cameron"},{"@type":"BreadcrumbList","@id":"https:\/\/www.newsendip.com\/fr\/lallemagne-doit-elargir-son-concept-de-parentalite\/#breadcrumb","itemListElement":[{"@type":"ListItem","position":1,"name":"Accueil","item":"https:\/\/www.newsendip.com\/fr\/"},{"@type":"ListItem","position":2,"name":"L\u2019Allemagne doit \u00e9largir son concept de parentalit\u00e9"}]},{"@type":"WebSite","@id":"https:\/\/www.newsendip.com\/fr\/#website","url":"https:\/\/www.newsendip.com\/fr\/","name":"Newsendip","description":"Red\u00e9couvrez l&#039;actualit\u00e9 internationale","publisher":{"@id":"https:\/\/www.newsendip.com\/fr\/#organization"},"potentialAction":[{"@type":"SearchAction","target":{"@type":"EntryPoint","urlTemplate":"https:\/\/www.newsendip.com\/fr\/?s={search_term_string}"},"query-input":{"@type":"PropertyValueSpecification","valueRequired":true,"valueName":"search_term_string"}}],"inLanguage":"fr-FR"},{"@type":"Organization","@id":"https:\/\/www.newsendip.com\/fr\/#organization","name":"Newsendip","url":"https:\/\/www.newsendip.com\/fr\/","logo":{"@type":"ImageObject","inLanguage":"fr-FR","@id":"https:\/\/www.newsendip.com\/fr\/#\/schema\/logo\/image\/","url":"https:\/\/www.newsendip.com\/wp-content\/uploads\/2023\/12\/512x512.svg","contentUrl":"https:\/\/www.newsendip.com\/wp-content\/uploads\/2023\/12\/512x512.svg","width":1,"height":1,"caption":"Newsendip"},"image":{"@id":"https:\/\/www.newsendip.com\/fr\/#\/schema\/logo\/image\/"},"sameAs":["https:\/\/www.facebook.com\/newsendip","https:\/\/x.com\/newsendip","https:\/\/mastodon.social\/@newsendip","https:\/\/www.linkedin.com\/company\/newsendip"],"description":"Newsendip est un site qui a pour mission de rendre l'actualit\u00e9 internationale accessible et diversifi\u00e9e","email":"contact@newsendip.com","legalName":"Newsendip SAS","foundingDate":"2022-11-04","vatID":"FR60921124723","numberOfEmployees":{"@type":"QuantitativeValue","minValue":"1","maxValue":"10"},"publishingPrinciples":"https:\/\/www.newsendip.com\/about-us\/","ownershipFundingInfo":"https:\/\/www.newsendip.com\/legal-notice\/","actionableFeedbackPolicy":"https:\/\/www.newsendip.com\/about-us\/","correctionsPolicy":"https:\/\/www.newsendip.com\/about-us\/","ethicsPolicy":"https:\/\/www.newsendip.com\/about-us\/","diversityPolicy":"https:\/\/www.newsendip.com\/about-us\/"},{"@type":"Person","@id":"https:\/\/www.newsendip.com\/fr\/#\/schema\/person\/4fd26e598eb9518ae499a7bbc3538f1e","name":"Julie Carballo","description":"Julie Carballo is a journalist for Newsendip. She used to work for the French newspaper Le Figaro and at the Italian bureau of the international press agency AFP.","sameAs":["https:\/\/www.linkedin.com\/in\/julie-carballo12\/","https:\/\/x.com\/https:\/\/twitter.com\/JulieCarballo"],"knowsAbout":["News"],"knowsLanguage":["French","English","German"],"jobTitle":"Journalist","worksFor":"Newsendip","url":"https:\/\/www.newsendip.com\/fr\/author\/julie-carballo\/"}]}},"_links":{"self":[{"href":"https:\/\/www.newsendip.com\/fr\/wp-json\/wp\/v2\/posts\/38595","targetHints":{"allow":["GET"]}}],"collection":[{"href":"https:\/\/www.newsendip.com\/fr\/wp-json\/wp\/v2\/posts"}],"about":[{"href":"https:\/\/www.newsendip.com\/fr\/wp-json\/wp\/v2\/types\/post"}],"author":[{"embeddable":true,"href":"https:\/\/www.newsendip.com\/fr\/wp-json\/wp\/v2\/users\/237"}],"replies":[{"embeddable":true,"href":"https:\/\/www.newsendip.com\/fr\/wp-json\/wp\/v2\/comments?post=38595"}],"version-history":[{"count":0,"href":"https:\/\/www.newsendip.com\/fr\/wp-json\/wp\/v2\/posts\/38595\/revisions"}],"wp:featuredmedia":[{"embeddable":true,"href":"https:\/\/www.newsendip.com\/fr\/wp-json\/wp\/v2\/media\/38593"}],"wp:attachment":[{"href":"https:\/\/www.newsendip.com\/fr\/wp-json\/wp\/v2\/media?parent=38595"}],"wp:term":[{"taxonomy":"category","embeddable":true,"href":"https:\/\/www.newsendip.com\/fr\/wp-json\/wp\/v2\/categories?post=38595"},{"taxonomy":"post_tag","embeddable":true,"href":"https:\/\/www.newsendip.com\/fr\/wp-json\/wp\/v2\/tags?post=38595"}],"curies":[{"name":"wp","href":"https:\/\/api.w.org\/{rel}","templated":true}]}}