{"id":39042,"date":"2024-04-22T14:30:07","date_gmt":"2024-04-22T12:30:07","guid":{"rendered":"https:\/\/www.newsendip.com\/?p=39042"},"modified":"2024-04-22T14:15:25","modified_gmt":"2024-04-22T12:15:25","slug":"au-mexique-la-reforme-de-lamparo-suscite-des-craintes-de-regression-democratique","status":"publish","type":"post","link":"https:\/\/www.newsendip.com\/fr\/au-mexique-la-reforme-de-lamparo-suscite-des-craintes-de-regression-democratique\/","title":{"rendered":"Au Mexique, la r\u00e9forme de l\u2019Amparo suscite des craintes de r\u00e9gression d\u00e9mocratique"},"content":{"rendered":"<p><strong>La r\u00e9forme de la loi Amparo au Mexique interdirait aux juges de prot\u00e9ger les droits de communaut\u00e9s enti\u00e8res contre d\u2019\u00e9ventuelles lois f\u00e9d\u00e9rales arbitraires, ne faisant ainsi b\u00e9n\u00e9ficier uniquement les plaignants des d\u00e9cisions judiciaires. Les critiques soutiennent que cette disposition constitue un abus de pouvoir.<\/strong><\/p>\n<figure id=\"attachment_39037\" aria-describedby=\"caption-attachment-39037\" style=\"width: 800px\" class=\"wp-caption aligncenter\"><img decoding=\"async\" class=\"size-full wp-image-39037\" src=\"https:\/\/www.newsendip.com\/wp-content\/uploads\/2024\/04\/AMLO.webp\" alt=\"AMLO fait un coup de pouce pour une photo.\" width=\"800\" height=\"640\" srcset=\"https:\/\/www.newsendip.com\/wp-content\/uploads\/2024\/04\/AMLO.webp 800w, https:\/\/www.newsendip.com\/wp-content\/uploads\/2024\/04\/AMLO-60x48.webp 60w, https:\/\/www.newsendip.com\/wp-content\/uploads\/2024\/04\/AMLO-480x384.webp 480w, https:\/\/www.newsendip.com\/wp-content\/uploads\/2024\/04\/AMLO-300x240.webp 300w, https:\/\/www.newsendip.com\/wp-content\/uploads\/2024\/04\/AMLO-768x614.webp 768w\" sizes=\"(max-width: 800px) 100vw, 800px\"><figcaption id=\"caption-attachment-39037\" class=\"wp-caption-text\">AMLO a remport\u00e9 une victoire \u00e9crasante aux \u00e9lections pr\u00e9sidentielles mexicaines de 2018, promettant de mettre en \u0153uvre une \u00ab\u202fquatri\u00e8me transformation\u202f\u00bb du pays. | \u00a9 Eneas De&nbsp;Troya<\/figcaption><\/figure>\n<p>Avec <a href=\"https:\/\/twitter.com\/senadomexicano\/status\/1780754346088558958\">69 voix pour et 42 contre<\/a>, le S\u00e9nat mexicain a vot\u00e9 le 17 avril pour la r\u00e9forme de la loi Amparo, une action judiciaire qui garantit la protection des individus contre les actes des autorit\u00e9s qui portent atteinte \u00e0 leurs droits fondamentaux. Cette r\u00e9forme vise \u00e0 emp\u00eacher les juges d\u2019accorder de larges protections sociales \u00e0 des communaut\u00e9s enti\u00e8res car les d\u00e9cisions judiciaires ne s\u2019appliqueraient uniquement aux plaignants qui se pr\u00e9sentent devant les tribunaux.<\/p>\n<h2>Un outil essentiel pour la protection des droits de l\u2019homme<\/h2>\n<p>En 2015, sous le pr\u00e9c\u00e9dent gouvernement d\u2019Enrique Pe\u00f1a Nieto, la loi Amparo avait par exemple \u00e9t\u00e9 utilis\u00e9e pour <a href=\"https:\/\/www.eluniversal.com.mx\/estados\/promueven-ninos-de-cancun-amparo-por-tajamar\/\">prot\u00e9ger les int\u00e9r\u00eats de dix enfants<\/a> qui avaient saisi le juge d\u2019une affaire de destruction de la faune naturelle \u00e0 Tajamar, au sud de Canc\u00fan. Le Fonds national pour la promotion du tourisme avait tent\u00e9 de d\u00e9fricher 20\u202fhectares de mangrove et de jungle pour les utiliser \u00e0 des fins commerciales, mais le juge a r\u00e9ussi \u00e0 l\u2019en emp\u00eacher.<\/p>\n<p>Le juge a accord\u00e9 une protection aux enfants qui protestaient, mais il a \u00e9galement \u00e9tendu sa d\u00e9cision \u00e0 la protection de l\u2019ensemble de la communaut\u00e9 contre les abus de pouvoir des autorit\u00e9s locales.<\/p>\n<p>Mais si la nouvelle r\u00e9forme du <em>Recurso de amparo<\/em> (\u00ab\u202frecours en protection\u202f\u00bb) est adopt\u00e9e, ce type d\u2019activisme judiciaire ne sera plus possible. Les juges ne pourront pas \u00e9tendre les d\u00e9cisions judiciaires \u00e0 d\u2019autres personnes que les plaignants, ce qui signifie que seuls ceux qui ont les moyens de s\u2019offrir les services d\u2019un avocat pour lutter contre les actes anticonstitutionnels de l\u2019autorit\u00e9 seront prot\u00e9g\u00e9s.<\/p>\n<p>Incapable de contester les autorit\u00e9s sup\u00e9rieures, le reste d\u2019une communaut\u00e9 pourrait, \u00e0 l\u2019avenir, \u00eatre automatiquement priv\u00e9e de ses droits.<\/p>\n<h2>Qu\u2019est-ce que cela signifie pour les droits de l\u2019Homme au Mexique\u202f?<\/h2>\n<p>Le <a href=\"https:\/\/www.newsendip.com\/fr\/la-cour-supreme-du-mexique-doit-se-prononcer-sur-linterdiction-dune-creche-de-noel-dans-un-batiment-public\/\">recours en amparo<\/a> a un double objectif&nbsp;: il sert \u00e0 prot\u00e9ger la constitution ainsi que les droits des citoyens au <a href=\"https:\/\/www.newsendip.com\/fr\/etiquette\/mexique\/\">Mexique<\/a>, le pays qui a inspir\u00e9 l\u2019amparo dans de nombreux autres pays hispanophones.<\/p>\n<p>Les organisations de d\u00e9fense des droits de l\u2019Homme et les partis d\u2019opposition d\u00e9crivent la d\u00e9cision de limiter son utilisation comme un recul au Mexique, arguant qu\u2019elle d\u00e9s\u00e9quilibrera davantage la r\u00e9partition du pouvoir dans le pays et restreindra la capacit\u00e9 des individus \u00e0 contester les&nbsp;abus.<\/p>\n<p>La s\u00e9natrice Gina Andrea Cruz Blackledge, du Parti d\u2019action nationale (PAN) a d\u00e9clar\u00e9 que l\u2019opposition pr\u00e9senterait un <a href=\"https:\/\/www.eluniversal.com.mx\/nacion\/oposicion-alista-accion-de-inconstitucionalidad-contra-reformas-a-ley-de-amparo\/\">recours en inconstitutionnalit\u00e9<\/a> contre cette r\u00e9forme. \u00ab\u202fCette action laisse les secteurs les plus vuln\u00e9rables dans une situation d\u2019absence totale de d\u00e9fense\u202f\u00bb, a\u2011t-elle d\u00e9clar\u00e9.<\/p>\n<p>Le recours en amparo permet non seulement d\u2019\u00e9viter les abus de pouvoir de la part du gouvernement f\u00e9d\u00e9ral, mais il garantit \u00e9galement une protection contre les autorit\u00e9s municipales et \u00e9tatiques. Mais la r\u00e9forme a toutefois ouvert la porte \u00e0 l\u2019impunit\u00e9 et \u00e0 de l\u2019abus de pouvoir, selon la s\u00e9natrice.<\/p>\n<h2>Une \u00ab\u202fquatri\u00e8me transformation\u202f\u00bb dans quelle direction\u202f?<\/h2>\n<p>Le pr\u00e9sident du Mexique, Andr\u00e9s Manuel L\u00f3pez Obrador \u2013 connu simplement par ses initiales, AMLO \u2013 a remport\u00e9 une victoire \u00e9crasante aux \u00e9lections de 2018, attirant les \u00e9lecteurs avec des positions sociales-d\u00e9mocrates et progressistes. Il s\u2019\u00e9tait engag\u00e9 \u00e0 redistribuer les richesses et \u00e0 \u00e9radiquer la corruption.<\/p>\n<p>Mais au lieu d\u2019\u00eatre une avanc\u00e9e progressive, la d\u00e9cision de r\u00e9former l\u2019Amparo, un instrument crucial pour la protection des droits de l\u2019homme individuels, a \u00e9t\u00e9 critiqu\u00e9e comme \u00e9tant une \u00ab\u202f<a href=\"https:\/\/zetatijuana.com\/2023\/10\/venganza-de-amlo-contra-poder-judicial\/\">vengeance<\/a>\u202f\u00bb personnelle d\u2019AMLO contre les juges qui ont entrav\u00e9 la mise en \u0153uvre de ses grands travaux publics et de ses r\u00e9formes juridiques.<\/p>\n<p>Selon les l\u00e9gislateurs de la majorit\u00e9, l\u2019objectif de la r\u00e9forme est de garantir \u00ab\u202fle respect absolu de la s\u00e9paration des pouvoirs\u202f\u00bb. Les partisans de ce changement juridique, issus du parti MORENA d\u2019AMLO, ont cit\u00e9 des cas o\u00f9 des juges se sont oppos\u00e9s \u00e0 des travaux controvers\u00e9s tels que le Train maya, une ligne ferroviaire interurbaine de 1 554 kilom\u00e8tres qui traverse la jungle du sud-est du Mexique, ou \u00e0 des r\u00e9formes telles que la <a href=\"https:\/\/www.newsendip.com\/fr\/les-reformes-sur-lelectricite-au-mexique-entre-debat-dans-le-pays-et-inquietudes-aux-etats-unis\/\">Loi sur l\u2019industrie \u00e9lectrique<\/a>.<\/p>\n<p>En fait, de nombreuses politiques mises en \u0153uvre par le pr\u00e9sident dans sa tentative de r\u00e9aliser sa \u00ab\u202fquatri\u00e8me transformation\u202f\u00bb \u2013 un engagement \u00e0 \u00e9radiquer les abus de privil\u00e8ges et \u00e0 transformer radicalement le pays \u2013 ont \u00e9t\u00e9 controvers\u00e9es.<\/p>\n<p>Mais malgr\u00e9 des transformations parfois confuses et contradictoires entreprises par le pr\u00e9sident, sa popularit\u00e9 reste ind\u00e9niable. Avec un <a href=\"https:\/\/www.as-coa.org\/articles\/approval-tracker-mexicos-president-amlo#:~:text=Mexican%20presidents%20cannot%20seek%20reelection,approval%20ratings%20from%20top%20pollsters.\">taux d\u2019approbation de 69\u202f%<\/a>, AMLO reste plus populaire que ses quatre pr\u00e9d\u00e9cesseurs.<\/p>\n","protected":false},"excerpt":{"rendered":"<p>La r\u00e9forme de la loi Amparo au Mexique interdirait aux juges de prot\u00e9ger les droits de communaut\u00e9s enti\u00e8res contre d\u2019\u00e9ventuelles lois f\u00e9d\u00e9rales arbitraires, ne faisant ainsi b\u00e9n\u00e9ficier uniquement les plaignants des d\u00e9cisions judiciaires. Les critiques soutiennent que cette disposition constitue un abus de pouvoir.<\/p>\n","protected":false},"author":260,"featured_media":39037,"comment_status":"closed","ping_status":"open","sticky":false,"template":"","format":"standard","meta":{"wp_typography_post_enhancements_disabled":false,"footnotes":""},"categories":[416],"tags":[419,1334],"class_list":["post-39042","post","type-post","status-publish","format-standard","has-post-thumbnail","hentry","category-politique","tag-mexique","tag-nouveau"],"yoast_head":"<!-- This site is optimized with the Yoast SEO Premium plugin v27.4 (Yoast SEO v27.4) - https:\/\/yoast.com\/product\/yoast-seo-premium-wordpress\/ -->\n<title>Au Mexique, la r\u00e9forme de l&#039;Amparo suscite des craintes de r\u00e9gression d\u00e9mocratique<\/title>\n<meta name=\"description\" content=\"La r\u00e9forme de la loi Amparo au Mexique interdirait aux juges de prot\u00e9ger les droits de communaut\u00e9s enti\u00e8res contre d&#039;\u00e9ventuelles lois f\u00e9d\u00e9rales arbitraires, ne faisant ainsi b\u00e9n\u00e9ficier uniquement les plaignants des d\u00e9cisions judiciaires. Les critiques soutiennent que cette disposition constitue un abus de pouvoir.\" \/>\n<meta name=\"robots\" content=\"index, follow, max-snippet:-1, max-image-preview:large, max-video-preview:-1\" \/>\n<link rel=\"canonical\" href=\"https:\/\/www.newsendip.com\/fr\/au-mexique-la-reforme-de-lamparo-suscite-des-craintes-de-regression-democratique\/\" \/>\n<meta property=\"og:locale\" content=\"fr_FR\" \/>\n<meta property=\"og:type\" content=\"article\" \/>\n<meta property=\"og:title\" content=\"Au Mexique, la r\u00e9forme de l&#039;Amparo suscite des craintes de r\u00e9gression d\u00e9mocratique\" \/>\n<meta property=\"og:description\" content=\"La r\u00e9forme de la loi Amparo au Mexique interdirait aux juges de prot\u00e9ger les droits de communaut\u00e9s enti\u00e8res contre d&#039;\u00e9ventuelles lois f\u00e9d\u00e9rales arbitraires, ne faisant ainsi b\u00e9n\u00e9ficier uniquement les plaignants des d\u00e9cisions judiciaires. Les critiques soutiennent que cette disposition constitue un abus de pouvoir.\" \/>\n<meta property=\"og:url\" content=\"https:\/\/www.newsendip.com\/fr\/au-mexique-la-reforme-de-lamparo-suscite-des-craintes-de-regression-democratique\/\" \/>\n<meta property=\"og:site_name\" content=\"Newsendip\" \/>\n<meta property=\"article:publisher\" content=\"https:\/\/www.facebook.com\/newsendip\" \/>\n<meta property=\"article:published_time\" content=\"2024-04-22T12:30:07+00:00\" \/>\n<meta property=\"og:image\" content=\"https:\/\/www.newsendip.com\/wp-content\/uploads\/2024\/04\/AMLO.jpeg\" \/>\n\t<meta property=\"og:image:width\" content=\"800\" \/>\n\t<meta property=\"og:image:height\" content=\"640\" \/>\n\t<meta property=\"og:image:type\" content=\"image\/jpeg\" \/>\n<meta name=\"author\" content=\"Claire Rhea\" \/>\n<meta name=\"twitter:card\" content=\"summary_large_image\" \/>\n<meta name=\"twitter:image\" content=\"https:\/\/www.newsendip.com\/wp-content\/uploads\/2024\/04\/AMLO.jpeg\" \/>\n<meta name=\"twitter:creator\" content=\"@newsendip\" \/>\n<meta name=\"twitter:site\" content=\"@newsendip\" \/>\n<meta name=\"twitter:label1\" content=\"\u00c9crit par\" \/>\n\t<meta name=\"twitter:data1\" content=\"Claire Rhea\" \/>\n\t<meta name=\"twitter:label2\" content=\"Dur\u00e9e de lecture estim\u00e9e\" \/>\n\t<meta name=\"twitter:data2\" content=\"1 minute\" \/>\n<!-- \/ Yoast SEO Premium plugin. -->","yoast_head_json":{"title":"Au Mexique, la r\u00e9forme de l'Amparo suscite des craintes de r\u00e9gression d\u00e9mocratique","description":"La r\u00e9forme de la loi Amparo au Mexique interdirait aux juges de prot\u00e9ger les droits de communaut\u00e9s enti\u00e8res contre d'\u00e9ventuelles lois f\u00e9d\u00e9rales arbitraires, ne faisant ainsi b\u00e9n\u00e9ficier uniquement les plaignants des d\u00e9cisions judiciaires. Les critiques soutiennent que cette disposition constitue un abus de pouvoir.","robots":{"index":"index","follow":"follow","max-snippet":"max-snippet:-1","max-image-preview":"max-image-preview:large","max-video-preview":"max-video-preview:-1"},"canonical":"https:\/\/www.newsendip.com\/fr\/au-mexique-la-reforme-de-lamparo-suscite-des-craintes-de-regression-democratique\/","og_locale":"fr_FR","og_type":"article","og_title":"Au Mexique, la r\u00e9forme de l'Amparo suscite des craintes de r\u00e9gression d\u00e9mocratique","og_description":"La r\u00e9forme de la loi Amparo au Mexique interdirait aux juges de prot\u00e9ger les droits de communaut\u00e9s enti\u00e8res contre d'\u00e9ventuelles lois f\u00e9d\u00e9rales arbitraires, ne faisant ainsi b\u00e9n\u00e9ficier uniquement les plaignants des d\u00e9cisions judiciaires. Les critiques soutiennent que cette disposition constitue un abus de pouvoir.","og_url":"https:\/\/www.newsendip.com\/fr\/au-mexique-la-reforme-de-lamparo-suscite-des-craintes-de-regression-democratique\/","og_site_name":"Newsendip","article_publisher":"https:\/\/www.facebook.com\/newsendip","article_published_time":"2024-04-22T12:30:07+00:00","og_image":[{"width":800,"height":640,"url":"https:\/\/www.newsendip.com\/wp-content\/uploads\/2024\/04\/AMLO.jpeg","type":"image\/jpeg"}],"author":"Claire Rhea","twitter_card":"summary_large_image","twitter_image":"https:\/\/www.newsendip.com\/wp-content\/uploads\/2024\/04\/AMLO.jpeg","twitter_creator":"@newsendip","twitter_site":"@newsendip","twitter_misc":{"\u00c9crit par":"Claire Rhea","Dur\u00e9e de lecture estim\u00e9e":"1 minute"},"schema":{"@context":"https:\/\/schema.org","@graph":[{"@type":"NewsArticle","@id":"https:\/\/www.newsendip.com\/fr\/au-mexique-la-reforme-de-lamparo-suscite-des-craintes-de-regression-democratique\/#article","isPartOf":{"@id":"https:\/\/www.newsendip.com\/fr\/au-mexique-la-reforme-de-lamparo-suscite-des-craintes-de-regression-democratique\/"},"author":{"name":"Claire Rhea","@id":"https:\/\/www.newsendip.com\/fr\/#\/schema\/person\/e2f1f831c2917545cdc6413974e67011"},"headline":"Au Mexique, la r\u00e9forme de l\u2019Amparo suscite des craintes de r\u00e9gression d\u00e9mocratique","datePublished":"2024-04-22T12:30:07+00:00","mainEntityOfPage":{"@id":"https:\/\/www.newsendip.com\/fr\/au-mexique-la-reforme-de-lamparo-suscite-des-craintes-de-regression-democratique\/"},"wordCount":890,"publisher":{"@id":"https:\/\/www.newsendip.com\/fr\/#organization"},"image":{"@id":"https:\/\/www.newsendip.com\/fr\/au-mexique-la-reforme-de-lamparo-suscite-des-craintes-de-regression-democratique\/#primaryimage"},"thumbnailUrl":"https:\/\/www.newsendip.com\/wp-content\/uploads\/2024\/04\/AMLO.webp","keywords":["Mexique","R\u00e9cent"],"articleSection":["Politique"],"inLanguage":"fr-FR","copyrightYear":"2024","copyrightHolder":{"@id":"https:\/\/www.newsendip.com\/#organization"}},{"@type":"WebPage","@id":"https:\/\/www.newsendip.com\/fr\/au-mexique-la-reforme-de-lamparo-suscite-des-craintes-de-regression-democratique\/","url":"https:\/\/www.newsendip.com\/fr\/au-mexique-la-reforme-de-lamparo-suscite-des-craintes-de-regression-democratique\/","name":"Au Mexique, la r\u00e9forme de l'Amparo suscite des craintes de r\u00e9gression d\u00e9mocratique","isPartOf":{"@id":"https:\/\/www.newsendip.com\/fr\/#website"},"primaryImageOfPage":{"@id":"https:\/\/www.newsendip.com\/fr\/au-mexique-la-reforme-de-lamparo-suscite-des-craintes-de-regression-democratique\/#primaryimage"},"image":{"@id":"https:\/\/www.newsendip.com\/fr\/au-mexique-la-reforme-de-lamparo-suscite-des-craintes-de-regression-democratique\/#primaryimage"},"thumbnailUrl":"https:\/\/www.newsendip.com\/wp-content\/uploads\/2024\/04\/AMLO.webp","datePublished":"2024-04-22T12:30:07+00:00","description":"La r\u00e9forme de la loi Amparo au Mexique interdirait aux juges de prot\u00e9ger les droits de communaut\u00e9s enti\u00e8res contre d'\u00e9ventuelles lois f\u00e9d\u00e9rales arbitraires, ne faisant ainsi b\u00e9n\u00e9ficier uniquement les plaignants des d\u00e9cisions judiciaires. Les critiques soutiennent que cette disposition constitue un abus de pouvoir.","breadcrumb":{"@id":"https:\/\/www.newsendip.com\/fr\/au-mexique-la-reforme-de-lamparo-suscite-des-craintes-de-regression-democratique\/#breadcrumb"},"inLanguage":"fr-FR","potentialAction":[{"@type":"ReadAction","target":["https:\/\/www.newsendip.com\/fr\/au-mexique-la-reforme-de-lamparo-suscite-des-craintes-de-regression-democratique\/"]}]},{"@type":"ImageObject","inLanguage":"fr-FR","@id":"https:\/\/www.newsendip.com\/fr\/au-mexique-la-reforme-de-lamparo-suscite-des-craintes-de-regression-democratique\/#primaryimage","url":"https:\/\/www.newsendip.com\/wp-content\/uploads\/2024\/04\/AMLO.webp","contentUrl":"https:\/\/www.newsendip.com\/wp-content\/uploads\/2024\/04\/AMLO.webp","width":800,"height":640,"caption":"AMLO a remport\u00e9 une victoire \u00e9crasante aux \u00e9lections pr\u00e9sidentielles mexicaines de 2018, promettant de mettre en \u0153uvre une \u00ab quatri\u00e8me transformation \u00bb du pays. | \u00a9 Eneas De Troya"},{"@type":"BreadcrumbList","@id":"https:\/\/www.newsendip.com\/fr\/au-mexique-la-reforme-de-lamparo-suscite-des-craintes-de-regression-democratique\/#breadcrumb","itemListElement":[{"@type":"ListItem","position":1,"name":"Accueil","item":"https:\/\/www.newsendip.com\/fr\/"},{"@type":"ListItem","position":2,"name":"Au Mexique, la r\u00e9forme de l\u2019Amparo suscite des craintes de r\u00e9gression d\u00e9mocratique"}]},{"@type":"WebSite","@id":"https:\/\/www.newsendip.com\/fr\/#website","url":"https:\/\/www.newsendip.com\/fr\/","name":"Newsendip","description":"Red\u00e9couvrez l&#039;actualit\u00e9 internationale","publisher":{"@id":"https:\/\/www.newsendip.com\/fr\/#organization"},"potentialAction":[{"@type":"SearchAction","target":{"@type":"EntryPoint","urlTemplate":"https:\/\/www.newsendip.com\/fr\/?s={search_term_string}"},"query-input":{"@type":"PropertyValueSpecification","valueRequired":true,"valueName":"search_term_string"}}],"inLanguage":"fr-FR"},{"@type":"Organization","@id":"https:\/\/www.newsendip.com\/fr\/#organization","name":"Newsendip","url":"https:\/\/www.newsendip.com\/fr\/","logo":{"@type":"ImageObject","inLanguage":"fr-FR","@id":"https:\/\/www.newsendip.com\/fr\/#\/schema\/logo\/image\/","url":"https:\/\/www.newsendip.com\/wp-content\/uploads\/2023\/12\/512x512.svg","contentUrl":"https:\/\/www.newsendip.com\/wp-content\/uploads\/2023\/12\/512x512.svg","width":1,"height":1,"caption":"Newsendip"},"image":{"@id":"https:\/\/www.newsendip.com\/fr\/#\/schema\/logo\/image\/"},"sameAs":["https:\/\/www.facebook.com\/newsendip","https:\/\/x.com\/newsendip","https:\/\/mastodon.social\/@newsendip","https:\/\/www.linkedin.com\/company\/newsendip"],"description":"Newsendip est un site qui a pour mission de rendre l'actualit\u00e9 internationale accessible et diversifi\u00e9e","email":"contact@newsendip.com","legalName":"Newsendip SAS","foundingDate":"2022-11-04","vatID":"FR60921124723","numberOfEmployees":{"@type":"QuantitativeValue","minValue":"1","maxValue":"10"},"publishingPrinciples":"https:\/\/www.newsendip.com\/about-us\/","ownershipFundingInfo":"https:\/\/www.newsendip.com\/legal-notice\/","actionableFeedbackPolicy":"https:\/\/www.newsendip.com\/about-us\/","correctionsPolicy":"https:\/\/www.newsendip.com\/about-us\/","ethicsPolicy":"https:\/\/www.newsendip.com\/about-us\/","diversityPolicy":"https:\/\/www.newsendip.com\/about-us\/"},{"@type":"Person","@id":"https:\/\/www.newsendip.com\/fr\/#\/schema\/person\/e2f1f831c2917545cdc6413974e67011","name":"Claire Rhea","description":"Claire is a journalist for Newsendip. She grew up in London but is a dual citizen of the United States and France. She graduated from McGill University in Montr\u00e9al, Canada, in political Science and economics. She also lived in Italy.","sameAs":["https:\/\/www.linkedin.com\/in\/claire-rhea-027428167\/"],"knowsAbout":["News"],"knowsLanguage":["English","French"],"url":"https:\/\/www.newsendip.com\/fr\/author\/claire-rhea\/"}]}},"_links":{"self":[{"href":"https:\/\/www.newsendip.com\/fr\/wp-json\/wp\/v2\/posts\/39042","targetHints":{"allow":["GET"]}}],"collection":[{"href":"https:\/\/www.newsendip.com\/fr\/wp-json\/wp\/v2\/posts"}],"about":[{"href":"https:\/\/www.newsendip.com\/fr\/wp-json\/wp\/v2\/types\/post"}],"author":[{"embeddable":true,"href":"https:\/\/www.newsendip.com\/fr\/wp-json\/wp\/v2\/users\/260"}],"replies":[{"embeddable":true,"href":"https:\/\/www.newsendip.com\/fr\/wp-json\/wp\/v2\/comments?post=39042"}],"version-history":[{"count":0,"href":"https:\/\/www.newsendip.com\/fr\/wp-json\/wp\/v2\/posts\/39042\/revisions"}],"wp:featuredmedia":[{"embeddable":true,"href":"https:\/\/www.newsendip.com\/fr\/wp-json\/wp\/v2\/media\/39037"}],"wp:attachment":[{"href":"https:\/\/www.newsendip.com\/fr\/wp-json\/wp\/v2\/media?parent=39042"}],"wp:term":[{"taxonomy":"category","embeddable":true,"href":"https:\/\/www.newsendip.com\/fr\/wp-json\/wp\/v2\/categories?post=39042"},{"taxonomy":"post_tag","embeddable":true,"href":"https:\/\/www.newsendip.com\/fr\/wp-json\/wp\/v2\/tags?post=39042"}],"curies":[{"name":"wp","href":"https:\/\/api.w.org\/{rel}","templated":true}]}}