{"id":39380,"date":"2024-04-30T19:00:00","date_gmt":"2024-04-30T17:00:00","guid":{"rendered":"https:\/\/www.newsendip.com\/?p=39380"},"modified":"2024-07-18T15:13:53","modified_gmt":"2024-07-18T13:13:53","slug":"politique-migratoire-royaume-uni-differends-irlande-refugies-rwanda","status":"publish","type":"post","link":"https:\/\/www.newsendip.com\/fr\/politique-migratoire-royaume-uni-differends-irlande-refugies-rwanda\/","title":{"rendered":"La politique migratoire du Royaume-Uni source de diff\u00e9rends avec l\u2019Irlande"},"content":{"rendered":"<p><strong>Le premier ministre irlandais a annonc\u00e9 la promulgation d\u2019une l\u00e9gislation d\u2019urgence pour renvoyer les demandeurs d\u2019asile au Royaume-Uni, apr\u00e8s avoir constat\u00e9 une augmentation du nombre de migrants traversant la fronti\u00e8re irlandaise \u00e0 la suite de la politique migratoire britannique. Le premier ministre Rishi Sunak, lui, ne les acceptera pas sans accord avec l\u2019Union europ\u00e9enne pour les renvoyer en France.<br>\n<\/strong><\/p>\n<figure id=\"attachment_39382\" aria-describedby=\"caption-attachment-39382\" style=\"width: 1024px\" class=\"wp-caption aligncenter\"><img decoding=\"async\" class=\"size-large wp-image-39382\" src=\"https:\/\/www.newsendip.com\/wp-content\/uploads\/2024\/04\/ireland-uk-flags-1024x768.webp\" alt=\"Drapeaux du Royaume-Uni, de l'Irlande et de l'Angleterre accroch\u00e9s \u00e0 un balcon\" width=\"1024\" height=\"768\" srcset=\"https:\/\/www.newsendip.com\/wp-content\/uploads\/2024\/04\/ireland-uk-flags-1024x768.webp 1024w, https:\/\/www.newsendip.com\/wp-content\/uploads\/2024\/04\/ireland-uk-flags-60x45.webp 60w, https:\/\/www.newsendip.com\/wp-content\/uploads\/2024\/04\/ireland-uk-flags-300x225.webp 300w, https:\/\/www.newsendip.com\/wp-content\/uploads\/2024\/04\/ireland-uk-flags-768x576.webp 768w, https:\/\/www.newsendip.com\/wp-content\/uploads\/2024\/04\/ireland-uk-flags-1536x1152.webp 1536w, https:\/\/www.newsendip.com\/wp-content\/uploads\/2024\/04\/ireland-uk-flags.webp 1920w\" sizes=\"(max-width: 1024px) 100vw, 1024px\"><figcaption id=\"caption-attachment-39382\" class=\"wp-caption-text\">Le premier ministre britannique a d\u00e9clar\u00e9 que le royaume-uni n\u2019accepterait pas le retour des demandeurs d\u2019asile irlandais | \u00a9 Walid Hamadeh<\/figcaption><\/figure>\n<p>Le Taoiseach, l\u2019\u00e9quivalent du premier ministre en <a href=\"https:\/\/www.newsendip.com\/fr\/etiquette\/irlande\/\">Irlande<\/a>, Simon Harris a soulign\u00e9 que son pays \u00e9tait fier de l\u2019absence d\u2019une fronti\u00e8re stricte avec l\u2019Irlande du Nord. Mais l\u2019afflux r\u00e9cent de demandeurs d\u2019asile a fait pression sur le gouvernement pour qu\u2019il renforce les lois sur l\u2019immigration qui discute d\u2019une nouvelle politique de retour, ce qui a d\u00e9clench\u00e9 un conflit diplomatique avec son voisin britannique.<\/p>\n<p>L\u2019Irlande fait d\u00e9j\u00e0 face \u00e0 des d\u00e9fis pour accueillir des r\u00e9fugi\u00e9s, notamment en provenance d\u2019Ukraine, et il craint que la position ferme du premier ministre Rishi Sunak sur l\u2019immigration clandestine ne fasse qu\u2019aggraver une situation d\u00e9j\u00e0 tendue.<\/p>\n<p>Dans une interview accord\u00e9e dimanche \u00e0 la <a href=\"https:\/\/www.bbc.com\/news\/articles\/c2vw51eggwqo\">BBC<\/a>, M. Harris a r\u00e9v\u00e9l\u00e9 la position de l\u2019Irlande sur les demandeurs d\u2019asile qui franchissent la fronti\u00e8re avec l\u2019Irlande du Nord, en d\u00e9clarant&nbsp;: \u00ab\u202fCe pays ne servira en aucun cas d\u2019\u00e9chappatoire aux d\u00e9fis migratoires de qui que ce soit\u202f\u00bb. Bien qu\u2019il ait refus\u00e9 de commenter la nouvelle politique du <a href=\"https:\/\/www.newsendip.com\/fr\/etiquette\/royaume-uni\/\">Royaume-Uni<\/a>, il a insist\u00e9 sur la protection de \u00ab\u202fl\u2019int\u00e9grit\u00e9 du syst\u00e8me migratoire en Irlande\u202f\u00bb, qui est un syst\u00e8me clairement \u00ab\u202ffond\u00e9 sur des r\u00e8gles\u202f\u00bb.<\/p>\n<p>La ministre irlandaise de la justice, Helen McEntee, a lanc\u00e9 en <a href=\"https:\/\/www.gov.ie\/en\/press-release\/43fa6-minister-mcentee-announces-new-measures-to-expedite-international-protection-application-processing\/#:~:text=Under%20an%20accelerated%20decision%20making,in%20less%20than%2090%20days.\">novembre 2022<\/a> un processus acc\u00e9l\u00e9r\u00e9 de prise de d\u00e9cision pour les demandeurs d\u2019asile originaires de pays tiers jug\u00e9s \u00ab\u202fs\u00fbrs\u202f\u00bb, et le gouvernement discute actuellement de la possibilit\u00e9 de mettre en \u0153uvre une politique de retour pour les personnes arrivant du Royaume-Uni.<\/p>\n<p>Le premier ministre cherche \u00e0 invoquer une l\u00e9gislation d\u2019urgence pour freiner les arriv\u00e9es via l\u2019Irlande du Nord et \u00e0 modifier la loi existante pour permettre le retour des demandeurs d\u2019asile au Royaume-Uni.<\/p>\n<p>Cette d\u00e9marche intervient apr\u00e8s que la Haute Cour irlandaise a d\u00e9clar\u00e9 que le fait de consid\u00e9rer le Royaume-Uni comme un \u00ab\u202fpays tiers s\u00fbr\u202f\u00bb pour l\u2019expulsion de demandeurs d\u2019asile \u00e9tait contraire au droit communautaire, invoquant des craintes que des individus soient expuls\u00e9s du Royaume-Uni vers le Rwanda.<\/p>\n<p>Mais les n\u00e9gociations avec le Royaume-Uni sur cette question sont au point mort. Le premier ministre Rishi Sunak a soulign\u00e9 qu\u2019il n\u2019\u00e9tait \u00ab\u202f<a href=\"https:\/\/twitter.com\/ITVNewsPolitics\/status\/1784937418837139665?ref_src=twsrc%5Etfw%7Ctwcamp%5Etweetembed%7Ctwterm%5E1784937418837139665%7Ctwgr%5E2bd4b128a2c412ead0ba0a1793ac0531ebf2fc5c%7Ctwcon%5Es1_&amp;ref_url=https%3A%2F%2Fwww.rte.ie%2Fnews%2Fpolitics%2F2024%2F0429%2F1446232-ireland-uk-migration%2F\">pas int\u00e9ress\u00e9<\/a>\u202f\u00bb par un accord avec l\u2019Irlande sur le renvoi des demandeurs d\u2019asile vers le Royaume-Uni.<\/p>\n<p>Les tensions entre les deux pays se sont aggrav\u00e9es avec le <a href=\"https:\/\/www.independent.co.uk\/news\/uk\/northern-ireland-uk-government-micheal-martin-irish-rwanda-b2536464.html\">report<\/a> de derni\u00e8re minute de la r\u00e9union de Mme McEntee avec le ministre britannique de l\u2019int\u00e9rieur, James Cleverly, dimanche soir.<\/p>\n<h2>Une crise migratoire croissante<\/h2>\n<p>La dispute diplomatique a commenc\u00e9 apr\u00e8s que Mme McEntee a <a href=\"https:\/\/www.rte.ie\/news\/politics\/2024\/0423\/1445065-cabinet-latest\/\">annonc\u00e9 la semaine derni\u00e8re<\/a> que 80\u202f% des demandeurs d\u2019asile en Irlande venaient de l\u2019autre c\u00f4t\u00e9 de la fronti\u00e8re.<\/p>\n<p>Mme McEntee a d\u00e9clar\u00e9 que plus de 5 000 personnes ont demand\u00e9 l\u2019asile cette ann\u00e9e et que plus de la moiti\u00e9 d\u2019entre elles sont des mouvements secondaires, principalement pour des raisons \u00e9conomiques plut\u00f4t qu\u2019en qu\u00eate de protection.<\/p>\n<p>La politique de proc\u00e9dure acc\u00e9l\u00e9r\u00e9e, qui vise \u00e0 acc\u00e9l\u00e9rer le traitement des demandes de protection internationale en 90 jours, a permis jusqu\u2019\u00e0 pr\u00e9sent de r\u00e9duire de moiti\u00e9 le nombre de demandes.<\/p>\n<p>Toutefois, la gestion de l\u2019afflux de demandeurs d\u2019asile se heurte encore \u00e0 un obstacle suppl\u00e9mentaire. Malgr\u00e9 le refus du statut de r\u00e9fugi\u00e9 \u00e0 7 300 personnes depuis le d\u00e9but de 2023, seules 100 ont \u00e9t\u00e9 expuls\u00e9es, principalement en raison de la majorit\u00e9 qui fait appel de la d\u00e9cision.<\/p>\n<p>Cette inefficacit\u00e9 met le gouvernement sous pression pour agir, d\u2019autant plus que la <a href=\"https:\/\/www.irishtimes.com\/crime-law\/2024\/04\/26\/newtownmountkennedy-protest-wicklow-asylum-seekers-gardai-arrest-protesters-clashes\/\">violence et les manifestations<\/a> se sont intensifi\u00e9es dans certaines villes accueillant des demandeurs de protection internationale en Irlande.<\/p>\n<p>La situation met \u00e9galement \u00e0 rude \u00e9preuve les ressources d\u2019h\u00e9bergement, <a href=\"https:\/\/www.infomigrants.net\/en\/post\/56105\/ireland-seeks-to-solve-asylum-accommodation-crisis-opts-in-to-eu-migration-pact\">InfoMigrants<\/a> rapportant que de nombreux demandeurs d\u2019asile sont contraints de dormir dans des tentes dans les rues et que les mauvaises conditions entra\u00eenent la propagation de maladies.<\/p>\n<p>Depuis le Brexit en 2020, la fronti\u00e8re entre l\u2019Irlande et le Royaume-Uni est rest\u00e9e la seule fronti\u00e8re terrestre entre le Royaume-Uni et l\u2019Union europ\u00e9enne, et l\u2019absence de contr\u00f4les d\u2019immigration y a rendu particuli\u00e8rement difficile la r\u00e9gulation des flux migratoires.<\/p>\n<p>Aujourd\u2019hui, avec la promulgation de l\u2019accord avec le Rwanda initi\u00e9 par le Parti conservateur, le gouvernement irlandais estime que la situation ne fera qu\u2019empirer.<\/p>\n<p>Le chef du parti Traditional Unionist Voice en Irlande, Jim Allister, a plut\u00f4t bl\u00e2m\u00e9 le gouvernement irlandais pour le probl\u00e8me de l\u2019immigration. Il a d\u00e9clar\u00e9 au <a href=\"https:\/\/www.telegraph.co.uk\/news\/2024\/04\/26\/ireland-brexit-migrants-border-rwanda-jim-allister\/\">Telegraph<\/a> que le pays \u00ab\u202fr\u00e9colte ce qu\u2019il a sem\u00e9\u202f\u00bb apr\u00e8s avoir insist\u00e9 pour garder les fronti\u00e8res ouvertes apr\u00e8s le Brexit.<\/p>\n<h2>Le plan Rwanda controvers\u00e9<\/h2>\n<p>Le <a href=\"https:\/\/researchbriefings.files.parliament.uk\/documents\/CBP-9568\/CBP-9568.pdf\">trait\u00e9 de relocalisation controvers\u00e9<\/a> du premier ministre britannique Rishi Sunak, qui pr\u00e9voit de renvoyer au Rwanda les demandeurs d\u2019asile arriv\u00e9s ill\u00e9galement dans le pays, a finalement \u00e9t\u00e9 approuv\u00e9 par le Parlement la semaine derni\u00e8re, malgr\u00e9 l\u2019arr\u00eat de la Cour supr\u00eame de novembre selon lequel l\u2019expulsion des demandeurs d\u2019asile vers le Rwanda \u00e9tait ill\u00e9gale.<\/p>\n<p>Un vote intervenu quelques semaines plus t\u00f4t que pr\u00e9vu \u00e9tant donn\u00e9 le parti conservateur risque de perdre jusqu\u2019\u00e0 la moiti\u00e9 de ses si\u00e8ges lors des prochaines \u00e9lections locales.<\/p>\n<p>Cette politique entra\u00eenera des d\u00e9tentions massives de demandeurs d\u2019asile dans tout le pays alors que le premier ministre cherche \u00e0 tenir ses promesses de lutter contre l\u2019immigration clandestine. Des centres de d\u00e9tention ont d\u00e9j\u00e0 \u00e9t\u00e9 ouverts en pr\u00e9vision, tandis que le gouvernement rwandais a \u00e9galement pr\u00e9par\u00e9 le processus d\u2019int\u00e9gration.<\/p>\n<p>Malgr\u00e9 les critiques des partis d\u2019opposition, M. Sunak a poursuivi sa politique, visant \u00e0 renvoyer le premier avion de demandeurs d\u2019asile au Rwanda.<\/p>\n<p>M. Sunak a salu\u00e9 le mouvement des migrants vers l\u2019Irlande comme une preuve que sa nouvelle politique rwandaise fonctionnait comme un <a href=\"https:\/\/www.youtube.com\/watch?v=IbKBXnCyLAA\">moyen de dissuasion<\/a> pour les demandeurs d\u2019asile arrivant dans des bateaux \u00e0 travers la Manche.<\/p>\n<p>Malgr\u00e9 les espoirs de l\u2019Irlande pour une nouvelle politique d\u2019expulsion, le Royaume-Uni a insist\u00e9 sur le fait qu\u2019il n\u2019accepterait aucun demandeur d\u2019asile de retour d\u2019Irlande \u00e0 moins qu\u2019un accord avec Bruxelles ne soit conclu pour les renvoyer en France.<\/p>\n","protected":false},"excerpt":{"rendered":"<p>Le premier ministre irlandais a annonc\u00e9 la promulgation d\u2019une l\u00e9gislation d\u2019urgence pour renvoyer les demandeurs d\u2019asile au Royaume-Uni, apr\u00e8s avoir constat\u00e9 une augmentation du nombre de migrants traversant la fronti\u00e8re irlandaise \u00e0 la suite de la politique migratoire britannique. Le premier ministre Rishi Sunak, lui, ne les acceptera pas sans accord avec l\u2019Union europ\u00e9enne pour les renvoyer en France.<\/p>\n","protected":false},"author":260,"featured_media":39382,"comment_status":"closed","ping_status":"open","sticky":false,"template":"","format":"standard","meta":{"wp_typography_post_enhancements_disabled":false,"footnotes":""},"categories":[416],"tags":[430,410,792,421],"class_list":["post-39380","post","type-post","status-publish","format-standard","has-post-thumbnail","hentry","category-politique","tag-irlande","tag-royaume-uni","tag-rwanda-fr","tag-vieux"],"yoast_head":"<!-- This site is optimized with the Yoast SEO Premium plugin v27.4 (Yoast SEO v27.4) - https:\/\/yoast.com\/product\/yoast-seo-premium-wordpress\/ -->\n<title>La politique migratoire du Royaume-Uni source de diff\u00e9rends avec l&#039;Irlande<\/title>\n<meta name=\"description\" content=\"Le premier ministre irlandais a annonc\u00e9 la promulgation d&#039;une l\u00e9gislation d&#039;urgence pour renvoyer les demandeurs d&#039;asile au Royaume-Uni, apr\u00e8s avoir constat\u00e9 une augmentation du nombre de migrants traversant la fronti\u00e8re irlandaise \u00e0 la suite de la politique migratoire britannique. Le premier ministre Rishi Sunak, lui, ne les acceptera pas sans accord avec l&#039;Union europ\u00e9enne pour les renvoyer en France.\" \/>\n<meta name=\"robots\" content=\"index, follow, max-snippet:-1, max-image-preview:large, max-video-preview:-1\" \/>\n<link rel=\"canonical\" href=\"https:\/\/www.newsendip.com\/fr\/politique-migratoire-royaume-uni-differends-irlande-refugies-rwanda\/\" \/>\n<meta property=\"og:locale\" content=\"fr_FR\" \/>\n<meta property=\"og:type\" content=\"article\" \/>\n<meta property=\"og:title\" content=\"La politique migratoire du Royaume-Uni source de diff\u00e9rends avec l&#039;Irlande\" \/>\n<meta property=\"og:description\" content=\"Le premier ministre irlandais a annonc\u00e9 la promulgation d&#039;une l\u00e9gislation d&#039;urgence pour renvoyer les demandeurs d&#039;asile au Royaume-Uni, apr\u00e8s avoir constat\u00e9 une augmentation du nombre de migrants traversant la fronti\u00e8re irlandaise \u00e0 la suite de la politique migratoire britannique. Le premier ministre Rishi Sunak, lui, ne les acceptera pas sans accord avec l&#039;Union europ\u00e9enne pour les renvoyer en France.\" \/>\n<meta property=\"og:url\" content=\"https:\/\/www.newsendip.com\/fr\/politique-migratoire-royaume-uni-differends-irlande-refugies-rwanda\/\" \/>\n<meta property=\"og:site_name\" content=\"Newsendip\" \/>\n<meta property=\"article:publisher\" content=\"https:\/\/www.facebook.com\/newsendip\" \/>\n<meta property=\"article:published_time\" content=\"2024-04-30T17:00:00+00:00\" \/>\n<meta property=\"article:modified_time\" content=\"2024-07-18T13:13:53+00:00\" \/>\n<meta property=\"og:image\" content=\"https:\/\/www.newsendip.com\/wp-content\/uploads\/2024\/04\/ireland-uk-flags.jpeg\" \/>\n\t<meta property=\"og:image:width\" content=\"1270\" \/>\n\t<meta property=\"og:image:height\" content=\"953\" \/>\n\t<meta property=\"og:image:type\" content=\"image\/jpeg\" \/>\n<meta name=\"author\" content=\"Claire Rhea\" \/>\n<meta name=\"twitter:card\" content=\"summary_large_image\" \/>\n<meta name=\"twitter:image\" content=\"https:\/\/www.newsendip.com\/wp-content\/uploads\/2024\/04\/ireland-uk-flags.jpeg\" \/>\n<meta name=\"twitter:creator\" content=\"@newsendip\" \/>\n<meta name=\"twitter:site\" content=\"@newsendip\" \/>\n<meta name=\"twitter:label1\" content=\"\u00c9crit par\" \/>\n\t<meta name=\"twitter:data1\" content=\"Claire Rhea\" \/>\n\t<meta name=\"twitter:label2\" content=\"Dur\u00e9e de lecture estim\u00e9e\" \/>\n\t<meta name=\"twitter:data2\" content=\"5 minutes\" \/>\n<!-- \/ Yoast SEO Premium plugin. -->","yoast_head_json":{"title":"La politique migratoire du Royaume-Uni source de diff\u00e9rends avec l'Irlande","description":"Le premier ministre irlandais a annonc\u00e9 la promulgation d'une l\u00e9gislation d'urgence pour renvoyer les demandeurs d'asile au Royaume-Uni, apr\u00e8s avoir constat\u00e9 une augmentation du nombre de migrants traversant la fronti\u00e8re irlandaise \u00e0 la suite de la politique migratoire britannique. Le premier ministre Rishi Sunak, lui, ne les acceptera pas sans accord avec l'Union europ\u00e9enne pour les renvoyer en France.","robots":{"index":"index","follow":"follow","max-snippet":"max-snippet:-1","max-image-preview":"max-image-preview:large","max-video-preview":"max-video-preview:-1"},"canonical":"https:\/\/www.newsendip.com\/fr\/politique-migratoire-royaume-uni-differends-irlande-refugies-rwanda\/","og_locale":"fr_FR","og_type":"article","og_title":"La politique migratoire du Royaume-Uni source de diff\u00e9rends avec l'Irlande","og_description":"Le premier ministre irlandais a annonc\u00e9 la promulgation d'une l\u00e9gislation d'urgence pour renvoyer les demandeurs d'asile au Royaume-Uni, apr\u00e8s avoir constat\u00e9 une augmentation du nombre de migrants traversant la fronti\u00e8re irlandaise \u00e0 la suite de la politique migratoire britannique. Le premier ministre Rishi Sunak, lui, ne les acceptera pas sans accord avec l'Union europ\u00e9enne pour les renvoyer en France.","og_url":"https:\/\/www.newsendip.com\/fr\/politique-migratoire-royaume-uni-differends-irlande-refugies-rwanda\/","og_site_name":"Newsendip","article_publisher":"https:\/\/www.facebook.com\/newsendip","article_published_time":"2024-04-30T17:00:00+00:00","article_modified_time":"2024-07-18T13:13:53+00:00","og_image":[{"width":1270,"height":953,"url":"https:\/\/www.newsendip.com\/wp-content\/uploads\/2024\/04\/ireland-uk-flags.jpeg","type":"image\/jpeg"}],"author":"Claire Rhea","twitter_card":"summary_large_image","twitter_image":"https:\/\/www.newsendip.com\/wp-content\/uploads\/2024\/04\/ireland-uk-flags.jpeg","twitter_creator":"@newsendip","twitter_site":"@newsendip","twitter_misc":{"\u00c9crit par":"Claire Rhea","Dur\u00e9e de lecture estim\u00e9e":"5 minutes"},"schema":{"@context":"https:\/\/schema.org","@graph":[{"@type":"NewsArticle","@id":"https:\/\/www.newsendip.com\/fr\/politique-migratoire-royaume-uni-differends-irlande-refugies-rwanda\/#article","isPartOf":{"@id":"https:\/\/www.newsendip.com\/fr\/politique-migratoire-royaume-uni-differends-irlande-refugies-rwanda\/"},"author":{"name":"Claire Rhea","@id":"https:\/\/www.newsendip.com\/fr\/#\/schema\/person\/e2f1f831c2917545cdc6413974e67011"},"headline":"La politique migratoire du Royaume-Uni source de diff\u00e9rends avec l\u2019Irlande","datePublished":"2024-04-30T17:00:00+00:00","dateModified":"2024-07-18T13:13:53+00:00","mainEntityOfPage":{"@id":"https:\/\/www.newsendip.com\/fr\/politique-migratoire-royaume-uni-differends-irlande-refugies-rwanda\/"},"wordCount":1181,"publisher":{"@id":"https:\/\/www.newsendip.com\/fr\/#organization"},"image":{"@id":"https:\/\/www.newsendip.com\/fr\/politique-migratoire-royaume-uni-differends-irlande-refugies-rwanda\/#primaryimage"},"thumbnailUrl":"https:\/\/www.newsendip.com\/wp-content\/uploads\/2024\/04\/ireland-uk-flags.webp","keywords":["Irlande","Royaume-Uni","Rwanda","Vieux"],"articleSection":["Politique"],"inLanguage":"fr-FR","copyrightYear":"2024","copyrightHolder":{"@id":"https:\/\/www.newsendip.com\/#organization"}},{"@type":"WebPage","@id":"https:\/\/www.newsendip.com\/fr\/politique-migratoire-royaume-uni-differends-irlande-refugies-rwanda\/","url":"https:\/\/www.newsendip.com\/fr\/politique-migratoire-royaume-uni-differends-irlande-refugies-rwanda\/","name":"La politique migratoire du Royaume-Uni source de diff\u00e9rends avec l'Irlande","isPartOf":{"@id":"https:\/\/www.newsendip.com\/fr\/#website"},"primaryImageOfPage":{"@id":"https:\/\/www.newsendip.com\/fr\/politique-migratoire-royaume-uni-differends-irlande-refugies-rwanda\/#primaryimage"},"image":{"@id":"https:\/\/www.newsendip.com\/fr\/politique-migratoire-royaume-uni-differends-irlande-refugies-rwanda\/#primaryimage"},"thumbnailUrl":"https:\/\/www.newsendip.com\/wp-content\/uploads\/2024\/04\/ireland-uk-flags.webp","datePublished":"2024-04-30T17:00:00+00:00","dateModified":"2024-07-18T13:13:53+00:00","description":"Le premier ministre irlandais a annonc\u00e9 la promulgation d'une l\u00e9gislation d'urgence pour renvoyer les demandeurs d'asile au Royaume-Uni, apr\u00e8s avoir constat\u00e9 une augmentation du nombre de migrants traversant la fronti\u00e8re irlandaise \u00e0 la suite de la politique migratoire britannique. Le premier ministre Rishi Sunak, lui, ne les acceptera pas sans accord avec l'Union europ\u00e9enne pour les renvoyer en France.","breadcrumb":{"@id":"https:\/\/www.newsendip.com\/fr\/politique-migratoire-royaume-uni-differends-irlande-refugies-rwanda\/#breadcrumb"},"inLanguage":"fr-FR","potentialAction":[{"@type":"ReadAction","target":["https:\/\/www.newsendip.com\/fr\/politique-migratoire-royaume-uni-differends-irlande-refugies-rwanda\/"]}]},{"@type":"ImageObject","inLanguage":"fr-FR","@id":"https:\/\/www.newsendip.com\/fr\/politique-migratoire-royaume-uni-differends-irlande-refugies-rwanda\/#primaryimage","url":"https:\/\/www.newsendip.com\/wp-content\/uploads\/2024\/04\/ireland-uk-flags.webp","contentUrl":"https:\/\/www.newsendip.com\/wp-content\/uploads\/2024\/04\/ireland-uk-flags.webp","width":1920,"height":1440,"caption":"Le premier ministre britannique a d\u00e9clar\u00e9 que le royaume-uni n'accepterait pas le retour des demandeurs d'asile irlandais | \u00a9 Walid Hamadeh"},{"@type":"BreadcrumbList","@id":"https:\/\/www.newsendip.com\/fr\/politique-migratoire-royaume-uni-differends-irlande-refugies-rwanda\/#breadcrumb","itemListElement":[{"@type":"ListItem","position":1,"name":"Accueil","item":"https:\/\/www.newsendip.com\/fr\/"},{"@type":"ListItem","position":2,"name":"La politique migratoire du Royaume-Uni source de diff\u00e9rends avec l&#8217;Irlande"}]},{"@type":"WebSite","@id":"https:\/\/www.newsendip.com\/fr\/#website","url":"https:\/\/www.newsendip.com\/fr\/","name":"Newsendip","description":"Red\u00e9couvrez l&#039;actualit\u00e9 internationale","publisher":{"@id":"https:\/\/www.newsendip.com\/fr\/#organization"},"potentialAction":[{"@type":"SearchAction","target":{"@type":"EntryPoint","urlTemplate":"https:\/\/www.newsendip.com\/fr\/?s={search_term_string}"},"query-input":{"@type":"PropertyValueSpecification","valueRequired":true,"valueName":"search_term_string"}}],"inLanguage":"fr-FR"},{"@type":"Organization","@id":"https:\/\/www.newsendip.com\/fr\/#organization","name":"Newsendip","url":"https:\/\/www.newsendip.com\/fr\/","logo":{"@type":"ImageObject","inLanguage":"fr-FR","@id":"https:\/\/www.newsendip.com\/fr\/#\/schema\/logo\/image\/","url":"https:\/\/www.newsendip.com\/wp-content\/uploads\/2023\/12\/512x512.svg","contentUrl":"https:\/\/www.newsendip.com\/wp-content\/uploads\/2023\/12\/512x512.svg","width":1,"height":1,"caption":"Newsendip"},"image":{"@id":"https:\/\/www.newsendip.com\/fr\/#\/schema\/logo\/image\/"},"sameAs":["https:\/\/www.facebook.com\/newsendip","https:\/\/x.com\/newsendip","https:\/\/mastodon.social\/@newsendip","https:\/\/www.linkedin.com\/company\/newsendip"],"description":"Newsendip est un site qui a pour mission de rendre l'actualit\u00e9 internationale accessible et diversifi\u00e9e","email":"contact@newsendip.com","legalName":"Newsendip SAS","foundingDate":"2022-11-04","vatID":"FR60921124723","numberOfEmployees":{"@type":"QuantitativeValue","minValue":"1","maxValue":"10"},"publishingPrinciples":"https:\/\/www.newsendip.com\/about-us\/","ownershipFundingInfo":"https:\/\/www.newsendip.com\/legal-notice\/","actionableFeedbackPolicy":"https:\/\/www.newsendip.com\/about-us\/","correctionsPolicy":"https:\/\/www.newsendip.com\/about-us\/","ethicsPolicy":"https:\/\/www.newsendip.com\/about-us\/","diversityPolicy":"https:\/\/www.newsendip.com\/about-us\/"},{"@type":"Person","@id":"https:\/\/www.newsendip.com\/fr\/#\/schema\/person\/e2f1f831c2917545cdc6413974e67011","name":"Claire Rhea","description":"Claire is a journalist for Newsendip. She grew up in London but is a dual citizen of the United States and France. She graduated from McGill University in Montr\u00e9al, Canada, in political Science and economics. She also lived in Italy.","sameAs":["https:\/\/www.linkedin.com\/in\/claire-rhea-027428167\/"],"knowsAbout":["News"],"knowsLanguage":["English","French"],"url":"https:\/\/www.newsendip.com\/fr\/author\/claire-rhea\/"}]}},"_links":{"self":[{"href":"https:\/\/www.newsendip.com\/fr\/wp-json\/wp\/v2\/posts\/39380","targetHints":{"allow":["GET"]}}],"collection":[{"href":"https:\/\/www.newsendip.com\/fr\/wp-json\/wp\/v2\/posts"}],"about":[{"href":"https:\/\/www.newsendip.com\/fr\/wp-json\/wp\/v2\/types\/post"}],"author":[{"embeddable":true,"href":"https:\/\/www.newsendip.com\/fr\/wp-json\/wp\/v2\/users\/260"}],"replies":[{"embeddable":true,"href":"https:\/\/www.newsendip.com\/fr\/wp-json\/wp\/v2\/comments?post=39380"}],"version-history":[{"count":0,"href":"https:\/\/www.newsendip.com\/fr\/wp-json\/wp\/v2\/posts\/39380\/revisions"}],"wp:featuredmedia":[{"embeddable":true,"href":"https:\/\/www.newsendip.com\/fr\/wp-json\/wp\/v2\/media\/39382"}],"wp:attachment":[{"href":"https:\/\/www.newsendip.com\/fr\/wp-json\/wp\/v2\/media?parent=39380"}],"wp:term":[{"taxonomy":"category","embeddable":true,"href":"https:\/\/www.newsendip.com\/fr\/wp-json\/wp\/v2\/categories?post=39380"},{"taxonomy":"post_tag","embeddable":true,"href":"https:\/\/www.newsendip.com\/fr\/wp-json\/wp\/v2\/tags?post=39380"}],"curies":[{"name":"wp","href":"https:\/\/api.w.org\/{rel}","templated":true}]}}