{"id":39687,"date":"2024-05-09T17:30:17","date_gmt":"2024-05-09T15:30:17","guid":{"rendered":"https:\/\/www.newsendip.com\/?p=39687"},"modified":"2024-07-16T16:51:22","modified_gmt":"2024-07-16T14:51:22","slug":"gaz-bolivie-reserves-exportations-politique-economique","status":"publish","type":"post","link":"https:\/\/www.newsendip.com\/fr\/gaz-bolivie-reserves-exportations-politique-economique\/","title":{"rendered":"Les r\u00e9serves de gaz bolivien sources de dissensions sur la politique \u00e9conomique du&nbsp;pays"},"content":{"rendered":"<p><strong>La compagnie p\u00e9troli\u00e8re publique bolivienne \u00e9tend ses projets \u00e0 de nouvelles zones d\u2019exploration afin de reconstituer les r\u00e9serves de gaz naturel. Mais malgr\u00e9 la diminution de la production et des d\u00e9clarations alarmistes du pr\u00e9sident bolivien, l\u2019entreprise assure que la Bolivie ne sera pas confront\u00e9e \u00e0 une p\u00e9nurie de gaz. Avec en toile de fond une lutte pour le leadership politique en vue des \u00e9lections g\u00e9n\u00e9rales de&nbsp;2025.<br>\n<\/strong><\/p>\n<figure id=\"attachment_39683\" aria-describedby=\"caption-attachment-39683\" style=\"width: 850px\" class=\"wp-caption aligncenter\"><img decoding=\"async\" class=\"size-full wp-image-39683\" src=\"https:\/\/www.newsendip.com\/wp-content\/uploads\/2024\/05\/bolivia-ypfb-workers.webp\" alt=\"Des travailleurs boliviens du YPFB devant une plate-forme p\u00e9troli\u00e8re, portant des casques.\" width=\"850\" height=\"567\" srcset=\"https:\/\/www.newsendip.com\/wp-content\/uploads\/2024\/05\/bolivia-ypfb-workers.webp 850w, https:\/\/www.newsendip.com\/wp-content\/uploads\/2024\/05\/bolivia-ypfb-workers-60x40.webp 60w, https:\/\/www.newsendip.com\/wp-content\/uploads\/2024\/05\/bolivia-ypfb-workers-720x480.webp 720w, https:\/\/www.newsendip.com\/wp-content\/uploads\/2024\/05\/bolivia-ypfb-workers-300x200.webp 300w, https:\/\/www.newsendip.com\/wp-content\/uploads\/2024\/05\/bolivia-ypfb-workers-768x512.webp 768w\" sizes=\"(max-width: 850px) 100vw, 850px\"><figcaption id=\"caption-attachment-39683\" class=\"wp-caption-text\">YPFB entreprend des projets d\u2019exploration dans des zones non traditionnelles pour \u00e9viter une p\u00e9nurie de gaz. | \u00a9 Katsunori Ogawa<\/figcaption><\/figure>\n<p>Le 28 avril, le pr\u00e9sident de la <a href=\"https:\/\/www.newsendip.com\/fr\/etiquette\/bolivie\/\">Bolivie<\/a>, Luis Arce, a fait des d\u00e9clarations controvers\u00e9es sur les r\u00e9serves de gaz naturel du pays, affirmant qu\u2019elles \u00e9taient \u00ab\u202f\u00e9puis\u00e9es\u202f\u00bb. Des commentaires qui ont suscit\u00e9 des critiques de la part de l\u2019opposition, en particulier de l\u2019ancien pr\u00e9sident et leader du Mouvement socialiste (MAS), Evo Morales.<\/p>\n<p>Le <a href=\"https:\/\/www.newsendip.com\/fr\/avec-la-fin-prematuree-du-gaz-de-la-bolivie-largentine-accelere-sur-le-gaz-de-schiste\/\">gaz naturel est le principal produit d\u2019exportation de la Bolivie<\/a>. Et le r\u00e9cent d\u00e9clin de sa production a cr\u00e9\u00e9 un environnement politique confus alors que la Bolivie continue d\u2019exporter plus de 20 millions de m\u00e8tres cubes de gaz par jour vers le <a href=\"https:\/\/www.newsendip.com\/fr\/etiquette\/bresil\/\">Br\u00e9sil<\/a> et 13,1 millions de m\u00e8tres cubes par jour vers l\u2019<a href=\"https:\/\/www.newsendip.com\/fr\/etiquette\/argentine\/\">Argentine<\/a>.<\/p>\n<p>Cependant, le pr\u00e9sident de la soci\u00e9t\u00e9 p\u00e9troli\u00e8re d\u2019\u00c9tat bolivienne (YPFB), Armin Dorgathen Tapia, a insist\u00e9 la semaine derni\u00e8re <a href=\"https:\/\/correodelsur.com\/economia\/20240502_ypfb-dice-que-el-pais-tiene-suficientes-reservas-de-gas.html\">qu\u2019il n\u2019y aura pas de p\u00e9nurie de gaz<\/a>, m\u00eame si la production diminue. La production reste trois fois sup\u00e9rieure \u00e0 la demande int\u00e9rieure, ce qui est suffisant pour couvrir ses engagements d\u2019exportation.<\/p>\n<p>La demande int\u00e9rieure se maintient \u00e0 12\u201313 millions de m\u00e8tres cubes par jour. Et avec une production totale de 40 millions de m\u00e8tres cubes par jour, les exc\u00e9dents r\u00e9pondent aux demandes du Br\u00e9sil et de l\u2019Argentine, les principaux importateurs du gaz bolivien.<\/p>\n<h2>Le plan de relance de l\u2019exploration gazi\u00e8re<\/h2>\n<p>Mais l\u2019entreprise m\u00e8ne en parall\u00e8le un plan de relance de l\u2019exploration gazi\u00e8re depuis 2021, qui vise \u00e0 d\u00e9velopper 36 projets exploratoires dans les d\u00e9partements de Santa Cruz, Tarija, Chuquisaca, Cochabamba, La Paz et&nbsp;Pando.<\/p>\n<p>Ce plan vise \u00e0 augmenter la production d\u2019hydrocarbures et \u00e0 r\u00e9tablir les r\u00e9serves de gaz, avec certaines zones ayant d\u00e9j\u00e0 donn\u00e9 des r\u00e9sultats concluants. \u00ab\u202f<em>En 2022, nous nous sommes renforc\u00e9s, nous avons commenc\u00e9 \u00e0 forer et \u00e0 mener des \u00e9tudes. Notre PRU envisage \u00e9galement la r\u00e9activation de champs matures, qui sont d\u00e9j\u00e0 en production<\/em>\u202f\u00bb, a expliqu\u00e9 M. Dorgathen. Huit de ces installations sont entr\u00e9es en production avec succ\u00e8s.<\/p>\n<p>Mais le plan ne se limite pas \u00e0 l\u2019exploitation des gisements connus. Pour garantir un approvisionnement \u00e0 long terme, des zones non traditionnelles sont \u00e9galement explor\u00e9es, comme deux bassins \u00e0 Subandino Norte et Madre de Dios, dans le nord du pays. \u00ab\u202f<em>Nous sommes \u00e0 la recherche d\u2019un nouveau bassin d\u2019hydrocarbures<\/em>\u202f\u00bb, a confirm\u00e9 M. Dorgathen lors d\u2019une conf\u00e9rence de presse. Bien qu\u2019il faille attendre plusieurs ann\u00e9es avant que l\u2019effet de ces nouveaux bassins sur la production soit connu, il a indiqu\u00e9 qu\u2019une d\u00e9couverte importante en mati\u00e8re d\u2019hydrocarbures sera port\u00e9e \u00e0 la connaissance du public d\u2019ici la fin&nbsp;juin.<\/p>\n<p>Le gouvernement continue de d\u00e9velopper une politique d\u2019extraction de ses ressources naturelles avec des projets d\u2019exploration dans d\u2019autres domaines comme la production de carbonate de lithium et de chlorure de potassium <a href=\"https:\/\/www.newsendip.com\/fr\/en-rejoignant-le-mercosur-la-bolivie-espere-inverser-son-deficit-commercial\/\">afin de g\u00e9n\u00e9rer des revenus d\u2019exportation<\/a>. La production de ces fili\u00e8res a atteint des chiffres records en&nbsp;2023.<\/p>\n<h2>La \u00ab\u202fmer de gaz\u202f\u00bb de la Bolivie<\/h2>\n<p>L\u2019ex-pr\u00e9sident Evo Morales a critiqu\u00e9 le gouvernement d\u2019Arce pour son \u00ab\u202f<a href=\"https:\/\/elpotosi.net\/nacional\/20240430_evo-ve-falta-de-seriedad-en-el-gobierno-de-arce.html\">manque de s\u00e9rieux<\/a>\u202f\u00bb face \u00e0 la situation apr\u00e8s que le pr\u00e9sident a fait des d\u00e9clarations publiques semblant exag\u00e9rer les difficult\u00e9s caus\u00e9es par la baisse de la production de gaz naturel.<\/p>\n<p>Mais M. Dorgathen a d\u00e9fendu la position de M. Arce dans le cadre de la politique de transparence du gouvernement, affirmant qu\u2019il \u00e9tait \u00ab\u202ftout \u00e0 fait vrai\u202f\u00bb que la production diminuait, mais que les r\u00e9serves de gaz \u00e9taient n\u00e9anmoins suffisantes pour couvrir les demandes internes et externes.<\/p>\n<p>En 2016, la Bolivie produisait <a href=\"https:\/\/www.infobae.com\/america\/agencias\/2024\/04\/29\/criticas-al-presidente-de-bolivia-por-decir-que-el-gas-natural-del-pais-se-ha-agotado\/\">56,6 millions de m\u00e8tres cubes par jour<\/a> g\u00e9n\u00e9rant 1,8 milliard de dollars par an. Cependant, en 2023, la production avait chut\u00e9 \u00e0 31,9 millions de m\u00e8tres cubes par jour, avec un revenu de 2 milliards de dollars par&nbsp;an.<\/p>\n<p>YPFB a indiqu\u00e9 que, bien qu\u2019une p\u00e9nurie ne soit pas attendue, des projets exploratoires auraient d\u00fb \u00eatre lanc\u00e9s d\u00e8s 2015, sous le gouvernement de Morales, car cela aurait plac\u00e9 la Bolivie dans une position nettement plus avantageuse.<\/p>\n<p>L\u2019actuel pr\u00e9sident a insist\u00e9 sur l\u2019utilit\u00e9 des pr\u00eats gouvernementaux pour entreprendre les travaux d\u2019exploration et s\u2019assurer que le pays puisse continuer \u00e0 exporter du gaz. Mais le pr\u00e9sident Arce a reproch\u00e9 aux l\u00e9gislateurs partisans de M. Morales de refuser d\u2019approuver les pr\u00eats au gouvernement pour b\u00e9n\u00e9ficier des fonds n\u00e9cessaires.<\/p>\n<p>Le ministre de l\u2019<a href=\"https:\/\/www.newsendip.com\/fr\/economie\/\">\u00e9conomie<\/a> a \u00e9galement point\u00e9 du doigt M. Morales d\u2019avoir agi de mani\u00e8re irresponsable lorsque qu\u2019il a affirm\u00e9, \u00e0 l\u2019\u00e9poque de sa pr\u00e9sidence, que la Bolivie disposait d\u2019une \u00ab\u202fmer de gaz\u202f\u00bb suffisante pour approvisionner toute la r\u00e9gion, cr\u00e9ant ainsi des attentes irr\u00e9alistes.<\/p>\n<h2>Lutte politique \u00e0 l\u2019approche des \u00e9lections g\u00e9n\u00e9rales de&nbsp;2025<\/h2>\n<p>Mais les critiques de l\u2019ancien pr\u00e9sident Morales \u00e0 l\u2019\u00e9gard de M. Arce ne concernent pas uniquement le secteur de l\u2019\u00e9nergie.<\/p>\n<p>Elle refl\u00e8tent des querelles politiques plus g\u00e9n\u00e9rales au sein du mouvement socialiste qui <a href=\"https:\/\/globalamericans.org\/the-feud-between-arce-and-morales-could-spell-danger-for-bolivias-left\/\">menacent la stabilit\u00e9 du parti<\/a> \u00e0 l\u2019approche des \u00e9lections g\u00e9n\u00e9rales de 2025, pour lesquelles les deux candidats cherchent \u00e0 se faire r\u00e9\u00e9lire pr\u00e9sident.<\/p>\n<p>Lors de sa mandature, Morales a fa\u00e7onn\u00e9 la sc\u00e8ne politique bolivienne. Il a fond\u00e9 le MAS et est responsable de l\u2019adoption d\u2019une nouvelle constitution en 2009, ainsi que de l\u2019expansion du contr\u00f4le de l\u2019\u00c9tat sur le secteur de l\u2019\u00e9nergie. Mais sa tentative de briguer un quatri\u00e8me mandat en 2019 avait \u00e9t\u00e9 source de pol\u00e9miques et il fut contraint de quitter le pays \u00e0 la suite d\u2019un mouvement qu\u2019il qualifia de <a href=\"https:\/\/www.lemonde.fr\/international\/article\/2019\/12\/25\/bolivie-evo-morales-denonce-un-coup-d-etat-du-aux-richesses-en-lithium-de-son-pays_6024003_3210.html\">coup d\u2019\u00c9tat<\/a>.<\/p>\n<p>L\u2019ancien pr\u00e9sident est revenu d\u2019un exil temporaire lorsque Luis Arce est arriv\u00e9 au pouvoir en&nbsp;2020.<\/p>\n<p>Mais Evo Morales repr\u00e9sentait d\u00e9sormais une menace pour le gouvernement, qui craignait qu\u2019un manque de coh\u00e9sion de la gauche bolivienne ne puisse <a href=\"https:\/\/www.newsendip.com\/fr\/les-responsables-boliviens-reunis-pour-tenter-de-trouver-une-solution-sur-le-recensement-dans-lespoir-de-mettre-fin-aux-tensions-sociales\/\">b\u00e9n\u00e9ficier \u00e0 la droite<\/a>. Morales fut interdit de se pr\u00e9senter aux \u00e9lections, ce qui a d\u00e9clench\u00e9 des manifestations dans tout le&nbsp;pays.<\/p>\n<p>Mais l\u2019interdiction ne l\u2019a pas emp\u00each\u00e9 d\u2019annoncer sur son <a href=\"https:\/\/twitter.com\/evoespueblo\/status\/1705927901571420235\">compte X<\/a> en septembre dernier qu\u2019il se pr\u00e9senterait \u00e0 l\u2019\u00e9lection pr\u00e9sidentielle, m\u00eame si les souvenirs de l\u2019instabilit\u00e9 de 2019 rendent \u00e0 ce jour Luis Arce le favori pour&nbsp;2025.<\/p>\n","protected":false},"excerpt":{"rendered":"<p>La compagnie p\u00e9troli\u00e8re publique bolivienne \u00e9tend ses projets \u00e0 de nouvelles zones d\u2019exploration afin de reconstituer les r\u00e9serves de gaz naturel. Mais malgr\u00e9 la diminution de la production et des d\u00e9clarations alarmistes du pr\u00e9sident bolivien, l\u2019entreprise assure que la Bolivie ne sera pas confront\u00e9e \u00e0 une p\u00e9nurie de gaz. Avec en toile de fond une lutte pour le leadership politique en vue des \u00e9lections g\u00e9n\u00e9rales de&nbsp;2025.<\/p>\n","protected":false},"author":260,"featured_media":39683,"comment_status":"closed","ping_status":"open","sticky":false,"template":"","format":"standard","meta":{"wp_typography_post_enhancements_disabled":false,"footnotes":""},"categories":[3016],"tags":[1335,1334],"class_list":["post-39687","post","type-post","status-publish","format-standard","has-post-thumbnail","hentry","category-environnement","tag-bolivie","tag-nouveau"],"yoast_head":"<!-- This site is optimized with the Yoast SEO Premium plugin v27.4 (Yoast SEO v27.4) - https:\/\/yoast.com\/product\/yoast-seo-premium-wordpress\/ -->\n<title>Les r\u00e9serves de gaz bolivien sources de dissensions sur la politique \u00e9conomique du pays<\/title>\n<meta name=\"description\" content=\"La compagnie p\u00e9troli\u00e8re publique bolivienne \u00e9tend ses projets \u00e0 de nouvelles zones d&#039;exploration afin de reconstituer les r\u00e9serves de gaz naturel. Mais malgr\u00e9 la diminution de la production et des d\u00e9clarations alarmistes du pr\u00e9sident bolivien, l&#039;entreprise assure que la Bolivie ne sera pas confront\u00e9e \u00e0 une p\u00e9nurie de gaz. Avec en toile de fond une lutte pour le leadership politique en vue des \u00e9lections g\u00e9n\u00e9rales de 2025.\" \/>\n<meta name=\"robots\" content=\"index, follow, max-snippet:-1, max-image-preview:large, max-video-preview:-1\" \/>\n<link rel=\"canonical\" href=\"https:\/\/www.newsendip.com\/fr\/gaz-bolivie-reserves-exportations-politique-economique\/\" \/>\n<meta property=\"og:locale\" content=\"fr_FR\" \/>\n<meta property=\"og:type\" content=\"article\" \/>\n<meta property=\"og:title\" content=\"Les r\u00e9serves de gaz bolivien sources de dissensions sur la politique \u00e9conomique du pays\" \/>\n<meta property=\"og:description\" content=\"La compagnie p\u00e9troli\u00e8re publique bolivienne \u00e9tend ses projets \u00e0 de nouvelles zones d&#039;exploration afin de reconstituer les r\u00e9serves de gaz naturel. Mais malgr\u00e9 la diminution de la production et des d\u00e9clarations alarmistes du pr\u00e9sident bolivien, l&#039;entreprise assure que la Bolivie ne sera pas confront\u00e9e \u00e0 une p\u00e9nurie de gaz. Avec en toile de fond une lutte pour le leadership politique en vue des \u00e9lections g\u00e9n\u00e9rales de 2025.\" \/>\n<meta property=\"og:url\" content=\"https:\/\/www.newsendip.com\/fr\/gaz-bolivie-reserves-exportations-politique-economique\/\" \/>\n<meta property=\"og:site_name\" content=\"Newsendip\" \/>\n<meta property=\"article:publisher\" content=\"https:\/\/www.facebook.com\/newsendip\" \/>\n<meta property=\"article:published_time\" content=\"2024-05-09T15:30:17+00:00\" \/>\n<meta property=\"article:modified_time\" content=\"2024-07-16T14:51:22+00:00\" \/>\n<meta property=\"og:image\" content=\"https:\/\/www.newsendip.com\/wp-content\/uploads\/2024\/05\/bolivia-ypfb-workers.jpeg\" \/>\n\t<meta property=\"og:image:width\" content=\"850\" \/>\n\t<meta property=\"og:image:height\" content=\"567\" \/>\n\t<meta property=\"og:image:type\" content=\"image\/jpeg\" \/>\n<meta name=\"author\" content=\"Claire Rhea\" \/>\n<meta name=\"twitter:card\" content=\"summary_large_image\" \/>\n<meta name=\"twitter:image\" content=\"https:\/\/www.newsendip.com\/wp-content\/uploads\/2024\/05\/bolivia-ypfb-workers.jpeg\" \/>\n<meta name=\"twitter:creator\" content=\"@newsendip\" \/>\n<meta name=\"twitter:site\" content=\"@newsendip\" \/>\n<meta name=\"twitter:label1\" content=\"\u00c9crit par\" \/>\n\t<meta name=\"twitter:data1\" content=\"Claire Rhea\" \/>\n\t<meta name=\"twitter:label2\" content=\"Dur\u00e9e de lecture estim\u00e9e\" \/>\n\t<meta name=\"twitter:data2\" content=\"6 minutes\" \/>\n<!-- \/ Yoast SEO Premium plugin. -->","yoast_head_json":{"title":"Les r\u00e9serves de gaz bolivien sources de dissensions sur la politique \u00e9conomique du pays","description":"La compagnie p\u00e9troli\u00e8re publique bolivienne \u00e9tend ses projets \u00e0 de nouvelles zones d'exploration afin de reconstituer les r\u00e9serves de gaz naturel. Mais malgr\u00e9 la diminution de la production et des d\u00e9clarations alarmistes du pr\u00e9sident bolivien, l'entreprise assure que la Bolivie ne sera pas confront\u00e9e \u00e0 une p\u00e9nurie de gaz. Avec en toile de fond une lutte pour le leadership politique en vue des \u00e9lections g\u00e9n\u00e9rales de 2025.","robots":{"index":"index","follow":"follow","max-snippet":"max-snippet:-1","max-image-preview":"max-image-preview:large","max-video-preview":"max-video-preview:-1"},"canonical":"https:\/\/www.newsendip.com\/fr\/gaz-bolivie-reserves-exportations-politique-economique\/","og_locale":"fr_FR","og_type":"article","og_title":"Les r\u00e9serves de gaz bolivien sources de dissensions sur la politique \u00e9conomique du pays","og_description":"La compagnie p\u00e9troli\u00e8re publique bolivienne \u00e9tend ses projets \u00e0 de nouvelles zones d'exploration afin de reconstituer les r\u00e9serves de gaz naturel. Mais malgr\u00e9 la diminution de la production et des d\u00e9clarations alarmistes du pr\u00e9sident bolivien, l'entreprise assure que la Bolivie ne sera pas confront\u00e9e \u00e0 une p\u00e9nurie de gaz. Avec en toile de fond une lutte pour le leadership politique en vue des \u00e9lections g\u00e9n\u00e9rales de 2025.","og_url":"https:\/\/www.newsendip.com\/fr\/gaz-bolivie-reserves-exportations-politique-economique\/","og_site_name":"Newsendip","article_publisher":"https:\/\/www.facebook.com\/newsendip","article_published_time":"2024-05-09T15:30:17+00:00","article_modified_time":"2024-07-16T14:51:22+00:00","og_image":[{"width":850,"height":567,"url":"https:\/\/www.newsendip.com\/wp-content\/uploads\/2024\/05\/bolivia-ypfb-workers.jpeg","type":"image\/jpeg"}],"author":"Claire Rhea","twitter_card":"summary_large_image","twitter_image":"https:\/\/www.newsendip.com\/wp-content\/uploads\/2024\/05\/bolivia-ypfb-workers.jpeg","twitter_creator":"@newsendip","twitter_site":"@newsendip","twitter_misc":{"\u00c9crit par":"Claire Rhea","Dur\u00e9e de lecture estim\u00e9e":"6 minutes"},"schema":{"@context":"https:\/\/schema.org","@graph":[{"@type":"NewsArticle","@id":"https:\/\/www.newsendip.com\/fr\/gaz-bolivie-reserves-exportations-politique-economique\/#article","isPartOf":{"@id":"https:\/\/www.newsendip.com\/fr\/gaz-bolivie-reserves-exportations-politique-economique\/"},"author":{"name":"Claire Rhea","@id":"https:\/\/www.newsendip.com\/fr\/#\/schema\/person\/e2f1f831c2917545cdc6413974e67011"},"headline":"Les r\u00e9serves de gaz bolivien sources de dissensions sur la politique \u00e9conomique du&nbsp;pays","datePublished":"2024-05-09T15:30:17+00:00","dateModified":"2024-07-16T14:51:22+00:00","mainEntityOfPage":{"@id":"https:\/\/www.newsendip.com\/fr\/gaz-bolivie-reserves-exportations-politique-economique\/"},"wordCount":1199,"publisher":{"@id":"https:\/\/www.newsendip.com\/fr\/#organization"},"image":{"@id":"https:\/\/www.newsendip.com\/fr\/gaz-bolivie-reserves-exportations-politique-economique\/#primaryimage"},"thumbnailUrl":"https:\/\/www.newsendip.com\/wp-content\/uploads\/2024\/05\/bolivia-ypfb-workers.webp","keywords":["Bolivie","R\u00e9cent"],"articleSection":["Environnement"],"inLanguage":"fr-FR","copyrightYear":"2024","copyrightHolder":{"@id":"https:\/\/www.newsendip.com\/#organization"}},{"@type":"WebPage","@id":"https:\/\/www.newsendip.com\/fr\/gaz-bolivie-reserves-exportations-politique-economique\/","url":"https:\/\/www.newsendip.com\/fr\/gaz-bolivie-reserves-exportations-politique-economique\/","name":"Les r\u00e9serves de gaz bolivien sources de dissensions sur la politique \u00e9conomique du pays","isPartOf":{"@id":"https:\/\/www.newsendip.com\/fr\/#website"},"primaryImageOfPage":{"@id":"https:\/\/www.newsendip.com\/fr\/gaz-bolivie-reserves-exportations-politique-economique\/#primaryimage"},"image":{"@id":"https:\/\/www.newsendip.com\/fr\/gaz-bolivie-reserves-exportations-politique-economique\/#primaryimage"},"thumbnailUrl":"https:\/\/www.newsendip.com\/wp-content\/uploads\/2024\/05\/bolivia-ypfb-workers.webp","datePublished":"2024-05-09T15:30:17+00:00","dateModified":"2024-07-16T14:51:22+00:00","description":"La compagnie p\u00e9troli\u00e8re publique bolivienne \u00e9tend ses projets \u00e0 de nouvelles zones d'exploration afin de reconstituer les r\u00e9serves de gaz naturel. Mais malgr\u00e9 la diminution de la production et des d\u00e9clarations alarmistes du pr\u00e9sident bolivien, l'entreprise assure que la Bolivie ne sera pas confront\u00e9e \u00e0 une p\u00e9nurie de gaz. Avec en toile de fond une lutte pour le leadership politique en vue des \u00e9lections g\u00e9n\u00e9rales de 2025.","breadcrumb":{"@id":"https:\/\/www.newsendip.com\/fr\/gaz-bolivie-reserves-exportations-politique-economique\/#breadcrumb"},"inLanguage":"fr-FR","potentialAction":[{"@type":"ReadAction","target":["https:\/\/www.newsendip.com\/fr\/gaz-bolivie-reserves-exportations-politique-economique\/"]}]},{"@type":"ImageObject","inLanguage":"fr-FR","@id":"https:\/\/www.newsendip.com\/fr\/gaz-bolivie-reserves-exportations-politique-economique\/#primaryimage","url":"https:\/\/www.newsendip.com\/wp-content\/uploads\/2024\/05\/bolivia-ypfb-workers.webp","contentUrl":"https:\/\/www.newsendip.com\/wp-content\/uploads\/2024\/05\/bolivia-ypfb-workers.webp","width":850,"height":567,"caption":"Employ\u00e9s de la compagnie p\u00e9troli\u00e8re publique de Bolivie \u00e0 Cochabamba. YPFB entreprend des projets d'exploration dans des zones non traditionnelles pour \u00e9viter une p\u00e9nurie de gaz. | \u00a9 Katsunori Ogawa"},{"@type":"BreadcrumbList","@id":"https:\/\/www.newsendip.com\/fr\/gaz-bolivie-reserves-exportations-politique-economique\/#breadcrumb","itemListElement":[{"@type":"ListItem","position":1,"name":"Accueil","item":"https:\/\/www.newsendip.com\/fr\/"},{"@type":"ListItem","position":2,"name":"Les r\u00e9serves de gaz bolivien sources de dissensions sur la politique \u00e9conomique du pays"}]},{"@type":"WebSite","@id":"https:\/\/www.newsendip.com\/fr\/#website","url":"https:\/\/www.newsendip.com\/fr\/","name":"Newsendip","description":"Red\u00e9couvrez l&#039;actualit\u00e9 internationale","publisher":{"@id":"https:\/\/www.newsendip.com\/fr\/#organization"},"potentialAction":[{"@type":"SearchAction","target":{"@type":"EntryPoint","urlTemplate":"https:\/\/www.newsendip.com\/fr\/?s={search_term_string}"},"query-input":{"@type":"PropertyValueSpecification","valueRequired":true,"valueName":"search_term_string"}}],"inLanguage":"fr-FR"},{"@type":"Organization","@id":"https:\/\/www.newsendip.com\/fr\/#organization","name":"Newsendip","url":"https:\/\/www.newsendip.com\/fr\/","logo":{"@type":"ImageObject","inLanguage":"fr-FR","@id":"https:\/\/www.newsendip.com\/fr\/#\/schema\/logo\/image\/","url":"https:\/\/www.newsendip.com\/wp-content\/uploads\/2023\/12\/512x512.svg","contentUrl":"https:\/\/www.newsendip.com\/wp-content\/uploads\/2023\/12\/512x512.svg","width":1,"height":1,"caption":"Newsendip"},"image":{"@id":"https:\/\/www.newsendip.com\/fr\/#\/schema\/logo\/image\/"},"sameAs":["https:\/\/www.facebook.com\/newsendip","https:\/\/x.com\/newsendip","https:\/\/mastodon.social\/@newsendip","https:\/\/www.linkedin.com\/company\/newsendip"],"description":"Newsendip est un site qui a pour mission de rendre l'actualit\u00e9 internationale accessible et diversifi\u00e9e","email":"contact@newsendip.com","legalName":"Newsendip SAS","foundingDate":"2022-11-04","vatID":"FR60921124723","numberOfEmployees":{"@type":"QuantitativeValue","minValue":"1","maxValue":"10"},"publishingPrinciples":"https:\/\/www.newsendip.com\/about-us\/","ownershipFundingInfo":"https:\/\/www.newsendip.com\/legal-notice\/","actionableFeedbackPolicy":"https:\/\/www.newsendip.com\/about-us\/","correctionsPolicy":"https:\/\/www.newsendip.com\/about-us\/","ethicsPolicy":"https:\/\/www.newsendip.com\/about-us\/","diversityPolicy":"https:\/\/www.newsendip.com\/about-us\/"},{"@type":"Person","@id":"https:\/\/www.newsendip.com\/fr\/#\/schema\/person\/e2f1f831c2917545cdc6413974e67011","name":"Claire Rhea","description":"Claire is a journalist for Newsendip. She grew up in London but is a dual citizen of the United States and France. She graduated from McGill University in Montr\u00e9al, Canada, in political Science and economics. She also lived in Italy.","sameAs":["https:\/\/www.linkedin.com\/in\/claire-rhea-027428167\/"],"knowsAbout":["News"],"knowsLanguage":["English","French"],"url":"https:\/\/www.newsendip.com\/fr\/author\/claire-rhea\/"}]}},"_links":{"self":[{"href":"https:\/\/www.newsendip.com\/fr\/wp-json\/wp\/v2\/posts\/39687","targetHints":{"allow":["GET"]}}],"collection":[{"href":"https:\/\/www.newsendip.com\/fr\/wp-json\/wp\/v2\/posts"}],"about":[{"href":"https:\/\/www.newsendip.com\/fr\/wp-json\/wp\/v2\/types\/post"}],"author":[{"embeddable":true,"href":"https:\/\/www.newsendip.com\/fr\/wp-json\/wp\/v2\/users\/260"}],"replies":[{"embeddable":true,"href":"https:\/\/www.newsendip.com\/fr\/wp-json\/wp\/v2\/comments?post=39687"}],"version-history":[{"count":0,"href":"https:\/\/www.newsendip.com\/fr\/wp-json\/wp\/v2\/posts\/39687\/revisions"}],"wp:featuredmedia":[{"embeddable":true,"href":"https:\/\/www.newsendip.com\/fr\/wp-json\/wp\/v2\/media\/39683"}],"wp:attachment":[{"href":"https:\/\/www.newsendip.com\/fr\/wp-json\/wp\/v2\/media?parent=39687"}],"wp:term":[{"taxonomy":"category","embeddable":true,"href":"https:\/\/www.newsendip.com\/fr\/wp-json\/wp\/v2\/categories?post=39687"},{"taxonomy":"post_tag","embeddable":true,"href":"https:\/\/www.newsendip.com\/fr\/wp-json\/wp\/v2\/tags?post=39687"}],"curies":[{"name":"wp","href":"https:\/\/api.w.org\/{rel}","templated":true}]}}