{"id":39725,"date":"2024-05-07T20:00:00","date_gmt":"2024-05-07T18:00:00","guid":{"rendered":"https:\/\/www.newsendip.com\/?p=39725"},"modified":"2024-05-13T14:27:06","modified_gmt":"2024-05-13T12:27:06","slug":"groupe-guerrilla-eln-colombie-kidnappings","status":"publish","type":"post","link":"https:\/\/www.newsendip.com\/fr\/groupe-guerrilla-eln-colombie-kidnappings\/","title":{"rendered":"Le plus grand groupe arm\u00e9 de Colombie annonce la reprise des kidnappings"},"content":{"rendered":"<p><strong>Les gu\u00e9rilleros de l\u2019Arm\u00e9e de lib\u00e9ration nationale (ELN) en Colombie affirment que le gouvernement n\u2019a pas cr\u00e9\u00e9 le fonds promis pour les soutenir financi\u00e8rement pendant les pourparlers de paix. Le gouvernement affirme que l\u2019arr\u00eat des kidnappings ne fait l\u2019objet d\u2019aucune contrepartie.<br>\n<\/strong><\/p>\n<figure id=\"attachment_39806\" aria-describedby=\"caption-attachment-39806\" style=\"width: 1024px\" class=\"wp-caption aligncenter\"><img decoding=\"async\" class=\"size-large wp-image-39806\" src=\"https:\/\/www.newsendip.com\/wp-content\/uploads\/2024\/05\/ELN-Colombia-1024x683.webp\" alt=\"4 membres de ELN\" width=\"1024\" height=\"683\" srcset=\"https:\/\/www.newsendip.com\/wp-content\/uploads\/2024\/05\/ELN-Colombia-1024x683.webp 1024w, https:\/\/www.newsendip.com\/wp-content\/uploads\/2024\/05\/ELN-Colombia-60x40.webp 60w, https:\/\/www.newsendip.com\/wp-content\/uploads\/2024\/05\/ELN-Colombia-720x480.webp 720w, https:\/\/www.newsendip.com\/wp-content\/uploads\/2024\/05\/ELN-Colombia-300x200.webp 300w, https:\/\/www.newsendip.com\/wp-content\/uploads\/2024\/05\/ELN-Colombia-768x512.webp 768w, https:\/\/www.newsendip.com\/wp-content\/uploads\/2024\/05\/ELN-Colombia-1536x1024.webp 1536w, https:\/\/www.newsendip.com\/wp-content\/uploads\/2024\/05\/ELN-Colombia.webp 2048w\" sizes=\"(max-width: 1024px) 100vw, 1024px\"><figcaption id=\"caption-attachment-39806\" class=\"wp-caption-text\">Le groupe rebelle colombien de gauche, l\u2019ELN, a annonc\u00e9 qu\u2019il l\u00e8verait sa suspension concernant les enl\u00e8vements parce qu\u2019il estime que le gouvernement n\u2019a pas respect\u00e9 les accords. | \u00a9 Br\u00e9sil de&nbsp;Fato<\/figcaption><\/figure>\n<p>L\u2019<em>Ej\u00e9rcito de Liberaci\u00f3n Nacional<\/em> (ELN) ou Arm\u00e9e de lib\u00e9ration nationale a annonc\u00e9 ce lundi dans un communiqu\u00e9 qu\u2019elle <em>\u00ab\u202fa mis fin \u00e0 son offre de suspension unilat\u00e9rale des r\u00e9tentions \u00e9conomiques\u202f\u00bb<\/em>, une mani\u00e8re pour le groupe de faire r\u00e9f\u00e9rence \u00e0 l\u2019enl\u00e8vement de personnes \u00e0 des fins d\u2019<a href=\"https:\/\/www.newsendip.com\/fr\/quand-souscrire-a-internet-au-mexique-passe-par-les-cartels-de-la-drogue\/\">extorsion<\/a>.<\/p>\n<p>L\u2019ELN avait accept\u00e9 de suspendre les enl\u00e8vements <a href=\"https:\/\/x.com\/DelegacionEln\/status\/1739299757057851863\">en d\u00e9cembre dernier<\/a> dans le cadre des pourparlers de paix en cours avec le gouvernement du pr\u00e9sident Gustavo Petro. La gu\u00e9rilla a justifi\u00e9 sa r\u00e9cente d\u00e9cision par le fait que le gouvernement n\u2019aurait pas respect\u00e9 la promesse de cr\u00e9ation d\u2019un Fonds pour soutenir financi\u00e8rement le groupe durant les n\u00e9gociations de&nbsp;paix.<\/p>\n<p>Le commandement central souligne qu\u201d\u202f\u202f\u00bb<em>au 3 mai 2024, le Fonds n\u2019est pas encore constitu\u00e9, le gouvernement montre peu de volont\u00e9 d\u2019aller de l\u2019avant dans ce domaine\u202f\u00bb.<\/em><\/p>\n<p>L\u2019ELN maintient que la d\u00e9cision de suspendre les enl\u00e8vements contre ran\u00e7on a \u00e9t\u00e9 prise pour contribuer au d\u00e9veloppement du <em>Cese al Fuego Bilateral, Nacional y Temporal<\/em> (cessez-le-feu bilat\u00e9ral, national et temporaire ou CFBNT), mais que face \u00e0 l\u2019incapacit\u00e9 d\u00e9clar\u00e9e du gouvernement \u00e0 respecter leurs engagements, elle revient sur la suspension.<\/p>\n<p>\u00c0 la fin du communiqu\u00e9, le groupe a d\u00e9clar\u00e9 qu\u2019il continuerait \u00e0 respecter le cessez-le-feu et qu\u2019il maintenait \u00ab\u202f<em>sa volont\u00e9 de reprendre et de conclure de nouveaux accords en coh\u00e9rence avec l\u2019horizon d\u2019une solution politique qui condense l\u2019ordre du jour et guide ce processus\u202f\u00bb.<\/em><\/p>\n<h2>La traite des \u00eatres humains <em>\u00ab\u202fne fait l\u2019objet d\u2019aucune transaction de la part de l\u2019\u00c9tat colombien\u202f\u00bb<br>\n<\/em><\/h2>\n<p>La <a href=\"https:\/\/twitter.com\/DelegacionGob\/status\/1787609549957902731\">d\u00e9l\u00e9gation gouvernementale au processus de paix<\/a> avec l\u2019ELN a r\u00e9pondu qu\u2019un Fonds avait \u00e9t\u00e9 mis en place mais \u00ab\u202f<em>n\u2019a en aucun cas \u00e9t\u00e9 cr\u00e9\u00e9 en contrepartie de la suspension des enl\u00e8vements ou de l\u2019interruption de toute autre action sp\u00e9cifique incluse dans le cessez-le-feu\u202f\u00bb.<\/em><\/p>\n<p>Dans ce contexte, elle a soulign\u00e9 que \u00ab\u202f<em>la mise en \u0153uvre du Fonds n\u2019a pas eu lieu en raison de la d\u00e9cision de l\u2019ELN de faire une pause\u202f\u00bb<\/em>, insistant sur le fait que \u00ab\u202f<em>la traite des \u00eatres humains n\u2019a aucune justification et que son \u00e9limination ne fait l\u2019objet d\u2019aucune transaction de la part de l\u2019\u00c9tat colombien\u202f\u00bb<\/em>.<\/p>\n<p>En f\u00e9vrier dernier, la <a href=\"https:\/\/www.newsendip.com\/fr\/etiquette\/colombie\/\">Colombie<\/a> a convenu avec l\u2019Arm\u00e9e de lib\u00e9ration nationale de prolonger l\u2019accord de tr\u00eave historique fix\u00e9 en 2023. Les deux parties avaient publi\u00e9 des <a href=\"https:\/\/twitter.com\/DelegacionEln\/status\/1754727595004895275?ref_src=twsrc%5Etfw%7Ctwcamp%5Etweetembed%7Ctwterm%5E1754727595004895275%7Ctwgr%5E9827638e76e8ef6080c8069299a6336ae192dbd3%7Ctwcon%5Es1_&amp;ref_url=https%3A%2F%2Fwww.aljazeera.com%2Fnews%2F2024%2F2%2F6%2Fcolombia-and-eln-rebel-group-agree-for-a-six-month-ceasefire-extension\">d\u00e9clarations<\/a> s\u00e9par\u00e9es, annon\u00e7ant une nouvelle prolongation de six&nbsp;mois.<\/p>\n<p>La Colombie a connu plus d\u2019un demi-si\u00e8cle de conflit entre le gouvernement et divers groupes arm\u00e9s de gauche et de droite. En 2016, un accord de paix a d\u00e9mantel\u00e9 les Forces arm\u00e9es r\u00e9volutionnaires marxistes de Colombie (FARC). L\u2019ELN est ainsi devenu le plus grand groupe rebelle du pays. Depuis, la gu\u00e9rilla a intensifi\u00e9 ses activit\u00e9s dans les territoires anciennement contr\u00f4l\u00e9s par les <a href=\"https:\/\/www.newsendip.com\/fr\/la-colombie-viole-laccord-de-paix-avec-les-farc-selon-la-cour-constitutionnelle\/\">FARC<\/a>.<\/p>\n<p>En 2019, les pourparlers de paix avec l\u2019ELN ont \u00e9t\u00e9 interrompus par l\u2019ancien pr\u00e9sident conservateur Iv\u00e1n Duque \u00e0 la suite d\u2019un attentat \u00e0 la voiture pi\u00e9g\u00e9e contre une \u00e9cole de police \u00e0 Bogot\u00e1, qui a fait 22&nbsp;morts.<\/p>\n<p>Les pourparlers entre Bogot\u00e1 et l\u2019ELN ont \u00e9t\u00e9 relanc\u00e9s en novembre 2022 au Venezuela voisin, par le pr\u00e9sident Petro dans le cadre de sa politique de \u00ab\u202fpaix totale\u202f\u00bb, qui vise \u00e0 la d\u00e9mobilisation et au d\u00e9sarmement des groupes arm\u00e9s ill\u00e9gaux. Plusieurs cycles de n\u00e9gociations de paix ont suivi, le processus \u00e9tant soutenu par le Mexique, la Norv\u00e8ge, le Venezuela, Cuba, le Br\u00e9sil et le Chili en tant que garants.<\/p>\n<p>Dans le cadre de l\u2019accord de 2023, l\u2019ELN a accept\u00e9 de suspendre les enl\u00e8vements, ce qui l\u2019a amen\u00e9 \u00e0 demander au gouvernement un soutien financier pour remplacer les revenus perdus. Le groupe arm\u00e9 avait alors d\u00e9clar\u00e9 qu\u2019il <em>\u00ab\u202fsuspendait unilat\u00e9ralement et temporairement les d\u00e9tentions \u00e9conomiques\u202f\u00bb.<\/em><\/p>\n<h2>4 000 combattants en Colombie<\/h2>\n<p>Depuis sa cr\u00e9ation en 1964, l\u2019Arm\u00e9e de lib\u00e9ration nationale cherche \u00e0 contr\u00f4ler des zones critiques du pays, en particulier celles associ\u00e9es au trafic de drogue, et s\u2019engage fr\u00e9quemment dans des confrontations arm\u00e9es avec les autorit\u00e9s colombiennes.<\/p>\n<p>Le groupe a vu le jour en tant que mouvement id\u00e9ologique de gauche compos\u00e9 d\u2019\u00e9tudiants, de dirigeants syndicaux et de pr\u00eatres inspir\u00e9s par la r\u00e9volution cubaine. Il compterait environ 4 000 combattants en Colombie et est \u00e9galement pr\u00e9sent au <a href=\"https:\/\/www.newsendip.com\/fr\/un-groupe-criminel-demantele-au-sein-dune-prison-au-venezuela-et-cooperation-internationale\/\">Venezuela<\/a>, o\u00f9 il exploite des mines d\u2019or ill\u00e9gales et des fili\u00e8res de trafic de drogue.<\/p>\n<p>Il est connu pour avoir organis\u00e9 des enl\u00e8vements contre ran\u00e7on et des attaques contre des infrastructures p\u00e9troli\u00e8res. De nombreux territoires dont les \u00c9tats-Unis et l\u2019Union europ\u00e9enne l\u2019ont inscrit sur la liste des organisations terroristes.<\/p>\n","protected":false},"excerpt":{"rendered":"<p>Les gu\u00e9rilleros de l\u2019Arm\u00e9e de lib\u00e9ration nationale (ELN) en Colombie affirment que le gouvernement n\u2019a pas cr\u00e9\u00e9 le fonds promis pour les soutenir financi\u00e8rement pendant les pourparlers de paix. Le gouvernement affirme que l\u2019arr\u00eat des kidnappings ne fait l\u2019objet d\u2019aucune contrepartie.<\/p>\n","protected":false},"author":237,"featured_media":39806,"comment_status":"closed","ping_status":"open","sticky":false,"template":"","format":"standard","meta":{"wp_typography_post_enhancements_disabled":false,"footnotes":""},"categories":[409],"tags":[440,1334],"class_list":["post-39725","post","type-post","status-publish","format-standard","has-post-thumbnail","hentry","category-societe","tag-colombie","tag-nouveau"],"yoast_head":"<!-- This site is optimized with the Yoast SEO Premium plugin v27.4 (Yoast SEO v27.4) - https:\/\/yoast.com\/product\/yoast-seo-premium-wordpress\/ -->\n<title>Le plus grand groupe arm\u00e9 de Colombie annonce la reprise des kidnappings<\/title>\n<meta name=\"description\" content=\"Les gu\u00e9rilleros de l\u2019Arm\u00e9e de lib\u00e9ration nationale (ELN) en Colombie affirment que le gouvernement n&#039;a pas cr\u00e9\u00e9 le fonds promis pour les soutenir financi\u00e8rement pendant les pourparlers de paix. Le gouvernement affirme que l&#039;arr\u00eat des kidnappings ne fait l&#039;objet d&#039;aucune contrepartie.\" \/>\n<meta name=\"robots\" content=\"index, follow, max-snippet:-1, max-image-preview:large, max-video-preview:-1\" \/>\n<link rel=\"canonical\" href=\"https:\/\/www.newsendip.com\/fr\/groupe-guerrilla-eln-colombie-kidnappings\/\" \/>\n<meta property=\"og:locale\" content=\"fr_FR\" \/>\n<meta property=\"og:type\" content=\"article\" \/>\n<meta property=\"og:title\" content=\"Le plus grand groupe arm\u00e9 de Colombie annonce la reprise des kidnappings\" \/>\n<meta property=\"og:description\" content=\"Les gu\u00e9rilleros de l\u2019Arm\u00e9e de lib\u00e9ration nationale (ELN) en Colombie affirment que le gouvernement n&#039;a pas cr\u00e9\u00e9 le fonds promis pour les soutenir financi\u00e8rement pendant les pourparlers de paix. Le gouvernement affirme que l&#039;arr\u00eat des kidnappings ne fait l&#039;objet d&#039;aucune contrepartie.\" \/>\n<meta property=\"og:url\" content=\"https:\/\/www.newsendip.com\/fr\/groupe-guerrilla-eln-colombie-kidnappings\/\" \/>\n<meta property=\"og:site_name\" content=\"Newsendip\" \/>\n<meta property=\"article:publisher\" content=\"https:\/\/www.facebook.com\/newsendip\" \/>\n<meta property=\"article:published_time\" content=\"2024-05-07T18:00:00+00:00\" \/>\n<meta property=\"article:modified_time\" content=\"2024-05-13T12:27:06+00:00\" \/>\n<meta property=\"og:image\" content=\"https:\/\/www.newsendip.com\/wp-content\/uploads\/2024\/05\/ELN-Colombia.jpeg\" \/>\n\t<meta property=\"og:image:width\" content=\"1221\" \/>\n\t<meta property=\"og:image:height\" content=\"813\" \/>\n\t<meta property=\"og:image:type\" content=\"image\/jpeg\" \/>\n<meta name=\"author\" content=\"Julie Carballo\" \/>\n<meta name=\"twitter:card\" content=\"summary_large_image\" \/>\n<meta name=\"twitter:image\" content=\"https:\/\/www.newsendip.com\/wp-content\/uploads\/2024\/05\/ELN-Colombia.jpeg\" \/>\n<meta name=\"twitter:creator\" content=\"@https:\/\/twitter.com\/JulieCarballo\" \/>\n<meta name=\"twitter:site\" content=\"@newsendip\" \/>\n<meta name=\"twitter:label1\" content=\"\u00c9crit par\" \/>\n\t<meta name=\"twitter:data1\" content=\"Julie Carballo\" \/>\n\t<meta name=\"twitter:label2\" content=\"Dur\u00e9e de lecture estim\u00e9e\" \/>\n\t<meta name=\"twitter:data2\" content=\"4 minutes\" \/>\n<!-- \/ Yoast SEO Premium plugin. -->","yoast_head_json":{"title":"Le plus grand groupe arm\u00e9 de Colombie annonce la reprise des kidnappings","description":"Les gu\u00e9rilleros de l\u2019Arm\u00e9e de lib\u00e9ration nationale (ELN) en Colombie affirment que le gouvernement n'a pas cr\u00e9\u00e9 le fonds promis pour les soutenir financi\u00e8rement pendant les pourparlers de paix. Le gouvernement affirme que l'arr\u00eat des kidnappings ne fait l'objet d'aucune contrepartie.","robots":{"index":"index","follow":"follow","max-snippet":"max-snippet:-1","max-image-preview":"max-image-preview:large","max-video-preview":"max-video-preview:-1"},"canonical":"https:\/\/www.newsendip.com\/fr\/groupe-guerrilla-eln-colombie-kidnappings\/","og_locale":"fr_FR","og_type":"article","og_title":"Le plus grand groupe arm\u00e9 de Colombie annonce la reprise des kidnappings","og_description":"Les gu\u00e9rilleros de l\u2019Arm\u00e9e de lib\u00e9ration nationale (ELN) en Colombie affirment que le gouvernement n'a pas cr\u00e9\u00e9 le fonds promis pour les soutenir financi\u00e8rement pendant les pourparlers de paix. Le gouvernement affirme que l'arr\u00eat des kidnappings ne fait l'objet d'aucune contrepartie.","og_url":"https:\/\/www.newsendip.com\/fr\/groupe-guerrilla-eln-colombie-kidnappings\/","og_site_name":"Newsendip","article_publisher":"https:\/\/www.facebook.com\/newsendip","article_published_time":"2024-05-07T18:00:00+00:00","article_modified_time":"2024-05-13T12:27:06+00:00","og_image":[{"width":1221,"height":813,"url":"https:\/\/www.newsendip.com\/wp-content\/uploads\/2024\/05\/ELN-Colombia.jpeg","type":"image\/jpeg"}],"author":"Julie Carballo","twitter_card":"summary_large_image","twitter_image":"https:\/\/www.newsendip.com\/wp-content\/uploads\/2024\/05\/ELN-Colombia.jpeg","twitter_creator":"@https:\/\/twitter.com\/JulieCarballo","twitter_site":"@newsendip","twitter_misc":{"\u00c9crit par":"Julie Carballo","Dur\u00e9e de lecture estim\u00e9e":"4 minutes"},"schema":{"@context":"https:\/\/schema.org","@graph":[{"@type":"NewsArticle","@id":"https:\/\/www.newsendip.com\/fr\/groupe-guerrilla-eln-colombie-kidnappings\/#article","isPartOf":{"@id":"https:\/\/www.newsendip.com\/fr\/groupe-guerrilla-eln-colombie-kidnappings\/"},"author":{"name":"Julie Carballo","@id":"https:\/\/www.newsendip.com\/fr\/#\/schema\/person\/4fd26e598eb9518ae499a7bbc3538f1e"},"headline":"Le plus grand groupe arm\u00e9 de Colombie annonce la reprise des kidnappings","datePublished":"2024-05-07T18:00:00+00:00","dateModified":"2024-05-13T12:27:06+00:00","mainEntityOfPage":{"@id":"https:\/\/www.newsendip.com\/fr\/groupe-guerrilla-eln-colombie-kidnappings\/"},"wordCount":937,"publisher":{"@id":"https:\/\/www.newsendip.com\/fr\/#organization"},"image":{"@id":"https:\/\/www.newsendip.com\/fr\/groupe-guerrilla-eln-colombie-kidnappings\/#primaryimage"},"thumbnailUrl":"https:\/\/www.newsendip.com\/wp-content\/uploads\/2024\/05\/ELN-Colombia.webp","keywords":["Colombie","R\u00e9cent"],"articleSection":["Soci\u00e9t\u00e9"],"inLanguage":"fr-FR","copyrightYear":"2024","copyrightHolder":{"@id":"https:\/\/www.newsendip.com\/#organization"}},{"@type":"WebPage","@id":"https:\/\/www.newsendip.com\/fr\/groupe-guerrilla-eln-colombie-kidnappings\/","url":"https:\/\/www.newsendip.com\/fr\/groupe-guerrilla-eln-colombie-kidnappings\/","name":"Le plus grand groupe arm\u00e9 de Colombie annonce la reprise des kidnappings","isPartOf":{"@id":"https:\/\/www.newsendip.com\/fr\/#website"},"primaryImageOfPage":{"@id":"https:\/\/www.newsendip.com\/fr\/groupe-guerrilla-eln-colombie-kidnappings\/#primaryimage"},"image":{"@id":"https:\/\/www.newsendip.com\/fr\/groupe-guerrilla-eln-colombie-kidnappings\/#primaryimage"},"thumbnailUrl":"https:\/\/www.newsendip.com\/wp-content\/uploads\/2024\/05\/ELN-Colombia.webp","datePublished":"2024-05-07T18:00:00+00:00","dateModified":"2024-05-13T12:27:06+00:00","description":"Les gu\u00e9rilleros de l\u2019Arm\u00e9e de lib\u00e9ration nationale (ELN) en Colombie affirment que le gouvernement n'a pas cr\u00e9\u00e9 le fonds promis pour les soutenir financi\u00e8rement pendant les pourparlers de paix. Le gouvernement affirme que l'arr\u00eat des kidnappings ne fait l'objet d'aucune contrepartie.","breadcrumb":{"@id":"https:\/\/www.newsendip.com\/fr\/groupe-guerrilla-eln-colombie-kidnappings\/#breadcrumb"},"inLanguage":"fr-FR","potentialAction":[{"@type":"ReadAction","target":["https:\/\/www.newsendip.com\/fr\/groupe-guerrilla-eln-colombie-kidnappings\/"]}]},{"@type":"ImageObject","inLanguage":"fr-FR","@id":"https:\/\/www.newsendip.com\/fr\/groupe-guerrilla-eln-colombie-kidnappings\/#primaryimage","url":"https:\/\/www.newsendip.com\/wp-content\/uploads\/2024\/05\/ELN-Colombia.webp","contentUrl":"https:\/\/www.newsendip.com\/wp-content\/uploads\/2024\/05\/ELN-Colombia.webp","width":2048,"height":1365,"caption":"Le groupe rebelle colombien de gauche, l'ELN, a annonc\u00e9 qu'il l\u00e8verait sa suspension concernant les enl\u00e8vements parce qu'il estime que le gouvernement n'a pas respect\u00e9 les accords. | \u00a9 Br\u00e9sil de Fato"},{"@type":"BreadcrumbList","@id":"https:\/\/www.newsendip.com\/fr\/groupe-guerrilla-eln-colombie-kidnappings\/#breadcrumb","itemListElement":[{"@type":"ListItem","position":1,"name":"Accueil","item":"https:\/\/www.newsendip.com\/fr\/"},{"@type":"ListItem","position":2,"name":"Le plus grand groupe arm\u00e9 de Colombie annonce la reprise des kidnappings"}]},{"@type":"WebSite","@id":"https:\/\/www.newsendip.com\/fr\/#website","url":"https:\/\/www.newsendip.com\/fr\/","name":"Newsendip","description":"Red\u00e9couvrez l&#039;actualit\u00e9 internationale","publisher":{"@id":"https:\/\/www.newsendip.com\/fr\/#organization"},"potentialAction":[{"@type":"SearchAction","target":{"@type":"EntryPoint","urlTemplate":"https:\/\/www.newsendip.com\/fr\/?s={search_term_string}"},"query-input":{"@type":"PropertyValueSpecification","valueRequired":true,"valueName":"search_term_string"}}],"inLanguage":"fr-FR"},{"@type":"Organization","@id":"https:\/\/www.newsendip.com\/fr\/#organization","name":"Newsendip","url":"https:\/\/www.newsendip.com\/fr\/","logo":{"@type":"ImageObject","inLanguage":"fr-FR","@id":"https:\/\/www.newsendip.com\/fr\/#\/schema\/logo\/image\/","url":"https:\/\/www.newsendip.com\/wp-content\/uploads\/2023\/12\/512x512.svg","contentUrl":"https:\/\/www.newsendip.com\/wp-content\/uploads\/2023\/12\/512x512.svg","width":1,"height":1,"caption":"Newsendip"},"image":{"@id":"https:\/\/www.newsendip.com\/fr\/#\/schema\/logo\/image\/"},"sameAs":["https:\/\/www.facebook.com\/newsendip","https:\/\/x.com\/newsendip","https:\/\/mastodon.social\/@newsendip","https:\/\/www.linkedin.com\/company\/newsendip"],"description":"Newsendip est un site qui a pour mission de rendre l'actualit\u00e9 internationale accessible et diversifi\u00e9e","email":"contact@newsendip.com","legalName":"Newsendip SAS","foundingDate":"2022-11-04","vatID":"FR60921124723","numberOfEmployees":{"@type":"QuantitativeValue","minValue":"1","maxValue":"10"},"publishingPrinciples":"https:\/\/www.newsendip.com\/about-us\/","ownershipFundingInfo":"https:\/\/www.newsendip.com\/legal-notice\/","actionableFeedbackPolicy":"https:\/\/www.newsendip.com\/about-us\/","correctionsPolicy":"https:\/\/www.newsendip.com\/about-us\/","ethicsPolicy":"https:\/\/www.newsendip.com\/about-us\/","diversityPolicy":"https:\/\/www.newsendip.com\/about-us\/"},{"@type":"Person","@id":"https:\/\/www.newsendip.com\/fr\/#\/schema\/person\/4fd26e598eb9518ae499a7bbc3538f1e","name":"Julie Carballo","description":"Julie Carballo is a journalist for Newsendip. She used to work for the French newspaper Le Figaro and at the Italian bureau of the international press agency AFP.","sameAs":["https:\/\/www.linkedin.com\/in\/julie-carballo12\/","https:\/\/x.com\/https:\/\/twitter.com\/JulieCarballo"],"knowsAbout":["News"],"knowsLanguage":["French","English","German"],"jobTitle":"Journalist","worksFor":"Newsendip","url":"https:\/\/www.newsendip.com\/fr\/author\/julie-carballo\/"}]}},"_links":{"self":[{"href":"https:\/\/www.newsendip.com\/fr\/wp-json\/wp\/v2\/posts\/39725","targetHints":{"allow":["GET"]}}],"collection":[{"href":"https:\/\/www.newsendip.com\/fr\/wp-json\/wp\/v2\/posts"}],"about":[{"href":"https:\/\/www.newsendip.com\/fr\/wp-json\/wp\/v2\/types\/post"}],"author":[{"embeddable":true,"href":"https:\/\/www.newsendip.com\/fr\/wp-json\/wp\/v2\/users\/237"}],"replies":[{"embeddable":true,"href":"https:\/\/www.newsendip.com\/fr\/wp-json\/wp\/v2\/comments?post=39725"}],"version-history":[{"count":0,"href":"https:\/\/www.newsendip.com\/fr\/wp-json\/wp\/v2\/posts\/39725\/revisions"}],"wp:featuredmedia":[{"embeddable":true,"href":"https:\/\/www.newsendip.com\/fr\/wp-json\/wp\/v2\/media\/39806"}],"wp:attachment":[{"href":"https:\/\/www.newsendip.com\/fr\/wp-json\/wp\/v2\/media?parent=39725"}],"wp:term":[{"taxonomy":"category","embeddable":true,"href":"https:\/\/www.newsendip.com\/fr\/wp-json\/wp\/v2\/categories?post=39725"},{"taxonomy":"post_tag","embeddable":true,"href":"https:\/\/www.newsendip.com\/fr\/wp-json\/wp\/v2\/tags?post=39725"}],"curies":[{"name":"wp","href":"https:\/\/api.w.org\/{rel}","templated":true}]}}