{"id":39813,"date":"2024-05-21T22:00:00","date_gmt":"2024-05-21T20:00:00","guid":{"rendered":"https:\/\/www.newsendip.com\/?p=39813"},"modified":"2024-07-05T11:19:49","modified_gmt":"2024-07-05T09:19:49","slug":"candidat-democrate-americain-joe-biden-alternative-election-presidentielle","status":"publish","type":"post","link":"https:\/\/www.newsendip.com\/fr\/candidat-democrate-americain-joe-biden-alternative-election-presidentielle\/","title":{"rendered":"Pourquoi aucun d\u00e9mocrate am\u00e9ricain n\u2019a voulu se pr\u00e9senter \u00e0 la place de Joe Biden pour l\u2019\u00e9lection pr\u00e9sidentielle"},"content":{"rendered":"<p><strong>De r\u00e9cents sondages indiquent qu\u2019une majorit\u00e9 d\u2019Am\u00e9ricains n\u2019est pas favorable \u00e0 la r\u00e9\u00e9lection de Joe Biden en novembre. Etant donn\u00e9 son \u00e2ge et la baisse de sa cote de popularit\u00e9, l\u2019occasion semblait id\u00e9ale pour un candidat plus jeune de briguer la pr\u00e9sidence. Pourquoi aucune figure politique n\u2019a-t-elle \u00e9merg\u00e9 ces derni\u00e8res ann\u00e9es au sein du parti d\u00e9mocrate pour se pr\u00e9senter \u00e0 la place de&nbsp;Biden\u202f?<br>\n<\/strong><\/p>\n<figure id=\"attachment_39717\" aria-describedby=\"caption-attachment-39717\" style=\"width: 1024px\" class=\"wp-caption aligncenter\"><img decoding=\"async\" class=\"size-large wp-image-39717\" src=\"https:\/\/www.newsendip.com\/wp-content\/uploads\/2024\/05\/USA-flag-1024x649.webp\" alt=\"drapeau des Etats Unis\" width=\"1024\" height=\"649\" srcset=\"https:\/\/www.newsendip.com\/wp-content\/uploads\/2024\/05\/USA-flag-1024x649.webp 1024w, https:\/\/www.newsendip.com\/wp-content\/uploads\/2024\/05\/USA-flag-60x38.webp 60w, https:\/\/www.newsendip.com\/wp-content\/uploads\/2024\/05\/USA-flag-300x190.webp 300w, https:\/\/www.newsendip.com\/wp-content\/uploads\/2024\/05\/USA-flag-768x486.webp 768w, https:\/\/www.newsendip.com\/wp-content\/uploads\/2024\/05\/USA-flag-1536x973.webp 1536w, https:\/\/www.newsendip.com\/wp-content\/uploads\/2024\/05\/USA-flag.webp 1920w\" sizes=\"(max-width: 1024px) 100vw, 1024px\"><figcaption id=\"caption-attachment-39717\" class=\"wp-caption-text\">Le pr\u00e9sident Biden et Donald Trump ont tous deux d\u00e9croch\u00e9 leur nomination respective le mardi 12 mars. | \u00a9 Kevin&nbsp;Luke<\/figcaption><\/figure>\n<p>\u00c0 l\u2019approche des prochaines \u00e9lections am\u00e9ricaines en novembre prochain, les pr\u00e9sidents Joe Biden et Donald Trump sont tous deux confront\u00e9s \u00e0 des inqui\u00e9tudes li\u00e9s \u00e0 leur \u00e2ge, \u00e0 des probl\u00e8mes juridiques pour M. Trump et \u00e0 une baisse notable de sa cote de popularit\u00e9 pour M. Biden. Malgr\u00e9 ces difficult\u00e9s, il y a eu une r\u00e9surgence entre les deux rivaux lors des primaires, soulignant ainsi un manque de renouvellement qui <a href=\"https:\/\/www.axios.com\/2023\/11\/06\/trump-biden-presidential-candidates-unfavorable-poll\">laisse de nombreux \u00e9lecteurs peu inspir\u00e9s<\/a>.<\/p>\n<p>Le pr\u00e9sident Biden, avec seulement 39\u202f% d\u2019opinions favorables et une augmentation des inqui\u00e9tudes li\u00e9es \u00e0 l\u2019\u00e2ge, a vu la confiance de son \u00e9lectorat s\u2019effriter, ce qui a permis \u00e0 Trump de prendre la t\u00eate des sondages. N\u00e9anmoins, il a r\u00e9ussi \u00e0 obtenir des centaines de d\u00e9l\u00e9gu\u00e9s lors des primaires, r\u00e9v\u00e9lant que son parti est d\u00e9termin\u00e9 \u00e0 soutenir sa candidature.<\/p>\n<p>Apr\u00e8s avoir remport\u00e9 les quatre \u00c9tats de New York, Rhode Island, Connecticut et le Wisconsin le 12 mars dernier lors du \u00ab\u202fSuper Tuesday\u202f\u00bb, l\u2019une des dates les plus importantes du calendrier politique am\u00e9ricain, les deux candidats ont accumul\u00e9 suffisamment de d\u00e9l\u00e9gu\u00e9s pour s\u00e9curiser leurs candidatures de mani\u00e8re tr\u00e8s rapide.<\/p>\n<p>Les d\u00e9mocrates ont ainsi souhait\u00e9 jouer la prudence dans leur qu\u00eate d\u2019un candidat pour vaincre Trump une deuxi\u00e8me fois.<\/p>\n<h2>Un processus de nomination compliqu\u00e9<\/h2>\n<p>Dans une interview accord\u00e9e \u00e0 Newsendip, la consultante en <a href=\"https:\/\/www.newsendip.com\/fr\/politique\/\">strat\u00e9gie politique<\/a> d\u00e9mocrate Na\u2019ilah Amaru explique qu\u2019il est courant que les membres de son parti soutiennent le pr\u00e9sident en raison de son statut de sortant, surtout s\u2019ils estiment qu\u2019il fait un bon travail durant son mandat.<\/p>\n<p>En tout \u00e9tat de cause, il serait de toute mani\u00e8re impossible d\u2019un point de vue logistique de pr\u00e9senter un autre candidat \u00e0 ce&nbsp;jour.<\/p>\n<p>Le <a href=\"https:\/\/www.newsendip.com\/fr\/la-communication-de-joe-biden-pour-defendre-son-bilan-economique-face-a-donald-trump\/\">pr\u00e9sident Biden<\/a> a remport\u00e9 suffisamment de d\u00e9l\u00e9gu\u00e9s pour d\u00e9crocher l\u2019investiture d\u00e9mocrate, et il est le seul \u00e0 pouvoir d\u00e9cider s\u2019il se retire. \u00c9tant convaincu qu\u2019il repr\u00e9sente <a href=\"https:\/\/www.nbcnews.com\/politics\/2024-election\/biden-says-trump-wasnt-running-m-not-sure-d-running-rcna128232\">la meilleure chance pour les d\u00e9mocrates de vaincre Donald Trump<\/a>, la probabilit\u00e9 qu\u2019il se retire volontairement est tr\u00e8s faible. Et en ayant gagn\u00e9 plus de 3 300 d\u00e9l\u00e9gu\u00e9s, il y a peu de raisons de penser le contraire.<\/p>\n<p>Le processus des primaires lui-m\u00eame comporte de nombreux obstacles qui seraient insurmontables pour de nouveaux candidats. Dans deux \u00c9tats, les dates limites pour figurer sur le bulletin de vote sont d\u00e9j\u00e0 d\u00e9pass\u00e9es, et le processus exige des formalit\u00e9s administratives, des frais \u00e9lev\u00e9s et des centaines, voire des milliers, de signatures.<\/p>\n<p>\u00c0 la fin du mois de mars, la campagne de r\u00e9\u00e9lection de Joe Biden avait recueilli 128,7 millions de dollars, d\u00e9passant celle de M. Trump, ce que les analystes consid\u00e8rent comme une preuve de soutien au sein de son&nbsp;parti.<\/p>\n<p>Mme Amaru a \u00e9galement indiqu\u00e9 que si M. Biden devait se retirer, \u00ab\u202fce serait le chaos absolu \u00e0 la convention nationale d\u00e9mocrate\u202f\u00bb en ao\u00fbt, car les candidats en lice essaieraient de faire valoir leurs arguments pour obtenir les 4 000 d\u00e9l\u00e9gu\u00e9s restants qui ne seraient plus engag\u00e9s en faveur de M. Biden. Toutefois, ce sc\u00e9nario reste tr\u00e8s improbable.<\/p>\n<h2>Le pouvoir du pr\u00e9sident sortant<\/h2>\n<p>La complexit\u00e9 du processus des primaires a donc dissuad\u00e9 les candidats potentiels de se mesurer \u00e0 M. Biden. Mais si un autre candidat s\u2019\u00e9tait pr\u00e9sent\u00e9 plus t\u00f4t, leurs perspectives n\u2019auraient pas \u00e9t\u00e9 beaucoup plus ouvertes.<\/p>\n<p>L\u2019histoire r\u00e9cente des <a href=\"https:\/\/www.newsendip.com\/fr\/etiquette\/etats-unis\/\">\u00c9tats-Unis<\/a> a montr\u00e9 que se pr\u00e9senter contre un pr\u00e9sident sortant au sein de son parti politique \u00e9tait de l\u2019ordre de l\u2019impossible. Aucun pr\u00e9sident en exercice n\u2019a perdu l\u2019investiture de son parti face \u00e0 un candidat aux primaires, et une telle tentative a g\u00e9n\u00e9ralement des cons\u00e9quences d\u00e9sastreuses pour le parti. Le duel acharn\u00e9 de Ted Kennedy contre Jimmy Carter lors des primaires a contribu\u00e9 \u00e0 <a href=\"https:\/\/www.npr.org\/2019\/01\/17\/686186156\/how-ted-kennedys-80-challenge-to-president-carter-broke-the-democratic-party\">la d\u00e9faite du parti d\u00e9mocrate<\/a> lors de l\u2019\u00e9lection pr\u00e9sidentielle de&nbsp;1980.<\/p>\n<p>Se pr\u00e9senter contre un pr\u00e9sident en exercice diviserait et affaiblirait \u00e9galement le parti. \u00ab\u202fLe parti d\u00e9mocrate privil\u00e9gie l\u2019unit\u00e9\u202f\u00bb, explique l\u2019analyste politique. D\u2019autres candidats potentiels \u00ab\u202fchoisissent donc de ne pas d\u00e9fier Joe Biden afin de maintenir la coh\u00e9sion du parti et de se concentrer sur le soutien de son programme\u202f\u00bb, ajoute-t-elle, soulignant l\u2019importance de l\u2019alignement des politiques.<\/p>\n<p>Les nouvelles figures du parti ont donc les yeux riv\u00e9s sur les \u00e9lections de 2028 pour maximiser leurs chances de remporter une candidature. Selon Mme Amaru, un soutien public se fait toujours avec un objectif et \u00e0 ce jour, il est \u00ab\u202fplus facile de travailler au sein de l\u2019administration ou de se positionner dans d\u2019autres r\u00f4les de leadership\u202f\u00bb.<\/p>\n<p>Les membres du parti d\u00e9mocrate comme Pete Buttigieg, Gavin Newsom, Josh Shapiro et Gretchen Whitmer, ont tous d\u00e9montr\u00e9 leur loyaut\u00e9 envers M.&nbsp;Biden.<\/p>\n<p>Gavin Newsom, en particulier, profite de cette \u00e9lection pour se faire conna\u00eetre en tant que fid\u00e8le partisan de Biden, en lan\u00e7ant des attaques tr\u00e8s m\u00e9diatis\u00e9es contre le gouverneur de Floride Ron DeSantis en lieu et place du pr\u00e9sident, en lui rappelant qu\u2019il avait perdu 41 points dans son propre \u00c9tat apr\u00e8s avoir particip\u00e9 \u00e0 un <a href=\"https:\/\/edition.cnn.com\/2023\/11\/30\/politics\/desantis-newsom-debate-fox-hannity\/index.html\">d\u00e9bat t\u00e9l\u00e9vis\u00e9<\/a>. Il se positionne et se fait ainsi conna\u00eetre des \u00e9lecteurs d\u00e9mocrates en vue d\u2019une campagne 2028.<\/p>\n<h2>L\u2019impact de l\u2019hyperpolarisation<\/h2>\n<p>Bien que la cote de popularit\u00e9 de Joe Biden soit faible, il est important de la replacer dans le contexte d\u2019une p\u00e9riode d\u2019hyperpolarisation, qui affecte les campagnes des deux&nbsp;camps.<\/p>\n<p>Mme Amaru, qui fut conseill\u00e8re politique de l\u2019ancien maire d\u2019Atlanta, Kasim Reed, et assistante l\u00e9gislative du d\u00e9put\u00e9 d\u00e9mocrate John Lewis, estime que les candidats doivent s\u2019aligner sur la position de leur base \u00e9lectorale sur l\u2019\u00e9chiquier politique. Bien que les positions les plus radicales aux sein des deux partis puissent \u00eatre souvent amplifi\u00e9es, la majorit\u00e9 des \u00c9tats-Unis se situe au centre de l\u2019\u00e9chiquier politique.<\/p>\n<p>Et Isabella Brown, directrice de Qualify Candidates, une organisation qui assiste les candidats lors d\u2019\u00e9lections locales, sugg\u00e8re que M. Biden, en tant que d\u00e9mocrate plus mod\u00e9r\u00e9 dot\u00e9 d\u2019une grande exp\u00e9rience, est susceptible d\u2019attirer une plus grande part d\u2019\u00e9lecteurs d\u00e9mocrates.<\/p>\n<p>Dans ce climat politique, Mme Amaru affirme qu\u2019il existe une \u00ab\u202fperception selon laquelle la seule personne capable de battre un vieil homme blanc est un autre vieil homme blanc\u202f\u00bb. Elle affirme pourtant que, sur la base de son exp\u00e9rience sur le terrain et de directrice ex\u00e9cutive du groupe de repr\u00e9sentation des populations noir, latino et asiatique du conseil municipal de New York, cette conception est erron\u00e9e.<\/p>\n<p>Elle souligne que la prochaine \u00e9lection pr\u00e9sidentielle met en \u00e9vidence une incapacit\u00e9 syst\u00e9mique des deux partis \u00e0 assurer un renouvellement et \u00e0 faire ressortir des talents \u00e9mergents. Mais elle scrutera les actions du Parti d\u00e9mocrate apr\u00e8s l\u2019\u00e9lection pour qu\u2019il \u00ab\u202fconstruise un banc politique qui refl\u00e8te davantage la soci\u00e9t\u00e9 am\u00e9ricaine\u202f\u00bb.<\/p>\n","protected":false},"excerpt":{"rendered":"<p>Etant donn\u00e9 son \u00e2ge et la baisse de sa cote de popularit\u00e9, l\u2019occasion semblait id\u00e9ale pour un candidat plus jeune de briguer la pr\u00e9sidence. Pourquoi aucune figure politique n\u2019a-t-elle \u00e9merg\u00e9 ces derni\u00e8res ann\u00e9es au sein du parti d\u00e9mocrate pour se pr\u00e9senter \u00e0 la place de&nbsp;Biden\u202f?<\/p>\n","protected":false},"author":260,"featured_media":39717,"comment_status":"closed","ping_status":"open","sticky":false,"template":"","format":"standard","meta":{"wp_typography_post_enhancements_disabled":false,"footnotes":""},"categories":[416],"tags":[417,1334],"class_list":["post-39813","post","type-post","status-publish","format-standard","has-post-thumbnail","hentry","category-politique","tag-etats-unis","tag-nouveau"],"yoast_head":"<!-- This site is optimized with the Yoast SEO Premium plugin v27.4 (Yoast SEO v27.4) - https:\/\/yoast.com\/product\/yoast-seo-premium-wordpress\/ -->\n<title>Pourquoi aucun d\u00e9mocrate am\u00e9ricain n&#039;a voulu se pr\u00e9senter \u00e0 la place de Joe Biden pour l&#039;\u00e9lection pr\u00e9sidentielle<\/title>\n<meta name=\"description\" content=\"Etant donn\u00e9 son \u00e2ge et la baisse de sa cote de popularit\u00e9, l&#039;occasion semblait id\u00e9ale pour un candidat plus jeune de briguer la pr\u00e9sidence. Pourquoi aucune figure politique n&#039;a-t-elle \u00e9merg\u00e9 ces derni\u00e8res ann\u00e9es au sein du parti d\u00e9mocrate pour se pr\u00e9senter \u00e0 la place de Biden?\" \/>\n<meta name=\"robots\" content=\"index, follow, max-snippet:-1, max-image-preview:large, max-video-preview:-1\" \/>\n<link rel=\"canonical\" href=\"https:\/\/www.newsendip.com\/fr\/candidat-democrate-americain-joe-biden-alternative-election-presidentielle\/\" \/>\n<meta property=\"og:locale\" content=\"fr_FR\" \/>\n<meta property=\"og:type\" content=\"article\" \/>\n<meta property=\"og:title\" content=\"Pourquoi aucun d\u00e9mocrate am\u00e9ricain n&#039;a voulu se pr\u00e9senter \u00e0 la place de Joe Biden pour l&#039;\u00e9lection pr\u00e9sidentielle\" \/>\n<meta property=\"og:description\" content=\"Etant donn\u00e9 son \u00e2ge et la baisse de sa cote de popularit\u00e9, l&#039;occasion semblait id\u00e9ale pour un candidat plus jeune de briguer la pr\u00e9sidence. Pourquoi aucune figure politique n&#039;a-t-elle \u00e9merg\u00e9 ces derni\u00e8res ann\u00e9es au sein du parti d\u00e9mocrate pour se pr\u00e9senter \u00e0 la place de Biden?\" \/>\n<meta property=\"og:url\" content=\"https:\/\/www.newsendip.com\/fr\/candidat-democrate-americain-joe-biden-alternative-election-presidentielle\/\" \/>\n<meta property=\"og:site_name\" content=\"Newsendip\" \/>\n<meta property=\"article:publisher\" content=\"https:\/\/www.facebook.com\/newsendip\" \/>\n<meta property=\"article:published_time\" content=\"2024-05-21T20:00:00+00:00\" \/>\n<meta property=\"article:modified_time\" content=\"2024-07-05T09:19:49+00:00\" \/>\n<meta property=\"og:image\" content=\"https:\/\/www.newsendip.com\/wp-content\/uploads\/2024\/05\/USA-flag.jpeg\" \/>\n\t<meta property=\"og:image:width\" content=\"1824\" \/>\n\t<meta property=\"og:image:height\" content=\"1155\" \/>\n\t<meta property=\"og:image:type\" content=\"image\/jpeg\" \/>\n<meta name=\"author\" content=\"Claire Rhea\" \/>\n<meta name=\"twitter:card\" content=\"summary_large_image\" \/>\n<meta name=\"twitter:image\" content=\"https:\/\/www.newsendip.com\/wp-content\/uploads\/2024\/05\/USA-flag.jpeg\" \/>\n<meta name=\"twitter:creator\" content=\"@newsendip\" \/>\n<meta name=\"twitter:site\" content=\"@newsendip\" \/>\n<meta name=\"twitter:label1\" content=\"\u00c9crit par\" \/>\n\t<meta name=\"twitter:data1\" content=\"Claire Rhea\" \/>\n\t<meta name=\"twitter:label2\" content=\"Dur\u00e9e de lecture estim\u00e9e\" \/>\n\t<meta name=\"twitter:data2\" content=\"6 minutes\" \/>\n<!-- \/ Yoast SEO Premium plugin. -->","yoast_head_json":{"title":"Pourquoi aucun d\u00e9mocrate am\u00e9ricain n'a voulu se pr\u00e9senter \u00e0 la place de Joe Biden pour l'\u00e9lection pr\u00e9sidentielle","description":"Etant donn\u00e9 son \u00e2ge et la baisse de sa cote de popularit\u00e9, l'occasion semblait id\u00e9ale pour un candidat plus jeune de briguer la pr\u00e9sidence. Pourquoi aucune figure politique n'a-t-elle \u00e9merg\u00e9 ces derni\u00e8res ann\u00e9es au sein du parti d\u00e9mocrate pour se pr\u00e9senter \u00e0 la place de Biden?","robots":{"index":"index","follow":"follow","max-snippet":"max-snippet:-1","max-image-preview":"max-image-preview:large","max-video-preview":"max-video-preview:-1"},"canonical":"https:\/\/www.newsendip.com\/fr\/candidat-democrate-americain-joe-biden-alternative-election-presidentielle\/","og_locale":"fr_FR","og_type":"article","og_title":"Pourquoi aucun d\u00e9mocrate am\u00e9ricain n'a voulu se pr\u00e9senter \u00e0 la place de Joe Biden pour l'\u00e9lection pr\u00e9sidentielle","og_description":"Etant donn\u00e9 son \u00e2ge et la baisse de sa cote de popularit\u00e9, l'occasion semblait id\u00e9ale pour un candidat plus jeune de briguer la pr\u00e9sidence. Pourquoi aucune figure politique n'a-t-elle \u00e9merg\u00e9 ces derni\u00e8res ann\u00e9es au sein du parti d\u00e9mocrate pour se pr\u00e9senter \u00e0 la place de Biden?","og_url":"https:\/\/www.newsendip.com\/fr\/candidat-democrate-americain-joe-biden-alternative-election-presidentielle\/","og_site_name":"Newsendip","article_publisher":"https:\/\/www.facebook.com\/newsendip","article_published_time":"2024-05-21T20:00:00+00:00","article_modified_time":"2024-07-05T09:19:49+00:00","og_image":[{"width":1824,"height":1155,"url":"https:\/\/www.newsendip.com\/wp-content\/uploads\/2024\/05\/USA-flag.jpeg","type":"image\/jpeg"}],"author":"Claire Rhea","twitter_card":"summary_large_image","twitter_image":"https:\/\/www.newsendip.com\/wp-content\/uploads\/2024\/05\/USA-flag.jpeg","twitter_creator":"@newsendip","twitter_site":"@newsendip","twitter_misc":{"\u00c9crit par":"Claire Rhea","Dur\u00e9e de lecture estim\u00e9e":"6 minutes"},"schema":{"@context":"https:\/\/schema.org","@graph":[{"@type":"NewsArticle","@id":"https:\/\/www.newsendip.com\/fr\/candidat-democrate-americain-joe-biden-alternative-election-presidentielle\/#article","isPartOf":{"@id":"https:\/\/www.newsendip.com\/fr\/candidat-democrate-americain-joe-biden-alternative-election-presidentielle\/"},"author":{"name":"Claire Rhea","@id":"https:\/\/www.newsendip.com\/fr\/#\/schema\/person\/e2f1f831c2917545cdc6413974e67011"},"headline":"Pourquoi aucun d\u00e9mocrate am\u00e9ricain n\u2019a voulu se pr\u00e9senter \u00e0 la place de Joe Biden pour l\u2019\u00e9lection pr\u00e9sidentielle","datePublished":"2024-05-21T20:00:00+00:00","dateModified":"2024-07-05T09:19:49+00:00","mainEntityOfPage":{"@id":"https:\/\/www.newsendip.com\/fr\/candidat-democrate-americain-joe-biden-alternative-election-presidentielle\/"},"wordCount":1336,"publisher":{"@id":"https:\/\/www.newsendip.com\/fr\/#organization"},"image":{"@id":"https:\/\/www.newsendip.com\/fr\/candidat-democrate-americain-joe-biden-alternative-election-presidentielle\/#primaryimage"},"thumbnailUrl":"https:\/\/www.newsendip.com\/wp-content\/uploads\/2024\/05\/USA-flag.webp","keywords":["\u00c9tats-Unis","R\u00e9cent"],"articleSection":["Politique"],"inLanguage":"fr-FR","copyrightYear":"2024","copyrightHolder":{"@id":"https:\/\/www.newsendip.com\/#organization"}},{"@type":"WebPage","@id":"https:\/\/www.newsendip.com\/fr\/candidat-democrate-americain-joe-biden-alternative-election-presidentielle\/","url":"https:\/\/www.newsendip.com\/fr\/candidat-democrate-americain-joe-biden-alternative-election-presidentielle\/","name":"Pourquoi aucun d\u00e9mocrate am\u00e9ricain n'a voulu se pr\u00e9senter \u00e0 la place de Joe Biden pour l'\u00e9lection pr\u00e9sidentielle","isPartOf":{"@id":"https:\/\/www.newsendip.com\/fr\/#website"},"primaryImageOfPage":{"@id":"https:\/\/www.newsendip.com\/fr\/candidat-democrate-americain-joe-biden-alternative-election-presidentielle\/#primaryimage"},"image":{"@id":"https:\/\/www.newsendip.com\/fr\/candidat-democrate-americain-joe-biden-alternative-election-presidentielle\/#primaryimage"},"thumbnailUrl":"https:\/\/www.newsendip.com\/wp-content\/uploads\/2024\/05\/USA-flag.webp","datePublished":"2024-05-21T20:00:00+00:00","dateModified":"2024-07-05T09:19:49+00:00","description":"Etant donn\u00e9 son \u00e2ge et la baisse de sa cote de popularit\u00e9, l'occasion semblait id\u00e9ale pour un candidat plus jeune de briguer la pr\u00e9sidence. Pourquoi aucune figure politique n'a-t-elle \u00e9merg\u00e9 ces derni\u00e8res ann\u00e9es au sein du parti d\u00e9mocrate pour se pr\u00e9senter \u00e0 la place de Biden?","breadcrumb":{"@id":"https:\/\/www.newsendip.com\/fr\/candidat-democrate-americain-joe-biden-alternative-election-presidentielle\/#breadcrumb"},"inLanguage":"fr-FR","potentialAction":[{"@type":"ReadAction","target":["https:\/\/www.newsendip.com\/fr\/candidat-democrate-americain-joe-biden-alternative-election-presidentielle\/"]}]},{"@type":"ImageObject","inLanguage":"fr-FR","@id":"https:\/\/www.newsendip.com\/fr\/candidat-democrate-americain-joe-biden-alternative-election-presidentielle\/#primaryimage","url":"https:\/\/www.newsendip.com\/wp-content\/uploads\/2024\/05\/USA-flag.webp","contentUrl":"https:\/\/www.newsendip.com\/wp-content\/uploads\/2024\/05\/USA-flag.webp","width":1920,"height":1216,"caption":"Le pr\u00e9sident Biden et Donald Trump ont tous deux d\u00e9croch\u00e9 leur nomination respective le mardi 12 mars. | \u00a9 Kevin Luke"},{"@type":"BreadcrumbList","@id":"https:\/\/www.newsendip.com\/fr\/candidat-democrate-americain-joe-biden-alternative-election-presidentielle\/#breadcrumb","itemListElement":[{"@type":"ListItem","position":1,"name":"Accueil","item":"https:\/\/www.newsendip.com\/fr\/"},{"@type":"ListItem","position":2,"name":"Pourquoi aucun d\u00e9mocrate am\u00e9ricain n&#8217;a voulu se pr\u00e9senter \u00e0 la place de Joe Biden pour l&#8217;\u00e9lection pr\u00e9sidentielle"}]},{"@type":"WebSite","@id":"https:\/\/www.newsendip.com\/fr\/#website","url":"https:\/\/www.newsendip.com\/fr\/","name":"Newsendip","description":"Red\u00e9couvrez l&#039;actualit\u00e9 internationale","publisher":{"@id":"https:\/\/www.newsendip.com\/fr\/#organization"},"potentialAction":[{"@type":"SearchAction","target":{"@type":"EntryPoint","urlTemplate":"https:\/\/www.newsendip.com\/fr\/?s={search_term_string}"},"query-input":{"@type":"PropertyValueSpecification","valueRequired":true,"valueName":"search_term_string"}}],"inLanguage":"fr-FR"},{"@type":"Organization","@id":"https:\/\/www.newsendip.com\/fr\/#organization","name":"Newsendip","url":"https:\/\/www.newsendip.com\/fr\/","logo":{"@type":"ImageObject","inLanguage":"fr-FR","@id":"https:\/\/www.newsendip.com\/fr\/#\/schema\/logo\/image\/","url":"https:\/\/www.newsendip.com\/wp-content\/uploads\/2023\/12\/512x512.svg","contentUrl":"https:\/\/www.newsendip.com\/wp-content\/uploads\/2023\/12\/512x512.svg","width":1,"height":1,"caption":"Newsendip"},"image":{"@id":"https:\/\/www.newsendip.com\/fr\/#\/schema\/logo\/image\/"},"sameAs":["https:\/\/www.facebook.com\/newsendip","https:\/\/x.com\/newsendip","https:\/\/mastodon.social\/@newsendip","https:\/\/www.linkedin.com\/company\/newsendip"],"description":"Newsendip est un site qui a pour mission de rendre l'actualit\u00e9 internationale accessible et diversifi\u00e9e","email":"contact@newsendip.com","legalName":"Newsendip SAS","foundingDate":"2022-11-04","vatID":"FR60921124723","numberOfEmployees":{"@type":"QuantitativeValue","minValue":"1","maxValue":"10"},"publishingPrinciples":"https:\/\/www.newsendip.com\/about-us\/","ownershipFundingInfo":"https:\/\/www.newsendip.com\/legal-notice\/","actionableFeedbackPolicy":"https:\/\/www.newsendip.com\/about-us\/","correctionsPolicy":"https:\/\/www.newsendip.com\/about-us\/","ethicsPolicy":"https:\/\/www.newsendip.com\/about-us\/","diversityPolicy":"https:\/\/www.newsendip.com\/about-us\/"},{"@type":"Person","@id":"https:\/\/www.newsendip.com\/fr\/#\/schema\/person\/e2f1f831c2917545cdc6413974e67011","name":"Claire Rhea","description":"Claire is a journalist for Newsendip. She grew up in London but is a dual citizen of the United States and France. She graduated from McGill University in Montr\u00e9al, Canada, in political Science and economics. She also lived in Italy.","sameAs":["https:\/\/www.linkedin.com\/in\/claire-rhea-027428167\/"],"knowsAbout":["News"],"knowsLanguage":["English","French"],"url":"https:\/\/www.newsendip.com\/fr\/author\/claire-rhea\/"}]}},"_links":{"self":[{"href":"https:\/\/www.newsendip.com\/fr\/wp-json\/wp\/v2\/posts\/39813","targetHints":{"allow":["GET"]}}],"collection":[{"href":"https:\/\/www.newsendip.com\/fr\/wp-json\/wp\/v2\/posts"}],"about":[{"href":"https:\/\/www.newsendip.com\/fr\/wp-json\/wp\/v2\/types\/post"}],"author":[{"embeddable":true,"href":"https:\/\/www.newsendip.com\/fr\/wp-json\/wp\/v2\/users\/260"}],"replies":[{"embeddable":true,"href":"https:\/\/www.newsendip.com\/fr\/wp-json\/wp\/v2\/comments?post=39813"}],"version-history":[{"count":0,"href":"https:\/\/www.newsendip.com\/fr\/wp-json\/wp\/v2\/posts\/39813\/revisions"}],"wp:featuredmedia":[{"embeddable":true,"href":"https:\/\/www.newsendip.com\/fr\/wp-json\/wp\/v2\/media\/39717"}],"wp:attachment":[{"href":"https:\/\/www.newsendip.com\/fr\/wp-json\/wp\/v2\/media?parent=39813"}],"wp:term":[{"taxonomy":"category","embeddable":true,"href":"https:\/\/www.newsendip.com\/fr\/wp-json\/wp\/v2\/categories?post=39813"},{"taxonomy":"post_tag","embeddable":true,"href":"https:\/\/www.newsendip.com\/fr\/wp-json\/wp\/v2\/tags?post=39813"}],"curies":[{"name":"wp","href":"https:\/\/api.w.org\/{rel}","templated":true}]}}