{"id":40132,"date":"2024-05-29T21:00:00","date_gmt":"2024-05-29T19:00:00","guid":{"rendered":"https:\/\/www.newsendip.com\/?p=40132"},"modified":"2024-07-23T17:33:07","modified_gmt":"2024-07-23T15:33:07","slug":"les-pays-bas-stoppent-de-nouveau-les-adoptions-internationales","status":"publish","type":"post","link":"https:\/\/www.newsendip.com\/fr\/les-pays-bas-stoppent-de-nouveau-les-adoptions-internationales\/","title":{"rendered":"Les Pays-Bas stoppent \u00e0 nouveau les adoptions internationales"},"content":{"rendered":"<p><strong>Il n\u2019est d\u00e9sormais plus possible aux Pays-Bas d\u2019adopter d\u2019enfants venant de l\u2019\u00e9tranger, faute de pouvoir emp\u00eacher les fraudes et les abus. Une d\u00e9cision qui s\u2019inscrit dans un contexte de prise de conscience en Europe de nombreux probl\u00e8mes ignor\u00e9s durant des d\u00e9cennies.<\/strong><\/p>\n<figure id=\"attachment_40130\" aria-describedby=\"caption-attachment-40130\" style=\"width: 1024px\" class=\"wp-caption aligncenter\"><img decoding=\"async\" class=\"size-large wp-image-40130\" src=\"https:\/\/www.newsendip.com\/wp-content\/uploads\/2024\/05\/pavel-danilyuk-adoption-1024x684.webp\" alt=\"une petite fille adopt\u00e9e avec ses parents adoptifs\" width=\"1024\" height=\"684\" srcset=\"https:\/\/www.newsendip.com\/wp-content\/uploads\/2024\/05\/pavel-danilyuk-adoption-1024x684.webp 1024w, https:\/\/www.newsendip.com\/wp-content\/uploads\/2024\/05\/pavel-danilyuk-adoption-60x40.webp 60w, https:\/\/www.newsendip.com\/wp-content\/uploads\/2024\/05\/pavel-danilyuk-adoption-720x480.webp 720w, https:\/\/www.newsendip.com\/wp-content\/uploads\/2024\/05\/pavel-danilyuk-adoption-300x200.webp 300w, https:\/\/www.newsendip.com\/wp-content\/uploads\/2024\/05\/pavel-danilyuk-adoption-768x513.webp 768w, https:\/\/www.newsendip.com\/wp-content\/uploads\/2024\/05\/pavel-danilyuk-adoption-1536x1026.webp 1536w, https:\/\/www.newsendip.com\/wp-content\/uploads\/2024\/05\/pavel-danilyuk-adoption.webp 1920w\" sizes=\"(max-width: 1024px) 100vw, 1024px\"><figcaption id=\"caption-attachment-40130\" class=\"wp-caption-text\">D\u2019apr\u00e8s Unicef, au Cambodge, 85% des des \u00ab\u202forphelins\u202f\u00bb plac\u00e9s dans un orphelinat ont au moins un de leur parent en vie tandis que 70% des orphelinats ont \u00e9t\u00e9 ouverts sans autorisation officielle. Des parents pauvres font confiance aux \u00ab\u202finterm\u00e9diaires\u202f\u00bb et placent leurs enfants dans ces structures dans l\u2019espoir de leur donner une \u00e9ducation et un acc\u00e8s \u00e0 une vie meilleure, sans savoir que leur enfant peut \u00eatre adopt\u00e9 et leur \u00eatre enlev\u00e9. | \u00a9 Pavel Danilyuk<\/figcaption><\/figure>\n<p>Le 21 mai 2024, le gouvernement n\u00e9erlandais annonc\u00e9 mettre un terme de mani\u00e8re d\u00e9finitive aux adoptions d\u2019autres pays. La raison\u202f? Des abus structurels syst\u00e9miques que le gouvernement ne parvient pas \u00e0 stopper.<\/p>\n<p>Des cas de corruptions, de traites et de vols d\u2019enfants, ou encore de falsifications de papiers officiels avaient d\u00e9j\u00e0 fait surface en 2021, apr\u00e8s la sortie d\u2019un <a href=\"https:\/\/www.government.nl\/binaries\/government\/documenten\/reports\/2021\/02\/08\/summary-consideration-analysis-conclusions-recommendations\/Summary+of+the+report+of+the+Committee+Investigating+Intercountry+Adoption.pdf\">rapport d\u2019un comit\u00e9<\/a>, qui examinait la question \u00e0 la suite d\u2019une requ\u00eate du gouvernement.<\/p>\n<p>Ce rapport du comit\u00e9 Joustra r\u00e9v\u00e8lait des d\u00e9cennies d\u2019abus et identifiait \u00e9galement les acteurs et leurs responsabilit\u00e9s, amenant le gouvernement \u00e0 stopper les adoptions internationales une premi\u00e8re fois en f\u00e9vrier 2021.<\/p>\n<p>Apr\u00e8s une pause de presque 2 ans, les adoptions avaient de nouveau \u00e9t\u00e9 autoris\u00e9es dans 6 pays fin 2022. Les adoptions internationales vers l\u2019Afrique du sud, les Philippines, la Tha\u00eflande, Taiwan, le Lesotho et la Hongrie, avaient repris avec plus de contr\u00f4le et un syst\u00e8me r\u00e9form\u00e9 autour d\u2019une institution centrale en cours de cr\u00e9ation.<\/p>\n<h2>Un contr\u00f4le impossible\u202f?<\/h2>\n<p>Le projet de r\u00e9forme devait \u00e9galement concerner les interm\u00e9diaires, ces larges groupes associatifs ou m\u00e9diateurs priv\u00e9s sans v\u00e9ritable supervision. Beaucoup d\u2019entre eux, des m\u00e9decins, des avocats ou m\u00eame des criminels \u00e9taient impliqu\u00e9s dans les abus d\u00e9nonc\u00e9s.<\/p>\n<p>Sans contr\u00f4le de l\u2019\u00c9tat, ils pouvaient alors profiter de la situation pour kidnapper les enfants ou mentir aux parents sur la finalit\u00e9 de l\u2019adoption.<\/p>\n<p>\u00ab\u202fLes interm\u00e9diaires faisaient souvent partie de l\u2019\u00e9lite locale et pouvaient utiliser leurs relations pour \u00e9viter les poursuites p\u00e9nales. Des enqu\u00eates sur les abus ont \u00e9t\u00e9 ouvertes dans certains pays, mais les abus \u00e9taient difficiles \u00e0 prouver et les enqu\u00eates ont rarement abouti \u00e0 des condamnations\u202f\u00bb, d\u00e9nonce la commission Joutra.<\/p>\n<p>Le rapport d\u00e9nonce bien plus la responsabilit\u00e9 des interm\u00e9diaires que celle d\u2019un gouvernement qui a pourtant ignor\u00e9 les diff\u00e9rentes plaintes durant des d\u00e9cennies. Le comit\u00e9 Joustra a prouv\u00e9 que le gouvernement n\u00e9erlandais \u00e9tait au courant des probl\u00e8mes li\u00e9s aux adoptions internationales d\u00e8s les ann\u00e9es 1960.<\/p>\n<p>Le plan de r\u00e9forme ne s\u2019est jamais concr\u00e9tis\u00e9 et est donc d\u00e9sormais abandonn\u00e9.<\/p>\n<h2>Une remise en question des pratiques en Europe<\/h2>\n<p>Les familles n\u00e9erlandaises d\u00e9j\u00e0 impliqu\u00e9es dans le processus d\u2019adoption internationale, qui dure entre 3 et 4 ans en moyenne, pourront continuer leur d\u00e9marche mais aucune nouvelle demande ne sera accept\u00e9e, a annonc\u00e9 le ministre Weerwind.<\/p>\n<p>M\u00eame en limitant les adoptions \u00e0 un petit nombre de pays, le gouvernement n\u00e9erlandais estime qu\u2019il ne peut emp\u00eacher des risque d\u2019abus inh\u00e9rents au syst\u00e8me d\u2019adoption inter-pays.<\/p>\n<p>Cette \u00e9tat d\u2019esprit est de plus en plus commun en Europe. Le Danemark et la Belgique ont eux aussi constat\u00e9 leur impuissance \u00e0 contr\u00f4ler la l\u00e9galit\u00e9 des adoptions \u00e0 l\u2019\u00e9tranger, malgr\u00e9 la convention de la Haye de 1993, adopt\u00e9e par 105&nbsp;pays.<\/p>\n<p>En novembre dernier, la Norv\u00e8ge avait annonc\u00e9 qu\u2019elle envisageait de <a href=\"https:\/\/www.newsendip.com\/fr\/la-norvege-considere-de-suspendre-les-adoptions-denfants-etrangers\/\">suspendre temporairement les adoptions d\u2019enfants \u00e9trangers<\/a>. En 2021, <a href=\"https:\/\/www.newsendip.com\/fr\/la-suede-ouvre-un-enquete-sur-les-activites-adoption-a-letranger\/\">la Su\u00e8de avait lanc\u00e9 une enqu\u00eate<\/a> sur ses activit\u00e9s en mati\u00e8re d\u2019adoption internationale, notamment concernant des enfants chiliens enlev\u00e9s sous la dictature de Pinochet entre les ann\u00e9es 70 et&nbsp;90.<\/p>\n<p>En Suisse, le gouvernement a m\u00eame pr\u00e9sent\u00e9 ses excuses aux adopt\u00e9s affect\u00e9s par des fraudes car certains adultes n\u2019avaient aucun moyen de conna\u00eetre leur origine car leur papiers d\u2019adoption avaient \u00e9t\u00e9 falsifi\u00e9s.<\/p>\n<h2>En Occident, le complexe du sauveur \u00ab\u202fblanc\u202f\u00bb<\/h2>\n<p>La mentalit\u00e9 li\u00e9e aux adoptions internationales a beaucoup \u00e9volu\u00e9 ces derni\u00e8res ann\u00e9es. Le comit\u00e9 Joustra d\u00e9clare dans son rapport que les parents adoptifs, le gouvernement, les interm\u00e9diaires, \u00e9taient tous persuad\u00e9s de r\u00e9aliser une bonne action, en partant \u00ab\u202f<em>du principe que ces enfants seraient n\u00e9cessairement mieux lotis dans le monde occidental plus riche<\/em>\u202f\u00bb.<\/p>\n<p>Aujourd\u2019hui, ces bonnes intentions sont remises en cause notamment par la d\u00e9nonciation du <a href=\"https:\/\/praxis.encommun.io\/def\/complexe-du-sauveur-blanc\/#:~:text=Le%20complexe%20du%20sauveur%20%C2%AB%20blanc,en%20capacit%C3%A9s%20et%20en%20intelligence.\">complexe du sauveur \u00ab\u202fblanc\u202f\u00bb<\/a>, selon les termes de l\u2019auteur nig\u00e9riano-am\u00e9ricain Teju Cole dans un essai de 2012. Cette notion \u00e9tait encore inconnue dans les ann\u00e9es 80, quand l\u2019adoption internationale \u00e9tait un \u00ab\u202fph\u00e9nom\u00e8ne de soci\u00e9t\u00e9\u202f\u00bb, selon un <a href=\"https:\/\/www.diplomatie.gouv.fr\/IMG\/pdf\/00_rapport_sur_les_pratiques_illicites_dans_l_39_adoption_internationale_en_france_cle0a3da1.pdf\">rapport du gouvernement fran\u00e7ais<\/a> sur les adoptions internationales.<\/p>\n<p>Cette prise de conscience m\u00eal\u00e9e \u00e0 des facteurs ext\u00e9rieurs comme une meilleure r\u00e9gulation des naissances, une meilleure prise en charge des enfants dans les pays d\u2019origine, la hausse de l\u2019adoption au niveau national dans les pays d\u2019adoption m\u00e8nent \u00e0 une baisse des adoptions \u00e0 l\u2019\u00e9tranger. De 1 700\u202fen 1981, on d\u00e9compte seulement 145 adopt\u00e9s internationaux en 2019 aux <a href=\"https:\/\/www.newsendip.com\/fr\/etiquette\/pays-bas\/\">Pays-Bas<\/a>.<\/p>\n<p>De plus, <a href=\"https:\/\/www.cbs.nl\/nl-nl\/onze-diensten\/methoden\/onderzoeksomschrijvingen\/aanvullende-onderzoeksomschrijvingen\/interlandelijke-adoptie-in-nederland-onderzoeksdocumentatie\">Statistics Netherlands (CBS)<\/a> d\u00e9clare que les enfants adopt\u00e9s \u00e0 l\u2019\u00e9tranger sont plus susceptibles d\u2019avoir besoin d\u2019une aide psychologique ou encore d\u2019\u00e9prouver des sentiments de solitude et d\u2019\u00e9pisodes de d\u00e9pression.<\/p>\n<p>Le gouvernement n\u00e9erlandais d\u2019extr\u00eame droite y voit dans ces statistiques que l\u2019int\u00e9r\u00eat des enfants est mieux servi lorsqu\u2019ils peuvent \u00eatre pris en charge en toute s\u00e9curit\u00e9 dans leur pays d\u2019origine.<\/p>\n","protected":false},"excerpt":{"rendered":"<p>Il n\u2019est d\u00e9sormais plus possible aux Pays-Bas d\u2019adopter d\u2019enfants venant de l\u2019\u00e9tranger, faute de pouvoir emp\u00eacher les fraudes et les abus. Une d\u00e9cision qui s\u2019inscrit dans un contexte de prise de conscience en Europe de nombreux probl\u00e8mes ignor\u00e9s durant des d\u00e9cennies.<\/p>\n","protected":false},"author":271,"featured_media":40130,"comment_status":"closed","ping_status":"open","sticky":false,"template":"","format":"standard","meta":{"wp_typography_post_enhancements_disabled":false,"footnotes":""},"categories":[409],"tags":[434,1334],"class_list":["post-40132","post","type-post","status-publish","format-standard","has-post-thumbnail","hentry","category-societe","tag-pays-bas","tag-nouveau"],"yoast_head":"<!-- This site is optimized with the Yoast SEO Premium plugin v27.4 (Yoast SEO v27.4) - https:\/\/yoast.com\/product\/yoast-seo-premium-wordpress\/ -->\n<title>Les Pays-Bas stoppent \u00e0 nouveau les adoptions internationales<\/title>\n<meta name=\"description\" content=\"Il n\u2019est d\u00e9sormais plus possible aux Pays-Bas d\u2019adopter d\u2019enfants venant de l&#039;\u00e9tranger, faute de pouvoir emp\u00eacher les fraudes et les abus. Une d\u00e9cision qui s&#039;inscrit dans un contexte de prise de conscience en Europe de nombreux probl\u00e8mes ignor\u00e9s durant des d\u00e9cennies.\" \/>\n<meta name=\"robots\" content=\"index, follow, max-snippet:-1, max-image-preview:large, max-video-preview:-1\" \/>\n<link rel=\"canonical\" href=\"https:\/\/www.newsendip.com\/fr\/les-pays-bas-stoppent-de-nouveau-les-adoptions-internationales\/\" \/>\n<meta property=\"og:locale\" content=\"fr_FR\" \/>\n<meta property=\"og:type\" content=\"article\" \/>\n<meta property=\"og:title\" content=\"Les Pays-Bas stoppent \u00e0 nouveau les adoptions internationales\" \/>\n<meta property=\"og:description\" content=\"Il n\u2019est d\u00e9sormais plus possible aux Pays-Bas d\u2019adopter d\u2019enfants venant de l&#039;\u00e9tranger, faute de pouvoir emp\u00eacher les fraudes et les abus. Une d\u00e9cision qui s&#039;inscrit dans un contexte de prise de conscience en Europe de nombreux probl\u00e8mes ignor\u00e9s durant des d\u00e9cennies.\" \/>\n<meta property=\"og:url\" content=\"https:\/\/www.newsendip.com\/fr\/les-pays-bas-stoppent-de-nouveau-les-adoptions-internationales\/\" \/>\n<meta property=\"og:site_name\" content=\"Newsendip\" \/>\n<meta property=\"article:publisher\" content=\"https:\/\/www.facebook.com\/newsendip\" \/>\n<meta property=\"article:published_time\" content=\"2024-05-29T19:00:00+00:00\" \/>\n<meta property=\"article:modified_time\" content=\"2024-07-23T15:33:07+00:00\" \/>\n<meta property=\"og:image\" content=\"https:\/\/www.newsendip.com\/wp-content\/uploads\/2024\/05\/pavel-danilyuk-adoption.webp\" \/>\n\t<meta property=\"og:image:width\" content=\"1920\" \/>\n\t<meta property=\"og:image:height\" content=\"1282\" \/>\n\t<meta property=\"og:image:type\" content=\"image\/webp\" \/>\n<meta name=\"author\" content=\"Aude Bres\" \/>\n<meta name=\"twitter:card\" content=\"summary_large_image\" \/>\n<meta name=\"twitter:creator\" content=\"@newsendip\" \/>\n<meta name=\"twitter:site\" content=\"@newsendip\" \/>\n<meta name=\"twitter:label1\" content=\"\u00c9crit par\" \/>\n\t<meta name=\"twitter:data1\" content=\"Aude Br\u00e8s\" \/>\n\t<meta name=\"twitter:label2\" content=\"Dur\u00e9e de lecture estim\u00e9e\" \/>\n\t<meta name=\"twitter:data2\" content=\"5 minutes\" \/>\n<!-- \/ Yoast SEO Premium plugin. -->","yoast_head_json":{"title":"Les Pays-Bas stoppent \u00e0 nouveau les adoptions internationales","description":"Il n\u2019est d\u00e9sormais plus possible aux Pays-Bas d\u2019adopter d\u2019enfants venant de l'\u00e9tranger, faute de pouvoir emp\u00eacher les fraudes et les abus. Une d\u00e9cision qui s'inscrit dans un contexte de prise de conscience en Europe de nombreux probl\u00e8mes ignor\u00e9s durant des d\u00e9cennies.","robots":{"index":"index","follow":"follow","max-snippet":"max-snippet:-1","max-image-preview":"max-image-preview:large","max-video-preview":"max-video-preview:-1"},"canonical":"https:\/\/www.newsendip.com\/fr\/les-pays-bas-stoppent-de-nouveau-les-adoptions-internationales\/","og_locale":"fr_FR","og_type":"article","og_title":"Les Pays-Bas stoppent \u00e0 nouveau les adoptions internationales","og_description":"Il n\u2019est d\u00e9sormais plus possible aux Pays-Bas d\u2019adopter d\u2019enfants venant de l'\u00e9tranger, faute de pouvoir emp\u00eacher les fraudes et les abus. Une d\u00e9cision qui s'inscrit dans un contexte de prise de conscience en Europe de nombreux probl\u00e8mes ignor\u00e9s durant des d\u00e9cennies.","og_url":"https:\/\/www.newsendip.com\/fr\/les-pays-bas-stoppent-de-nouveau-les-adoptions-internationales\/","og_site_name":"Newsendip","article_publisher":"https:\/\/www.facebook.com\/newsendip","article_published_time":"2024-05-29T19:00:00+00:00","article_modified_time":"2024-07-23T15:33:07+00:00","og_image":[{"width":1920,"height":1282,"url":"https:\/\/www.newsendip.com\/wp-content\/uploads\/2024\/05\/pavel-danilyuk-adoption.webp","type":"image\/webp"}],"author":"Aude Bres","twitter_card":"summary_large_image","twitter_creator":"@newsendip","twitter_site":"@newsendip","twitter_misc":{"\u00c9crit par":"Aude Br\u00e8s","Dur\u00e9e de lecture estim\u00e9e":"5 minutes"},"schema":{"@context":"https:\/\/schema.org","@graph":[{"@type":"NewsArticle","@id":"https:\/\/www.newsendip.com\/fr\/les-pays-bas-stoppent-de-nouveau-les-adoptions-internationales\/#article","isPartOf":{"@id":"https:\/\/www.newsendip.com\/fr\/les-pays-bas-stoppent-de-nouveau-les-adoptions-internationales\/"},"author":{"name":"Aude Bres","@id":"https:\/\/www.newsendip.com\/fr\/#\/schema\/person\/de7e268245bb5e7bdc5120438f37e3bd"},"headline":"Les Pays-Bas stoppent \u00e0 nouveau les adoptions internationales","datePublished":"2024-05-29T19:00:00+00:00","dateModified":"2024-07-23T15:33:07+00:00","mainEntityOfPage":{"@id":"https:\/\/www.newsendip.com\/fr\/les-pays-bas-stoppent-de-nouveau-les-adoptions-internationales\/"},"wordCount":1013,"publisher":{"@id":"https:\/\/www.newsendip.com\/fr\/#organization"},"image":{"@id":"https:\/\/www.newsendip.com\/fr\/les-pays-bas-stoppent-de-nouveau-les-adoptions-internationales\/#primaryimage"},"thumbnailUrl":"https:\/\/www.newsendip.com\/wp-content\/uploads\/2024\/05\/pavel-danilyuk-adoption.webp","keywords":["Pays-Bas","R\u00e9cent"],"articleSection":["Soci\u00e9t\u00e9"],"inLanguage":"fr-FR","copyrightYear":"2024","copyrightHolder":{"@id":"https:\/\/www.newsendip.com\/#organization"}},{"@type":"WebPage","@id":"https:\/\/www.newsendip.com\/fr\/les-pays-bas-stoppent-de-nouveau-les-adoptions-internationales\/","url":"https:\/\/www.newsendip.com\/fr\/les-pays-bas-stoppent-de-nouveau-les-adoptions-internationales\/","name":"Les Pays-Bas stoppent \u00e0 nouveau les adoptions internationales","isPartOf":{"@id":"https:\/\/www.newsendip.com\/fr\/#website"},"primaryImageOfPage":{"@id":"https:\/\/www.newsendip.com\/fr\/les-pays-bas-stoppent-de-nouveau-les-adoptions-internationales\/#primaryimage"},"image":{"@id":"https:\/\/www.newsendip.com\/fr\/les-pays-bas-stoppent-de-nouveau-les-adoptions-internationales\/#primaryimage"},"thumbnailUrl":"https:\/\/www.newsendip.com\/wp-content\/uploads\/2024\/05\/pavel-danilyuk-adoption.webp","datePublished":"2024-05-29T19:00:00+00:00","dateModified":"2024-07-23T15:33:07+00:00","description":"Il n\u2019est d\u00e9sormais plus possible aux Pays-Bas d\u2019adopter d\u2019enfants venant de l'\u00e9tranger, faute de pouvoir emp\u00eacher les fraudes et les abus. Une d\u00e9cision qui s'inscrit dans un contexte de prise de conscience en Europe de nombreux probl\u00e8mes ignor\u00e9s durant des d\u00e9cennies.","breadcrumb":{"@id":"https:\/\/www.newsendip.com\/fr\/les-pays-bas-stoppent-de-nouveau-les-adoptions-internationales\/#breadcrumb"},"inLanguage":"fr-FR","potentialAction":[{"@type":"ReadAction","target":["https:\/\/www.newsendip.com\/fr\/les-pays-bas-stoppent-de-nouveau-les-adoptions-internationales\/"]}]},{"@type":"ImageObject","inLanguage":"fr-FR","@id":"https:\/\/www.newsendip.com\/fr\/les-pays-bas-stoppent-de-nouveau-les-adoptions-internationales\/#primaryimage","url":"https:\/\/www.newsendip.com\/wp-content\/uploads\/2024\/05\/pavel-danilyuk-adoption.webp","contentUrl":"https:\/\/www.newsendip.com\/wp-content\/uploads\/2024\/05\/pavel-danilyuk-adoption.webp","width":1920,"height":1282,"caption":"D'apr\u00e8s Unicef, au Cambodge, 85% des des \"orphelins\" plac\u00e9s dans un orphelinat ont au moins un de leur parent en vie tandis que 70% des orphelinats ont \u00e9t\u00e9 ouverts sans autorisation officielle. Des parents pauvres font confiance aux \"interm\u00e9diaires\" et placent leurs enfants dans ces structures dans l\u2019espoir de leur donner une \u00e9ducation et un acc\u00e8s \u00e0 une vie meilleure, sans savoir que leur enfant peut \u00eatre adopt\u00e9 et leur \u00eatre enlev\u00e9. | \u00a9 Pavel Danilyuk"},{"@type":"BreadcrumbList","@id":"https:\/\/www.newsendip.com\/fr\/les-pays-bas-stoppent-de-nouveau-les-adoptions-internationales\/#breadcrumb","itemListElement":[{"@type":"ListItem","position":1,"name":"Accueil","item":"https:\/\/www.newsendip.com\/fr\/"},{"@type":"ListItem","position":2,"name":"Les Pays-Bas stoppent \u00e0 nouveau les adoptions internationales"}]},{"@type":"WebSite","@id":"https:\/\/www.newsendip.com\/fr\/#website","url":"https:\/\/www.newsendip.com\/fr\/","name":"Newsendip","description":"Red\u00e9couvrez l&#039;actualit\u00e9 internationale","publisher":{"@id":"https:\/\/www.newsendip.com\/fr\/#organization"},"potentialAction":[{"@type":"SearchAction","target":{"@type":"EntryPoint","urlTemplate":"https:\/\/www.newsendip.com\/fr\/?s={search_term_string}"},"query-input":{"@type":"PropertyValueSpecification","valueRequired":true,"valueName":"search_term_string"}}],"inLanguage":"fr-FR"},{"@type":"Organization","@id":"https:\/\/www.newsendip.com\/fr\/#organization","name":"Newsendip","url":"https:\/\/www.newsendip.com\/fr\/","logo":{"@type":"ImageObject","inLanguage":"fr-FR","@id":"https:\/\/www.newsendip.com\/fr\/#\/schema\/logo\/image\/","url":"https:\/\/www.newsendip.com\/wp-content\/uploads\/2023\/12\/512x512.svg","contentUrl":"https:\/\/www.newsendip.com\/wp-content\/uploads\/2023\/12\/512x512.svg","width":1,"height":1,"caption":"Newsendip"},"image":{"@id":"https:\/\/www.newsendip.com\/fr\/#\/schema\/logo\/image\/"},"sameAs":["https:\/\/www.facebook.com\/newsendip","https:\/\/x.com\/newsendip","https:\/\/mastodon.social\/@newsendip","https:\/\/www.linkedin.com\/company\/newsendip"],"description":"Newsendip est un site qui a pour mission de rendre l'actualit\u00e9 internationale accessible et diversifi\u00e9e","email":"contact@newsendip.com","legalName":"Newsendip SAS","foundingDate":"2022-11-04","vatID":"FR60921124723","numberOfEmployees":{"@type":"QuantitativeValue","minValue":"1","maxValue":"10"},"publishingPrinciples":"https:\/\/www.newsendip.com\/about-us\/","ownershipFundingInfo":"https:\/\/www.newsendip.com\/legal-notice\/","actionableFeedbackPolicy":"https:\/\/www.newsendip.com\/about-us\/","correctionsPolicy":"https:\/\/www.newsendip.com\/about-us\/","ethicsPolicy":"https:\/\/www.newsendip.com\/about-us\/","diversityPolicy":"https:\/\/www.newsendip.com\/about-us\/"},{"@type":"Person","@id":"https:\/\/www.newsendip.com\/fr\/#\/schema\/person\/de7e268245bb5e7bdc5120438f37e3bd","name":"Aude Bres","description":"Aude is a writer for Newsendip. She graduated from the Sorbonne University.","sameAs":["https:\/\/www.linkedin.com\/in\/aude-brs-b24519200\/"],"knowsAbout":["News"],"knowsLanguage":["French"],"jobTitle":"Journalist","url":"https:\/\/www.newsendip.com\/fr\/author\/aude-bres\/"}]}},"_links":{"self":[{"href":"https:\/\/www.newsendip.com\/fr\/wp-json\/wp\/v2\/posts\/40132","targetHints":{"allow":["GET"]}}],"collection":[{"href":"https:\/\/www.newsendip.com\/fr\/wp-json\/wp\/v2\/posts"}],"about":[{"href":"https:\/\/www.newsendip.com\/fr\/wp-json\/wp\/v2\/types\/post"}],"author":[{"embeddable":true,"href":"https:\/\/www.newsendip.com\/fr\/wp-json\/wp\/v2\/users\/271"}],"replies":[{"embeddable":true,"href":"https:\/\/www.newsendip.com\/fr\/wp-json\/wp\/v2\/comments?post=40132"}],"version-history":[{"count":0,"href":"https:\/\/www.newsendip.com\/fr\/wp-json\/wp\/v2\/posts\/40132\/revisions"}],"wp:featuredmedia":[{"embeddable":true,"href":"https:\/\/www.newsendip.com\/fr\/wp-json\/wp\/v2\/media\/40130"}],"wp:attachment":[{"href":"https:\/\/www.newsendip.com\/fr\/wp-json\/wp\/v2\/media?parent=40132"}],"wp:term":[{"taxonomy":"category","embeddable":true,"href":"https:\/\/www.newsendip.com\/fr\/wp-json\/wp\/v2\/categories?post=40132"},{"taxonomy":"post_tag","embeddable":true,"href":"https:\/\/www.newsendip.com\/fr\/wp-json\/wp\/v2\/tags?post=40132"}],"curies":[{"name":"wp","href":"https:\/\/api.w.org\/{rel}","templated":true}]}}