{"id":40390,"date":"2024-06-12T23:16:21","date_gmt":"2024-06-12T21:16:21","guid":{"rendered":"https:\/\/www.newsendip.com\/?p=40390"},"modified":"2024-06-21T19:07:31","modified_gmt":"2024-06-21T17:07:31","slug":"norvege-cours-formation-preparation-guerre","status":"publish","type":"post","link":"https:\/\/www.newsendip.com\/fr\/norvege-cours-formation-preparation-guerre\/","title":{"rendered":"Face \u00e0 la menace russe, les jeunes Norv\u00e9giens apprendront \u00e0 se preparer&nbsp;en cas de&nbsp;guerre"},"content":{"rendered":"<p><strong>Des adolescents du nord de la Norv\u00e8ge seront form\u00e9s \u00e0 la s\u00e9curit\u00e9 et \u00e0 la pr\u00e9paration aux situations d\u2019urgence, au cas o\u00f9 la Russie voisine attaquerait la r\u00e9gion.<\/strong><\/p>\n<figure id=\"attachment_40392\" aria-describedby=\"caption-attachment-40392\" style=\"width: 990px\" class=\"wp-caption aligncenter\"><img decoding=\"async\" class=\"wp-image-40392 size-full\" src=\"https:\/\/www.newsendip.com\/wp-content\/uploads\/2024\/06\/norway-army.webp\" alt=\"L'arm\u00e9e norv\u00e9gienne en 2009\" width=\"990\" height=\"660\" srcset=\"https:\/\/www.newsendip.com\/wp-content\/uploads\/2024\/06\/norway-army.webp 990w, https:\/\/www.newsendip.com\/wp-content\/uploads\/2024\/06\/norway-army-60x40.webp 60w, https:\/\/www.newsendip.com\/wp-content\/uploads\/2024\/06\/norway-army-720x480.webp 720w, https:\/\/www.newsendip.com\/wp-content\/uploads\/2024\/06\/norway-army-300x200.webp 300w, https:\/\/www.newsendip.com\/wp-content\/uploads\/2024\/06\/norway-army-768x512.webp 768w\" sizes=\"(max-width: 990px) 100vw, 990px\"><figcaption id=\"caption-attachment-40392\" class=\"wp-caption-text\">A partir de l\u2019automne 2025, des \u00e9tudiants norv\u00e8giens recevront des cours de pr\u00e9paration \u00e0 la guerre. | \u00a9 Metziker<\/figcaption><\/figure>\n<p>A partir de l\u2019automne 2025, les adolescents de la r\u00e9gion du Finnmark et du comt\u00e9 de Troms, situ\u00e9s au Nord de la <a href=\"https:\/\/www.newsendip.com\/fr\/etiquette\/norvege\/\">Norv\u00e8ge<\/a>, verront une nouvelle mati\u00e8re s\u2019ajouter \u00e0 leur emploi du temps&nbsp;: des cours de pr\u00e9paration \u00e0 la guerre.<\/p>\n<p>Ces mesures font partie de celles propos\u00e9es par les gouverneurs des comt\u00e9s de Troms et du Finnmark, la police et la d\u00e9fense norv\u00e9gienne pour renforcer la pr\u00e9paration de la soci\u00e9t\u00e9 en cas d\u2019attaque de la <a href=\"https:\/\/www.newsendip.com\/fr\/etiquette\/russie\/\">Russie<\/a>.<\/p>\n<p>\u00ab\u202fNous<em> pensons que commencer par les jeunes est la meilleure fa\u00e7on d\u2019aller de l\u2019avant. Ils pourraient \u00eatre une ressource tr\u00e8s importante pour eux-m\u00eames, leurs familles et la communaut\u00e9 locale<\/em>\u202f\u00bb, a d\u00e9clar\u00e9 Elisabeth Aspaker, gouverneur du comt\u00e9 de Troms, au <a href=\"https:\/\/www.nrk.no\/tromsogfinnmark\/russland-er-en-trussel_-elever-i-finnmark-far-beredskap-som-fag-1.16914225\">m\u00e9dia norv\u00e9gien NRK<\/a>, \u00ab\u202f<em>la formation permettra aux \u00e9tudiants de mieux comprendre la situation de menace et leur apprendra \u00e0 prendre soin d\u2019eux-m\u00eames<\/em>\u202f\u00bb.<\/p>\n<p>Les jeunes apprendront \u00e9galement \u00e0 aiguiser leur esprit critique face aux op\u00e9rations d\u2019influence men\u00e9es par d\u2019autres pays et aux \u00ab\u202f<em>fake news <\/em>\u00ab\u202f, explique Aspaker. \u00ab\u202f<em>Nous pensons \u00e9galement que les jeunes devraient \u00eatre en mesure de travailler dans diff\u00e9rents types de fonctions de soutien au sein d\u2019une municipalit\u00e9, qui devra s\u2019adapter et assumer toute une s\u00e9rie de t\u00e2ches en cas de crise<\/em>\u202f\u00bb, ajoute-t-elle.<\/p>\n<p>Plusieurs raisons expliquent le lancement de ce <a href=\"https:\/\/www.statsforvalteren.no\/nb\/troms-finnmark\/nyheter\/2024\/06\/styrker-samfunnsberedskapen-i-finnmark---et-pilotprosjekt\/?utm_source=nyhetsbrev&amp;utm_medium=epost\">projet pilote <\/a>dans le Nord de la Norv\u00e8ge. Tout d\u2019abord, la proximit\u00e9 de ces territoires avec la Russie \u2013 les deux pays partagent une fronti\u00e8re de pr\u00e8s de 200 kilom\u00e8tres dans l\u2019Arctique \u2013 mais \u00e9galement, une population peu nombreuse et vieillissante. \u00ab\u202f<em>La d\u00e9fense norv\u00e9gienne est en cours de modernisation. Il est donc n\u00e9cessaire de disposer d\u2019une soci\u00e9t\u00e9 civile encore plus solide qu\u2019aujourd\u2019hui<\/em>\u202f\u00bb, a pr\u00e9cis\u00e9 Jonas Gahr Store, Premier ministre norv\u00e9gien, \u00e0&nbsp;NRK.<\/p>\n<h2>\u00ab\u202fNordic Response\u202f\u00bb<\/h2>\n<p>En effet, en mars dernier, Jonas Gahr Store avait annonc\u00e9 son intention d\u2019augmenter les d\u00e9penses annuelles de d\u00e9fense du pays pour qu\u2019elles atteignent 2% de son produit int\u00e9rieur brut. La Norv\u00e8ge devait initialement atteindre cet objectif en 2026, mais elle y parviendra plus t\u00f4t que pr\u00e9vu, compte tenu de la menace potentielle que repr\u00e9sente une Russie \u00ab\u202f<em>dangereuse et impr\u00e9visible<\/em>\u202f\u00bb, selon les termes du Premier ministre.<\/p>\n<p>Le budget de la d\u00e9fense pour 2024, qui devait initialement s\u2019\u00e9lever \u00e0 environ 8,75 milliards de dollars, a \u00e9t\u00e9 revu \u00e0 la hausse dans le cadre d\u2019un projet de loi de finances, d\u00e9clarait alors M. Store, sans fournir de chiffre pr\u00e9cis. En 2022, le budget de la d\u00e9fense de la Norv\u00e8ge repr\u00e9sentait 1,57% du PIB du pays, selon l\u2019OTAN.<\/p>\n<p>L\u2019invasion \u00e0 grande \u00e9chelle de l\u2019Ukraine en f\u00e9vrier 2022, a suscit\u00e9 de nombreuses craintes parmi les pays scandinaves, voisins de la Russie.<\/p>\n<p>Le <a href=\"https:\/\/www.newsendip.com\/fr\/le-danemark-introduit-la-conscription-obligatoire-pour-les-femmes-dans-un-contexte-de-penurie-de-militaires-masculins\/\">Danemark<\/a> a annonc\u00e9 des plans similaires il y a quelques mois, d\u00e9clarant qu\u2019il augmenterait son budget d\u00e9fense de 5,9 milliards de dollars au cours des cinq prochaines ann\u00e9es.<\/p>\n<p>En mars, un exercice de d\u00e9fense conjoint in\u00e9dit de l\u2019OTAN auquel avaient pris part plus de 20 000 soldats de 13 pays avait \u00e9t\u00e9 lanc\u00e9 dans le nord de la Norv\u00e8ge, de la Su\u00e8de et de la Finlande. L\u2019entra\u00eenement, auparavant connu sous le nom de \u00ab\u202f<em>Cold Response<\/em>\u202f\u00bb, se tenait tous les deux ans dans le nord de la Norv\u00e8ge, membre fondateur de l\u2019OTAN. En reconnaissance de l\u2019adh\u00e9sion r\u00e9cente de la Finlande et de la Su\u00e8de \u00e0 l\u2019alliance militaire occidentale, l\u2019exercice a cette ann\u00e9e chang\u00e9 de nom pour s\u2019appeler pour la premi\u00e8re fois \u00ab\u202f<em>Nordic Response<\/em>\u202f\u00bb.<\/p>\n<p>\u00ab\u202f<em>Nous devons \u00eatre en mesure de riposter et d\u2019arr\u00eater quiconque tente de remettre en cause nos fronti\u00e8res, nos valeurs et notre d\u00e9mocratie. Compte tenu de la situation actuelle en mati\u00e8re de s\u00e9curit\u00e9 en Europe, cet exercice est extr\u00eamement pertinent et plus important que jamais<\/em>\u202f\u00bb<em>,<\/em> avait alors d\u00e9clar\u00e9 le brigadier Tron Strand, commandant du centre d\u2019op\u00e9rations a\u00e9riennes norv\u00e9gien, <a href=\"https:\/\/ac.nato.int\/archive\/2024\/NordicResponse24_announcement\">dans un communiqu\u00e9 de l\u2019OTAN.<\/a><\/p>\n<h2>\u00ab\u202fChacun doit se pr\u00e9parer mentalement\u202f\u00bb<strong><em><br>\n<\/em><\/strong><\/h2>\n<p>En janvier, des hauts responsables du gouvernement su\u00e9dois et des forces de d\u00e9fense avaient explicitement averti la population que la guerre pourrait \u00e9clater \u00e0 tout moment en Su\u00e8de et que chaque Su\u00e9dois devait se tenir&nbsp;pr\u00eat.<\/p>\n<p>Carl-Oscar Bohlin, ministre de la d\u00e9fense civile, avait alors d\u00e9clar\u00e9 <a href=\"https:\/\/www.government.se\/speeches\/2024\/01\/speech-by-minister-for-civil-defence-carl-oskar-bohlin-at-folk-och-forsvars-annual-national-conference-in-salen-on-the-7th-of-january-2024\/\">lors d\u2019un discours officiel<\/a> \u00e0 un auditoire stup\u00e9fait que \u00ab\u202f<em>la guerre pourrait arriver en Su\u00e8de<\/em>\u202f\u00bb et que la petite nation nordique de 10,4 millions d\u2019habitants devait se pr\u00e9parer rapidement.<\/p>\n<p>Le commandant en chef des forces militaires su\u00e9doises, Micael Byd\u00e9n, a jet\u00e9 de l\u2019huile sur le feu en avertissant le m\u00eame auditoire que \u00ab\u202f<em>la guerre de la Russie contre l\u2019Ukraine n\u2019est qu\u2019une \u00e9tape, pas une fin en soi. Nous devons nous rendre compte de la gravit\u00e9 de la situation et chacun, individuellement, doit se pr\u00e9parer mentalement<\/em>\u202f\u00bb<em>,<\/em> a\u2011t-il ajout\u00e9.<\/p>\n<p>Depuis le d\u00e9but de la guerre en Ukraine, les autorit\u00e9s scandinaves et baltes ont constat\u00e9 une recrudescence des cyberattaques et violations de leurs espaces a\u00e9riens. <a href=\"https:\/\/www.newsendip.com\/fr\/le-deuxieme-aeroport-de-norvege-ferme-pendant-deux-heures-apres-des-observations-dun-vol-de-drone-dans-un-contexte-securitaire-tendu\/\">Des a\u00e9roports norv\u00e9giens avaient temporairement ferm\u00e9s<\/a> quelques heures apr\u00e8s plusieurs observations d\u2019un ou de drones suppos\u00e9ment russes volant au-dessus la zone en 2022. Cette ann\u00e9e, une vaste zone au-dessus de la mer Baltique <a href=\"https:\/\/www.newsendip.com\/fr\/estonie-russie-gps-mer-baltique-finnair-tartu\/\">a fait l\u2019objet d\u2019un certain nombre d\u2019incidents de brouillages GPS<\/a>, entra\u00eenant la perte par plusieurs avions de leurs signaux de navigation d\u00e9riv\u00e9s de satellites. L\u2019Allemagne avait alors d\u00e9clar\u00e9 que la Russie \u00e9tait tr\u00e8s probablement \u00e0 l\u2019origine de cette s\u00e9rie de perturbations.<\/p>\n<p>En f\u00e9vrier dernier lors d\u2019une conf\u00e9rence de soutien \u00e0 l\u2019Ukraine, le pr\u00e9sident fran\u00e7ais, Emmanuel Macron, n\u2019avait pas exclu la possibilit\u00e9 d\u2019envoyer des troupes au sol, pr\u00e9cisant que la France \u00ab\u202f<em>fera tout ce qu\u2019il faut pour que la Russie ne puisse pas gagner cette guerre<\/em>\u202f\u00bb. Le chancelier allemand Olaf Scholz avait rapidement rejet\u00e9 l\u2019\u00e9ventualit\u00e9 d\u2019un envoi de troupes europ\u00e9ennes sur le front ukrainien, \u00e9voqu\u00e9e par le Pr\u00e9sident fran\u00e7ais.<\/p>\n<p>Plus r\u00e9cemment, s\u2019adressant aux l\u00e9gislateurs lors d\u2019une s\u00e9ance de questions-r\u00e9ponses au Parlement allemand, Boris Pistorius, ministre de la D\u00e9fense du pays, affirmait que l\u2019Allemagne doit \u00eatre \u00ab\u202f<em>pr\u00eate pour la guerre<\/em>\u202f\u00bb d\u2019ici 2029. \u00ab\u202f<em>La Russie est pass\u00e9e \u00e0 une \u00e9conomie de guerre et poursuit son r\u00e9armement. Il ne faut pas croire que Poutine s\u2019arr\u00eatera aux fronti\u00e8res de l\u2019Ukraine s\u2019il arrive \u00e0 ses fins<\/em>\u202f\u00bb<em>,<\/em> avait-t-il d\u00e9clar\u00e9.<\/p>\n","protected":false},"excerpt":{"rendered":"<p>Des \u00e9tudiants du Nord de la Norv\u00e8ge seront form\u00e9s \u00e0 la s\u00e9curit\u00e9 et \u00e0 la pr\u00e9paration aux situations d\u2019urgence, au cas o\u00f9 la Russie voisine attaquerait la r\u00e9gion.&nbsp;<\/p>\n","protected":false},"author":237,"featured_media":40392,"comment_status":"closed","ping_status":"open","sticky":false,"template":"","format":"standard","meta":{"wp_typography_post_enhancements_disabled":false,"footnotes":""},"categories":[409],"tags":[427,1334],"class_list":["post-40390","post","type-post","status-publish","format-standard","has-post-thumbnail","hentry","category-societe","tag-norvege","tag-nouveau"],"yoast_head":"<!-- This site is optimized with the Yoast SEO Premium plugin v27.5 (Yoast SEO v27.5) - https:\/\/yoast.com\/product\/yoast-seo-premium-wordpress\/ -->\n<title>Face \u00e0 la menace russe, les jeunes Norv\u00e9giens apprendront \u00e0 se preparer\u00a0en cas de\u00a0guerre<\/title>\n<meta name=\"description\" content=\"Des \u00e9tudiants du Nord de la Norv\u00e8ge seront form\u00e9s \u00e0 la s\u00e9curit\u00e9 et \u00e0 la pr\u00e9paration aux situations d&#039;urgence, au cas o\u00f9 la Russie voisine attaquerait la r\u00e9gion.\u00a0\" \/>\n<meta name=\"robots\" content=\"index, follow, max-snippet:-1, max-image-preview:large, max-video-preview:-1\" \/>\n<link rel=\"canonical\" href=\"https:\/\/www.newsendip.com\/fr\/norvege-cours-formation-preparation-guerre\/\" \/>\n<meta property=\"og:locale\" content=\"fr_FR\" \/>\n<meta property=\"og:type\" content=\"article\" \/>\n<meta property=\"og:title\" content=\"Face \u00e0 la menace russe, les jeunes Norv\u00e9giens apprendront \u00e0 se preparer\u00a0en cas de\u00a0guerre\" \/>\n<meta property=\"og:description\" content=\"Des \u00e9tudiants du Nord de la Norv\u00e8ge seront form\u00e9s \u00e0 la s\u00e9curit\u00e9 et \u00e0 la pr\u00e9paration aux situations d&#039;urgence, au cas o\u00f9 la Russie voisine attaquerait la r\u00e9gion.\u00a0\" \/>\n<meta property=\"og:url\" content=\"https:\/\/www.newsendip.com\/fr\/norvege-cours-formation-preparation-guerre\/\" \/>\n<meta property=\"og:site_name\" content=\"Newsendip\" \/>\n<meta property=\"article:publisher\" content=\"https:\/\/www.facebook.com\/newsendip\" \/>\n<meta property=\"article:published_time\" content=\"2024-06-12T21:16:21+00:00\" \/>\n<meta property=\"article:modified_time\" content=\"2024-06-21T17:07:31+00:00\" \/>\n<meta property=\"og:image\" content=\"https:\/\/www.newsendip.com\/wp-content\/uploads\/2024\/06\/norway-army.jpeg\" \/>\n\t<meta property=\"og:image:width\" content=\"990\" \/>\n\t<meta property=\"og:image:height\" content=\"660\" \/>\n\t<meta property=\"og:image:type\" content=\"image\/jpeg\" \/>\n<meta name=\"author\" content=\"Julie Carballo\" \/>\n<meta name=\"twitter:card\" content=\"summary_large_image\" \/>\n<meta name=\"twitter:image\" content=\"https:\/\/www.newsendip.com\/wp-content\/uploads\/2024\/06\/norway-army.jpeg\" \/>\n<meta name=\"twitter:creator\" content=\"@https:\/\/twitter.com\/JulieCarballo\" \/>\n<meta name=\"twitter:site\" content=\"@newsendip\" \/>\n<meta name=\"twitter:label1\" content=\"\u00c9crit par\" \/>\n\t<meta name=\"twitter:data1\" content=\"Julie Carballo\" \/>\n\t<meta name=\"twitter:label2\" content=\"Dur\u00e9e de lecture estim\u00e9e\" \/>\n\t<meta name=\"twitter:data2\" content=\"5 minutes\" \/>\n<!-- \/ Yoast SEO Premium plugin. -->","yoast_head_json":{"title":"Face \u00e0 la menace russe, les jeunes Norv\u00e9giens apprendront \u00e0 se preparer\u00a0en cas de\u00a0guerre","description":"Des \u00e9tudiants du Nord de la Norv\u00e8ge seront form\u00e9s \u00e0 la s\u00e9curit\u00e9 et \u00e0 la pr\u00e9paration aux situations d'urgence, au cas o\u00f9 la Russie voisine attaquerait la r\u00e9gion.\u00a0","robots":{"index":"index","follow":"follow","max-snippet":"max-snippet:-1","max-image-preview":"max-image-preview:large","max-video-preview":"max-video-preview:-1"},"canonical":"https:\/\/www.newsendip.com\/fr\/norvege-cours-formation-preparation-guerre\/","og_locale":"fr_FR","og_type":"article","og_title":"Face \u00e0 la menace russe, les jeunes Norv\u00e9giens apprendront \u00e0 se preparer\u00a0en cas de\u00a0guerre","og_description":"Des \u00e9tudiants du Nord de la Norv\u00e8ge seront form\u00e9s \u00e0 la s\u00e9curit\u00e9 et \u00e0 la pr\u00e9paration aux situations d'urgence, au cas o\u00f9 la Russie voisine attaquerait la r\u00e9gion.\u00a0","og_url":"https:\/\/www.newsendip.com\/fr\/norvege-cours-formation-preparation-guerre\/","og_site_name":"Newsendip","article_publisher":"https:\/\/www.facebook.com\/newsendip","article_published_time":"2024-06-12T21:16:21+00:00","article_modified_time":"2024-06-21T17:07:31+00:00","og_image":[{"width":990,"height":660,"url":"https:\/\/www.newsendip.com\/wp-content\/uploads\/2024\/06\/norway-army.jpeg","type":"image\/jpeg"}],"author":"Julie Carballo","twitter_card":"summary_large_image","twitter_image":"https:\/\/www.newsendip.com\/wp-content\/uploads\/2024\/06\/norway-army.jpeg","twitter_creator":"@https:\/\/twitter.com\/JulieCarballo","twitter_site":"@newsendip","twitter_misc":{"\u00c9crit par":"Julie Carballo","Dur\u00e9e de lecture estim\u00e9e":"5 minutes"},"schema":{"@context":"https:\/\/schema.org","@graph":[{"@type":"NewsArticle","@id":"https:\/\/www.newsendip.com\/fr\/norvege-cours-formation-preparation-guerre\/#article","isPartOf":{"@id":"https:\/\/www.newsendip.com\/fr\/norvege-cours-formation-preparation-guerre\/"},"author":{"name":"Julie Carballo","@id":"https:\/\/www.newsendip.com\/fr\/#\/schema\/person\/4fd26e598eb9518ae499a7bbc3538f1e"},"headline":"Face \u00e0 la menace russe, les jeunes Norv\u00e9giens apprendront \u00e0 se preparer&nbsp;en cas de&nbsp;guerre","datePublished":"2024-06-12T21:16:21+00:00","dateModified":"2024-06-21T17:07:31+00:00","mainEntityOfPage":{"@id":"https:\/\/www.newsendip.com\/fr\/norvege-cours-formation-preparation-guerre\/"},"wordCount":1199,"publisher":{"@id":"https:\/\/www.newsendip.com\/fr\/#organization"},"image":{"@id":"https:\/\/www.newsendip.com\/fr\/norvege-cours-formation-preparation-guerre\/#primaryimage"},"thumbnailUrl":"https:\/\/www.newsendip.com\/wp-content\/uploads\/2024\/06\/norway-army.webp","keywords":["Norv\u00e8ge","R\u00e9cent"],"articleSection":["Soci\u00e9t\u00e9"],"inLanguage":"fr-FR","copyrightYear":"2024","copyrightHolder":{"@id":"https:\/\/www.newsendip.com\/#organization"}},{"@type":"WebPage","@id":"https:\/\/www.newsendip.com\/fr\/norvege-cours-formation-preparation-guerre\/","url":"https:\/\/www.newsendip.com\/fr\/norvege-cours-formation-preparation-guerre\/","name":"Face \u00e0 la menace russe, les jeunes Norv\u00e9giens apprendront \u00e0 se preparer\u00a0en cas de\u00a0guerre","isPartOf":{"@id":"https:\/\/www.newsendip.com\/fr\/#website"},"primaryImageOfPage":{"@id":"https:\/\/www.newsendip.com\/fr\/norvege-cours-formation-preparation-guerre\/#primaryimage"},"image":{"@id":"https:\/\/www.newsendip.com\/fr\/norvege-cours-formation-preparation-guerre\/#primaryimage"},"thumbnailUrl":"https:\/\/www.newsendip.com\/wp-content\/uploads\/2024\/06\/norway-army.webp","datePublished":"2024-06-12T21:16:21+00:00","dateModified":"2024-06-21T17:07:31+00:00","description":"Des \u00e9tudiants du Nord de la Norv\u00e8ge seront form\u00e9s \u00e0 la s\u00e9curit\u00e9 et \u00e0 la pr\u00e9paration aux situations d'urgence, au cas o\u00f9 la Russie voisine attaquerait la r\u00e9gion.\u00a0","breadcrumb":{"@id":"https:\/\/www.newsendip.com\/fr\/norvege-cours-formation-preparation-guerre\/#breadcrumb"},"inLanguage":"fr-FR","potentialAction":[{"@type":"ReadAction","target":["https:\/\/www.newsendip.com\/fr\/norvege-cours-formation-preparation-guerre\/"]}]},{"@type":"ImageObject","inLanguage":"fr-FR","@id":"https:\/\/www.newsendip.com\/fr\/norvege-cours-formation-preparation-guerre\/#primaryimage","url":"https:\/\/www.newsendip.com\/wp-content\/uploads\/2024\/06\/norway-army.webp","contentUrl":"https:\/\/www.newsendip.com\/wp-content\/uploads\/2024\/06\/norway-army.webp","width":990,"height":660,"caption":"A partir de l\u2019automne 2025, des \u00e9tudiants norv\u00e8giens recevront des cours de pr\u00e9paration \u00e0 la guerre. | \u00a9 Metziker"},{"@type":"BreadcrumbList","@id":"https:\/\/www.newsendip.com\/fr\/norvege-cours-formation-preparation-guerre\/#breadcrumb","itemListElement":[{"@type":"ListItem","position":1,"name":"Accueil","item":"https:\/\/www.newsendip.com\/fr\/"},{"@type":"ListItem","position":2,"name":"Face \u00e0 la menace russe, les jeunes Norv\u00e9giens apprendront \u00e0 se preparer\u00a0en cas de\u00a0guerre"}]},{"@type":"WebSite","@id":"https:\/\/www.newsendip.com\/fr\/#website","url":"https:\/\/www.newsendip.com\/fr\/","name":"Newsendip","description":"Red\u00e9couvrez l&#039;actualit\u00e9 internationale","publisher":{"@id":"https:\/\/www.newsendip.com\/fr\/#organization"},"potentialAction":[{"@type":"SearchAction","target":{"@type":"EntryPoint","urlTemplate":"https:\/\/www.newsendip.com\/fr\/?s={search_term_string}"},"query-input":{"@type":"PropertyValueSpecification","valueRequired":true,"valueName":"search_term_string"}}],"inLanguage":"fr-FR"},{"@type":"Organization","@id":"https:\/\/www.newsendip.com\/fr\/#organization","name":"Newsendip","url":"https:\/\/www.newsendip.com\/fr\/","logo":{"@type":"ImageObject","inLanguage":"fr-FR","@id":"https:\/\/www.newsendip.com\/fr\/#\/schema\/logo\/image\/","url":"https:\/\/www.newsendip.com\/wp-content\/uploads\/2023\/12\/512x512.svg","contentUrl":"https:\/\/www.newsendip.com\/wp-content\/uploads\/2023\/12\/512x512.svg","width":1,"height":1,"caption":"Newsendip"},"image":{"@id":"https:\/\/www.newsendip.com\/fr\/#\/schema\/logo\/image\/"},"sameAs":["https:\/\/www.facebook.com\/newsendip","https:\/\/x.com\/newsendip","https:\/\/mastodon.social\/@newsendip","https:\/\/www.linkedin.com\/company\/newsendip"],"description":"Newsendip est un site qui a pour mission de rendre l'actualit\u00e9 internationale accessible et diversifi\u00e9e","email":"contact@newsendip.com","legalName":"Newsendip SAS","foundingDate":"2022-11-04","vatID":"FR60921124723","numberOfEmployees":{"@type":"QuantitativeValue","minValue":"1","maxValue":"10"},"publishingPrinciples":"https:\/\/www.newsendip.com\/about-us\/","ownershipFundingInfo":"https:\/\/www.newsendip.com\/legal-notice\/","actionableFeedbackPolicy":"https:\/\/www.newsendip.com\/about-us\/","correctionsPolicy":"https:\/\/www.newsendip.com\/about-us\/","ethicsPolicy":"https:\/\/www.newsendip.com\/about-us\/","diversityPolicy":"https:\/\/www.newsendip.com\/about-us\/"},{"@type":"Person","@id":"https:\/\/www.newsendip.com\/fr\/#\/schema\/person\/4fd26e598eb9518ae499a7bbc3538f1e","name":"Julie Carballo","description":"Julie Carballo is a journalist for Newsendip. She used to work for the French newspaper Le Figaro and at the Italian bureau of the international press agency AFP.","sameAs":["https:\/\/www.linkedin.com\/in\/julie-carballo12\/","https:\/\/x.com\/https:\/\/twitter.com\/JulieCarballo"],"knowsAbout":["News"],"knowsLanguage":["French","English","German"],"jobTitle":"Journalist","worksFor":"Newsendip","url":"https:\/\/www.newsendip.com\/fr\/author\/julie-carballo\/"}]}},"_links":{"self":[{"href":"https:\/\/www.newsendip.com\/fr\/wp-json\/wp\/v2\/posts\/40390","targetHints":{"allow":["GET"]}}],"collection":[{"href":"https:\/\/www.newsendip.com\/fr\/wp-json\/wp\/v2\/posts"}],"about":[{"href":"https:\/\/www.newsendip.com\/fr\/wp-json\/wp\/v2\/types\/post"}],"author":[{"embeddable":true,"href":"https:\/\/www.newsendip.com\/fr\/wp-json\/wp\/v2\/users\/237"}],"replies":[{"embeddable":true,"href":"https:\/\/www.newsendip.com\/fr\/wp-json\/wp\/v2\/comments?post=40390"}],"version-history":[{"count":0,"href":"https:\/\/www.newsendip.com\/fr\/wp-json\/wp\/v2\/posts\/40390\/revisions"}],"wp:featuredmedia":[{"embeddable":true,"href":"https:\/\/www.newsendip.com\/fr\/wp-json\/wp\/v2\/media\/40392"}],"wp:attachment":[{"href":"https:\/\/www.newsendip.com\/fr\/wp-json\/wp\/v2\/media?parent=40390"}],"wp:term":[{"taxonomy":"category","embeddable":true,"href":"https:\/\/www.newsendip.com\/fr\/wp-json\/wp\/v2\/categories?post=40390"},{"taxonomy":"post_tag","embeddable":true,"href":"https:\/\/www.newsendip.com\/fr\/wp-json\/wp\/v2\/tags?post=40390"}],"curies":[{"name":"wp","href":"https:\/\/api.w.org\/{rel}","templated":true}]}}